{"id":756359,"date":"2026-03-09T10:06:43","date_gmt":"2026-03-09T09:06:43","guid":{"rendered":"https:\/\/gymbeam.com\/blog\/?p=756359"},"modified":"2026-04-21T12:51:22","modified_gmt":"2026-04-21T10:51:22","slug":"terapie-cervenym-svetlem-jake-ma-ucinky-jak-funguje-a-vyplati-se-red-light-therapy-panel-i-na-doma","status":"publish","type":"post","link":"https:\/\/gymbeam.cz\/blog\/terapie-cervenym-svetlem-jake-ma-ucinky-jak-funguje-a-vyplati-se-red-light-therapy-panel-i-na-doma\/","title":{"rendered":"Terapie \u010derven\u00fdm sv\u011btlem: Jak\u00e9 m\u00e1 \u00fa\u010dinky, jak funguje a vyplat\u00ed se red light therapy panel i na doma?"},"content":{"rendered":"<div id=\"ez-toc-container\" class=\"ez-toc-v2_0_72 ez-toc-wrap-left counter-hierarchy ez-toc-counter ez-toc-custom ez-toc-container-direction\">\n<div class=\"ez-toc-title-container\">\n<p class=\"ez-toc-title\" style=\"cursor:inherit\">Table of Contents<\/p>\n<span class=\"ez-toc-title-toggle\"><\/span><\/div>\n<nav><ul class='ez-toc-list ez-toc-list-level-1 ' ><li class='ez-toc-page-1 ez-toc-heading-level-2'><a class=\"ez-toc-link ez-toc-heading-1\" href=\"https:\/\/gymbeam.cz\/blog\/terapie-cervenym-svetlem-jake-ma-ucinky-jak-funguje-a-vyplati-se-red-light-therapy-panel-i-na-doma\/#Co_je_terapie_cervenym_svetlem\" title=\"Co je terapie \u010derven\u00fdm sv\u011btlem?\">Co je terapie \u010derven\u00fdm sv\u011btlem?<\/a><\/li><li class='ez-toc-page-1 ez-toc-heading-level-2'><a class=\"ez-toc-link ez-toc-heading-2\" href=\"https:\/\/gymbeam.cz\/blog\/terapie-cervenym-svetlem-jake-ma-ucinky-jak-funguje-a-vyplati-se-red-light-therapy-panel-i-na-doma\/#Jak_funguje_terapie_cervenym_svetlem\" title=\"Jak funguje terapie \u010derven\u00fdm sv\u011btlem?\">Jak funguje terapie \u010derven\u00fdm sv\u011btlem?<\/a><\/li><li class='ez-toc-page-1 ez-toc-heading-level-2'><a class=\"ez-toc-link ez-toc-heading-3\" href=\"https:\/\/gymbeam.cz\/blog\/terapie-cervenym-svetlem-jake-ma-ucinky-jak-funguje-a-vyplati-se-red-light-therapy-panel-i-na-doma\/#Jaky_je_rozdil_mezi_cervenym_a_blizkym_infracervenym_svetlem\" title=\"Jak\u00fd je rozd\u00edl mezi \u010derven\u00fdm a bl\u00edzk\u00fdm infra\u010derven\u00fdm sv\u011btlem?\">Jak\u00fd je rozd\u00edl mezi \u010derven\u00fdm a bl\u00edzk\u00fdm infra\u010derven\u00fdm sv\u011btlem?<\/a><\/li><li class='ez-toc-page-1 ez-toc-heading-level-2'><a class=\"ez-toc-link ez-toc-heading-4\" href=\"https:\/\/gymbeam.cz\/blog\/terapie-cervenym-svetlem-jake-ma-ucinky-jak-funguje-a-vyplati-se-red-light-therapy-panel-i-na-doma\/#Jake_ucinky_ma_terapie_cervenym_svetlem\" title=\"Jak\u00e9 \u00fa\u010dinky m\u00e1 terapie \u010derven\u00fdm sv\u011btlem?\">Jak\u00e9 \u00fa\u010dinky m\u00e1 terapie \u010derven\u00fdm sv\u011btlem?<\/a><\/li><li class='ez-toc-page-1 ez-toc-heading-level-2'><a class=\"ez-toc-link ez-toc-heading-5\" href=\"https:\/\/gymbeam.cz\/blog\/terapie-cervenym-svetlem-jake-ma-ucinky-jak-funguje-a-vyplati-se-red-light-therapy-panel-i-na-doma\/#Je_terapie_cervenym_svetlem_efektivni\" title=\"Je terapie \u010derven\u00fdm sv\u011btlem efektivn\u00ed?\">Je terapie \u010derven\u00fdm sv\u011btlem efektivn\u00ed?<\/a><\/li><li class='ez-toc-page-1 ez-toc-heading-level-2'><a class=\"ez-toc-link ez-toc-heading-6\" href=\"https:\/\/gymbeam.cz\/blog\/terapie-cervenym-svetlem-jake-ma-ucinky-jak-funguje-a-vyplati-se-red-light-therapy-panel-i-na-doma\/#Jaky_je_rozdil_mezi_terapii_cervenym_svetlem_u_odbornika_a_doma\" title=\"Jak\u00fd je rozd\u00edl mezi terapi\u00ed \u010derven\u00fdm sv\u011btlem u odborn\u00edka a doma?\">Jak\u00fd je rozd\u00edl mezi terapi\u00ed \u010derven\u00fdm sv\u011btlem u odborn\u00edka a doma?<\/a><\/li><li class='ez-toc-page-1 ez-toc-heading-level-2'><a class=\"ez-toc-link ez-toc-heading-7\" href=\"https:\/\/gymbeam.cz\/blog\/terapie-cervenym-svetlem-jake-ma-ucinky-jak-funguje-a-vyplati-se-red-light-therapy-panel-i-na-doma\/#Podle_ceho_vybrat_ten_spravny_panel_pro_terapii_cervenym_svetlem\" title=\"Podle \u010deho vybrat ten spr\u00e1vn\u00fd panel pro terapii \u010derven\u00fdm sv\u011btlem?\">Podle \u010deho vybrat ten spr\u00e1vn\u00fd panel pro terapii \u010derven\u00fdm sv\u011btlem?<\/a><\/li><li class='ez-toc-page-1 ez-toc-heading-level-2'><a class=\"ez-toc-link ez-toc-heading-8\" href=\"https:\/\/gymbeam.cz\/blog\/terapie-cervenym-svetlem-jake-ma-ucinky-jak-funguje-a-vyplati-se-red-light-therapy-panel-i-na-doma\/#Jak_pouzivat_panel_spravne_a_bezpecne\" title=\"Jak pou\u017e\u00edvat panel spr\u00e1vn\u011b a bezpe\u010dn\u011b?\">Jak pou\u017e\u00edvat panel spr\u00e1vn\u011b a bezpe\u010dn\u011b?<\/a><\/li><li class='ez-toc-page-1 ez-toc-heading-level-2'><a class=\"ez-toc-link ez-toc-heading-9\" href=\"https:\/\/gymbeam.cz\/blog\/terapie-cervenym-svetlem-jake-ma-ucinky-jak-funguje-a-vyplati-se-red-light-therapy-panel-i-na-doma\/#Ma_terapie_cervenym_svetlem_vedlejsi_ucinky\" title=\"M\u00e1 terapie \u010derven\u00fdm sv\u011btlem vedlej\u0161\u00ed \u00fa\u010dinky?\">M\u00e1 terapie \u010derven\u00fdm sv\u011btlem vedlej\u0161\u00ed \u00fa\u010dinky?<\/a><\/li><li class='ez-toc-page-1 ez-toc-heading-level-2'><a class=\"ez-toc-link ez-toc-heading-10\" href=\"https:\/\/gymbeam.cz\/blog\/terapie-cervenym-svetlem-jake-ma-ucinky-jak-funguje-a-vyplati-se-red-light-therapy-panel-i-na-doma\/#Pro_koho_je_terapie_cervenym_svetlem_vhodna\" title=\"Pro koho je terapie \u010derven\u00fdm sv\u011btlem vhodn\u00e1?\">Pro koho je terapie \u010derven\u00fdm sv\u011btlem vhodn\u00e1?<\/a><\/li><li class='ez-toc-page-1 ez-toc-heading-level-2'><a class=\"ez-toc-link ez-toc-heading-11\" href=\"https:\/\/gymbeam.cz\/blog\/terapie-cervenym-svetlem-jake-ma-ucinky-jak-funguje-a-vyplati-se-red-light-therapy-panel-i-na-doma\/#Kdo_by_se_mel_vyhnout_terapii_cervenym_svetlem\" title=\"Kdo by se m\u011bl vyhnout terapii \u010derven\u00fdm sv\u011btlem?\">Kdo by se m\u011bl vyhnout terapii \u010derven\u00fdm sv\u011btlem?<\/a><\/li><li class='ez-toc-page-1 ez-toc-heading-level-2'><a class=\"ez-toc-link ez-toc-heading-12\" href=\"https:\/\/gymbeam.cz\/blog\/terapie-cervenym-svetlem-jake-ma-ucinky-jak-funguje-a-vyplati-se-red-light-therapy-panel-i-na-doma\/#FAQ\" title=\"FAQ\">FAQ<\/a><\/li><li class='ez-toc-page-1 ez-toc-heading-level-2'><a class=\"ez-toc-link ez-toc-heading-13\" href=\"https:\/\/gymbeam.cz\/blog\/terapie-cervenym-svetlem-jake-ma-ucinky-jak-funguje-a-vyplati-se-red-light-therapy-panel-i-na-doma\/#Co_si_z_toho_vzit\" title=\"Co si z toho vz\u00edt?\">Co si z toho vz\u00edt?<\/a><\/li><\/ul><\/nav><\/div>\n\n<p>Pokud sledujete trendy ve \u0161pi\u010dkov\u00e9m sportu nebo <a href=\"https:\/\/gymbeam.cz\/blog\/biohacking-7-tipu-ktere-vam-zlepsi-zivot-po-vsech-strankach\/\"><strong>biohackingu<\/strong><\/a><strong>,<\/strong> pravd\u011bpodobn\u011b jste si v\u0161imli atlet\u016f, kte\u0159\u00ed tr\u00e1v\u00ed \u010das p\u0159ed panely vyza\u0159uj\u00edc\u00edmi <strong>intenzivn\u00ed \u010derven\u00e9 sv\u011btlo.<\/strong> Nejde o \u017e\u00e1dn\u00e9 osv\u011btlen\u00ed do lo\u017enice, ale o <strong>terapii \u010derven\u00fdm sv\u011btlem, <\/strong>kter\u00e1 se pou\u017e\u00edv\u00e1 k ovlivn\u011bn\u00ed proces\u016f hluboko uvnit\u0159 na\u0161ich bun\u011bk.<\/p>\n\n\n\n<div style=\"height:20px\" aria-hidden=\"true\" class=\"wp-block-spacer\"><\/div>\n\n\n\n<p>To, co <a href=\"https:\/\/pmc.ncbi.nlm.nih.gov\/articles\/PMC7356229\/\">kdysi NASA vyv\u00edjela<\/a> pro rychlej\u0161\u00ed hojen\u00ed astronaut\u016f a co bylo roky dostupn\u00e9 jen v drah\u00fdch regenera\u010dn\u00edch centrech, se dnes m\u016f\u017ee st\u00e1t <strong>standardn\u00ed sou\u010d\u00e1st\u00ed dom\u00e1c\u00ed v\u00fdbavy. <\/strong>Dnes si pov\u00edme, zda \u010derven\u00e9 sv\u011btlo skute\u010dn\u011b funguje, jak dok\u00e1\u017ee postr\u010dit va\u0161e t\u011blo k vy\u0161\u0161\u00ed efektivit\u011b a zda se vyplat\u00ed investice do dom\u00e1c\u00edho panelu. <sup><mark style=\"background-color:rgba(0, 0, 0, 0)\" class=\"has-inline-color has-orange-color\">[4]<\/mark><\/sup><\/p>\n\n\n\n<div style=\"height:20px\" aria-hidden=\"true\" class=\"wp-block-spacer\"><\/div>\n\n\n\n<h2 class=\"wp-block-heading\"><span class=\"ez-toc-section\" id=\"Co_je_terapie_cervenym_svetlem\"><\/span>Co je terapie \u010derven\u00fdm sv\u011btlem? <span class=\"ez-toc-section-end\"><\/span><\/h2>\n\n\n\n<p><strong>Terapie \u010derven\u00fdm sv\u011btlem (Red Light Therapy) <\/strong>je neinvazivn\u00ed metoda, kter\u00e1 vyu\u017e\u00edv\u00e1 <strong>\u010derven\u00e9 (600\u2013700 nm) <\/strong>a <strong>bl\u00edzk\u00e9 infra\u010derven\u00e9 sv\u011btlo NIR (780\u20131100 nm) ke stimulaci mitochondri\u00ed v bu\u0148k\u00e1ch.<\/strong> V odborn\u00e9 literatu\u0159e se ozna\u010duje jako <a href=\"https:\/\/pubmed.ncbi.nlm.nih.gov\/?term=photobiomodulation\"><strong>fotobiomodulace (PBM) <\/strong><\/a>nebo <strong>n\u00edzko\u00farov\u0148ov\u00e1 sv\u011bteln\u00e1 terapie (low-level light therapy, LLLT).<\/strong> Podporuje <strong>tvorbu bun\u011b\u010dn\u00e9 energie (ATP),<\/strong> d\u00edky \u010demu\u017e urychluje regeneraci sval\u016f, zlep\u0161uje kvalitu poko\u017eky (tvorbu kolagenu) a tlum\u00ed z\u00e1n\u011bty, a to bez pou\u017eit\u00ed tepla \u010di \u0161kodliv\u00e9ho UV z\u00e1\u0159en\u00ed. <sup><mark style=\"background-color:rgba(0, 0, 0, 0)\" class=\"has-inline-color has-orange-color\">[1,2,3,4]<\/mark><\/sup><\/p>\n\n\n\n<div style=\"height:20px\" aria-hidden=\"true\" class=\"wp-block-spacer\"><\/div>\n\n\n\n<p>Tato terapie m\u00e1 ko\u0159eny v  <strong>60. letech 20. stolet\u00ed,   <\/strong>kdy ma\u010farsk\u00fd l\u00e9ka\u0159 <a href=\"https:\/\/pmc.ncbi.nlm.nih.gov\/articles\/PMC7356229\/\"><strong>Endre Mester<\/strong><\/a> zkoumal vliv n\u00edzkoenergetick\u00e9ho laseru na tk\u00e1n\u011b. P\u0159i experimentech si v\u0161iml, \u017ee sv\u011btlo m\u016f\u017ee podporovat <strong>hojen\u00ed ran. <\/strong>Na tyto poznatky pozd\u011bji nav\u00e1zala i <strong>NASA, <\/strong>kter\u00e1 technologii testovala za \u00fa\u010delem podpo\u0159it regeneraci bun\u011bk a hojen\u00ed u astronaut\u016f. <sup><mark style=\"background-color:rgba(0, 0, 0, 0)\" class=\"has-inline-color has-orange-color\">[1,4]<\/mark><\/sup> <\/p>\n\n\n\n<div style=\"height:20px\" aria-hidden=\"true\" class=\"wp-block-spacer\"><\/div>\n\n\n\n<p>Potom se postupn\u011b za\u010dala vyu\u017e\u00edvat v <strong>dermatologii, <\/strong>ale dnes u\u017e m\u00e1 mnohem <strong>\u0161ir\u0161\u00ed uplatn\u011bn\u00ed.<\/strong> P\u0159i l\u00e9\u010db\u011b <strong>akn\u00e9, psori\u00e1zy<\/strong> \u010di podpo\u0159e <strong>hojen\u00ed ran<\/strong> si postupn\u011b na\u0161la m\u00edsto i ve <strong>sportovn\u00ed medic\u00edn\u011b <\/strong>a <strong>regeneraci.<\/strong> <sup><mark style=\"background-color:rgba(0, 0, 0, 0)\" class=\"has-inline-color has-orange-color\">[1]<\/mark><\/sup><\/p>\n\n\n\n<figure class=\"wp-block-image size-large\"><img loading=\"lazy\" decoding=\"async\" width=\"1124\" height=\"749\" src=\"https:\/\/gymbeam.cz\/blog\/wp-content\/uploads\/2026\/03\/ChatGPT-Image-9.-3.-2026-13_16_10-1124x749.png\" alt=\"Co je terapie \u010derven\u00fdm sv\u011btlem? \" class=\"wp-image-756191\" title=\"Co je terapie \u010derven\u00fdm sv\u011btlem? \" srcset=\"https:\/\/gymbeam.com\/blog\/wp-content\/uploads\/2026\/03\/ChatGPT-Image-9.-3.-2026-13_16_10-1124x749.png 1124w, https:\/\/gymbeam.com\/blog\/wp-content\/uploads\/2026\/03\/ChatGPT-Image-9.-3.-2026-13_16_10-400x267.png 400w, https:\/\/gymbeam.com\/blog\/wp-content\/uploads\/2026\/03\/ChatGPT-Image-9.-3.-2026-13_16_10.png 1536w\" sizes=\"auto, (max-width: 1124px) 100vw, 1124px\" \/><\/figure>\n\n\n\n<h2 class=\"wp-block-heading\"><span class=\"ez-toc-section\" id=\"Jak_funguje_terapie_cervenym_svetlem\"><\/span>Jak funguje terapie \u010derven\u00fdm sv\u011btlem? <span class=\"ez-toc-section-end\"><\/span><\/h2>\n\n\n\n<p>Terapie \u010derven\u00fdm sv\u011btlem funguje tak, \u017ee <a href=\"https:\/\/pmc.ncbi.nlm.nih.gov\/articles\/PMC7356229\/\"><strong>sv\u011btlo pronik\u00e1 do bun\u011bk<\/strong><\/a><strong> a stimuluje jejich energetick\u00e1 centra \u2013 mitochondrie.<\/strong> Jej\u00ed \u00fa\u010dinek nen\u00ed zalo\u017een na teple, ale na principu <strong>sv\u011bteln\u00e9 energie. <\/strong>Na rozd\u00edl od klasick\u00fdch infralamp, kter\u00e9 tk\u00e1n\u011b zah\u0159\u00edvaj\u00ed, RLT p\u016fsob\u00ed pouze d\u00edky sv\u011btlu. Terapie vyu\u017e\u00edv\u00e1 kombinaci <strong>\u010derven\u00e9ho a bl\u00edzk\u00e9ho infra\u010derven\u00e9ho sv\u011btla<\/strong>, kter\u00e9 se li\u0161\u00ed hloubkou pr\u016fniku do tk\u00e1n\u00ed. <sup><mark style=\"background-color:rgba(0, 0, 0, 0)\" class=\"has-inline-color has-orange-color\">[3,4]<\/mark><\/sup><\/p>\n\n\n\n<div style=\"height:20px\" aria-hidden=\"true\" class=\"wp-block-spacer\"><\/div>\n\n\n\n<p>\u010cerven\u00e9 a bl\u00edzk\u00e9 infra\u010derven\u00e9 sv\u011btlo <a href=\"https:\/\/pmc.ncbi.nlm.nih.gov\/articles\/PMC12751248\/\">podporuje <strong>tvorbu bun\u011b\u010dn\u00e9 energie (ATP)<\/strong><\/a><strong>.<\/strong> Kdy\u017e specifick\u00e9 vlnov\u00e9 d\u00e9lky proniknou do tk\u00e1n\u011b, absorbuj\u00ed se v mitochondri\u00edch, kde je zachycuje enzym <strong>cytochrom c oxid\u00e1za. <\/strong>Jde o molekulu, kter\u00e1 pom\u00e1h\u00e1 bu\u0148k\u00e1m <strong>p\u0159em\u011b\u0148ovat \u017eiviny na energii. <\/strong> Ty n\u00e1sledn\u011b zvy\u0161uj\u00ed produkci <strong>adenosintrifosf\u00e1tu (ATP)<\/strong>, co\u017e je <strong>z\u00e1kladn\u00ed molekula energie<\/strong> pot\u0159ebn\u00e1 pro regeneraci, opravu a spr\u00e1vn\u00e9 fungov\u00e1n\u00ed bun\u011bk. <sup><mark style=\"background-color:rgba(0, 0, 0, 0)\" class=\"has-inline-color has-orange-color\">[4,6,12]<\/mark><\/sup><\/p>\n\n\n\n<div style=\"height:20px\" aria-hidden=\"true\" class=\"wp-block-spacer\"><\/div>\n\n\n\n<p><strong>Sv\u011btlo z\u00e1rove\u0148 vyvol\u00e1v\u00e1 m\u00edrn\u00fd a kontrolovan\u00fd oxida\u010dn\u00ed stres, <\/strong>kter\u00fd p\u016fsob\u00ed jako pozitivn\u00ed biologick\u00fd sign\u00e1l a <a href=\"https:\/\/pmc.ncbi.nlm.nih.gov\/articles\/PMC12751248\/\">podporuje bun\u011b\u010dn\u00fd r\u016fst, tvorbu b\u00edlkovin \u010di spu\u0161t\u011bn\u00ed protiz\u00e1n\u011btliv\u00fdch proces\u016f.<\/a> <sup><mark style=\"background-color:rgba(0, 0, 0, 0)\" class=\"has-inline-color has-orange-color\">[12]<\/mark><\/sup><\/p>\n\n\n\n<div style=\"height:20px\" aria-hidden=\"true\" class=\"wp-block-spacer\"><\/div>\n\n\n\n<p>Mechanismus \u00fa\u010dinku fotobiomodulace lze p\u0159irovnat k <strong>fotosynt\u00e9ze u rostlin.<\/strong> Podobn\u011b jako rostlina p\u0159em\u011b\u0148uje sv\u011btlo na energii, i lidsk\u00e1 bu\u0148ka dok\u00e1\u017ee p\u0159ijmout ur\u010dit\u00fd typ sv\u011btla a p\u0159em\u011bnit ho na bun\u011b\u010dnou energii. <sup><mark style=\"background-color:rgba(0, 0, 0, 0)\" class=\"has-inline-color has-orange-color\">[3]<\/mark><\/sup><\/p>\n\n\n\n<figure class=\"wp-block-image size-large\"><img loading=\"lazy\" decoding=\"async\" width=\"1124\" height=\"749\" src=\"https:\/\/gymbeam.com\/blog\/wp-content\/uploads\/2026\/03\/final_4_7008x4672-1-1124x749.png\" alt=\"Jak funguje terapie \u010derven\u00fdm sv\u011btlem? \" class=\"wp-image-756192\" title=\"Jak funguje terapie \u010derven\u00fdm sv\u011btlem? \" srcset=\"https:\/\/gymbeam.com\/blog\/wp-content\/uploads\/2026\/03\/final_4_7008x4672-1-1124x749.png 1124w, https:\/\/gymbeam.com\/blog\/wp-content\/uploads\/2026\/03\/final_4_7008x4672-1-400x267.png 400w, https:\/\/gymbeam.com\/blog\/wp-content\/uploads\/2026\/03\/final_4_7008x4672-1-1536x1024.png 1536w, https:\/\/gymbeam.com\/blog\/wp-content\/uploads\/2026\/03\/final_4_7008x4672-1-2048x1365.png 2048w\" sizes=\"auto, (max-width: 1124px) 100vw, 1124px\" \/><\/figure>\n\n\n\n<h2 class=\"wp-block-heading\"><span class=\"ez-toc-section\" id=\"Jaky_je_rozdil_mezi_cervenym_a_blizkym_infracervenym_svetlem\"><\/span>Jak\u00fd je rozd\u00edl mezi \u010derven\u00fdm a bl\u00edzk\u00fdm infra\u010derven\u00fdm sv\u011btlem? <span class=\"ez-toc-section-end\"><\/span><\/h2>\n\n\n\n<p><strong>Rozd\u00edl mezi \u010derven\u00fdm a bl\u00edzk\u00fdm infra\u010derven\u00fdm sv\u011btlem spo\u010d\u00edv\u00e1 zejm\u00e9na v hloubce pr\u016fniku do t\u011bla.<\/strong> <\/p>\n\n\n\n<ul class=\"wp-block-list\">\n<li><strong>\u010cerven\u00e9 sv\u011btlo<\/strong> (p\u0159ibli\u017en\u011b 600 \u2013 700 nm) p\u016fsob\u00ed zejm\u00e9na v <strong>poko\u017ece <\/strong>(epidermis) a <strong>st\u0159edn\u00ed vrstv\u011b k\u016f\u017ee<\/strong> (dermis).  <\/li>\n\n\n\n<li><strong>Bl\u00edzk\u00e9 infra\u010derven\u00e9 sv\u011btlo<\/strong> (780 \u2013 1100 nm) pronik\u00e1 hloub\u011bji a m\u016f\u017ee ovliv\u0148ovat <strong>svaly, klouby, \u0161lachy <\/strong>a dal\u0161\u00ed \u010d\u00e1sti t\u011bla. <sup><mark style=\"background-color:rgba(0, 0, 0, 0)\" class=\"has-inline-color has-orange-color\">[2,16]<\/mark><\/sup><\/li>\n<\/ul>\n\n\n\n<figure class=\"wp-block-table\"><table class=\"has-fixed-layout\"><thead><tr><th class=\"has-text-align-center\" data-align=\"center\"><strong>Typ sv\u011btla<\/strong><\/th><th class=\"has-text-align-center\" data-align=\"center\"><strong>Vlnov\u00e1 d\u00e9lka<\/strong><\/th><th class=\"has-text-align-center\" data-align=\"center\"><strong>Kam pronik\u00e1<\/strong><\/th><th class=\"has-text-align-center\" data-align=\"center\"><strong>Hlavn\u00ed \u00fa\u010del<\/strong><\/th><\/tr><\/thead><tbody><tr><td class=\"has-text-align-center\" data-align=\"center\">\u010cerven\u00e9  <\/td><td class=\"has-text-align-center\" data-align=\"center\">600 \u2013 700 nm<\/td><td class=\"has-text-align-center\" data-align=\"center\">Povrchov\u00e9 tk\u00e1n\u011b (k\u016f\u017ee, podko\u017e\u00ed)<\/td><td class=\"has-text-align-center\" data-align=\"center\">Podpora tvorby kolagenu, hojen\u00ed ran, zlep\u0161en\u00ed pevnosti a vzhledu pleti<\/td><\/tr><tr><td class=\"has-text-align-center\" data-align=\"center\">Bl\u00edzk\u00e9 infra\u010derven\u00e9<\/td><td class=\"has-text-align-center\" data-align=\"center\">780 \u2013 1100 nm<\/td><td class=\"has-text-align-center\" data-align=\"center\">Hlub\u0161\u00ed tk\u00e1n\u011b (svaly, klouby, \u0161lachy)<\/td><td class=\"has-text-align-center\" data-align=\"center\">Hloubkov\u00e1 regenerace sval\u016f, zm\u00edrn\u011bn\u00ed z\u00e1n\u011btu a bolesti<\/td><\/tr><\/tbody><\/table><\/figure>\n\n\n\n<h2 class=\"wp-block-heading\"><span class=\"ez-toc-section\" id=\"Jake_ucinky_ma_terapie_cervenym_svetlem\"><\/span>Jak\u00e9 \u00fa\u010dinky m\u00e1 terapie \u010derven\u00fdm sv\u011btlem?<span class=\"ez-toc-section-end\"><\/span><\/h2>\n\n\n\n<div style=\"height:20px\" aria-hidden=\"true\" class=\"wp-block-spacer\"><\/div>\n\n\n\n<h3 class=\"wp-block-heading\">1. Podporuje tvorbu kolagenu a zdrav\u00ed poko\u017eky  <\/h3>\n\n\n\n<p>Terapie \u010derven\u00fdm sv\u011btlem m\u016f\u017ee pomoci <strong>zlep\u0161it kvalitu va\u0161\u00ed poko\u017eky <\/strong>a podpo\u0159it i <strong>omlazen\u00ed pleti<\/strong>. P\u016fsob\u00ed toti\u017e na <strong>fibroblasty, <\/strong>\u010dili bu\u0148ky, kter\u00e9 produkuj\u00ed <strong>kolagen <\/strong>a <strong>elastin. <\/strong>A pr\u00e1v\u011b tyto b\u00edlkoviny rozhoduj\u00ed o tom, zda je ple\u0165 pevn\u00e1, pru\u017en\u00e1 a hladk\u00e1. Ve <a href=\"https:\/\/pmc.ncbi.nlm.nih.gov\/articles\/PMC10311288\/\">studii<\/a> od francouzsk\u00fdch v\u011bdc\u016f publikovan\u00e9 v odborn\u00e9m \u010dasopise Skin Research &amp; Technology, kter\u00e1 sledovala 20 lid\u00ed se zn\u00e1mkami st\u00e1rnut\u00ed poko\u017eky a vr\u00e1skami, se po 3&nbsp;m\u011bs\u00edc\u00edch pravideln\u00e9ho pou\u017e\u00edv\u00e1n\u00ed zaznamenalo <strong>sn\u00ed\u017een\u00ed hloubky vr\u00e1sek<\/strong> v oblasti o\u010d\u00ed p\u0159ibli\u017en\u011b o 38&nbsp;%. Tak\u00e9 bylo pozorov\u00e1no zv\u00fd\u0161en\u00ed hustoty k\u016f\u017ee a celkov\u00e9 zlep\u0161en\u00ed elasticity.     <sup><mark style=\"background-color:rgba(0, 0, 0, 0)\" class=\"has-inline-color has-orange-color\">[2]<\/mark><\/sup><\/p>\n\n\n\n<div style=\"height:20px\" aria-hidden=\"true\" class=\"wp-block-spacer\"><\/div>\n\n\n\n<p>Krom\u011b vr\u00e1sek m\u016f\u017ee RLT pomoci i p\u0159i <strong>akn\u00e9, mastn\u00e9 pleti <\/strong>nebo <strong>hojen\u00ed poko\u017eky.<\/strong> U testovan\u00fdch \u017een se nap\u0159\u00edklad sn\u00ed\u017eila i <strong>velikost p\u00f3r\u016f <\/strong>p\u0159ibli\u017en\u011b o t\u0159etinu a <strong>tvorba ko\u017en\u00edho mazu<\/strong> klesla a\u017e o 70&nbsp;%. To se m\u016f\u017ee hodit, pokud m\u00e1te problematickou mastnou ple\u0165. D\u00edky t\u011bmto \u00fa\u010dink\u016fm jde i o skv\u011bl\u00fd n\u00e1stroj podporuj\u00edc\u00ed <a href=\"https:\/\/gymbeam.cz\/blog\/anti-aging-a-healthy-aging-jak-pecovat-o-sve-telo-a-udrzet-si-zdravi-a-mladistvy-vzhled\/\">anti-aging a zdrav\u00e9 st\u00e1rnut\u00ed<\/a>. <sup><mark style=\"background-color:rgba(0, 0, 0, 0)\" class=\"has-inline-color has-orange-color\">[2]<\/mark><\/sup>  <\/p>\n\n\n\n<div style=\"height:20px\" aria-hidden=\"true\" class=\"wp-block-spacer\"><\/div>\n\n\n\n    <link href=\"https:\/\/gymbeam.com\/blog\/wp-content\/themes\/wp-gymbeam-blog-theme\/css\/vue\/index.css\" rel=\"preload\" as=\"style\">\n    <link href=\"https:\/\/gymbeam.com\/blog\/wp-content\/themes\/wp-gymbeam-blog-theme\/js\/vue\/chunk-vendors.js\" rel=\"preload\" as=\"script\">\n    <link href=\"https:\/\/gymbeam.com\/blog\/wp-content\/themes\/wp-gymbeam-blog-theme\/js\/vue\/index.js\" rel=\"preload\" as=\"script\">\n    <link data-no-optimize=\"1\" href=\"https:\/\/gymbeam.com\/blog\/wp-content\/themes\/wp-gymbeam-blog-theme\/css\/vue\/index.css\" rel=\"stylesheet\">\n\n    <h2>\n        You might be interested in these products:    <\/h2>\n\n    <div data-app=\"recommended\" data-products=\"41284,66457,104017,108928,110875,113152\" ><\/div>\n\n    <script data-no-optimize=\"1\" src=\"https:\/\/gymbeam.com\/blog\/wp-content\/themes\/wp-gymbeam-blog-theme\/js\/vue\/chunk-vendors.js\"><\/script>\n    <script data-no-optimize=\"1\" src=\"https:\/\/gymbeam.com\/blog\/wp-content\/themes\/wp-gymbeam-blog-theme\/js\/vue\/index.js\"><\/script>\n\n\n\n<div style=\"height:20px\" aria-hidden=\"true\" class=\"wp-block-spacer\"><\/div>\n\n\n\n<h3 class=\"wp-block-heading\">2. Pom\u00e1h\u00e1 sn\u00ed\u017eit z\u00e1n\u011bt  <\/h3>\n\n\n\n<p>Red Light Therapy m\u016f\u017ee tak\u00e9 pom\u00e1hat <strong>tlumit z\u00e1n\u011btliv\u00e9 procesy ve va\u0161em t\u011ble.<\/strong> Pod\u00edl\u00ed se toti\u017e na <strong>sni\u017eov\u00e1n\u00ed hladiny proz\u00e1n\u011btliv\u00fdch cytokin\u016f<\/strong> (l\u00e1tek, kter\u00e9 podporuj\u00ed z\u00e1n\u011bt) a z\u00e1rove\u0148 podporuje tvorbu <strong>protiz\u00e1n\u011btliv\u00fdch medi\u00e1tor\u016f<\/strong> (l\u00e1tky, kter\u00e9 sni\u017euj\u00ed z\u00e1n\u011bt).<\/p>\n\n\n\n<div style=\"height:20px\" aria-hidden=\"true\" class=\"wp-block-spacer\"><\/div>\n\n\n\n<p>Z\u00e1rove\u0148 ovliv\u0148uje <strong>chov\u00e1n\u00ed imunitn\u00edch bun\u011bk <\/strong>tak, \u017ee podporuje p\u0159ep\u00edn\u00e1n\u00ed ze z\u00e1n\u011btliv\u00e9ho prost\u0159ed\u00ed do regenera\u010dn\u00edho re\u017eimu. V praxi to znamen\u00e1 <a href=\"https:\/\/pmc.ncbi.nlm.nih.gov\/articles\/PMC11991943\/\">lep\u0161\u00ed hojen\u00ed a rychlej\u0161\u00ed regeneraci tk\u00e1n\u00ed<\/a>. <sup><mark style=\"background-color:rgba(0, 0, 0, 0)\" class=\"has-inline-color has-orange-color\">[1,6,12]<\/mark><\/sup> <\/p>\n\n\n\n<div style=\"height:20px\" aria-hidden=\"true\" class=\"wp-block-spacer\"><\/div>\n\n\n\n<h3 class=\"wp-block-heading\">3. Podporuje cirkulaci a okysli\u010den\u00ed tk\u00e1n\u00ed  <\/h3>\n\n\n\n<p>Panel s \u010derven\u00fdm sv\u011btlem m\u016f\u017ee podpo\u0159it i <strong>prokrven\u00ed tk\u00e1n\u00ed.<\/strong> P\u0159i aplikaci sv\u011btla se toti\u017e uvol\u0148uje <strong>oxid dusnat\u00fd (NO), <\/strong>kter\u00fd <strong>roz\u0161i\u0159uje c\u00e9vy (vazodilatace). <\/strong>D\u00edky tomu se do sval\u016f a dal\u0161\u00edch tk\u00e1n\u00ed dost\u00e1v\u00e1 v\u00edce kysl\u00edku a \u017eivin, co\u017e podporuje <a href=\"https:\/\/pmc.ncbi.nlm.nih.gov\/articles\/PMC12751248\/\"><strong>regeneraci<\/strong><\/a><strong> po sportovn\u00edm v\u00fdkonu <\/strong>nebo <strong>zran\u011bn\u00ed.<\/strong> <sup><mark style=\"background-color:rgba(0, 0, 0, 0)\" class=\"has-inline-color has-orange-color\">[4,12]<\/mark><\/sup><\/p>\n\n\n\n<figure class=\"wp-block-image size-large\"><img loading=\"lazy\" decoding=\"async\" width=\"1124\" height=\"750\" src=\"https:\/\/gymbeam.com\/blog\/wp-content\/uploads\/2026\/03\/cz_nikola_brizova_092024_03-1124x750.jpg\" alt=\"Vliv terapie \u010derven\u00fdm sv\u011btlem na cirkulaci  \" class=\"wp-image-756193\" title=\"Vliv terapie \u010derven\u00fdm sv\u011btlem na cirkulaci  \" srcset=\"https:\/\/gymbeam.com\/blog\/wp-content\/uploads\/2026\/03\/cz_nikola_brizova_092024_03-1124x750.jpg 1124w, https:\/\/gymbeam.com\/blog\/wp-content\/uploads\/2026\/03\/cz_nikola_brizova_092024_03-400x267.jpg 400w, https:\/\/gymbeam.com\/blog\/wp-content\/uploads\/2026\/03\/cz_nikola_brizova_092024_03-1536x1024.jpg 1536w, https:\/\/gymbeam.com\/blog\/wp-content\/uploads\/2026\/03\/cz_nikola_brizova_092024_03-2048x1366.jpg 2048w\" sizes=\"auto, (max-width: 1124px) 100vw, 1124px\" \/><\/figure>\n\n\n\n<h3 class=\"wp-block-heading\">4. Pom\u00e1h\u00e1 s regenerac\u00ed sval\u016f a \u0161lach  <\/h3>\n\n\n\n<p>Pokud sportujete, RLT m\u016f\u017ee pomoci <strong>urychlit va\u0161i <\/strong><a href=\"https:\/\/gymbeam.cz\/blog\/8-zpusobu-na-rychle-zotaveni-po-treninku\/\"><strong>regeneraci po tr\u00e9ninku<\/strong><\/a><strong>.<\/strong> Zlep\u0161en\u00fd pr\u016ftok krve pom\u00e1h\u00e1 rychleji odstra\u0148ovat z\u00e1n\u011btliv\u00e9 l\u00e1tky a lakt\u00e1t po fyzick\u00e9 z\u00e1t\u011b\u017ei. To se projevuje men\u0161\u00ed \u00fanavou a rychlej\u0161\u00edm n\u00e1vratem k v\u00fdkonu, co\u017e ocen\u00ed zejm\u00e9na sportovci s n\u00e1ro\u010dn\u00fdm tr\u00e9ninkov\u00fdm programem.   <sup><mark style=\"background-color:rgba(0, 0, 0, 0)\" class=\"has-inline-color has-orange-color\">[12]<\/mark><\/sup><\/p>\n\n\n\n<div style=\"height:20px\" aria-hidden=\"true\" class=\"wp-block-spacer\"><\/div>\n\n\n\n<p>\u00da\u010dinky jsou pozorov\u00e1ny i p\u0159i <strong>bolestech \u0161lach <\/strong>a jejich <strong>p\u0159et\u00ed\u017een\u00ed.<\/strong> Terapie m\u016f\u017ee pomoci p\u0159i tendinopati\u00edch, jako je tenisov\u00fd loket nebo probl\u00e9my s Achillovou \u0161lachou. Samostatn\u00e1 v\u0161ak nen\u00ed a\u017e tak \u00fa\u010dinn\u00e1, jako kdy\u017e se <a href=\"https:\/\/pmc.ncbi.nlm.nih.gov\/articles\/PMC8364035\/\">kombinuje<\/a> s <strong>c\u00edlen\u00fdm rehabilita\u010dn\u00edm cvi\u010den\u00edm. <\/strong><sup><mark style=\"background-color:rgba(0, 0, 0, 0)\" class=\"has-inline-color has-orange-color\">[14]<\/mark><\/sup> <\/p>\n\n\n\n<div style=\"height:20px\" aria-hidden=\"true\" class=\"wp-block-spacer\"><\/div>\n\n\n\n<h3 class=\"wp-block-heading\">5. Pom\u00e1h\u00e1 zm\u00edrnit DOMS &#8211; svalovou bolest p\u0159i tr\u00e9ninku  <\/h3>\n\n\n\n<p>Ukazuje se, \u017ee pravideln\u00e9 oza\u0159ov\u00e1n\u00ed sval\u016f \u010derven\u00fdm sv\u011btlem m\u016f\u017ee tak\u00e9 pomoci <strong>zm\u00edrnit svalovou hore\u010dku (DOMS &#8211; <em>Delayed Onset Muscle Soreness<\/em>) <\/strong>a <strong>urychlit regeneraci po n\u00e1ro\u010dn\u00e9m tr\u00e9ninku.<\/strong> <a href=\"https:\/\/pmc.ncbi.nlm.nih.gov\/articles\/PMC12286287\/\">V\u00fdzkumy<\/a> ukazuj\u00ed, \u017ee RLT sni\u017euje vn\u00edmanou bolest zejm\u00e9na <strong>72 a\u017e 96&nbsp;hodin po z\u00e1t\u011b\u017ei<\/strong>, tedy v obdob\u00ed, kdy b\u00fdv\u00e1 svalov\u00e1 hore\u010dka nejintenzivn\u011bj\u0161\u00ed.<\/p>\n\n\n\n<div style=\"height:20px\" aria-hidden=\"true\" class=\"wp-block-spacer\"><\/div>\n\n\n\n<p>Pozitivn\u00ed vliv se dokonce projevuje i na \u00farovni <strong>svalov\u00e9ho po\u0161kozen\u00ed.<\/strong> V\u011bdci po pou\u017eit\u00ed RLT zaznamenali ni\u017e\u0161\u00ed hladiny <strong>kreatinkin\u00e1zy <\/strong>(CK) a krevn\u00edho <strong>lakt\u00e1tu,<\/strong> co\u017e nazna\u010duje i podporu bun\u011b\u010dn\u00e9 opravy, nejen tlumen\u00ed bolesti. Pro co nejlep\u0161\u00ed regeneraci m\u016f\u017ee b\u00fdt nav\u00edc vhodn\u00e9 kombinovat terapii \u010derven\u00fdm sv\u011btlem i s dal\u0161\u00edmi regenera\u010dn\u00edmi metodami, jako je <strong><a href=\"https:\/\/gymbeam.cz\/blog\/jak-se-otuzovat-10-tipu-pro-zacinajici-i-pokrocile-otuzilce\/\">otu\u017eov\u00e1n\u00ed<\/a> <\/strong>nebo <strong><a href=\"https:\/\/gymbeam.cz\/blog\/saunovani-a-zdravi-spravny-postup-vyhody-a-ucinky-na-telo\/\">saunov\u00e1n\u00ed<\/a>. <\/strong><sup><mark style=\"background-color:rgba(0, 0, 0, 0)\" class=\"has-inline-color has-orange-color\">[15]<\/mark><\/sup> <\/p>\n\n\n\n<figure class=\"wp-block-image size-large\"><img loading=\"lazy\" decoding=\"async\" width=\"1124\" height=\"749\" src=\"https:\/\/gymbeam.cz\/blog\/wp-content\/uploads\/2026\/03\/iStock-2227336046-1124x749.jpg\" alt=\"Vliv terapie \u010derven\u00fdm sv\u011btlem na regeneraci  \" class=\"wp-image-756194\" title=\"Vliv terapie \u010derven\u00fdm sv\u011btlem na regeneraci  \" srcset=\"https:\/\/gymbeam.com\/blog\/wp-content\/uploads\/2026\/03\/iStock-2227336046-1124x749.jpg 1124w, https:\/\/gymbeam.com\/blog\/wp-content\/uploads\/2026\/03\/iStock-2227336046-400x267.jpg 400w, https:\/\/gymbeam.com\/blog\/wp-content\/uploads\/2026\/03\/iStock-2227336046.jpg 1254w\" sizes=\"auto, (max-width: 1124px) 100vw, 1124px\" \/><\/figure>\n\n\n\n<h3 class=\"wp-block-heading\">6. Zlep\u0161uje zdrav\u00ed kloub\u016f  <\/h3>\n\n\n\n<p>Terapie \u010derven\u00fdm sv\u011btlem m\u016f\u017ee b\u00fdt u\u017eite\u010dn\u00e1 i p\u0159i <strong>bolesti <\/strong><a href=\"https:\/\/gymbeam.sk\/23-klbova-vyziva\"><strong>kloub\u016f<\/strong><\/a> a <strong>probl\u00e9mech s chrupavkami. <\/strong>Existuj\u00ed nap\u0159\u00edklad <a href=\"https:\/\/pmc.ncbi.nlm.nih.gov\/articles\/PMC12326686\/\">d\u016fkazy<\/a> o jej\u00edm p\u0159\u00ednosu p\u0159i osteoartritid\u011b (artr\u00f3ze), kde v\u011bdci zaznamenali <strong>sn\u00ed\u017een\u00ed bolesti.<\/strong> <sup><mark style=\"background-color:rgba(0, 0, 0, 0)\" class=\"has-inline-color has-orange-color\">[13]<\/mark><\/sup><\/p>\n\n\n\n<div style=\"height:20px\" aria-hidden=\"true\" class=\"wp-block-spacer\"><\/div>\n\n\n\n<h3 class=\"wp-block-heading\">7. Podporuje r\u016fst vlas\u016f  <\/h3>\n\n\n\n<p>Ve studi\u00edch se ukazuje, \u017ee RLT m\u016f\u017ee dokonce podpo\u0159it r\u016fst vlas\u016f, a to i p\u0159i <a href=\"https:\/\/pmc.ncbi.nlm.nih.gov\/articles\/PMC12326686\/\"><strong>androgenn\u00ed alopecii<\/strong><\/a><strong>.<\/strong> \u010cerven\u00e9 sv\u011btlo pom\u00e1h\u00e1 <strong>zv\u00fd\u0161it hustotu vlas\u016f<\/strong> a stimulovat sp\u00edc\u00ed vlasov\u00e9 folikuly, pravd\u011bpodobn\u011b d\u00edky lep\u0161\u00edmu prokrven\u00ed poko\u017eky hlavy. <sup><mark style=\"background-color:rgba(0, 0, 0, 0)\" class=\"has-inline-color has-orange-color\">[4,6,13]<\/mark><\/sup><\/p>\n\n\n\n<div style=\"height:20px\" aria-hidden=\"true\" class=\"wp-block-spacer\"><\/div>\n\n\n\n<h3 class=\"wp-block-heading\">8. Optimalizuje sp\u00e1nek  <\/h3>\n\n\n\n<p>Terapie \u010derven\u00fdm sv\u011btlem m\u016f\u017ee podpo\u0159it i v\u00e1\u0161  <strong>p\u0159irozen\u00fd biorytmus. Ve\u010dern\u00ed vystaven\u00ed \u010derven\u00e9mu sv\u011btlu   <\/strong>m\u016f\u017ee <a href=\"https:\/\/pmc.ncbi.nlm.nih.gov\/articles\/PMC12286287\/\">zlep\u0161it <strong>relaxaci <\/strong>a<strong>kvalitu sp\u00e1nku<\/strong><\/a><strong> t\u00edm, <\/strong>\u017ee zlep\u0161uje <strong>prokrven\u00ed mozku,<\/strong> jeho <strong>metabolickou aktivitu<\/strong> nebo <strong>tvorbu hormonu sp\u00e1nku melatoninu.<\/strong> <sup><mark style=\"background-color:rgba(0, 0, 0, 0)\" class=\"has-inline-color has-orange-color\">[8,10,11,12]<\/mark><\/sup><\/p>\n\n\n\n<figure class=\"wp-block-image size-large\"><img loading=\"lazy\" decoding=\"async\" width=\"1124\" height=\"749\" src=\"https:\/\/gymbeam.cz\/blog\/wp-content\/uploads\/2026\/03\/iStock-2176214723-1124x749.jpg\" alt=\"Vliv terapie \u010derven\u00fdm sv\u011btlem na sp\u00e1nek\" class=\"wp-image-756195\" title=\"Vliv terapie \u010derven\u00fdm sv\u011btlem na sp\u00e1nek\" srcset=\"https:\/\/gymbeam.com\/blog\/wp-content\/uploads\/2026\/03\/iStock-2176214723-1124x749.jpg 1124w, https:\/\/gymbeam.com\/blog\/wp-content\/uploads\/2026\/03\/iStock-2176214723-400x267.jpg 400w, https:\/\/gymbeam.com\/blog\/wp-content\/uploads\/2026\/03\/iStock-2176214723.jpg 1254w\" sizes=\"auto, (max-width: 1124px) 100vw, 1124px\" \/><\/figure>\n\n\n\n<h2 class=\"wp-block-heading\"><span class=\"ez-toc-section\" id=\"Je_terapie_cervenym_svetlem_efektivni\"><\/span>Je terapie \u010derven\u00fdm sv\u011btlem efektivn\u00ed?  <span class=\"ez-toc-section-end\"><\/span><\/h2>\n\n\n\n<p>Ano, v\u00fdzkumy ukazuj\u00ed, \u017ee terapie \u010derven\u00fdm sv\u011btlem m\u00e1 m\u011b\u0159iteln\u00e9 \u00fa\u010dinky. D\u016fle\u017eit\u00e9 je v\u0161ak jej\u00ed <strong>spr\u00e1vn\u00e9 d\u00e1vkov\u00e1n\u00ed.<\/strong> P\u0159\u00edli\u0161 slab\u00e1 d\u00e1vka nemus\u00ed ud\u011blat t\u00e9m\u011b\u0159 nic, ale p\u0159eh\u00e1n\u011bn\u00ed to s \u010derven\u00fdm sv\u011btlem m\u016f\u017ee \u00fa\u010dinek sn\u00ed\u017eit nebo zcela zru\u0161it. Extr\u00e9mn\u011b dlouh\u00e1 sezen\u00ed p\u0159ed panelem mohou paradoxn\u011b bu\u0148ky unavit nam\u00edsto toho, aby je podpo\u0159ila.  <\/p>\n\n\n\n<div style=\"height:20px\" aria-hidden=\"true\" class=\"wp-block-spacer\"><\/div>\n\n\n\n<p><strong>Kl\u00ed\u010dem k v\u00fdsledk\u016fm je spr\u00e1vn\u00e1 intenzita, d\u00e9lka a zejm\u00e9na pravidelnost.<\/strong>  Pokud chcete z RLT vyt\u011b\u017eit maximum, d\u016fle\u017eit\u00e1 je konzistentnost a dodr\u017eov\u00e1n\u00ed doporu\u010den\u00e9ho \u010dasu pou\u017e\u00edv\u00e1n\u00ed.  <sup><mark style=\"background-color:rgba(0, 0, 0, 0)\" class=\"has-inline-color has-orange-color\">[2]<\/mark><\/sup><\/p>\n\n\n\n<div style=\"height:20px\" aria-hidden=\"true\" class=\"wp-block-spacer\"><\/div>\n\n\n\n<h2 class=\"wp-block-heading\"><span class=\"ez-toc-section\" id=\"Jaky_je_rozdil_mezi_terapii_cervenym_svetlem_u_odbornika_a_doma\"><\/span>Jak\u00fd je rozd\u00edl mezi terapi\u00ed \u010derven\u00fdm sv\u011btlem u odborn\u00edka a doma?  <span class=\"ez-toc-section-end\"><\/span><\/h2>\n\n\n\n<p>Odborn\u00edci v klinik\u00e1ch \u010dasto vyu\u017e\u00edvaj\u00ed drah\u00e9 <strong>celot\u011blov\u00e9 postele<\/strong> nebo v\u00fdkonn\u00e9 lasery s p\u0159esn\u011b definovanou d\u00e1vkou sv\u011btla. Dne\u0161n\u00ed modern\u00ed red light therapy panely pro dom\u00e1c\u00ed pou\u017eit\u00ed ji\u017e dosahuj\u00ed <strong>dostate\u010dn\u00e9ho v\u00fdkonu <\/strong>a <strong>optim\u00e1ln\u00edch vlnov\u00fdch d\u00e9lek, <\/strong>d\u00edky \u010demu\u017e m\u016f\u017eete klinick\u00e9 v\u00fdsledky, jako je podpora hojen\u00ed \u010di redukce \u00fanavy, z\u00edskat i doma v pohodl\u00ed ob\u00fdvac\u00edho pokoje. I proto dnes st\u00e1le v\u00edce lid\u00ed zkou\u0161\u00ed <strong>terapii \u010derven\u00fdm sv\u011btlem doma<\/strong>, kde ji mohou pou\u017e\u00edvat pravideln\u011b jako sou\u010d\u00e1st sv\u00e9 rutiny. <sup><mark style=\"background-color:rgba(0, 0, 0, 0)\" class=\"has-inline-color has-orange-color\">[5,9]<\/mark><\/sup>  <\/p>\n\n\n\n<div style=\"height:20px\" aria-hidden=\"true\" class=\"wp-block-spacer\"><\/div>\n\n\n\n<p>Nap\u0159\u00edklad GymBeam panely, kter\u00e9 kombinuj\u00ed <strong>\u010derven\u00e9 <\/strong>i <strong>bl\u00edzk\u00e9 infra\u010derven\u00e9 sv\u011btlo <\/strong>a maj\u00ed p\u011bt nebo osm vlnov\u00fdch d\u00e9lek, jsou vhodn\u00e9 pro pravideln\u00e9 dom\u00e1c\u00ed pou\u017e\u00edv\u00e1n\u00ed. Krom\u011b panel\u016f existuj\u00ed i men\u0161\u00ed za\u0159\u00edzen\u00ed, nap\u0159\u00edklad <strong>LED masky na obli\u010dej, <\/strong>kter\u00e9 pou\u017e\u00edvaj\u00ed stejn\u00fd princip sv\u011btla a pou\u017e\u00edvaj\u00ed se zejm\u00e9na pro p\u00e9\u010di o poko\u017eku.   <\/p>\n\n\n\n<div style=\"height:20px\" aria-hidden=\"true\" class=\"wp-block-spacer\"><\/div>\n\n\n\n<p>Pokud chcete o\u0161et\u0159it v\u011bt\u0161\u00ed \u010d\u00e1st t\u011bla najednou (nap\u0159\u00edklad z\u00e1da nebo nohy po tr\u00e9ninku), vhodn\u011bj\u0161\u00ed je <a href=\"https:\/\/gymbeam.sk\/red-light-therapy-panel-max-gymbeam.html\"><strong>celot\u011blov\u00fd panel<\/strong><\/a>. Pro c\u00edlen\u00e9 o\u0161et\u0159en\u00ed men\u0161\u00edch oblast\u00ed, jako je obli\u010dej, koleno nebo krk, m\u016f\u017ee sta\u010dit <strong>kompaktn\u011bj\u0161\u00ed <\/strong><a href=\"https:\/\/gymbeam.sk\/red-light-therapy-panel-gymbeam.html\"><strong>mini panel<\/strong><\/a>. <\/p>\n\n\n\n<figure class=\"wp-block-image size-large\"><img loading=\"lazy\" decoding=\"async\" width=\"1124\" height=\"749\" src=\"https:\/\/gymbeam.com\/blog\/wp-content\/uploads\/2026\/03\/resized_3_7008x4672_optimized_4000-1124x749.png\" alt=\"Jak\u00fd je rozd\u00edl mezi terapi\u00ed \u010derven\u00fdm sv\u011btlem u odborn\u00edka a doma?  \" class=\"wp-image-756196\" title=\"Jak\u00fd je rozd\u00edl mezi terapi\u00ed \u010derven\u00fdm sv\u011btlem u odborn\u00edka a doma?  \" srcset=\"https:\/\/gymbeam.com\/blog\/wp-content\/uploads\/2026\/03\/resized_3_7008x4672_optimized_4000-1124x749.png 1124w, https:\/\/gymbeam.com\/blog\/wp-content\/uploads\/2026\/03\/resized_3_7008x4672_optimized_4000-400x267.png 400w, https:\/\/gymbeam.com\/blog\/wp-content\/uploads\/2026\/03\/resized_3_7008x4672_optimized_4000-1536x1024.png 1536w, https:\/\/gymbeam.com\/blog\/wp-content\/uploads\/2026\/03\/resized_3_7008x4672_optimized_4000-2048x1365.png 2048w\" sizes=\"auto, (max-width: 1124px) 100vw, 1124px\" \/><\/figure>\n\n\n\n<h2 class=\"wp-block-heading\"><span class=\"ez-toc-section\" id=\"Podle_ceho_vybrat_ten_spravny_panel_pro_terapii_cervenym_svetlem\"><\/span>Podle \u010deho vybrat ten spr\u00e1vn\u00fd panel pro terapii \u010derven\u00fdm sv\u011btlem?  <span class=\"ez-toc-section-end\"><\/span><\/h2>\n\n\n\n<p>Kdy\u017e \u0159e\u0161\u00edte, jak vybrat red light panel, je d\u016fle\u017eit\u00e9 sledovat parametry za\u0159\u00edzen\u00ed. Nejlep\u0161\u00ed \u010derven\u00e9 sv\u011btlo pro terapii je takov\u00e9, kter\u00e9 kombinuje spr\u00e1vn\u00e9 vlnov\u00e9 d\u00e9lky a dostate\u010dn\u00fd v\u00fdkon. <\/p>\n\n\n\n<figure class=\"wp-block-table\"><table class=\"has-fixed-layout\"><thead><tr><th class=\"has-text-align-center\" data-align=\"center\">Parametr<\/th><th class=\"has-text-align-center\" data-align=\"center\">Co hledat p\u0159i v\u00fdb\u011bru panelu?<\/th><\/tr><\/thead><tbody><tr><td class=\"has-text-align-center\" data-align=\"center\">Vlnov\u00e9 d\u00e9lky<\/td><td class=\"has-text-align-center\" data-align=\"center\">Kombinace 600 \u2013 700 nm (\u010derven\u00e9 sv\u011btlo) a 780 \u2013 1100 nm (bl\u00edzk\u00e9 infra\u010derven\u00e9 sv\u011btlo)<\/td><\/tr><tr><td class=\"has-text-align-center\" data-align=\"center\">V\u00fdkon (iradiancie)<\/td><td class=\"has-text-align-center\" data-align=\"center\">Minim\u00e1ln\u011b 100&nbsp;mW\/cm<sup>2<\/sup><\/td><\/tr><tr><td class=\"has-text-align-center\" data-align=\"center\">Blik\u00e1n\u00ed (Flicker)<\/td><td class=\"has-text-align-center\" data-align=\"center\">Flicker-free panel (bez blik\u00e1n\u00ed)<\/td><\/tr><\/tbody><\/table><\/figure>\n\n\n\n<p>V\u011bt\u0161ina kvalitn\u00edch dom\u00e1c\u00edch panel\u016f, v\u010detn\u011b model\u016f dostupn\u00fdch v GymBeam, je navr\u017eena tak, aby tato doporu\u010den\u00ed spl\u0148ovala.<\/p>\n\n\n\n<div style=\"height:20px\" aria-hidden=\"true\" class=\"wp-block-spacer\"><\/div>\n\n\n\n<h2 class=\"wp-block-heading\"><span class=\"ez-toc-section\" id=\"Jak_pouzivat_panel_spravne_a_bezpecne\"><\/span>Jak pou\u017e\u00edvat panel spr\u00e1vn\u011b a bezpe\u010dn\u011b?  <span class=\"ez-toc-section-end\"><\/span><\/h2>\n\n\n\n<p>Aby byla terapie panelem s \u010derven\u00fdm sv\u011btlem efektivn\u00ed a z\u00e1rove\u0148 bezpe\u010dn\u00e1, m\u011bli byste dodr\u017eovat n\u011bkolik pravidel.  <\/p>\n\n\n\n<ul class=\"wp-block-list\">\n<li><strong>Vzd\u00e1lenost: <\/strong>Dr\u017ete se zhruba <strong>15 \u2013 30&nbsp;cm od panelu,<\/strong> \u010d\u00edm\u017e si zajist\u00edte dostate\u010dnou intenzitu oz\u00e1\u0159en\u00ed.<\/li>\n\n\n\n<li><strong>\u010cas: <\/strong>Ide\u00e1ln\u00ed \u010das pro jednu partii je <strong>10 \u2013 20&nbsp;minut.<\/strong> <sup><mark style=\"background-color:rgba(0, 0, 0, 0)\" class=\"has-inline-color has-orange-color\">[9]<\/mark><\/sup><\/li>\n\n\n\n<li><strong>Frekvence:<\/strong> Bu\u010fte konzistentn\u00ed. Panel se doporu\u010duje pou\u017e\u00edvat <strong>3 a\u017e 5kr\u00e1t t\u00fddn\u011b.<\/strong> <sup><mark style=\"background-color:rgba(0, 0, 0, 0)\" class=\"has-inline-color has-orange-color\">[9]<\/mark><\/sup> <\/li>\n\n\n\n<li><strong>Denn\u00ed doba: <\/strong>Panel pou\u017e\u00edvejte <strong>r\u00e1no,<\/strong> kdy\u017e se chcete nab\u00edt energi\u00ed do nov\u00e9ho dne. <strong>Ve\u010der<\/strong> naopak tehdy, kdy\u017e chcete zrelaxovat a p\u0159ipravit se na sp\u00e1nek. <sup><mark style=\"background-color:rgba(0, 0, 0, 0)\" class=\"has-inline-color has-orange-color\">[11]<\/mark><\/sup><\/li>\n\n\n\n<li><strong>Oble\u010den\u00ed:<\/strong> Sv\u011btlo mus\u00ed sv\u00edtit <strong>p\u0159\u00edmo na holou k\u016f\u017ei.<\/strong> Oble\u010den\u00ed br\u00e1n\u00ed pr\u016fniku sv\u011btla a ru\u0161\u00ed jeho \u00fa\u010dinek.<\/li>\n\n\n\n<li><strong>Ochrana o\u010d\u00ed: <\/strong>Intenzivn\u00ed \u010derven\u00e9 sv\u011btlo m\u016f\u017ee b\u00fdt pro o\u010di velmi nep\u0159\u00edjemn\u00e9 a\u017e rizikov\u00e9. Proto je d\u016fle\u017eit\u00e9 nosit <strong>speci\u00e1ln\u00ed br\u00fdle<\/strong> pro jeho blokov\u00e1n\u00ed. V p\u0159\u00edpad\u011b kvalitn\u00edch RLT panel\u016f b\u00fdvaj\u00ed sou\u010d\u00e1st\u00ed balen\u00ed.    <\/li>\n<\/ul>\n\n\n\n<figure class=\"wp-block-image size-large\"><img loading=\"lazy\" decoding=\"async\" width=\"1124\" height=\"749\" src=\"https:\/\/gymbeam.com\/blog\/wp-content\/uploads\/2026\/03\/resized_7_7008x4672-1124x749.png\" alt=\"Jak pou\u017e\u00edvat panel spr\u00e1vn\u011b a bezpe\u010dn\u011b?  \" class=\"wp-image-756197\" title=\"Jak pou\u017e\u00edvat panel spr\u00e1vn\u011b a bezpe\u010dn\u011b?  \" srcset=\"https:\/\/gymbeam.com\/blog\/wp-content\/uploads\/2026\/03\/resized_7_7008x4672-1124x749.png 1124w, https:\/\/gymbeam.com\/blog\/wp-content\/uploads\/2026\/03\/resized_7_7008x4672-400x267.png 400w, https:\/\/gymbeam.com\/blog\/wp-content\/uploads\/2026\/03\/resized_7_7008x4672-1536x1024.png 1536w, https:\/\/gymbeam.com\/blog\/wp-content\/uploads\/2026\/03\/resized_7_7008x4672-2048x1365.png 2048w\" sizes=\"auto, (max-width: 1124px) 100vw, 1124px\" \/><\/figure>\n\n\n\n<h2 class=\"wp-block-heading\"><span class=\"ez-toc-section\" id=\"Ma_terapie_cervenym_svetlem_vedlejsi_ucinky\"><\/span>M\u00e1 terapie \u010derven\u00fdm sv\u011btlem vedlej\u0161\u00ed \u00fa\u010dinky?<span class=\"ez-toc-section-end\"><\/span><\/h2>\n\n\n\n<p>Terapie \u010derven\u00fdm sv\u011btlem je pova\u017eov\u00e1na za <strong>bezpe\u010dnou.<\/strong> Vedlej\u0161\u00ed \u00fa\u010dinky jsou vz\u00e1cn\u00e9 a v\u011bt\u0161inou jde jen o m\u00edrn\u00e9 a do\u010dasn\u00e9 probl\u00e9my, jako <strong>jemn\u00e9 zarudnut\u00ed, do\u010dasn\u00e1 \u00fanava<\/strong> nebo <strong>m\u00edrn\u00e1 bolest hlavy<\/strong> p\u0159i p\u0159\u00edli\u0161 dlouh\u00e9m pou\u017eit\u00ed. Tyto jevy po chv\u00edli samy odezn\u00ed. <sup><mark style=\"background-color:rgba(0, 0, 0, 0)\" class=\"has-inline-color has-orange-color\">[1]<\/mark><\/sup><\/p>\n\n\n\n<div style=\"height:20px\" aria-hidden=\"true\" class=\"wp-block-spacer\"><\/div>\n\n\n\n<h2 class=\"wp-block-heading\"><span class=\"ez-toc-section\" id=\"Pro_koho_je_terapie_cervenym_svetlem_vhodna\"><\/span>Pro koho je terapie \u010derven\u00fdm sv\u011btlem vhodn\u00e1?  <span class=\"ez-toc-section-end\"><\/span><\/h2>\n\n\n\n<p>Terapie \u010derven\u00fdm sv\u011btlem je vhodn\u00e1 zejm\u00e9na pro lidi, kte\u0159\u00ed cht\u011bj\u00ed <strong>podpo\u0159it regeneraci, sn\u00ed\u017eit bolest <\/strong>nebo <strong>zlep\u0161it kvalitu sp\u00e1nku.<\/strong> Nej\u010dast\u011bji ji vyu\u017e\u00edvaj\u00ed:<\/p>\n\n\n\n<ul class=\"wp-block-list\">\n<li><strong>sportovci<\/strong>, kte\u0159\u00ed cht\u011bj\u00ed urychlit regeneraci po tr\u00e9ninku nebo zran\u011bn\u00ed<\/li>\n\n\n\n<li>lid\u00e9 s <strong>ko\u017en\u00edmi probl\u00e9my (nap\u0159. akn\u00e9)<\/strong><\/li>\n\n\n\n<li>osoby, kter\u00e9 se zaj\u00edmaj\u00ed o <strong>zdrav\u00e9 st\u00e1rnut\u00ed<\/strong> a <strong>anti-aging p\u0159\u00edstupy <\/strong> <\/li>\n\n\n\n<li>lid\u00e9 s <strong>chronickou bolest\u00ed kloub\u016f a sval\u016f<\/strong><\/li>\n\n\n\n<li><strong>biohacke\u0159i <\/strong>a osoby optimalizuj\u00edc\u00ed <strong>sp\u00e1nek<\/strong><\/li>\n\n\n\n<li>lid\u00e9 hledaj\u00edc\u00ed neinvazivn\u00ed podporu p\u0159i dlouhodob\u00fdch z\u00e1n\u011btliv\u00fdch stavech <sup><mark style=\"background-color:rgba(0, 0, 0, 0)\" class=\"has-inline-color has-orange-color\">[1,3]<\/mark><\/sup><\/li>\n<\/ul>\n\n\n\n<div style=\"height:20px\" aria-hidden=\"true\" class=\"wp-block-spacer\"><\/div>\n\n\n\n<h2 class=\"wp-block-heading\"><span class=\"ez-toc-section\" id=\"Kdo_by_se_mel_vyhnout_terapii_cervenym_svetlem\"><\/span>Kdo by se m\u011bl vyhnout terapii \u010derven\u00fdm sv\u011btlem?  <span class=\"ez-toc-section-end\"><\/span><\/h2>\n\n\n\n<p>A\u010dkoli se terapie \u010derven\u00fdm sv\u011btlem obecn\u011b pova\u017euje za bezpe\u010dnou, existuj\u00ed situace, kdy byste ji m\u011bli vynechat nebo ji pou\u017e\u00edvat jen po konzultaci s l\u00e9ka\u0159em.  <\/p>\n\n\n\n<div style=\"height:20px\" aria-hidden=\"true\" class=\"wp-block-spacer\"><\/div>\n\n\n\n<h3 class=\"wp-block-heading\">Kontraindikace terapie \u010derven\u00fdm sv\u011btlem<\/h3>\n\n\n\n<ul class=\"wp-block-list\">\n<li><strong>aktivn\u00ed n\u00e1dorov\u00e9 onemocn\u011bn\u00ed<\/strong><\/li>\n\n\n\n<li><strong>\u010derstv\u00e9 pop\u00e1leniny<\/strong> &#8211; zejm\u00e9na b\u011bhem prvn\u00edch 24 \u2013 48&nbsp;hodin po poran\u011bn\u00ed<\/li>\n\n\n\n<li><strong>poruchy \u0161t\u00edtn\u00e9 \u017el\u00e1zy (zejm\u00e9na hyperfunkce)<\/strong> \u2013 neaplikovat sv\u011btlo p\u0159\u00edmo na krk bez doporu\u010den\u00ed l\u00e9ka\u0159e<\/li>\n\n\n\n<li><strong>epilepsie<\/strong> \u2013 sv\u011btlo m\u016f\u017ee u citliv\u00fdch osob vyvolat z\u00e1chvat<\/li>\n\n\n\n<li><strong>t\u011bhotenstv\u00ed<\/strong><\/li>\n\n\n\n<li><strong>onemocn\u011bn\u00ed o\u010d\u00ed<\/strong> \u2013 nepou\u017e\u00edvat sv\u011btlo p\u0159\u00edmo na o\u010di bez souhlasu o\u010dn\u00edho l\u00e9ka\u0159e<\/li>\n\n\n\n<li><strong>citlivost na sv\u011btlo (fotosenzitivita)<\/strong> nebo onemocn\u011bn\u00ed spojen\u00e1 s reakc\u00ed na sv\u011btlo<\/li>\n\n\n\n<li><strong>hore\u010dka nebo akutn\u00ed infekce<\/strong><\/li>\n\n\n\n<li><strong>u\u017e\u00edv\u00e1n\u00ed l\u00e9k\u016f zvy\u0161uj\u00edc\u00edch citlivost na sv\u011btlo (fotosenzitivn\u00ed l\u00e9ky)<\/strong><\/li>\n<\/ul>\n\n\n\n<div style=\"height:20px\" aria-hidden=\"true\" class=\"wp-block-spacer\"><\/div>\n\n\n\n<p>Pokud si nejste jisti, zda je pro v\u00e1s terapie vhodn\u00e1, nejbezpe\u010dn\u011bj\u0161\u00edm postupem je <strong>poradit se s l\u00e9ka\u0159em je\u0161t\u011b p\u0159ed jej\u00edm pou\u017e\u00edv\u00e1n\u00edm<\/strong>.<mark style=\"background-color:rgba(0, 0, 0, 0)\" class=\"has-inline-color has-orange-color\"> <sup>[1,3]<\/sup><\/mark><\/p>\n\n\n\n<figure class=\"wp-block-image size-large\"><img loading=\"lazy\" decoding=\"async\" width=\"1124\" height=\"749\" src=\"https:\/\/gymbeam.com\/blog\/wp-content\/uploads\/2026\/03\/final_1_7008x4672_optimized_4000-1124x749.png\" alt=\"Kdo by se m\u011bl vyhnout terapii \u010derven\u00fdm sv\u011btlem?  \" class=\"wp-image-756198\" title=\"Kdo by se m\u011bl vyhnout terapii \u010derven\u00fdm sv\u011btlem?  \" srcset=\"https:\/\/gymbeam.com\/blog\/wp-content\/uploads\/2026\/03\/final_1_7008x4672_optimized_4000-1124x749.png 1124w, https:\/\/gymbeam.com\/blog\/wp-content\/uploads\/2026\/03\/final_1_7008x4672_optimized_4000-400x267.png 400w, https:\/\/gymbeam.com\/blog\/wp-content\/uploads\/2026\/03\/final_1_7008x4672_optimized_4000-1536x1024.png 1536w, https:\/\/gymbeam.com\/blog\/wp-content\/uploads\/2026\/03\/final_1_7008x4672_optimized_4000-2048x1365.png 2048w\" sizes=\"auto, (max-width: 1124px) 100vw, 1124px\" \/><\/figure>\n\n\n\n<h2 class=\"wp-block-heading\"><span class=\"ez-toc-section\" id=\"FAQ\"><\/span>FAQ<span class=\"ez-toc-section-end\"><\/span><\/h2>\n\n\n\n<div class=\"schema-faq wp-block-yoast-faq-block\"><div class=\"schema-faq-section\" id=\"faq-question-1776762483252\"><strong class=\"schema-faq-question\">1. Mohu se z terapie \u010derven\u00fdm sv\u011btlem (RLT) op\u00e1lit?<\/strong> <p class=\"schema-faq-answer\"><strong>Ne, z terapie \u010derven\u00fdm sv\u011btlem se neop\u00e1l\u00edte, proto\u017ee panely nevyza\u0159uj\u00ed \u017e\u00e1dn\u00e9 UV z\u00e1\u0159en\u00ed. <\/strong>\u010cerven\u00e9 a bl\u00edzk\u00e9 infra\u010derven\u00e9 sv\u011btlo p\u016fsob\u00ed na bun\u011b\u010dn\u00e9 \u00farovni \u010dist\u011b regenera\u010dn\u011b a nem\u00e1 nic spole\u010dn\u00e9ho s opalov\u00e1n\u00edm v sol\u00e1riu nebo na slunci.<\/p> <\/div> <div class=\"schema-faq-section\" id=\"faq-question-1776762491861\"><strong class=\"schema-faq-question\">2. Jak\u00fd je rozd\u00edl mezi panelem s \u010derven\u00fdm sv\u011btlem a infralampou?<\/strong> <p class=\"schema-faq-answer\"><strong>Rozd\u00edl mezi infralampou a panelem na \u010derven\u00e9 sv\u011btlo je v tom, \u017ee infralampa (infra terapie) vyu\u017e\u00edv\u00e1 st\u0159edn\u00ed a dlouh\u00e9 infra\u010derven\u00e9 z\u00e1\u0159en\u00ed k zah\u0159\u00edv\u00e1n\u00ed tk\u00e1n\u00ed, zat\u00edmco RLT panel stimuluje bu\u0148ky sv\u011btlem bez produkce tepla.<\/strong> Terapie \u010derven\u00fdm sv\u011btlem (fotobiomodulace) funguje d\u00edky p\u0159enosu sv\u011bteln\u00e9 energie do mitochondri\u00ed, nikoli d\u00edky p\u0159eh\u0159\u00edv\u00e1n\u00ed.<\/p> <\/div> <div class=\"schema-faq-section\" id=\"faq-question-1776762498043\"><strong class=\"schema-faq-question\">3. Mohu \u010derven\u00e9 sv\u011btlo pou\u017e\u00edvat p\u0159es oble\u010den\u00ed?<\/strong> <p class=\"schema-faq-answer\"><strong>Ne, pro maxim\u00e1ln\u00ed \u00fa\u010dinek mus\u00ed \u010derven\u00e9 sv\u011btlo dopadat p\u0159\u00edmo na odhalenou poko\u017eku. <\/strong>Oble\u010den\u00ed (i to tenk\u00e9) toti\u017e velkou \u010d\u00e1st sv\u011btla absorbuje nebo odraz\u00ed, \u010d\u00edm\u017e se terapie st\u00e1v\u00e1 prakticky ne\u00fa\u010dinnou.<\/p> <\/div> <div class=\"schema-faq-section\" id=\"faq-question-1776762506341\"><strong class=\"schema-faq-question\">4. Jak dlouho trv\u00e1, ne\u017e uvid\u00edm v\u00fdsledky terapie \u010derven\u00fdm sv\u011btlem?<\/strong> <p class=\"schema-faq-answer\"><strong>Prvn\u00ed v\u00fdsledky se obvykle objev\u00ed po 2 a\u017e 4t\u00fddnech pravideln\u00e9ho pou\u017e\u00edv\u00e1n\u00ed (3 \u2013 5kr\u00e1t t\u00fddn\u011b). <\/strong>\u00daleva od bolesti \u010di lep\u0161\u00ed regenerace sval\u016f m\u016f\u017ee p\u0159ij\u00edt u\u017e po p\u00e1r dnech, zat\u00edmco viditeln\u00e9 zm\u011bny na poko\u017ece (tvorba kolagenu) si vy\u017eaduj\u00ed del\u0161\u00ed \u010das.<\/p> <\/div> <div class=\"schema-faq-section\" id=\"faq-question-1776762514247\"><strong class=\"schema-faq-question\">5. Je infra\u010derven\u00e9 sv\u011btlo bezpe\u010dn\u00e9 pro o\u010di?<\/strong> <p class=\"schema-faq-answer\"><strong>\u010cerven\u00e9 sv\u011btlo je pro o\u010di bezpe\u010dn\u00e9, ale u v\u00fdkonn\u00fdch panel\u016f s bl\u00edzk\u00fdm infra\u010derven\u00fdm (NIR) spektrem byste m\u011bli pou\u017e\u00edvat ochrann\u00e9 br\u00fdle. <\/strong>Siln\u00e9 neviditeln\u00e9 NIR sv\u011btlo toti\u017e m\u016f\u017ee oko zah\u0159\u00edvat, proto si zrak chra\u0148te zejm\u00e9na tehdy, pokud sv\u011btlo sm\u011b\u0159uje p\u0159\u00edmo na obli\u010dej.<\/p> <\/div> <div class=\"schema-faq-section\" id=\"faq-question-1776762523340\"><strong class=\"schema-faq-question\">6. Mohu pou\u017e\u00edvat panel s \u010derven\u00fdm sv\u011btlem ka\u017ed\u00fd den?<\/strong> <p class=\"schema-faq-answer\"><strong>Ano, terapii \u010derven\u00fdm sv\u011btlem m\u016f\u017eete bezpe\u010dn\u011b pou\u017e\u00edvat i na denn\u00ed b\u00e1zi.<\/strong> Pro dosa\u017een\u00ed optim\u00e1ln\u00edch v\u00fdsledk\u016f v\u011bt\u0161ina protokol\u016f doporu\u010duje expozici 3 a\u017e 5kr\u00e1t t\u00fddn\u011b v trv\u00e1n\u00ed 10 a\u017e 20minut na jednu partii.<\/p> <\/div> <div class=\"schema-faq-section\" id=\"faq-question-1776762531706\"><strong class=\"schema-faq-question\">7. D\u00e1 se \u201ep\u0159ed\u00e1vkovat\u201c terapi\u00ed \u010derven\u00fdm sv\u011btlem?<\/strong> <p class=\"schema-faq-answer\"><strong>Ano, u RLT funguje tzv. bif\u00e1zick\u00e1 odpov\u011b\u010f. P\u0159\u00edli\u0161 dlouh\u00e9 oza\u0159ov\u00e1n\u00ed m\u016f\u017ee bu\u0148ky paradoxn\u011b unavit a sn\u00ed\u017eit p\u0159\u00ednos terapie. <\/strong> Proto je kl\u00ed\u010dov\u00e9 dodr\u017eovat doporu\u010den\u00fd \u010das (10\u201320minut) a nep\u0159eh\u00e1n\u011bt to v domn\u011bn\u00ed, \u017ee v\u00edce znamen\u00e1 l\u00e9pe.<\/p> <\/div> <\/div>\n\n\n\n<div style=\"height:20px\" aria-hidden=\"true\" class=\"wp-block-spacer\"><\/div>\n\n\n\n<h2 class=\"wp-block-heading\"><span class=\"ez-toc-section\" id=\"Co_si_z_toho_vzit\"><\/span>Co si z toho vz\u00edt? <span class=\"ez-toc-section-end\"><\/span><\/h2>\n\n\n\n<p>Terapie \u010derven\u00fdm sv\u011btlem je zaj\u00edmav\u00fd n\u00e1stroj, kter\u00fd dok\u00e1\u017ee podpo\u0159it p\u0159irozen\u00e9 <strong>regenera\u010dn\u00ed procesy<\/strong> ve va\u0161em t\u011ble. V\u011bdeck\u00e9 studie ukazuj\u00ed, \u017ee m\u016f\u017ee pomoci <strong>sn\u00ed\u017eit z\u00e1n\u011bt, <\/strong>urychlit <strong>regeneraci sval\u016f,<\/strong> podpo\u0159it<strong> tvorbu kolagenu<\/strong> \u010di zlep\u0161it <strong>kvalitu sp\u00e1nku.<\/strong> Kl\u00ed\u010dem k v\u00fdsledk\u016fm je zejm\u00e9na <strong>spr\u00e1vn\u00e1 d\u00e1vka sv\u011btla<\/strong> a <strong>pravidelnost pou\u017e\u00edv\u00e1n\u00ed.<\/strong> <\/p>\n\n\n\n<div style=\"height:20px\" aria-hidden=\"true\" class=\"wp-block-spacer\"><\/div>\n\n\n\n<p><strong>Dobrou zpr\u00e1vou je, \u017ee dnes u\u017e za t\u011bmito benefity nemus\u00edte chodit do specializovan\u00fdch center.<\/strong> Modern\u00ed <strong>dom\u00e1c\u00ed panely <\/strong>dok\u00e1\u017eou nab\u00eddnout dostate\u010dn\u00fd v\u00fdkon i spr\u00e1vn\u00e9 vlnov\u00e9 d\u00e9lky, d\u00edky \u010demu\u017e m\u016f\u017eete terapii za\u0159adit do sv\u00e9 ka\u017edodenn\u00ed rutiny p\u0159\u00edmo doma. Pokud tedy hled\u00e1te <strong>praktick\u00fd n\u00e1stroj na podporu regenerace, v\u00fdkonu i zdrav\u00ed<\/strong>, panel s \u010derven\u00fdm sv\u011btlem m\u016f\u017ee b\u00fdt zaj\u00edmav\u00fdm dopl\u0148kem va\u0161eho \u017eivotn\u00edho stylu. <\/p>\n\n\n\n<div class=\"wp-block-columns is-layout-flex wp-container-core-columns-is-layout-9d6595d7 wp-block-columns-is-layout-flex\">\n<div class=\"wp-block-column is-layout-flow wp-block-column-is-layout-flow\"><a href=\"https:\/\/gymbeam.com\/rehabilitation-aids\" target=\"_blank\" class=\"category-button\">\n\t<span class=\"label\">\n\t\tRehabilitation Aids\t<\/span>\n\t<svg class=\"icon-cart\" focusable=\"false\">\n\t\t<use xlink:href=\"#icon-cart\"><\/use>\n\t<\/svg>\n<\/a><\/div>\n\n\n\n<div class=\"wp-block-column is-layout-flow wp-block-column-is-layout-flow\"><a href=\"https:\/\/gymbeam.com\/exercise-mats\" target=\"_blank\" class=\"category-button\">\n\t<span class=\"label\">\n\t\tExercise Mats\t<\/span>\n\t<svg class=\"icon-cart\" focusable=\"false\">\n\t\t<use xlink:href=\"#icon-cart\"><\/use>\n\t<\/svg>\n<\/a><\/div>\n<\/div>\n","protected":false},"excerpt":{"rendered":"<p>Terapie \u010derven\u00fdm sv\u011btlem si z\u00edsk\u00e1v\u00e1 popularitu mezi sportovci i biohackery. Zjist\u011bte, jak funguje fotobiomodulace, jak\u00e9 m\u00e1 \u00fa\u010dinky na regeneraci sval\u016f, poko\u017eku \u010di sp\u00e1nek a jak vybrat red light panel pro dom\u00e1c\u00ed pou\u017eit\u00ed. <\/p>\n","protected":false},"author":156,"featured_media":756360,"comment_status":"open","ping_status":"closed","sticky":false,"template":"","format":"standard","meta":{"_acf_changed":false,"_editorskit_title_hidden":false,"_editorskit_reading_time":0,"_editorskit_is_block_options_detached":false,"_editorskit_block_options_position":"{}","footnotes":""},"categories":[32],"tags":[7209,7329,7635],"filter_section":[],"filter_attribute":[13067,13073,13886,13070],"class_list":{"0":"post-756359","1":"post","2":"type-post","3":"status-publish","4":"format-standard","5":"has-post-thumbnail","7":"category-navody-a-tipy","8":"tag-regenerace","9":"tag-spanek","10":"tag-zdravy-zivotni-styl","11":"filter_attribute-regeneracia","12":"filter_attribute-spanok","13":"filter_attribute-zdravie-lifestyle","14":"filter_attribute-zdravie-pohyboveho-aparatu","15":"h-entry","16":"hentry"},"acf":[],"yoast_head":"<!-- This site is optimized with the Yoast SEO plugin v24.4 - https:\/\/yoast.com\/wordpress\/plugins\/seo\/ -->\n<title>Terapie \u010derven\u00fdm sv\u011btlem: Jak\u00e9 m\u00e1 \u00fa\u010dinky, jak funguje a vyplat\u00ed se red light therapy panel i na doma? - GymBeam Blog<\/title>\n<meta name=\"description\" content=\"Terapie \u010derven\u00fdm sv\u011btlem urychluje regeneraci, omlazuje ple\u0165 a zlep\u0161\u00ed sp\u00e1nek. Zjist\u011bte, jak funguje a zda se v\u00e1m vyplat\u00ed red light therapy panel i na doma.\" \/>\n<meta name=\"robots\" content=\"index, follow, max-snippet:-1, max-image-preview:large, max-video-preview:-1\" \/>\n<link rel=\"canonical\" href=\"https:\/\/gymbeam.com\/blog\/terapie-cervenym-svetlem-jake-ma-ucinky-jak-funguje-a-vyplati-se-red-light-therapy-panel-i-na-doma\/\" \/>\n<meta property=\"og:type\" content=\"article\" \/>\n<meta property=\"og:title\" content=\"Terapie \u010derven\u00fdm sv\u011btlem: Jak\u00e9 m\u00e1 \u00fa\u010dinky, jak funguje a vyplat\u00ed se red light therapy panel i na doma? - GymBeam Blog\" \/>\n<meta property=\"og:description\" content=\"Terapie \u010derven\u00fdm sv\u011btlem urychluje regeneraci, omlazuje ple\u0165 a zlep\u0161\u00ed sp\u00e1nek. Zjist\u011bte, jak funguje a zda se v\u00e1m vyplat\u00ed red light therapy panel i na doma.\" \/>\n<meta property=\"og:url\" content=\"https:\/\/gymbeam.cz\/blog\/terapie-cervenym-svetlem-jake-ma-ucinky-jak-funguje-a-vyplati-se-red-light-therapy-panel-i-na-doma\/\" \/>\n<meta property=\"og:site_name\" content=\"GymBeam Blog\" \/>\n<meta property=\"article:published_time\" content=\"2026-03-09T09:06:43+00:00\" \/>\n<meta property=\"article:modified_time\" content=\"2026-04-21T10:51:22+00:00\" \/>\n<meta property=\"og:image\" content=\"https:\/\/gymbeam.cz\/blog\/wp-content\/uploads\/2026\/03\/Copy-of-GLP-1.jpg\" \/>\n\t<meta property=\"og:image:width\" content=\"1200\" \/>\n\t<meta property=\"og:image:height\" content=\"628\" \/>\n\t<meta property=\"og:image:type\" content=\"image\/jpeg\" \/>\n<meta name=\"author\" content=\"Zuzana G\u00e1likov\u00e1\" \/>\n<meta name=\"twitter:card\" content=\"summary_large_image\" \/>\n<meta name=\"twitter:label1\" content=\"Written by\" \/>\n\t<meta name=\"twitter:data1\" content=\"Zuzana G\u00e1likov\u00e1\" \/>\n\t<meta name=\"twitter:label2\" content=\"Estimated reading time\" \/>\n\t<meta name=\"twitter:data2\" content=\"16 minutes\" \/>\n<script type=\"application\/ld+json\" class=\"yoast-schema-graph\">{\"@context\":\"https:\/\/schema.org\",\"@graph\":[{\"@type\":\"Article\",\"@id\":\"https:\/\/gymbeam.cz\/blog\/terapie-cervenym-svetlem-jake-ma-ucinky-jak-funguje-a-vyplati-se-red-light-therapy-panel-i-na-doma\/#article\",\"isPartOf\":{\"@id\":\"https:\/\/gymbeam.cz\/blog\/terapie-cervenym-svetlem-jake-ma-ucinky-jak-funguje-a-vyplati-se-red-light-therapy-panel-i-na-doma\/\"},\"author\":{\"name\":\"Zuzana G\u00e1likov\u00e1\",\"@id\":\"https:\/\/gymbeam.com\/blog\/#\/schema\/person\/9cab6e2b2ea37df482f20f8432c95702\"},\"headline\":\"Terapie \u010derven\u00fdm sv\u011btlem: Jak\u00e9 m\u00e1 \u00fa\u010dinky, jak funguje a vyplat\u00ed se red light therapy panel i na doma?\",\"datePublished\":\"2026-03-09T09:06:43+00:00\",\"dateModified\":\"2026-04-21T10:51:22+00:00\",\"mainEntityOfPage\":{\"@id\":\"https:\/\/gymbeam.cz\/blog\/terapie-cervenym-svetlem-jake-ma-ucinky-jak-funguje-a-vyplati-se-red-light-therapy-panel-i-na-doma\/\"},\"wordCount\":3158,\"commentCount\":0,\"publisher\":{\"@id\":\"https:\/\/gymbeam.com\/blog\/#organization\"},\"image\":{\"@id\":\"https:\/\/gymbeam.cz\/blog\/terapie-cervenym-svetlem-jake-ma-ucinky-jak-funguje-a-vyplati-se-red-light-therapy-panel-i-na-doma\/#primaryimage\"},\"thumbnailUrl\":\"https:\/\/gymbeam.com\/blog\/wp-content\/uploads\/2026\/03\/Copy-of-GLP-1.jpg\",\"keywords\":[\"regenerace\",\"sp\u00e1nek\",\"zdrav\u00fd \u017eivotn\u00ed styl\"],\"articleSection\":[\"Strava a zdrav\u00fd \u017eivotn\u00ed styl\"],\"inLanguage\":\"en-GB\",\"potentialAction\":[{\"@type\":\"CommentAction\",\"name\":\"Comment\",\"target\":[\"https:\/\/gymbeam.cz\/blog\/terapie-cervenym-svetlem-jake-ma-ucinky-jak-funguje-a-vyplati-se-red-light-therapy-panel-i-na-doma\/#respond\"]}]},{\"@type\":[\"WebPage\",\"FAQPage\"],\"@id\":\"https:\/\/gymbeam.cz\/blog\/terapie-cervenym-svetlem-jake-ma-ucinky-jak-funguje-a-vyplati-se-red-light-therapy-panel-i-na-doma\/\",\"url\":\"https:\/\/gymbeam.cz\/blog\/terapie-cervenym-svetlem-jake-ma-ucinky-jak-funguje-a-vyplati-se-red-light-therapy-panel-i-na-doma\/\",\"name\":\"Terapie \u010derven\u00fdm sv\u011btlem: Jak\u00e9 m\u00e1 \u00fa\u010dinky, jak funguje a vyplat\u00ed se red light therapy panel i na doma? - GymBeam Blog\",\"isPartOf\":{\"@id\":\"https:\/\/gymbeam.com\/blog\/#website\"},\"primaryImageOfPage\":{\"@id\":\"https:\/\/gymbeam.cz\/blog\/terapie-cervenym-svetlem-jake-ma-ucinky-jak-funguje-a-vyplati-se-red-light-therapy-panel-i-na-doma\/#primaryimage\"},\"image\":{\"@id\":\"https:\/\/gymbeam.cz\/blog\/terapie-cervenym-svetlem-jake-ma-ucinky-jak-funguje-a-vyplati-se-red-light-therapy-panel-i-na-doma\/#primaryimage\"},\"thumbnailUrl\":\"https:\/\/gymbeam.com\/blog\/wp-content\/uploads\/2026\/03\/Copy-of-GLP-1.jpg\",\"datePublished\":\"2026-03-09T09:06:43+00:00\",\"dateModified\":\"2026-04-21T10:51:22+00:00\",\"description\":\"Terapie \u010derven\u00fdm sv\u011btlem urychluje regeneraci, omlazuje ple\u0165 a zlep\u0161\u00ed sp\u00e1nek. Zjist\u011bte, jak funguje a zda se v\u00e1m vyplat\u00ed red light therapy panel i na doma.\",\"breadcrumb\":{\"@id\":\"https:\/\/gymbeam.cz\/blog\/terapie-cervenym-svetlem-jake-ma-ucinky-jak-funguje-a-vyplati-se-red-light-therapy-panel-i-na-doma\/#breadcrumb\"},\"mainEntity\":[{\"@id\":\"https:\/\/gymbeam.cz\/blog\/terapie-cervenym-svetlem-jake-ma-ucinky-jak-funguje-a-vyplati-se-red-light-therapy-panel-i-na-doma\/#faq-question-1776762483252\"},{\"@id\":\"https:\/\/gymbeam.cz\/blog\/terapie-cervenym-svetlem-jake-ma-ucinky-jak-funguje-a-vyplati-se-red-light-therapy-panel-i-na-doma\/#faq-question-1776762491861\"},{\"@id\":\"https:\/\/gymbeam.cz\/blog\/terapie-cervenym-svetlem-jake-ma-ucinky-jak-funguje-a-vyplati-se-red-light-therapy-panel-i-na-doma\/#faq-question-1776762498043\"},{\"@id\":\"https:\/\/gymbeam.cz\/blog\/terapie-cervenym-svetlem-jake-ma-ucinky-jak-funguje-a-vyplati-se-red-light-therapy-panel-i-na-doma\/#faq-question-1776762506341\"},{\"@id\":\"https:\/\/gymbeam.cz\/blog\/terapie-cervenym-svetlem-jake-ma-ucinky-jak-funguje-a-vyplati-se-red-light-therapy-panel-i-na-doma\/#faq-question-1776762514247\"},{\"@id\":\"https:\/\/gymbeam.cz\/blog\/terapie-cervenym-svetlem-jake-ma-ucinky-jak-funguje-a-vyplati-se-red-light-therapy-panel-i-na-doma\/#faq-question-1776762523340\"},{\"@id\":\"https:\/\/gymbeam.cz\/blog\/terapie-cervenym-svetlem-jake-ma-ucinky-jak-funguje-a-vyplati-se-red-light-therapy-panel-i-na-doma\/#faq-question-1776762531706\"}],\"inLanguage\":\"en-GB\",\"potentialAction\":[{\"@type\":\"ReadAction\",\"target\":[\"https:\/\/gymbeam.cz\/blog\/terapie-cervenym-svetlem-jake-ma-ucinky-jak-funguje-a-vyplati-se-red-light-therapy-panel-i-na-doma\/\"]}]},{\"@type\":\"ImageObject\",\"inLanguage\":\"en-GB\",\"@id\":\"https:\/\/gymbeam.cz\/blog\/terapie-cervenym-svetlem-jake-ma-ucinky-jak-funguje-a-vyplati-se-red-light-therapy-panel-i-na-doma\/#primaryimage\",\"url\":\"https:\/\/gymbeam.com\/blog\/wp-content\/uploads\/2026\/03\/Copy-of-GLP-1.jpg\",\"contentUrl\":\"https:\/\/gymbeam.com\/blog\/wp-content\/uploads\/2026\/03\/Copy-of-GLP-1.jpg\",\"width\":1200,\"height\":628,\"caption\":\"Terapie \u010derven\u00fdm sv\u011btlem: Jak\u00e9 m\u00e1 \u00fa\u010dinky, jak funguje a vyplat\u00ed se red light therapy panel i na doma?\"},{\"@type\":\"BreadcrumbList\",\"@id\":\"https:\/\/gymbeam.cz\/blog\/terapie-cervenym-svetlem-jake-ma-ucinky-jak-funguje-a-vyplati-se-red-light-therapy-panel-i-na-doma\/#breadcrumb\",\"itemListElement\":[{\"@type\":\"ListItem\",\"position\":1,\"name\":\"Home\",\"item\":\"https:\/\/gymbeam.com\/blog\/\"},{\"@type\":\"ListItem\",\"position\":2,\"name\":\"Terapie \u010derven\u00fdm sv\u011btlem: Jak\u00e9 m\u00e1 \u00fa\u010dinky, jak funguje a vyplat\u00ed se red light therapy panel i na doma?\"}]},{\"@type\":\"WebSite\",\"@id\":\"https:\/\/gymbeam.com\/blog\/#website\",\"url\":\"https:\/\/gymbeam.com\/blog\/\",\"name\":\"GymBeam Blog\",\"description\":\"Najnov\u0161ie inform\u00e1cie zo sveta fitness\",\"publisher\":{\"@id\":\"https:\/\/gymbeam.com\/blog\/#organization\"},\"potentialAction\":[{\"@type\":\"SearchAction\",\"target\":{\"@type\":\"EntryPoint\",\"urlTemplate\":\"https:\/\/gymbeam.com\/blog\/?s={search_term_string}\"},\"query-input\":{\"@type\":\"PropertyValueSpecification\",\"valueRequired\":true,\"valueName\":\"search_term_string\"}}],\"inLanguage\":\"en-GB\"},{\"@type\":\"Organization\",\"@id\":\"https:\/\/gymbeam.com\/blog\/#organization\",\"name\":\"GymBeam\",\"url\":\"https:\/\/gymbeam.com\/blog\/\",\"logo\":{\"@type\":\"ImageObject\",\"inLanguage\":\"en-GB\",\"@id\":\"https:\/\/gymbeam.com\/blog\/#\/schema\/logo\/image\/\",\"url\":\"https:\/\/gymbeam.com\/blog\/wp-content\/uploads\/2020\/06\/GymBeam-logo.png\",\"contentUrl\":\"https:\/\/gymbeam.com\/blog\/wp-content\/uploads\/2020\/06\/GymBeam-logo.png\",\"width\":266,\"height\":75,\"caption\":\"GymBeam\"},\"image\":{\"@id\":\"https:\/\/gymbeam.com\/blog\/#\/schema\/logo\/image\/\"}},{\"@type\":\"Person\",\"@id\":\"https:\/\/gymbeam.com\/blog\/#\/schema\/person\/9cab6e2b2ea37df482f20f8432c95702\",\"name\":\"Zuzana G\u00e1likov\u00e1\",\"image\":{\"@type\":\"ImageObject\",\"inLanguage\":\"en-GB\",\"@id\":\"https:\/\/gymbeam.com\/blog\/#\/schema\/person\/image\/\",\"url\":\"https:\/\/gymbeam.sk\/blog\/wp-content\/uploads\/2026\/03\/T49U9MT0R-U03K3PCTJGG-04f882093255-512-96x96.jpg\",\"contentUrl\":\"https:\/\/gymbeam.sk\/blog\/wp-content\/uploads\/2026\/03\/T49U9MT0R-U03K3PCTJGG-04f882093255-512-96x96.jpg\",\"caption\":\"Zuzana G\u00e1likov\u00e1\"},\"description\":\"Zuzana G\u00e1likov\u00e1 is a nutrition specialist and an expert editor for GymBeam Magazine with over 10 years of experience. She earned her Master's degree in the field of Nutritional Specialist at the Faculty of Medicine of Masaryk University (one of the largest and most prestigious universities in Central Europe). Throughout her career, she has gained valuable clinical experience, including three years working in a hospital outpatient clinic focusing on the treatment of diabetes and obesity. She also brought a wealth of experience in creating expert content to the GymBeam editorial team, a field she has been working in since 2018 for leading Central European health and fitness platforms. She closely specialises in clinical and preventive nutrition. In her practice and articles, she applies a strict evidence-based approach (Evidence-Based Medicine) and relies exclusively on scientific studies from internationally recognised databases such as PubMed and ScienceDirect. She actively combines her expert theoretical knowledge with practice in her free time, engaging in CrossFit, strength training, running, and mountain hiking.\",\"url\":\"https:\/\/gymbeam.com\/blog\/author\/zuzana-galikova\/\"},{\"@type\":\"Question\",\"@id\":\"https:\/\/gymbeam.cz\/blog\/terapie-cervenym-svetlem-jake-ma-ucinky-jak-funguje-a-vyplati-se-red-light-therapy-panel-i-na-doma\/#faq-question-1776762483252\",\"position\":1,\"url\":\"https:\/\/gymbeam.cz\/blog\/terapie-cervenym-svetlem-jake-ma-ucinky-jak-funguje-a-vyplati-se-red-light-therapy-panel-i-na-doma\/#faq-question-1776762483252\",\"name\":\"1. Mohu se z terapie \u010derven\u00fdm sv\u011btlem (RLT) op\u00e1lit?\",\"answerCount\":1,\"acceptedAnswer\":{\"@type\":\"Answer\",\"text\":\"<strong>Ne, z terapie \u010derven\u00fdm sv\u011btlem se neop\u00e1l\u00edte, proto\u017ee panely nevyza\u0159uj\u00ed \u017e\u00e1dn\u00e9 UV z\u00e1\u0159en\u00ed. <\/strong>\u010cerven\u00e9 a bl\u00edzk\u00e9 infra\u010derven\u00e9 sv\u011btlo p\u016fsob\u00ed na bun\u011b\u010dn\u00e9 \u00farovni \u010dist\u011b regenera\u010dn\u011b a nem\u00e1 nic spole\u010dn\u00e9ho s opalov\u00e1n\u00edm v sol\u00e1riu nebo na slunci.\",\"inLanguage\":\"en-GB\"},\"inLanguage\":\"en-GB\"},{\"@type\":\"Question\",\"@id\":\"https:\/\/gymbeam.cz\/blog\/terapie-cervenym-svetlem-jake-ma-ucinky-jak-funguje-a-vyplati-se-red-light-therapy-panel-i-na-doma\/#faq-question-1776762491861\",\"position\":2,\"url\":\"https:\/\/gymbeam.cz\/blog\/terapie-cervenym-svetlem-jake-ma-ucinky-jak-funguje-a-vyplati-se-red-light-therapy-panel-i-na-doma\/#faq-question-1776762491861\",\"name\":\"2. Jak\u00fd je rozd\u00edl mezi panelem s \u010derven\u00fdm sv\u011btlem a infralampou?\",\"answerCount\":1,\"acceptedAnswer\":{\"@type\":\"Answer\",\"text\":\"<strong>Rozd\u00edl mezi infralampou a panelem na \u010derven\u00e9 sv\u011btlo je v tom, \u017ee infralampa (infra terapie) vyu\u017e\u00edv\u00e1 st\u0159edn\u00ed a dlouh\u00e9 infra\u010derven\u00e9 z\u00e1\u0159en\u00ed k zah\u0159\u00edv\u00e1n\u00ed tk\u00e1n\u00ed, zat\u00edmco RLT panel stimuluje bu\u0148ky sv\u011btlem bez produkce tepla.<\/strong> Terapie \u010derven\u00fdm sv\u011btlem (fotobiomodulace) funguje d\u00edky p\u0159enosu sv\u011bteln\u00e9 energie do mitochondri\u00ed, nikoli d\u00edky p\u0159eh\u0159\u00edv\u00e1n\u00ed.\",\"inLanguage\":\"en-GB\"},\"inLanguage\":\"en-GB\"},{\"@type\":\"Question\",\"@id\":\"https:\/\/gymbeam.cz\/blog\/terapie-cervenym-svetlem-jake-ma-ucinky-jak-funguje-a-vyplati-se-red-light-therapy-panel-i-na-doma\/#faq-question-1776762498043\",\"position\":3,\"url\":\"https:\/\/gymbeam.cz\/blog\/terapie-cervenym-svetlem-jake-ma-ucinky-jak-funguje-a-vyplati-se-red-light-therapy-panel-i-na-doma\/#faq-question-1776762498043\",\"name\":\"3. Mohu \u010derven\u00e9 sv\u011btlo pou\u017e\u00edvat p\u0159es oble\u010den\u00ed?\",\"answerCount\":1,\"acceptedAnswer\":{\"@type\":\"Answer\",\"text\":\"<strong>Ne, pro maxim\u00e1ln\u00ed \u00fa\u010dinek mus\u00ed \u010derven\u00e9 sv\u011btlo dopadat p\u0159\u00edmo na odhalenou poko\u017eku. <\/strong>Oble\u010den\u00ed (i to tenk\u00e9) toti\u017e velkou \u010d\u00e1st sv\u011btla absorbuje nebo odraz\u00ed, \u010d\u00edm\u017e se terapie st\u00e1v\u00e1 prakticky ne\u00fa\u010dinnou.\",\"inLanguage\":\"en-GB\"},\"inLanguage\":\"en-GB\"},{\"@type\":\"Question\",\"@id\":\"https:\/\/gymbeam.cz\/blog\/terapie-cervenym-svetlem-jake-ma-ucinky-jak-funguje-a-vyplati-se-red-light-therapy-panel-i-na-doma\/#faq-question-1776762506341\",\"position\":4,\"url\":\"https:\/\/gymbeam.cz\/blog\/terapie-cervenym-svetlem-jake-ma-ucinky-jak-funguje-a-vyplati-se-red-light-therapy-panel-i-na-doma\/#faq-question-1776762506341\",\"name\":\"4. Jak dlouho trv\u00e1, ne\u017e uvid\u00edm v\u00fdsledky terapie \u010derven\u00fdm sv\u011btlem?\",\"answerCount\":1,\"acceptedAnswer\":{\"@type\":\"Answer\",\"text\":\"<strong>Prvn\u00ed v\u00fdsledky se obvykle objev\u00ed po 2 a\u017e 4t\u00fddnech pravideln\u00e9ho pou\u017e\u00edv\u00e1n\u00ed (3 \u2013 5kr\u00e1t t\u00fddn\u011b). <\/strong>\u00daleva od bolesti \u010di lep\u0161\u00ed regenerace sval\u016f m\u016f\u017ee p\u0159ij\u00edt u\u017e po p\u00e1r dnech, zat\u00edmco viditeln\u00e9 zm\u011bny na poko\u017ece (tvorba kolagenu) si vy\u017eaduj\u00ed del\u0161\u00ed \u010das.\",\"inLanguage\":\"en-GB\"},\"inLanguage\":\"en-GB\"},{\"@type\":\"Question\",\"@id\":\"https:\/\/gymbeam.cz\/blog\/terapie-cervenym-svetlem-jake-ma-ucinky-jak-funguje-a-vyplati-se-red-light-therapy-panel-i-na-doma\/#faq-question-1776762514247\",\"position\":5,\"url\":\"https:\/\/gymbeam.cz\/blog\/terapie-cervenym-svetlem-jake-ma-ucinky-jak-funguje-a-vyplati-se-red-light-therapy-panel-i-na-doma\/#faq-question-1776762514247\",\"name\":\"5. Je infra\u010derven\u00e9 sv\u011btlo bezpe\u010dn\u00e9 pro o\u010di?\",\"answerCount\":1,\"acceptedAnswer\":{\"@type\":\"Answer\",\"text\":\"<strong>\u010cerven\u00e9 sv\u011btlo je pro o\u010di bezpe\u010dn\u00e9, ale u v\u00fdkonn\u00fdch panel\u016f s bl\u00edzk\u00fdm infra\u010derven\u00fdm (NIR) spektrem byste m\u011bli pou\u017e\u00edvat ochrann\u00e9 br\u00fdle. <\/strong>Siln\u00e9 neviditeln\u00e9 NIR sv\u011btlo toti\u017e m\u016f\u017ee oko zah\u0159\u00edvat, proto si zrak chra\u0148te zejm\u00e9na tehdy, pokud sv\u011btlo sm\u011b\u0159uje p\u0159\u00edmo na obli\u010dej.\",\"inLanguage\":\"en-GB\"},\"inLanguage\":\"en-GB\"},{\"@type\":\"Question\",\"@id\":\"https:\/\/gymbeam.cz\/blog\/terapie-cervenym-svetlem-jake-ma-ucinky-jak-funguje-a-vyplati-se-red-light-therapy-panel-i-na-doma\/#faq-question-1776762523340\",\"position\":6,\"url\":\"https:\/\/gymbeam.cz\/blog\/terapie-cervenym-svetlem-jake-ma-ucinky-jak-funguje-a-vyplati-se-red-light-therapy-panel-i-na-doma\/#faq-question-1776762523340\",\"name\":\"6. Mohu pou\u017e\u00edvat panel s \u010derven\u00fdm sv\u011btlem ka\u017ed\u00fd den?\",\"answerCount\":1,\"acceptedAnswer\":{\"@type\":\"Answer\",\"text\":\"<strong>Ano, terapii \u010derven\u00fdm sv\u011btlem m\u016f\u017eete bezpe\u010dn\u011b pou\u017e\u00edvat i na denn\u00ed b\u00e1zi.<\/strong> Pro dosa\u017een\u00ed optim\u00e1ln\u00edch v\u00fdsledk\u016f v\u011bt\u0161ina protokol\u016f doporu\u010duje expozici 3 a\u017e 5kr\u00e1t t\u00fddn\u011b v trv\u00e1n\u00ed 10 a\u017e 20minut na jednu partii.\",\"inLanguage\":\"en-GB\"},\"inLanguage\":\"en-GB\"},{\"@type\":\"Question\",\"@id\":\"https:\/\/gymbeam.cz\/blog\/terapie-cervenym-svetlem-jake-ma-ucinky-jak-funguje-a-vyplati-se-red-light-therapy-panel-i-na-doma\/#faq-question-1776762531706\",\"position\":7,\"url\":\"https:\/\/gymbeam.cz\/blog\/terapie-cervenym-svetlem-jake-ma-ucinky-jak-funguje-a-vyplati-se-red-light-therapy-panel-i-na-doma\/#faq-question-1776762531706\",\"name\":\"7. D\u00e1 se \u201ep\u0159ed\u00e1vkovat\u201c terapi\u00ed \u010derven\u00fdm sv\u011btlem?\",\"answerCount\":1,\"acceptedAnswer\":{\"@type\":\"Answer\",\"text\":\"<strong>Ano, u RLT funguje tzv. bif\u00e1zick\u00e1 odpov\u011b\u010f. P\u0159\u00edli\u0161 dlouh\u00e9 oza\u0159ov\u00e1n\u00ed m\u016f\u017ee bu\u0148ky paradoxn\u011b unavit a sn\u00ed\u017eit p\u0159\u00ednos terapie. <\/strong> Proto je kl\u00ed\u010dov\u00e9 dodr\u017eovat doporu\u010den\u00fd \u010das (10\u201320minut) a nep\u0159eh\u00e1n\u011bt to v domn\u011bn\u00ed, \u017ee v\u00edce znamen\u00e1 l\u00e9pe.\",\"inLanguage\":\"en-GB\"},\"inLanguage\":\"en-GB\"}]}<\/script>\n<!-- \/ Yoast SEO plugin. -->","yoast_head_json":{"title":"Terapie \u010derven\u00fdm sv\u011btlem: Jak\u00e9 m\u00e1 \u00fa\u010dinky, jak funguje a vyplat\u00ed se red light therapy panel i na doma? - GymBeam Blog","description":"Terapie \u010derven\u00fdm sv\u011btlem urychluje regeneraci, omlazuje ple\u0165 a zlep\u0161\u00ed sp\u00e1nek. Zjist\u011bte, jak funguje a zda se v\u00e1m vyplat\u00ed red light therapy panel i na doma.","robots":{"index":"index","follow":"follow","max-snippet":"max-snippet:-1","max-image-preview":"max-image-preview:large","max-video-preview":"max-video-preview:-1"},"canonical":"https:\/\/gymbeam.com\/blog\/terapie-cervenym-svetlem-jake-ma-ucinky-jak-funguje-a-vyplati-se-red-light-therapy-panel-i-na-doma\/","og_type":"article","og_title":"Terapie \u010derven\u00fdm sv\u011btlem: Jak\u00e9 m\u00e1 \u00fa\u010dinky, jak funguje a vyplat\u00ed se red light therapy panel i na doma? - GymBeam Blog","og_description":"Terapie \u010derven\u00fdm sv\u011btlem urychluje regeneraci, omlazuje ple\u0165 a zlep\u0161\u00ed sp\u00e1nek. Zjist\u011bte, jak funguje a zda se v\u00e1m vyplat\u00ed red light therapy panel i na doma.","og_url":"https:\/\/gymbeam.cz\/blog\/terapie-cervenym-svetlem-jake-ma-ucinky-jak-funguje-a-vyplati-se-red-light-therapy-panel-i-na-doma\/","og_site_name":"GymBeam Blog","article_published_time":"2026-03-09T09:06:43+00:00","article_modified_time":"2026-04-21T10:51:22+00:00","og_image":[{"width":1200,"height":628,"url":"https:\/\/gymbeam.cz\/blog\/wp-content\/uploads\/2026\/03\/Copy-of-GLP-1.jpg","type":"image\/jpeg"}],"author":"Zuzana G\u00e1likov\u00e1","twitter_card":"summary_large_image","twitter_misc":{"Written by":"Zuzana G\u00e1likov\u00e1","Estimated reading time":"16 minutes"},"schema":{"@context":"https:\/\/schema.org","@graph":[{"@type":"Article","@id":"https:\/\/gymbeam.cz\/blog\/terapie-cervenym-svetlem-jake-ma-ucinky-jak-funguje-a-vyplati-se-red-light-therapy-panel-i-na-doma\/#article","isPartOf":{"@id":"https:\/\/gymbeam.cz\/blog\/terapie-cervenym-svetlem-jake-ma-ucinky-jak-funguje-a-vyplati-se-red-light-therapy-panel-i-na-doma\/"},"author":{"name":"Zuzana G\u00e1likov\u00e1","@id":"https:\/\/gymbeam.com\/blog\/#\/schema\/person\/9cab6e2b2ea37df482f20f8432c95702"},"headline":"Terapie \u010derven\u00fdm sv\u011btlem: Jak\u00e9 m\u00e1 \u00fa\u010dinky, jak funguje a vyplat\u00ed se red light therapy panel i na doma?","datePublished":"2026-03-09T09:06:43+00:00","dateModified":"2026-04-21T10:51:22+00:00","mainEntityOfPage":{"@id":"https:\/\/gymbeam.cz\/blog\/terapie-cervenym-svetlem-jake-ma-ucinky-jak-funguje-a-vyplati-se-red-light-therapy-panel-i-na-doma\/"},"wordCount":3158,"commentCount":0,"publisher":{"@id":"https:\/\/gymbeam.com\/blog\/#organization"},"image":{"@id":"https:\/\/gymbeam.cz\/blog\/terapie-cervenym-svetlem-jake-ma-ucinky-jak-funguje-a-vyplati-se-red-light-therapy-panel-i-na-doma\/#primaryimage"},"thumbnailUrl":"https:\/\/gymbeam.com\/blog\/wp-content\/uploads\/2026\/03\/Copy-of-GLP-1.jpg","keywords":["regenerace","sp\u00e1nek","zdrav\u00fd \u017eivotn\u00ed styl"],"articleSection":["Strava a zdrav\u00fd \u017eivotn\u00ed styl"],"inLanguage":"en-GB","potentialAction":[{"@type":"CommentAction","name":"Comment","target":["https:\/\/gymbeam.cz\/blog\/terapie-cervenym-svetlem-jake-ma-ucinky-jak-funguje-a-vyplati-se-red-light-therapy-panel-i-na-doma\/#respond"]}]},{"@type":["WebPage","FAQPage"],"@id":"https:\/\/gymbeam.cz\/blog\/terapie-cervenym-svetlem-jake-ma-ucinky-jak-funguje-a-vyplati-se-red-light-therapy-panel-i-na-doma\/","url":"https:\/\/gymbeam.cz\/blog\/terapie-cervenym-svetlem-jake-ma-ucinky-jak-funguje-a-vyplati-se-red-light-therapy-panel-i-na-doma\/","name":"Terapie \u010derven\u00fdm sv\u011btlem: Jak\u00e9 m\u00e1 \u00fa\u010dinky, jak funguje a vyplat\u00ed se red light therapy panel i na doma? - GymBeam Blog","isPartOf":{"@id":"https:\/\/gymbeam.com\/blog\/#website"},"primaryImageOfPage":{"@id":"https:\/\/gymbeam.cz\/blog\/terapie-cervenym-svetlem-jake-ma-ucinky-jak-funguje-a-vyplati-se-red-light-therapy-panel-i-na-doma\/#primaryimage"},"image":{"@id":"https:\/\/gymbeam.cz\/blog\/terapie-cervenym-svetlem-jake-ma-ucinky-jak-funguje-a-vyplati-se-red-light-therapy-panel-i-na-doma\/#primaryimage"},"thumbnailUrl":"https:\/\/gymbeam.com\/blog\/wp-content\/uploads\/2026\/03\/Copy-of-GLP-1.jpg","datePublished":"2026-03-09T09:06:43+00:00","dateModified":"2026-04-21T10:51:22+00:00","description":"Terapie \u010derven\u00fdm sv\u011btlem urychluje regeneraci, omlazuje ple\u0165 a zlep\u0161\u00ed sp\u00e1nek. Zjist\u011bte, jak funguje a zda se v\u00e1m vyplat\u00ed red light therapy panel i na doma.","breadcrumb":{"@id":"https:\/\/gymbeam.cz\/blog\/terapie-cervenym-svetlem-jake-ma-ucinky-jak-funguje-a-vyplati-se-red-light-therapy-panel-i-na-doma\/#breadcrumb"},"mainEntity":[{"@id":"https:\/\/gymbeam.cz\/blog\/terapie-cervenym-svetlem-jake-ma-ucinky-jak-funguje-a-vyplati-se-red-light-therapy-panel-i-na-doma\/#faq-question-1776762483252"},{"@id":"https:\/\/gymbeam.cz\/blog\/terapie-cervenym-svetlem-jake-ma-ucinky-jak-funguje-a-vyplati-se-red-light-therapy-panel-i-na-doma\/#faq-question-1776762491861"},{"@id":"https:\/\/gymbeam.cz\/blog\/terapie-cervenym-svetlem-jake-ma-ucinky-jak-funguje-a-vyplati-se-red-light-therapy-panel-i-na-doma\/#faq-question-1776762498043"},{"@id":"https:\/\/gymbeam.cz\/blog\/terapie-cervenym-svetlem-jake-ma-ucinky-jak-funguje-a-vyplati-se-red-light-therapy-panel-i-na-doma\/#faq-question-1776762506341"},{"@id":"https:\/\/gymbeam.cz\/blog\/terapie-cervenym-svetlem-jake-ma-ucinky-jak-funguje-a-vyplati-se-red-light-therapy-panel-i-na-doma\/#faq-question-1776762514247"},{"@id":"https:\/\/gymbeam.cz\/blog\/terapie-cervenym-svetlem-jake-ma-ucinky-jak-funguje-a-vyplati-se-red-light-therapy-panel-i-na-doma\/#faq-question-1776762523340"},{"@id":"https:\/\/gymbeam.cz\/blog\/terapie-cervenym-svetlem-jake-ma-ucinky-jak-funguje-a-vyplati-se-red-light-therapy-panel-i-na-doma\/#faq-question-1776762531706"}],"inLanguage":"en-GB","potentialAction":[{"@type":"ReadAction","target":["https:\/\/gymbeam.cz\/blog\/terapie-cervenym-svetlem-jake-ma-ucinky-jak-funguje-a-vyplati-se-red-light-therapy-panel-i-na-doma\/"]}]},{"@type":"ImageObject","inLanguage":"en-GB","@id":"https:\/\/gymbeam.cz\/blog\/terapie-cervenym-svetlem-jake-ma-ucinky-jak-funguje-a-vyplati-se-red-light-therapy-panel-i-na-doma\/#primaryimage","url":"https:\/\/gymbeam.com\/blog\/wp-content\/uploads\/2026\/03\/Copy-of-GLP-1.jpg","contentUrl":"https:\/\/gymbeam.com\/blog\/wp-content\/uploads\/2026\/03\/Copy-of-GLP-1.jpg","width":1200,"height":628,"caption":"Terapie \u010derven\u00fdm sv\u011btlem: Jak\u00e9 m\u00e1 \u00fa\u010dinky, jak funguje a vyplat\u00ed se red light therapy panel i na doma?"},{"@type":"BreadcrumbList","@id":"https:\/\/gymbeam.cz\/blog\/terapie-cervenym-svetlem-jake-ma-ucinky-jak-funguje-a-vyplati-se-red-light-therapy-panel-i-na-doma\/#breadcrumb","itemListElement":[{"@type":"ListItem","position":1,"name":"Home","item":"https:\/\/gymbeam.com\/blog\/"},{"@type":"ListItem","position":2,"name":"Terapie \u010derven\u00fdm sv\u011btlem: Jak\u00e9 m\u00e1 \u00fa\u010dinky, jak funguje a vyplat\u00ed se red light therapy panel i na doma?"}]},{"@type":"WebSite","@id":"https:\/\/gymbeam.com\/blog\/#website","url":"https:\/\/gymbeam.com\/blog\/","name":"GymBeam Blog","description":"Najnov\u0161ie inform\u00e1cie zo sveta fitness","publisher":{"@id":"https:\/\/gymbeam.com\/blog\/#organization"},"potentialAction":[{"@type":"SearchAction","target":{"@type":"EntryPoint","urlTemplate":"https:\/\/gymbeam.com\/blog\/?s={search_term_string}"},"query-input":{"@type":"PropertyValueSpecification","valueRequired":true,"valueName":"search_term_string"}}],"inLanguage":"en-GB"},{"@type":"Organization","@id":"https:\/\/gymbeam.com\/blog\/#organization","name":"GymBeam","url":"https:\/\/gymbeam.com\/blog\/","logo":{"@type":"ImageObject","inLanguage":"en-GB","@id":"https:\/\/gymbeam.com\/blog\/#\/schema\/logo\/image\/","url":"https:\/\/gymbeam.com\/blog\/wp-content\/uploads\/2020\/06\/GymBeam-logo.png","contentUrl":"https:\/\/gymbeam.com\/blog\/wp-content\/uploads\/2020\/06\/GymBeam-logo.png","width":266,"height":75,"caption":"GymBeam"},"image":{"@id":"https:\/\/gymbeam.com\/blog\/#\/schema\/logo\/image\/"}},{"@type":"Person","@id":"https:\/\/gymbeam.com\/blog\/#\/schema\/person\/9cab6e2b2ea37df482f20f8432c95702","name":"Zuzana G\u00e1likov\u00e1","image":{"@type":"ImageObject","inLanguage":"en-GB","@id":"https:\/\/gymbeam.com\/blog\/#\/schema\/person\/image\/","url":"https:\/\/gymbeam.sk\/blog\/wp-content\/uploads\/2026\/03\/T49U9MT0R-U03K3PCTJGG-04f882093255-512-96x96.jpg","contentUrl":"https:\/\/gymbeam.sk\/blog\/wp-content\/uploads\/2026\/03\/T49U9MT0R-U03K3PCTJGG-04f882093255-512-96x96.jpg","caption":"Zuzana G\u00e1likov\u00e1"},"description":"Zuzana G\u00e1likov\u00e1 is a nutrition specialist and an expert editor for GymBeam Magazine with over 10 years of experience. She earned her Master's degree in the field of Nutritional Specialist at the Faculty of Medicine of Masaryk University (one of the largest and most prestigious universities in Central Europe). Throughout her career, she has gained valuable clinical experience, including three years working in a hospital outpatient clinic focusing on the treatment of diabetes and obesity. She also brought a wealth of experience in creating expert content to the GymBeam editorial team, a field she has been working in since 2018 for leading Central European health and fitness platforms. She closely specialises in clinical and preventive nutrition. In her practice and articles, she applies a strict evidence-based approach (Evidence-Based Medicine) and relies exclusively on scientific studies from internationally recognised databases such as PubMed and ScienceDirect. She actively combines her expert theoretical knowledge with practice in her free time, engaging in CrossFit, strength training, running, and mountain hiking.","url":"https:\/\/gymbeam.com\/blog\/author\/zuzana-galikova\/"},{"@type":"Question","@id":"https:\/\/gymbeam.cz\/blog\/terapie-cervenym-svetlem-jake-ma-ucinky-jak-funguje-a-vyplati-se-red-light-therapy-panel-i-na-doma\/#faq-question-1776762483252","position":1,"url":"https:\/\/gymbeam.cz\/blog\/terapie-cervenym-svetlem-jake-ma-ucinky-jak-funguje-a-vyplati-se-red-light-therapy-panel-i-na-doma\/#faq-question-1776762483252","name":"1. Mohu se z terapie \u010derven\u00fdm sv\u011btlem (RLT) op\u00e1lit?","answerCount":1,"acceptedAnswer":{"@type":"Answer","text":"<strong>Ne, z terapie \u010derven\u00fdm sv\u011btlem se neop\u00e1l\u00edte, proto\u017ee panely nevyza\u0159uj\u00ed \u017e\u00e1dn\u00e9 UV z\u00e1\u0159en\u00ed. <\/strong>\u010cerven\u00e9 a bl\u00edzk\u00e9 infra\u010derven\u00e9 sv\u011btlo p\u016fsob\u00ed na bun\u011b\u010dn\u00e9 \u00farovni \u010dist\u011b regenera\u010dn\u011b a nem\u00e1 nic spole\u010dn\u00e9ho s opalov\u00e1n\u00edm v sol\u00e1riu nebo na slunci.","inLanguage":"en-GB"},"inLanguage":"en-GB"},{"@type":"Question","@id":"https:\/\/gymbeam.cz\/blog\/terapie-cervenym-svetlem-jake-ma-ucinky-jak-funguje-a-vyplati-se-red-light-therapy-panel-i-na-doma\/#faq-question-1776762491861","position":2,"url":"https:\/\/gymbeam.cz\/blog\/terapie-cervenym-svetlem-jake-ma-ucinky-jak-funguje-a-vyplati-se-red-light-therapy-panel-i-na-doma\/#faq-question-1776762491861","name":"2. Jak\u00fd je rozd\u00edl mezi panelem s \u010derven\u00fdm sv\u011btlem a infralampou?","answerCount":1,"acceptedAnswer":{"@type":"Answer","text":"<strong>Rozd\u00edl mezi infralampou a panelem na \u010derven\u00e9 sv\u011btlo je v tom, \u017ee infralampa (infra terapie) vyu\u017e\u00edv\u00e1 st\u0159edn\u00ed a dlouh\u00e9 infra\u010derven\u00e9 z\u00e1\u0159en\u00ed k zah\u0159\u00edv\u00e1n\u00ed tk\u00e1n\u00ed, zat\u00edmco RLT panel stimuluje bu\u0148ky sv\u011btlem bez produkce tepla.<\/strong> Terapie \u010derven\u00fdm sv\u011btlem (fotobiomodulace) funguje d\u00edky p\u0159enosu sv\u011bteln\u00e9 energie do mitochondri\u00ed, nikoli d\u00edky p\u0159eh\u0159\u00edv\u00e1n\u00ed.","inLanguage":"en-GB"},"inLanguage":"en-GB"},{"@type":"Question","@id":"https:\/\/gymbeam.cz\/blog\/terapie-cervenym-svetlem-jake-ma-ucinky-jak-funguje-a-vyplati-se-red-light-therapy-panel-i-na-doma\/#faq-question-1776762498043","position":3,"url":"https:\/\/gymbeam.cz\/blog\/terapie-cervenym-svetlem-jake-ma-ucinky-jak-funguje-a-vyplati-se-red-light-therapy-panel-i-na-doma\/#faq-question-1776762498043","name":"3. Mohu \u010derven\u00e9 sv\u011btlo pou\u017e\u00edvat p\u0159es oble\u010den\u00ed?","answerCount":1,"acceptedAnswer":{"@type":"Answer","text":"<strong>Ne, pro maxim\u00e1ln\u00ed \u00fa\u010dinek mus\u00ed \u010derven\u00e9 sv\u011btlo dopadat p\u0159\u00edmo na odhalenou poko\u017eku. <\/strong>Oble\u010den\u00ed (i to tenk\u00e9) toti\u017e velkou \u010d\u00e1st sv\u011btla absorbuje nebo odraz\u00ed, \u010d\u00edm\u017e se terapie st\u00e1v\u00e1 prakticky ne\u00fa\u010dinnou.","inLanguage":"en-GB"},"inLanguage":"en-GB"},{"@type":"Question","@id":"https:\/\/gymbeam.cz\/blog\/terapie-cervenym-svetlem-jake-ma-ucinky-jak-funguje-a-vyplati-se-red-light-therapy-panel-i-na-doma\/#faq-question-1776762506341","position":4,"url":"https:\/\/gymbeam.cz\/blog\/terapie-cervenym-svetlem-jake-ma-ucinky-jak-funguje-a-vyplati-se-red-light-therapy-panel-i-na-doma\/#faq-question-1776762506341","name":"4. Jak dlouho trv\u00e1, ne\u017e uvid\u00edm v\u00fdsledky terapie \u010derven\u00fdm sv\u011btlem?","answerCount":1,"acceptedAnswer":{"@type":"Answer","text":"<strong>Prvn\u00ed v\u00fdsledky se obvykle objev\u00ed po 2 a\u017e 4t\u00fddnech pravideln\u00e9ho pou\u017e\u00edv\u00e1n\u00ed (3 \u2013 5kr\u00e1t t\u00fddn\u011b). <\/strong>\u00daleva od bolesti \u010di lep\u0161\u00ed regenerace sval\u016f m\u016f\u017ee p\u0159ij\u00edt u\u017e po p\u00e1r dnech, zat\u00edmco viditeln\u00e9 zm\u011bny na poko\u017ece (tvorba kolagenu) si vy\u017eaduj\u00ed del\u0161\u00ed \u010das.","inLanguage":"en-GB"},"inLanguage":"en-GB"},{"@type":"Question","@id":"https:\/\/gymbeam.cz\/blog\/terapie-cervenym-svetlem-jake-ma-ucinky-jak-funguje-a-vyplati-se-red-light-therapy-panel-i-na-doma\/#faq-question-1776762514247","position":5,"url":"https:\/\/gymbeam.cz\/blog\/terapie-cervenym-svetlem-jake-ma-ucinky-jak-funguje-a-vyplati-se-red-light-therapy-panel-i-na-doma\/#faq-question-1776762514247","name":"5. Je infra\u010derven\u00e9 sv\u011btlo bezpe\u010dn\u00e9 pro o\u010di?","answerCount":1,"acceptedAnswer":{"@type":"Answer","text":"<strong>\u010cerven\u00e9 sv\u011btlo je pro o\u010di bezpe\u010dn\u00e9, ale u v\u00fdkonn\u00fdch panel\u016f s bl\u00edzk\u00fdm infra\u010derven\u00fdm (NIR) spektrem byste m\u011bli pou\u017e\u00edvat ochrann\u00e9 br\u00fdle. <\/strong>Siln\u00e9 neviditeln\u00e9 NIR sv\u011btlo toti\u017e m\u016f\u017ee oko zah\u0159\u00edvat, proto si zrak chra\u0148te zejm\u00e9na tehdy, pokud sv\u011btlo sm\u011b\u0159uje p\u0159\u00edmo na obli\u010dej.","inLanguage":"en-GB"},"inLanguage":"en-GB"},{"@type":"Question","@id":"https:\/\/gymbeam.cz\/blog\/terapie-cervenym-svetlem-jake-ma-ucinky-jak-funguje-a-vyplati-se-red-light-therapy-panel-i-na-doma\/#faq-question-1776762523340","position":6,"url":"https:\/\/gymbeam.cz\/blog\/terapie-cervenym-svetlem-jake-ma-ucinky-jak-funguje-a-vyplati-se-red-light-therapy-panel-i-na-doma\/#faq-question-1776762523340","name":"6. Mohu pou\u017e\u00edvat panel s \u010derven\u00fdm sv\u011btlem ka\u017ed\u00fd den?","answerCount":1,"acceptedAnswer":{"@type":"Answer","text":"<strong>Ano, terapii \u010derven\u00fdm sv\u011btlem m\u016f\u017eete bezpe\u010dn\u011b pou\u017e\u00edvat i na denn\u00ed b\u00e1zi.<\/strong> Pro dosa\u017een\u00ed optim\u00e1ln\u00edch v\u00fdsledk\u016f v\u011bt\u0161ina protokol\u016f doporu\u010duje expozici 3 a\u017e 5kr\u00e1t t\u00fddn\u011b v trv\u00e1n\u00ed 10 a\u017e 20minut na jednu partii.","inLanguage":"en-GB"},"inLanguage":"en-GB"},{"@type":"Question","@id":"https:\/\/gymbeam.cz\/blog\/terapie-cervenym-svetlem-jake-ma-ucinky-jak-funguje-a-vyplati-se-red-light-therapy-panel-i-na-doma\/#faq-question-1776762531706","position":7,"url":"https:\/\/gymbeam.cz\/blog\/terapie-cervenym-svetlem-jake-ma-ucinky-jak-funguje-a-vyplati-se-red-light-therapy-panel-i-na-doma\/#faq-question-1776762531706","name":"7. D\u00e1 se \u201ep\u0159ed\u00e1vkovat\u201c terapi\u00ed \u010derven\u00fdm sv\u011btlem?","answerCount":1,"acceptedAnswer":{"@type":"Answer","text":"<strong>Ano, u RLT funguje tzv. bif\u00e1zick\u00e1 odpov\u011b\u010f. P\u0159\u00edli\u0161 dlouh\u00e9 oza\u0159ov\u00e1n\u00ed m\u016f\u017ee bu\u0148ky paradoxn\u011b unavit a sn\u00ed\u017eit p\u0159\u00ednos terapie. <\/strong> Proto je kl\u00ed\u010dov\u00e9 dodr\u017eovat doporu\u010den\u00fd \u010das (10\u201320minut) a nep\u0159eh\u00e1n\u011bt to v domn\u011bn\u00ed, \u017ee v\u00edce znamen\u00e1 l\u00e9pe.","inLanguage":"en-GB"},"inLanguage":"en-GB"}]}},"_links":{"self":[{"href":"https:\/\/gymbeam.com\/blog\/wp-json\/wp\/v2\/posts\/756359","targetHints":{"allow":["GET"]}}],"collection":[{"href":"https:\/\/gymbeam.com\/blog\/wp-json\/wp\/v2\/posts"}],"about":[{"href":"https:\/\/gymbeam.com\/blog\/wp-json\/wp\/v2\/types\/post"}],"author":[{"embeddable":true,"href":"https:\/\/gymbeam.com\/blog\/wp-json\/wp\/v2\/users\/156"}],"replies":[{"embeddable":true,"href":"https:\/\/gymbeam.com\/blog\/wp-json\/wp\/v2\/comments?post=756359"}],"version-history":[{"count":4,"href":"https:\/\/gymbeam.com\/blog\/wp-json\/wp\/v2\/posts\/756359\/revisions"}],"predecessor-version":[{"id":783808,"href":"https:\/\/gymbeam.com\/blog\/wp-json\/wp\/v2\/posts\/756359\/revisions\/783808"}],"wp:featuredmedia":[{"embeddable":true,"href":"https:\/\/gymbeam.com\/blog\/wp-json\/wp\/v2\/media\/756360"}],"wp:attachment":[{"href":"https:\/\/gymbeam.com\/blog\/wp-json\/wp\/v2\/media?parent=756359"}],"wp:term":[{"taxonomy":"category","embeddable":true,"href":"https:\/\/gymbeam.com\/blog\/wp-json\/wp\/v2\/categories?post=756359"},{"taxonomy":"post_tag","embeddable":true,"href":"https:\/\/gymbeam.com\/blog\/wp-json\/wp\/v2\/tags?post=756359"},{"taxonomy":"filter_section","embeddable":true,"href":"https:\/\/gymbeam.com\/blog\/wp-json\/wp\/v2\/filter_section?post=756359"},{"taxonomy":"filter_attribute","embeddable":true,"href":"https:\/\/gymbeam.com\/blog\/wp-json\/wp\/v2\/filter_attribute?post=756359"}],"curies":[{"name":"wp","href":"https:\/\/api.w.org\/{rel}","templated":true}]}}