{"id":754926,"date":"2021-08-10T15:02:04","date_gmt":"2021-08-10T13:02:04","guid":{"rendered":"https:\/\/gymbeam.com\/blog\/bruce-willis-the-action-movie-hero-who-almost-went-deaf-shooting-die-hard\/"},"modified":"2026-04-13T10:07:37","modified_gmt":"2026-04-13T08:07:37","slug":"bruce-willis-the-action-movie-hero-who-almost-went-deaf-shooting-die-hard","status":"publish","type":"post","link":"https:\/\/gymbeam.nl\/blog\/bruce-willis-the-action-movie-hero-who-almost-went-deaf-shooting-die-hard\/","title":{"rendered":"Bruce Willis: De Actieheld Die Bijna Doof Werden Tijdens het Filmen van &#8216;Die Hard&#8217;."},"content":{"rendered":"<div id=\"ez-toc-container\" class=\"ez-toc-v2_0_72 ez-toc-wrap-left counter-hierarchy ez-toc-counter ez-toc-custom ez-toc-container-direction\">\n<div class=\"ez-toc-title-container\">\n<p class=\"ez-toc-title\" style=\"cursor:inherit\">Table of Contents<\/p>\n<span class=\"ez-toc-title-toggle\"><\/span><\/div>\n<nav><ul class='ez-toc-list ez-toc-list-level-1 ' ><li class='ez-toc-page-1 ez-toc-heading-level-2'><a class=\"ez-toc-link ez-toc-heading-1\" href=\"https:\/\/gymbeam.nl\/blog\/bruce-willis-the-action-movie-hero-who-almost-went-deaf-shooting-die-hard\/#Hoe_is_Bruce_Willis_een_deel_van_zijn_gehoor_verloren\" title=\"Hoe is Bruce Willis een deel van zijn gehoor verloren?\">Hoe is Bruce Willis een deel van zijn gehoor verloren?<\/a><\/li><li class='ez-toc-page-1 ez-toc-heading-level-2'><a class=\"ez-toc-link ez-toc-heading-2\" href=\"https:\/\/gymbeam.nl\/blog\/bruce-willis-the-action-movie-hero-who-almost-went-deaf-shooting-die-hard\/#Bruce_Willis_won_ook_de_Golden_Raspberry_award\" title=\"Bruce Willis won ook de Golden Raspberry award\">Bruce Willis won ook de Golden Raspberry award<\/a><\/li><li class='ez-toc-page-1 ez-toc-heading-level-2'><a class=\"ez-toc-link ez-toc-heading-3\" href=\"https:\/\/gymbeam.nl\/blog\/bruce-willis-the-action-movie-hero-who-almost-went-deaf-shooting-die-hard\/#Andere_facetten_van_Bruce_Willis\" title=\"Andere facetten van Bruce Willis\">Andere facetten van Bruce Willis<\/a><\/li><\/ul><\/nav><\/div>\n\n<div style=\"height:20px\" aria-hidden=\"true\" class=\"wp-block-spacer\"><\/div>\n<div class=\"wp-block-group\"><div class=\"wp-block-columns\"><div class=\"wp-block-column\"><figure class=\"wp-block-image size-full\"><img loading=\"lazy\" decoding=\"async\" width=\"789\" height=\"899\" src=\"https:\/\/gymbeam.cz\/blog\/wp-content\/uploads\/2021\/08\/789px-BruceWillisLFDHpremiere07.jpg\" alt=\"Bruce Willis\" class=\"wp-image-408770\" title=\"Bruce Willis a jeho probl\u00e9m s kokt\u00e1n\u00edm\" srcset=\"https:\/\/gymbeam.com\/blog\/wp-content\/uploads\/2021\/08\/789px-BruceWillisLFDHpremiere07.jpg 789w, https:\/\/gymbeam.com\/blog\/wp-content\/uploads\/2021\/08\/789px-BruceWillisLFDHpremiere07-351x400.jpg 351w\" sizes=\"auto, (max-width: 789px) 100vw, 789px\" \/><figcaption>Auteur van de foto: Caroline Bonarde Ucci<br>https:\/\/commons.wikimedia.org\/wiki\/File:BruceWillisLFDHpremiere07.jpg<br><\/figcaption><\/figure>\n<\/div><\/div><\/div>\n\n<div class=\"wp-block-column\"><p>Walter Bruce Willis werd geboren op <strong>19 maart 1955 in Duitsland.<\/strong> Toen hij 2 jaar oud was, verhuisde hij met zijn ouders naar Amerika.<\/p>\n<div style=\"height:20px\" aria-hidden=\"true\" class=\"wp-block-spacer\"><\/div>\n<p>Hij had al van jongs af aan een positieve relatie met muziek. <strong>Hij speelde harmonica en wilde graag professioneel muzikant worden.<\/strong> Tegelijkertijd was hij in zijn jeugd ook erg levendig en sociaal.<\/p>\n<div style=\"height:20px\" aria-hidden=\"true\" class=\"wp-block-spacer\"><\/div>\n<p>Hij was populair onder de mensen, en vrienden bewonderden zijn <strong>gevoel voor<\/strong> <strong>humor<\/strong>. Op 18-jarige leeftijd werd hij zelfs <strong>voorzitter van de<\/strong> <strong>studentenraad<\/strong>. Tijdens de installatieceremonie beloofde hij zijn klasgenoten te laten lachen met zijn toespraken.<\/p>\n<div style=\"height:20px\" aria-hidden=\"true\" class=\"wp-block-spacer\"><\/div>\n<p>Hoewel Bruce leek als een geweldige grappenmaker, had hij \u00e9\u00e9n <strong>groot<\/strong> <strong>probleem in zijn jeugd \u2013 hij stotterde<\/strong>. Echter, toen hij de toneelclub joinde en voor het eerst het podium betrad, ontdekte hij dat die zwakte verdwenen was. Hij begon opnieuw te stotteren toen hij van het podium afstapte.<\/p>\n<div style=\"height:20px\" aria-hidden=\"true\" class=\"wp-block-spacer\"><\/div>\n<p>Bruce beschouwde het als een wonder, dus besloot hij zich volledig aan het acteerwerk te wijden.<\/p>\nNadat hij de middelbare school had afgerond, bleef hij <strong>werken als fabrieksarbeider, tankstationmedewerker of monteur.<\/strong><\/p>\n<\/div>\n<\/div>\n<\/div>\n<h2><span class=\"ez-toc-section\" id=\"Hoe_is_Bruce_Willis_een_deel_van_zijn_gehoor_verloren\"><\/span>Hoe is Bruce Willis een deel van zijn gehoor verloren?<span class=\"ez-toc-section-end\"><\/span><\/h2>\n<p>Hij kwam voor het eerst onder de aandacht van het publiek door zijn rol in de <strong>televisieserie Moonlighting<\/strong>. Hij was in eerste instantie helemaal niet bedoeld om gecast te worden, vanwege zijn uiterlijk. De bedenker van de serie zag echter potentieel en gaf hem een kans.\nBruce kreeg ook een Emmy Award voor Beste Acteur in een Dramaserie, mede dankzij <em>Moonlighting<\/em>. <\/p>\n<div style=\"height:20px\" aria-hidden=\"true\" class=\"wp-block-spacer\"><\/div>\n<p>Al snel kwam er een andere rol, dit keer in de film <strong>Die Hard<\/strong>. Helaas was er een ongeluk tijdens de opnames, waarvan Bruce nog steeds de gevolgen ondervindt tot op de dag van vandaag.\nDuring de sc\u00e8ne, toen Willis onder de tafel zat en de vijand aanviel, <strong>vuurde hij een<\/strong> <strong>luid schot zonder kogel af met het wapen.<\/strong> Maar hij had geen oordopjes in gedaan. Hierdoor <strong>verloor hij ongeveer 2\/3 van zijn gehoor in zijn linker oor.<\/strong> <\/p>\n<div style=\"height:20px\" aria-hidden=\"true\" class=\"wp-block-spacer\"><\/div>\n<div class=\"wp-block-image\"><figure class=\"aligncenter size-large is-resized\"><img loading=\"lazy\" decoding=\"async\" src=\"https:\/\/gymbeam.nl\/blog\/wp-content\/uploads\/2021\/08\/1200px-Bruce_Willis_28769102057-1124x749.jpg\" alt=\"Bruce Willis\" class=\"wp-image-408816\" width=\"843\" height=\"562\" srcset=\"https:\/\/gymbeam.com\/blog\/wp-content\/uploads\/2021\/08\/1200px-Bruce_Willis_28769102057-1124x749.jpg 1124w, https:\/\/gymbeam.com\/blog\/wp-content\/uploads\/2021\/08\/1200px-Bruce_Willis_28769102057-400x267.jpg 400w, https:\/\/gymbeam.com\/blog\/wp-content\/uploads\/2021\/08\/1200px-Bruce_Willis_28769102057.jpg 1200w\" sizes=\"auto, (max-width: 843px) 100vw, 843px\" \/><figcaption>Auteur van de foto: Gage Skidmore<br>https:\/\/commons.wikimedia.org\/wiki\/File:Bruce_Willis_(28769102057).jpg<\/figcaption><\/figure><\/div>\n<div style=\"height:20px\" aria-hidden=\"true\" class=\"wp-block-spacer\"><\/div>\n<div style=\"height:20px\" aria-hidden=\"true\" class=\"wp-block-spacer\"><\/div>\n<h2><span class=\"ez-toc-section\" id=\"Bruce_Willis_won_ook_de_Golden_Raspberry_award\"><\/span>Bruce Willis won ook de Golden Raspberry award<span class=\"ez-toc-section-end\"><\/span><\/h2>\n<p>Willis was ook onvergetelijk in de film <strong>Armageddon.<\/strong> Hij won de <strong>Golden Raspberry award voor slechtste mannelijke acteur in een hoofdrol.<\/strong> Bruce is ook te zien in andere films zoals <strong>The Fifth Element, Pulp Fiction en Sixth Sense,<\/strong> waar hij een kinderpsychiater speelde.<\/p>\nDe cast in de laatste van deze films stond bekend als een straf. Tijdens de opnames van een andere film weigerde hij verder te gaan. De enige manier om de straf te vermijden was om de rol in The Sixth Sense te accepteren.\n\n<div style=\"height:20px\" aria-hidden=\"true\" class=\"wp-block-spacer\"><\/div>\n\nOm er voor zijn rollen zo goed mogelijk uit te zien, moest Bruce ook zware training doen. <strong>Naast vele uren cardio, onderging hij ook<\/strong> <strong>krachttraining<\/strong>.\nHij nam regelmatig oefeningen op, zoals bijvoorbeeld de Bulgaarse Squat of de Single Leg Deadlift. Met name moest hij veel moeite doen om zich voor te bereiden op de laatste Die Hard film. Omdat hij iets ouder was, vond Willis het des te uitdagender om te <strong>kunnen concurreren met de jongere acteurs<\/strong>. Hij was niet zozeer bezig met de esthetische kant van de training. Het belangrijkste voor hem was om <strong>voldoende spieren<\/strong> te hebben om zijn botten te beschermen tijdens actiesc\u00e8nes en stunts.\nOp deze manier kon hij <strong>het risico op blessures<\/strong> tijdens het filmen <strong>minimaliseren<\/strong>. Hoewel Bruce het meeste uit zijn training kan halen, geeft hij toe dat hij er meestal niet echt van geniet om te sporten. <\/p>\n<div style=\"height:20px\" aria-hidden=\"true\" class=\"wp-block-spacer\"><\/div>\n<div class=\"wp-block-image\"><figure class=\"aligncenter size-large is-resized\"><img loading=\"lazy\" decoding=\"async\" src=\"https:\/\/gymbeam.nl\/blog\/wp-content\/uploads\/2021\/08\/1200px-Bruce_Willis_4840565824-1124x749.jpg\" alt=\"Bruce Willis\" class=\"wp-image-408801\" width=\"843\" height=\"562\" title=\"Bruce Willis heeft ook een 'Golden Raspberry' anti-prijs gewonnen voor 'Armageddon'\" srcset=\"https:\/\/gymbeam.com\/blog\/wp-content\/uploads\/2021\/08\/1200px-Bruce_Willis_4840565824-1124x749.jpg 1124w, https:\/\/gymbeam.com\/blog\/wp-content\/uploads\/2021\/08\/1200px-Bruce_Willis_4840565824-400x267.jpg 400w, https:\/\/gymbeam.com\/blog\/wp-content\/uploads\/2021\/08\/1200px-Bruce_Willis_4840565824.jpg 1200w\" sizes=\"auto, (max-width: 843px) 100vw, 843px\" \/> <figcaption>Auteur van de foto: Gage Skidmore<br>https:\/\/commons.wikimedia.org\/wiki\/File:Bruce_Willis_(4840565824).jpg<\/figcaption><\/figure><\/div>\n<h2><span class=\"ez-toc-section\" id=\"Andere_facetten_van_Bruce_Willis\"><\/span>Andere facetten van Bruce Willis<span class=\"ez-toc-section-end\"><\/span><\/h2>\n<p>Bruce Willis is echter niet alleen een acteur en producent. Hij wilde ook zijn stempel drukken in de muziekwereld, dus hij begon <strong>met zingen.<\/strong> <strong>Hij bracht zelfs twee studioalbums uit<\/strong>, die in hun tijd behoorlijk wat fans hadden. Ik ben er zeker van dat u ook ge\u00efnteresseerd bent in het <strong>gezinsleven van Bruce Willis<\/strong>. Hij trouwde met actrice <strong>Demi Moore in 1987 en samen kregen ze drie dochters<\/strong>. <strong>samen<\/strong>.<\/p>\nMaar ze scheidden in 2000. Negen jaar later trouwde Bruce opnieuw, dit keer met model <strong>Emma Heming, met wie hij twee dochters heeft.<\/strong><\/p>\n<div style=\"height:20px\" aria-hidden=\"true\" class=\"wp-block-spacer\"><\/div>\n<p>Hoewel Bruce Willis in 2021 66 jaar is, <strong>is hij zeker niet van plan zijn acteercarri\u00e8re te be\u00ebindigen<\/strong>. Dus we kunnen uitkijken naar de films waarmee hij ons zal verrassen.<\/p>\n<div style=\"height:20px\" aria-hidden=\"true\" class=\"wp-block-spacer\"><\/div>\n<p>Als er onder uw vrienden fans zijn van Bruce Willis en actiefilms, deel dit artikel dan zeker met hen. Misschien kunnen zij ook nieuwe informatie over deze acteur ontdekken.&nbsp;<\/p>\n<div class=\"wp-block-group\"><div class=\"wp-block-columns\"><div class=\"wp-block-column\"><\/div>\n<div class=\"wp-block-column\"><\/div>\n<\/div>\n<\/div>\n","protected":false},"excerpt":{"rendered":"<p>Bruce Willis is bekend bij de meeste mensen vanwege zijn rol in <em>Die Hard<\/em>, <em>Armageddon<\/em> of <em>Pulp Fiction<\/em>. Maar weinig mensen weten dat hij bijna doof is aan \u00e9\u00e9n oor en dat hij niet veel van sport houdt. Ontdek andere feiten over zijn leven.<\/p>\n","protected":false},"author":100,"featured_media":758991,"comment_status":"open","ping_status":"closed","sticky":false,"template":"","format":"standard","meta":{"_acf_changed":false,"_editorskit_title_hidden":false,"_editorskit_reading_time":0,"_editorskit_is_block_options_detached":false,"_editorskit_block_options_position":"{}","footnotes":""},"categories":[14085],"tags":[14049,14052],"filter_section":[],"filter_attribute":[],"class_list":{"0":"post-754926","1":"post","2":"type-post","3":"status-publish","4":"format-standard","5":"has-post-thumbnail","7":"category-personalities-inspiration-nl","8":"tag-strength-workout-nl","9":"tag-workout-nl","10":"h-entry","11":"hentry"},"acf":[],"yoast_head":"<!-- This site is optimized with the Yoast SEO plugin v24.4 - https:\/\/yoast.com\/wordpress\/plugins\/seo\/ -->\n<title>Bruce Willis: De Actieheld Die Bijna Doof Werden Tijdens het Filmen van &#039;Die Hard&#039;. - GymBeam Blog<\/title>\n<meta name=\"description\" content=\"Bruce Willis is een actieheld die veel prijzen heeft gewonnen. Ontdek wat er tijdens de opnames van Die Hard is gebeurd en hoe zijn zangcarri\u00e8re is verlopen.\" \/>\n<meta name=\"robots\" content=\"index, follow, max-snippet:-1, max-image-preview:large, max-video-preview:-1\" \/>\n<link rel=\"canonical\" href=\"https:\/\/gymbeam.com\/blog\/bruce-willis-the-action-movie-hero-who-almost-went-deaf-shooting-die-hard\/\" \/>\n<meta property=\"og:type\" content=\"article\" \/>\n<meta property=\"og:title\" content=\"Bruce Willis: De Actieheld Die Bijna Doof Werden Tijdens het Filmen van &#039;Die Hard&#039;. - GymBeam Blog\" \/>\n<meta property=\"og:description\" content=\"Bruce Willis is een actieheld die veel prijzen heeft gewonnen. Ontdek wat er tijdens de opnames van Die Hard is gebeurd en hoe zijn zangcarri\u00e8re is verlopen.\" \/>\n<meta property=\"og:url\" content=\"https:\/\/gymbeam.nl\/blog\/bruce-willis-the-action-movie-hero-who-almost-went-deaf-shooting-die-hard\/\" \/>\n<meta property=\"og:site_name\" content=\"GymBeam Blog\" \/>\n<meta property=\"article:published_time\" content=\"2021-08-10T13:02:04+00:00\" \/>\n<meta property=\"article:modified_time\" content=\"2026-04-13T08:07:37+00:00\" \/>\n<meta property=\"og:image\" content=\"https:\/\/gymbeam.com\/blog\/wp-content\/uploads\/2021\/08\/1200-x-628-9-1.png\" \/>\n\t<meta property=\"og:image:width\" content=\"1200\" \/>\n\t<meta property=\"og:image:height\" content=\"628\" \/>\n\t<meta property=\"og:image:type\" content=\"image\/png\" \/>\n<meta name=\"author\" content=\"Simona Svobodov\u00e1\" \/>\n<meta name=\"twitter:card\" content=\"summary_large_image\" \/>\n<meta name=\"twitter:label1\" content=\"Written by\" \/>\n\t<meta name=\"twitter:data1\" content=\"Simona Svobodov\u00e1\" \/>\n\t<meta name=\"twitter:label2\" content=\"Estimated reading time\" \/>\n\t<meta name=\"twitter:data2\" content=\"4 minutes\" \/>\n<script type=\"application\/ld+json\" class=\"yoast-schema-graph\">{\"@context\":\"https:\/\/schema.org\",\"@graph\":[{\"@type\":\"Article\",\"@id\":\"https:\/\/gymbeam.nl\/blog\/bruce-willis-the-action-movie-hero-who-almost-went-deaf-shooting-die-hard\/#article\",\"isPartOf\":{\"@id\":\"https:\/\/gymbeam.nl\/blog\/bruce-willis-the-action-movie-hero-who-almost-went-deaf-shooting-die-hard\/\"},\"author\":{\"name\":\"Simona Svobodov\u00e1\",\"@id\":\"https:\/\/gymbeam.com\/blog\/#\/schema\/person\/680bf44f1718322327563d45611c3dda\"},\"headline\":\"Bruce Willis: De Actieheld Die Bijna Doof Werden Tijdens het Filmen van &#8216;Die Hard&#8217;.\",\"datePublished\":\"2021-08-10T13:02:04+00:00\",\"dateModified\":\"2026-04-13T08:07:37+00:00\",\"mainEntityOfPage\":{\"@id\":\"https:\/\/gymbeam.nl\/blog\/bruce-willis-the-action-movie-hero-who-almost-went-deaf-shooting-die-hard\/\"},\"wordCount\":768,\"commentCount\":0,\"publisher\":{\"@id\":\"https:\/\/gymbeam.com\/blog\/#organization\"},\"image\":{\"@id\":\"https:\/\/gymbeam.nl\/blog\/bruce-willis-the-action-movie-hero-who-almost-went-deaf-shooting-die-hard\/#primaryimage\"},\"thumbnailUrl\":\"https:\/\/gymbeam.com\/blog\/wp-content\/uploads\/2021\/08\/1200-x-628-9-1.png\",\"keywords\":[\"strength workout\",\"workout\"],\"articleSection\":[\"Personalities & Inspiration\"],\"inLanguage\":\"en-GB\",\"potentialAction\":[{\"@type\":\"CommentAction\",\"name\":\"Comment\",\"target\":[\"https:\/\/gymbeam.nl\/blog\/bruce-willis-the-action-movie-hero-who-almost-went-deaf-shooting-die-hard\/#respond\"]}]},{\"@type\":\"WebPage\",\"@id\":\"https:\/\/gymbeam.nl\/blog\/bruce-willis-the-action-movie-hero-who-almost-went-deaf-shooting-die-hard\/\",\"url\":\"https:\/\/gymbeam.nl\/blog\/bruce-willis-the-action-movie-hero-who-almost-went-deaf-shooting-die-hard\/\",\"name\":\"Bruce Willis: De Actieheld Die Bijna Doof Werden Tijdens het Filmen van 'Die Hard'. - GymBeam Blog\",\"isPartOf\":{\"@id\":\"https:\/\/gymbeam.com\/blog\/#website\"},\"primaryImageOfPage\":{\"@id\":\"https:\/\/gymbeam.nl\/blog\/bruce-willis-the-action-movie-hero-who-almost-went-deaf-shooting-die-hard\/#primaryimage\"},\"image\":{\"@id\":\"https:\/\/gymbeam.nl\/blog\/bruce-willis-the-action-movie-hero-who-almost-went-deaf-shooting-die-hard\/#primaryimage\"},\"thumbnailUrl\":\"https:\/\/gymbeam.com\/blog\/wp-content\/uploads\/2021\/08\/1200-x-628-9-1.png\",\"datePublished\":\"2021-08-10T13:02:04+00:00\",\"dateModified\":\"2026-04-13T08:07:37+00:00\",\"description\":\"Bruce Willis is een actieheld die veel prijzen heeft gewonnen. Ontdek wat er tijdens de opnames van Die Hard is gebeurd en hoe zijn zangcarri\u00e8re is verlopen.\",\"breadcrumb\":{\"@id\":\"https:\/\/gymbeam.nl\/blog\/bruce-willis-the-action-movie-hero-who-almost-went-deaf-shooting-die-hard\/#breadcrumb\"},\"inLanguage\":\"en-GB\",\"potentialAction\":[{\"@type\":\"ReadAction\",\"target\":[\"https:\/\/gymbeam.nl\/blog\/bruce-willis-the-action-movie-hero-who-almost-went-deaf-shooting-die-hard\/\"]}]},{\"@type\":\"ImageObject\",\"inLanguage\":\"en-GB\",\"@id\":\"https:\/\/gymbeam.nl\/blog\/bruce-willis-the-action-movie-hero-who-almost-went-deaf-shooting-die-hard\/#primaryimage\",\"url\":\"https:\/\/gymbeam.com\/blog\/wp-content\/uploads\/2021\/08\/1200-x-628-9-1.png\",\"contentUrl\":\"https:\/\/gymbeam.com\/blog\/wp-content\/uploads\/2021\/08\/1200-x-628-9-1.png\",\"width\":1200,\"height\":628,\"caption\":\"Bruce Willis\"},{\"@type\":\"BreadcrumbList\",\"@id\":\"https:\/\/gymbeam.nl\/blog\/bruce-willis-the-action-movie-hero-who-almost-went-deaf-shooting-die-hard\/#breadcrumb\",\"itemListElement\":[{\"@type\":\"ListItem\",\"position\":1,\"name\":\"Home\",\"item\":\"https:\/\/gymbeam.com\/blog\/\"},{\"@type\":\"ListItem\",\"position\":2,\"name\":\"Bruce Willis: De Actieheld Die Bijna Doof Werden Tijdens het Filmen van &#8216;Die Hard&#8217;.\"}]},{\"@type\":\"WebSite\",\"@id\":\"https:\/\/gymbeam.com\/blog\/#website\",\"url\":\"https:\/\/gymbeam.com\/blog\/\",\"name\":\"GymBeam Blog\",\"description\":\"Najnov\u0161ie inform\u00e1cie zo sveta fitness\",\"publisher\":{\"@id\":\"https:\/\/gymbeam.com\/blog\/#organization\"},\"potentialAction\":[{\"@type\":\"SearchAction\",\"target\":{\"@type\":\"EntryPoint\",\"urlTemplate\":\"https:\/\/gymbeam.com\/blog\/?s={search_term_string}\"},\"query-input\":{\"@type\":\"PropertyValueSpecification\",\"valueRequired\":true,\"valueName\":\"search_term_string\"}}],\"inLanguage\":\"en-GB\"},{\"@type\":\"Organization\",\"@id\":\"https:\/\/gymbeam.com\/blog\/#organization\",\"name\":\"GymBeam\",\"url\":\"https:\/\/gymbeam.com\/blog\/\",\"logo\":{\"@type\":\"ImageObject\",\"inLanguage\":\"en-GB\",\"@id\":\"https:\/\/gymbeam.com\/blog\/#\/schema\/logo\/image\/\",\"url\":\"https:\/\/gymbeam.com\/blog\/wp-content\/uploads\/2020\/06\/GymBeam-logo.png\",\"contentUrl\":\"https:\/\/gymbeam.com\/blog\/wp-content\/uploads\/2020\/06\/GymBeam-logo.png\",\"width\":266,\"height\":75,\"caption\":\"GymBeam\"},\"image\":{\"@id\":\"https:\/\/gymbeam.com\/blog\/#\/schema\/logo\/image\/\"}},{\"@type\":\"Person\",\"@id\":\"https:\/\/gymbeam.com\/blog\/#\/schema\/person\/680bf44f1718322327563d45611c3dda\",\"name\":\"Simona Svobodov\u00e1\",\"image\":{\"@type\":\"ImageObject\",\"inLanguage\":\"en-GB\",\"@id\":\"https:\/\/gymbeam.com\/blog\/#\/schema\/person\/image\/\",\"url\":\"https:\/\/gymbeam.com\/blog\/wp-content\/uploads\/2022\/01\/Navrh-bez-nazvu-2022-01-05T140539.508-e1641387956400-96x96.png\",\"contentUrl\":\"https:\/\/gymbeam.com\/blog\/wp-content\/uploads\/2022\/01\/Navrh-bez-nazvu-2022-01-05T140539.508-e1641387956400-96x96.png\",\"caption\":\"Simona Svobodov\u00e1\"},\"description\":\"Simona Svobodov\u00e1 is an expert editor for GymBeam Magazine with experience in sports journalism since 2016. She earned her Master's degree at the Faculty of Social Studies of Masaryk University (one of the leading universities in Central Europe). She expanded her formal education in the field of health with a professional Nutrition Consultant certification from the recognised educational authority, Fitness Institut. Throughout her career, she has gained extensive experience in the editorial offices of the largest national daily newspapers and leading regional sports platforms. In the editorial team, she specialises in weight loss, endurance sports, sleep, and wellbeing. As a qualified journalist, she applies strict analytical standards to her writing. Her texts are built on an Evidence-Based Medicine (EBM) approach and rely exclusively on international meta-analyses, systematic reviews, and peer-reviewed research. She tests her theoretical knowledge in practice through running, cycling, and skiing.\",\"url\":\"https:\/\/gymbeam.com\/blog\/author\/simona-svobodova\/\"}]}<\/script>\n<!-- \/ Yoast SEO plugin. -->","yoast_head_json":{"title":"Bruce Willis: De Actieheld Die Bijna Doof Werden Tijdens het Filmen van 'Die Hard'. - GymBeam Blog","description":"Bruce Willis is een actieheld die veel prijzen heeft gewonnen. Ontdek wat er tijdens de opnames van Die Hard is gebeurd en hoe zijn zangcarri\u00e8re is verlopen.","robots":{"index":"index","follow":"follow","max-snippet":"max-snippet:-1","max-image-preview":"max-image-preview:large","max-video-preview":"max-video-preview:-1"},"canonical":"https:\/\/gymbeam.com\/blog\/bruce-willis-the-action-movie-hero-who-almost-went-deaf-shooting-die-hard\/","og_type":"article","og_title":"Bruce Willis: De Actieheld Die Bijna Doof Werden Tijdens het Filmen van 'Die Hard'. - GymBeam Blog","og_description":"Bruce Willis is een actieheld die veel prijzen heeft gewonnen. Ontdek wat er tijdens de opnames van Die Hard is gebeurd en hoe zijn zangcarri\u00e8re is verlopen.","og_url":"https:\/\/gymbeam.nl\/blog\/bruce-willis-the-action-movie-hero-who-almost-went-deaf-shooting-die-hard\/","og_site_name":"GymBeam Blog","article_published_time":"2021-08-10T13:02:04+00:00","article_modified_time":"2026-04-13T08:07:37+00:00","og_image":[{"width":1200,"height":628,"url":"https:\/\/gymbeam.com\/blog\/wp-content\/uploads\/2021\/08\/1200-x-628-9-1.png","type":"image\/png"}],"author":"Simona Svobodov\u00e1","twitter_card":"summary_large_image","twitter_misc":{"Written by":"Simona Svobodov\u00e1","Estimated reading time":"4 minutes"},"schema":{"@context":"https:\/\/schema.org","@graph":[{"@type":"Article","@id":"https:\/\/gymbeam.nl\/blog\/bruce-willis-the-action-movie-hero-who-almost-went-deaf-shooting-die-hard\/#article","isPartOf":{"@id":"https:\/\/gymbeam.nl\/blog\/bruce-willis-the-action-movie-hero-who-almost-went-deaf-shooting-die-hard\/"},"author":{"name":"Simona Svobodov\u00e1","@id":"https:\/\/gymbeam.com\/blog\/#\/schema\/person\/680bf44f1718322327563d45611c3dda"},"headline":"Bruce Willis: De Actieheld Die Bijna Doof Werden Tijdens het Filmen van &#8216;Die Hard&#8217;.","datePublished":"2021-08-10T13:02:04+00:00","dateModified":"2026-04-13T08:07:37+00:00","mainEntityOfPage":{"@id":"https:\/\/gymbeam.nl\/blog\/bruce-willis-the-action-movie-hero-who-almost-went-deaf-shooting-die-hard\/"},"wordCount":768,"commentCount":0,"publisher":{"@id":"https:\/\/gymbeam.com\/blog\/#organization"},"image":{"@id":"https:\/\/gymbeam.nl\/blog\/bruce-willis-the-action-movie-hero-who-almost-went-deaf-shooting-die-hard\/#primaryimage"},"thumbnailUrl":"https:\/\/gymbeam.com\/blog\/wp-content\/uploads\/2021\/08\/1200-x-628-9-1.png","keywords":["strength workout","workout"],"articleSection":["Personalities & Inspiration"],"inLanguage":"en-GB","potentialAction":[{"@type":"CommentAction","name":"Comment","target":["https:\/\/gymbeam.nl\/blog\/bruce-willis-the-action-movie-hero-who-almost-went-deaf-shooting-die-hard\/#respond"]}]},{"@type":"WebPage","@id":"https:\/\/gymbeam.nl\/blog\/bruce-willis-the-action-movie-hero-who-almost-went-deaf-shooting-die-hard\/","url":"https:\/\/gymbeam.nl\/blog\/bruce-willis-the-action-movie-hero-who-almost-went-deaf-shooting-die-hard\/","name":"Bruce Willis: De Actieheld Die Bijna Doof Werden Tijdens het Filmen van 'Die Hard'. - GymBeam Blog","isPartOf":{"@id":"https:\/\/gymbeam.com\/blog\/#website"},"primaryImageOfPage":{"@id":"https:\/\/gymbeam.nl\/blog\/bruce-willis-the-action-movie-hero-who-almost-went-deaf-shooting-die-hard\/#primaryimage"},"image":{"@id":"https:\/\/gymbeam.nl\/blog\/bruce-willis-the-action-movie-hero-who-almost-went-deaf-shooting-die-hard\/#primaryimage"},"thumbnailUrl":"https:\/\/gymbeam.com\/blog\/wp-content\/uploads\/2021\/08\/1200-x-628-9-1.png","datePublished":"2021-08-10T13:02:04+00:00","dateModified":"2026-04-13T08:07:37+00:00","description":"Bruce Willis is een actieheld die veel prijzen heeft gewonnen. Ontdek wat er tijdens de opnames van Die Hard is gebeurd en hoe zijn zangcarri\u00e8re is verlopen.","breadcrumb":{"@id":"https:\/\/gymbeam.nl\/blog\/bruce-willis-the-action-movie-hero-who-almost-went-deaf-shooting-die-hard\/#breadcrumb"},"inLanguage":"en-GB","potentialAction":[{"@type":"ReadAction","target":["https:\/\/gymbeam.nl\/blog\/bruce-willis-the-action-movie-hero-who-almost-went-deaf-shooting-die-hard\/"]}]},{"@type":"ImageObject","inLanguage":"en-GB","@id":"https:\/\/gymbeam.nl\/blog\/bruce-willis-the-action-movie-hero-who-almost-went-deaf-shooting-die-hard\/#primaryimage","url":"https:\/\/gymbeam.com\/blog\/wp-content\/uploads\/2021\/08\/1200-x-628-9-1.png","contentUrl":"https:\/\/gymbeam.com\/blog\/wp-content\/uploads\/2021\/08\/1200-x-628-9-1.png","width":1200,"height":628,"caption":"Bruce Willis"},{"@type":"BreadcrumbList","@id":"https:\/\/gymbeam.nl\/blog\/bruce-willis-the-action-movie-hero-who-almost-went-deaf-shooting-die-hard\/#breadcrumb","itemListElement":[{"@type":"ListItem","position":1,"name":"Home","item":"https:\/\/gymbeam.com\/blog\/"},{"@type":"ListItem","position":2,"name":"Bruce Willis: De Actieheld Die Bijna Doof Werden Tijdens het Filmen van &#8216;Die Hard&#8217;."}]},{"@type":"WebSite","@id":"https:\/\/gymbeam.com\/blog\/#website","url":"https:\/\/gymbeam.com\/blog\/","name":"GymBeam Blog","description":"Najnov\u0161ie inform\u00e1cie zo sveta fitness","publisher":{"@id":"https:\/\/gymbeam.com\/blog\/#organization"},"potentialAction":[{"@type":"SearchAction","target":{"@type":"EntryPoint","urlTemplate":"https:\/\/gymbeam.com\/blog\/?s={search_term_string}"},"query-input":{"@type":"PropertyValueSpecification","valueRequired":true,"valueName":"search_term_string"}}],"inLanguage":"en-GB"},{"@type":"Organization","@id":"https:\/\/gymbeam.com\/blog\/#organization","name":"GymBeam","url":"https:\/\/gymbeam.com\/blog\/","logo":{"@type":"ImageObject","inLanguage":"en-GB","@id":"https:\/\/gymbeam.com\/blog\/#\/schema\/logo\/image\/","url":"https:\/\/gymbeam.com\/blog\/wp-content\/uploads\/2020\/06\/GymBeam-logo.png","contentUrl":"https:\/\/gymbeam.com\/blog\/wp-content\/uploads\/2020\/06\/GymBeam-logo.png","width":266,"height":75,"caption":"GymBeam"},"image":{"@id":"https:\/\/gymbeam.com\/blog\/#\/schema\/logo\/image\/"}},{"@type":"Person","@id":"https:\/\/gymbeam.com\/blog\/#\/schema\/person\/680bf44f1718322327563d45611c3dda","name":"Simona Svobodov\u00e1","image":{"@type":"ImageObject","inLanguage":"en-GB","@id":"https:\/\/gymbeam.com\/blog\/#\/schema\/person\/image\/","url":"https:\/\/gymbeam.com\/blog\/wp-content\/uploads\/2022\/01\/Navrh-bez-nazvu-2022-01-05T140539.508-e1641387956400-96x96.png","contentUrl":"https:\/\/gymbeam.com\/blog\/wp-content\/uploads\/2022\/01\/Navrh-bez-nazvu-2022-01-05T140539.508-e1641387956400-96x96.png","caption":"Simona Svobodov\u00e1"},"description":"Simona Svobodov\u00e1 is an expert editor for GymBeam Magazine with experience in sports journalism since 2016. She earned her Master's degree at the Faculty of Social Studies of Masaryk University (one of the leading universities in Central Europe). She expanded her formal education in the field of health with a professional Nutrition Consultant certification from the recognised educational authority, Fitness Institut. Throughout her career, she has gained extensive experience in the editorial offices of the largest national daily newspapers and leading regional sports platforms. In the editorial team, she specialises in weight loss, endurance sports, sleep, and wellbeing. As a qualified journalist, she applies strict analytical standards to her writing. Her texts are built on an Evidence-Based Medicine (EBM) approach and rely exclusively on international meta-analyses, systematic reviews, and peer-reviewed research. She tests her theoretical knowledge in practice through running, cycling, and skiing.","url":"https:\/\/gymbeam.com\/blog\/author\/simona-svobodova\/"}]}},"_links":{"self":[{"href":"https:\/\/gymbeam.com\/blog\/wp-json\/wp\/v2\/posts\/754926","targetHints":{"allow":["GET"]}}],"collection":[{"href":"https:\/\/gymbeam.com\/blog\/wp-json\/wp\/v2\/posts"}],"about":[{"href":"https:\/\/gymbeam.com\/blog\/wp-json\/wp\/v2\/types\/post"}],"author":[{"embeddable":true,"href":"https:\/\/gymbeam.com\/blog\/wp-json\/wp\/v2\/users\/100"}],"replies":[{"embeddable":true,"href":"https:\/\/gymbeam.com\/blog\/wp-json\/wp\/v2\/comments?post=754926"}],"version-history":[{"count":1,"href":"https:\/\/gymbeam.com\/blog\/wp-json\/wp\/v2\/posts\/754926\/revisions"}],"predecessor-version":[{"id":758995,"href":"https:\/\/gymbeam.com\/blog\/wp-json\/wp\/v2\/posts\/754926\/revisions\/758995"}],"wp:featuredmedia":[{"embeddable":true,"href":"https:\/\/gymbeam.com\/blog\/wp-json\/wp\/v2\/media\/758991"}],"wp:attachment":[{"href":"https:\/\/gymbeam.com\/blog\/wp-json\/wp\/v2\/media?parent=754926"}],"wp:term":[{"taxonomy":"category","embeddable":true,"href":"https:\/\/gymbeam.com\/blog\/wp-json\/wp\/v2\/categories?post=754926"},{"taxonomy":"post_tag","embeddable":true,"href":"https:\/\/gymbeam.com\/blog\/wp-json\/wp\/v2\/tags?post=754926"},{"taxonomy":"filter_section","embeddable":true,"href":"https:\/\/gymbeam.com\/blog\/wp-json\/wp\/v2\/filter_section?post=754926"},{"taxonomy":"filter_attribute","embeddable":true,"href":"https:\/\/gymbeam.com\/blog\/wp-json\/wp\/v2\/filter_attribute?post=754926"}],"curies":[{"name":"wp","href":"https:\/\/api.w.org\/{rel}","templated":true}]}}