{"id":612120,"date":"2024-09-11T08:32:45","date_gmt":"2024-09-11T06:32:45","guid":{"rendered":"https:\/\/gymbeam.com\/blog\/?p=612120"},"modified":"2024-09-11T08:32:48","modified_gmt":"2024-09-11T06:32:48","slug":"ketogen-dieta-az-igazsag-a-szenhidratok-nelkuli-fogyasrol","status":"publish","type":"post","link":"https:\/\/gymbeam.hu\/blog\/ketogen-dieta-az-igazsag-a-szenhidratok-nelkuli-fogyasrol\/","title":{"rendered":"Ketog\u00e9n \u00e9trend: hogyan befoly\u00e1solja a s\u00falyveszt\u00e9st \u00e9s a sportteljes\u00edtm\u00e9nyt, \u00e9s kinek aj\u00e1nlott a k\u00f6vet\u00e9se?"},"content":{"rendered":"<div id=\"ez-toc-container\" class=\"ez-toc-v2_0_72 ez-toc-wrap-left counter-hierarchy ez-toc-counter ez-toc-custom ez-toc-container-direction\">\n<div class=\"ez-toc-title-container\">\n<p class=\"ez-toc-title\" style=\"cursor:inherit\">Table of Contents<\/p>\n<span class=\"ez-toc-title-toggle\"><\/span><\/div>\n<nav><ul class='ez-toc-list ez-toc-list-level-1 ' ><li class='ez-toc-page-1 ez-toc-heading-level-2'><a class=\"ez-toc-link ez-toc-heading-1\" href=\"https:\/\/gymbeam.hu\/blog\/ketogen-dieta-az-igazsag-a-szenhidratok-nelkuli-fogyasrol\/#Mi_az_a_ketogen_etrend\" title=\"Mi az a ketog\u00e9n \u00e9trend?\">Mi az a ketog\u00e9n \u00e9trend?<\/a><\/li><li class='ez-toc-page-1 ez-toc-heading-level-2'><a class=\"ez-toc-link ez-toc-heading-2\" href=\"https:\/\/gymbeam.hu\/blog\/ketogen-dieta-az-igazsag-a-szenhidratok-nelkuli-fogyasrol\/#Mi_az_a_ketozis\" title=\"Mi az a ket\u00f3zis?\">Mi az a ket\u00f3zis?<\/a><\/li><li class='ez-toc-page-1 ez-toc-heading-level-2'><a class=\"ez-toc-link ez-toc-heading-3\" href=\"https:\/\/gymbeam.hu\/blog\/ketogen-dieta-az-igazsag-a-szenhidratok-nelkuli-fogyasrol\/#Milyen_aranyban_talalhatok_meg_a_makrotapanyagok_a_ketogen_etrendben\" title=\"Milyen ar\u00e1nyban tal\u00e1lhat\u00f3k meg a makrot\u00e1panyagok a ketog\u00e9n \u00e9trendben?\">Milyen ar\u00e1nyban tal\u00e1lhat\u00f3k meg a makrot\u00e1panyagok a ketog\u00e9n \u00e9trendben?<\/a><\/li><li class='ez-toc-page-1 ez-toc-heading-level-2'><a class=\"ez-toc-link ez-toc-heading-4\" href=\"https:\/\/gymbeam.hu\/blog\/ketogen-dieta-az-igazsag-a-szenhidratok-nelkuli-fogyasrol\/#Hogyan_epul_fel_a_sulyvesztes_celjaval_alkalmazott_ketogen_etrend\" title=\"Hogyan \u00e9p\u00fcl fel a s\u00falyveszt\u00e9s c\u00e9lj\u00e1val alkalmazott ketog\u00e9n \u00e9trend?\">Hogyan \u00e9p\u00fcl fel a s\u00falyveszt\u00e9s c\u00e9lj\u00e1val alkalmazott ketog\u00e9n \u00e9trend?<\/a><\/li><li class='ez-toc-page-1 ez-toc-heading-level-2'><a class=\"ez-toc-link ez-toc-heading-5\" href=\"https:\/\/gymbeam.hu\/blog\/ketogen-dieta-az-igazsag-a-szenhidratok-nelkuli-fogyasrol\/#Hogyan_tamogatja_a_keto_dieta_a_fogyast\" title=\"Hogyan t\u00e1mogatja a keto di\u00e9ta a fogy\u00e1st?\">Hogyan t\u00e1mogatja a keto di\u00e9ta a fogy\u00e1st?<\/a><\/li><li class='ez-toc-page-1 ez-toc-heading-level-2'><a class=\"ez-toc-link ez-toc-heading-6\" href=\"https:\/\/gymbeam.hu\/blog\/ketogen-dieta-az-igazsag-a-szenhidratok-nelkuli-fogyasrol\/#A_ketogen_etrend_tipusai\" title=\"A ketog\u00e9n \u00e9trend t\u00edpusai\">A ketog\u00e9n \u00e9trend t\u00edpusai<\/a><\/li><li class='ez-toc-page-1 ez-toc-heading-level-2'><a class=\"ez-toc-link ez-toc-heading-7\" href=\"https:\/\/gymbeam.hu\/blog\/ketogen-dieta-az-igazsag-a-szenhidratok-nelkuli-fogyasrol\/#A_keto_dieta_elonyei\" title=\"A keto di\u00e9ta el\u0151nyei:\">A keto di\u00e9ta el\u0151nyei:<\/a><\/li><li class='ez-toc-page-1 ez-toc-heading-level-2'><a class=\"ez-toc-link ez-toc-heading-8\" href=\"https:\/\/gymbeam.hu\/blog\/ketogen-dieta-az-igazsag-a-szenhidratok-nelkuli-fogyasrol\/#A_ketogen_etrend_es_a_sportteljesitmeny\" title=\"A ketog\u00e9n \u00e9trend \u00e9s a sportteljes\u00edtm\u00e9ny\">A ketog\u00e9n \u00e9trend \u00e9s a sportteljes\u00edtm\u00e9ny<\/a><\/li><li class='ez-toc-page-1 ez-toc-heading-level-2'><a class=\"ez-toc-link ez-toc-heading-9\" href=\"https:\/\/gymbeam.hu\/blog\/ketogen-dieta-az-igazsag-a-szenhidratok-nelkuli-fogyasrol\/#A_keto_dieta_kockazatai\" title=\"A keto di\u00e9ta kock\u00e1zatai\">A keto di\u00e9ta kock\u00e1zatai<\/a><\/li><li class='ez-toc-page-1 ez-toc-heading-level-2'><a class=\"ez-toc-link ez-toc-heading-10\" href=\"https:\/\/gymbeam.hu\/blog\/ketogen-dieta-az-igazsag-a-szenhidratok-nelkuli-fogyasrol\/#Kinek_nem_ajanlott_a_keto_dieta\" title=\"Kinek nem aj\u00e1nlott a keto di\u00e9ta?\">Kinek nem aj\u00e1nlott a keto di\u00e9ta?<\/a><\/li><li class='ez-toc-page-1 ez-toc-heading-level-2'><a class=\"ez-toc-link ez-toc-heading-11\" href=\"https:\/\/gymbeam.hu\/blog\/ketogen-dieta-az-igazsag-a-szenhidratok-nelkuli-fogyasrol\/#Kinek_ajanlott_a_keto_dieta\" title=\"Kinek aj\u00e1nlott a keto di\u00e9ta?\">Kinek aj\u00e1nlott a keto di\u00e9ta?<\/a><\/li><li class='ez-toc-page-1 ez-toc-heading-level-2'><a class=\"ez-toc-link ez-toc-heading-12\" href=\"https:\/\/gymbeam.hu\/blog\/ketogen-dieta-az-igazsag-a-szenhidratok-nelkuli-fogyasrol\/#Egeszseges_a_keto_dieta\" title=\"Eg\u00e9szs\u00e9ges a keto di\u00e9ta?\">Eg\u00e9szs\u00e9ges a keto di\u00e9ta?<\/a><\/li><li class='ez-toc-page-1 ez-toc-heading-level-2'><a class=\"ez-toc-link ez-toc-heading-13\" href=\"https:\/\/gymbeam.hu\/blog\/ketogen-dieta-az-igazsag-a-szenhidratok-nelkuli-fogyasrol\/#Hogyan_kell_belevagni_a_keto_dietaba\" title=\"Hogyan kell belev\u00e1gni a keto di\u00e9t\u00e1ba?\">Hogyan kell belev\u00e1gni a keto di\u00e9t\u00e1ba?<\/a><\/li><li class='ez-toc-page-1 ez-toc-heading-level-2'><a class=\"ez-toc-link ez-toc-heading-14\" href=\"https:\/\/gymbeam.hu\/blog\/ketogen-dieta-az-igazsag-a-szenhidratok-nelkuli-fogyasrol\/#Milyen_elelmiszerek_fogyaszthatok_a_keto_dieta_reszekent\" title=\"Milyen \u00e9lelmiszerek fogyaszthat\u00f3k a keto di\u00e9ta r\u00e9szek\u00e9nt?\">Milyen \u00e9lelmiszerek fogyaszthat\u00f3k a keto di\u00e9ta r\u00e9szek\u00e9nt?<\/a><\/li><li class='ez-toc-page-1 ez-toc-heading-level-2'><a class=\"ez-toc-link ez-toc-heading-15\" href=\"https:\/\/gymbeam.hu\/blog\/ketogen-dieta-az-igazsag-a-szenhidratok-nelkuli-fogyasrol\/#Mely_elelmiszerek_nem_fogyaszthatok_keto_dieta_idejen\" title=\"Mely \u00e9lelmiszerek nem fogyaszthat\u00f3k keto di\u00e9ta idej\u00e9n?\">Mely \u00e9lelmiszerek nem fogyaszthat\u00f3k keto di\u00e9ta idej\u00e9n?<\/a><\/li><li class='ez-toc-page-1 ez-toc-heading-level-2'><a class=\"ez-toc-link ez-toc-heading-16\" href=\"https:\/\/gymbeam.hu\/blog\/ketogen-dieta-az-igazsag-a-szenhidratok-nelkuli-fogyasrol\/#Minta_keto_etrend_nok_szamara\" title=\"Minta keto \u00e9trend n\u0151k sz\u00e1m\u00e1ra\">Minta keto \u00e9trend n\u0151k sz\u00e1m\u00e1ra<\/a><\/li><li class='ez-toc-page-1 ez-toc-heading-level-2'><a class=\"ez-toc-link ez-toc-heading-17\" href=\"https:\/\/gymbeam.hu\/blog\/ketogen-dieta-az-igazsag-a-szenhidratok-nelkuli-fogyasrol\/#Minta_keto_etrend_ferfiak_szamara\" title=\"Minta keto \u00e9trend f\u00e9rfiak sz\u00e1m\u00e1ra\">Minta keto \u00e9trend f\u00e9rfiak sz\u00e1m\u00e1ra<\/a><\/li><li class='ez-toc-page-1 ez-toc-heading-level-2'><a class=\"ez-toc-link ez-toc-heading-18\" href=\"https:\/\/gymbeam.hu\/blog\/ketogen-dieta-az-igazsag-a-szenhidratok-nelkuli-fogyasrol\/#Milyen_etrend-kiegeszitok_szedhetok_keto_dieta_idejen\" title=\"Milyen \u00e9trend-kieg\u00e9sz\u00edt\u0151k szedhet\u0151k keto di\u00e9ta idej\u00e9n?\">Milyen \u00e9trend-kieg\u00e9sz\u00edt\u0151k szedhet\u0151k keto di\u00e9ta idej\u00e9n?<\/a><\/li><li class='ez-toc-page-1 ez-toc-heading-level-2'><a class=\"ez-toc-link ez-toc-heading-19\" href=\"https:\/\/gymbeam.hu\/blog\/ketogen-dieta-az-igazsag-a-szenhidratok-nelkuli-fogyasrol\/#Mit_erdemes_megjegyezned\" title=\"Mit \u00e9rdemes megjegyezned?\">Mit \u00e9rdemes megjegyezned?<\/a><\/li><\/ul><\/nav><\/div>\n\n<p>A ketog\u00e9n \u00e9trend a fitnesz vil\u00e1g\u00e1nak egyik alapja, amely fokozatosan lett egyre n\u00e9pszer\u0171bb, mint olyan elj\u00e1r\u00e1s, amelynek r\u00e9v\u00e9n <strong>gyorsan<\/strong> \u00e9s <strong>hat\u00e9konyan<\/strong> szabadulhatunk meg a felesleges kil\u00f3kt\u00f3l. Ezt a jellemz\u0151en <strong>alacsony sz\u00e9nhidr\u00e1ttartalm\u00fa<\/strong> \u00e9trendet szokatlanul <strong>magas zs\u00edrtartalom<\/strong> jellemzi, ami garant\u00e1ltan szimpatikus lesz a szalonna szerelmeseinek. A j\u00f3t\u00e9kony eg\u00e9szs\u00e9g\u00fcgyi hat\u00e1sair\u00f3l is folynak besz\u00e9lget\u00e9sek, \u00e9s arr\u00f3l is, hogy mennyire j\u00f3, ha a szervezet a <strong>ket\u00f3zis<\/strong> \u00e1llapot\u00e1ba ker\u00fcl.<\/p>\n\n\n\n<div style=\"height:20px\" aria-hidden=\"true\" class=\"wp-block-spacer\"><\/div>\n\n\n\n<p>Ha kutat\u00e1sba kezdesz, hogy t\u00f6bbet tudj meg err\u0151l az ev\u00e9sm\u00f3dr\u00f3l, meglephet, hogy ezt az \u00e9trended a <strong>gy\u00f3gy\u00e1szat vil\u00e1g\u00e1ban<\/strong> is elismerik. Els\u0151k\u00e9nt neurol\u00f3gusok kezdt\u00e9k alkalmazni, majd p\u00e1r \u00e9vtized eltelt\u00e9vel keltette fel a fogyni v\u00e1gy\u00f3k figyelm\u00e9t. Vajon a ketog\u00e9n \u00e9trend a legjobb \u00e9s leghat\u00e9konyabb m\u00f3dja a nemk\u00edv\u00e1natos kil\u00f3k lead\u00e1s\u00e1nak? \u00c9s vannak m\u00e1s j\u00f3t\u00e9kony hat\u00e1sai?<\/p>\n\n\n\n<div style=\"height:20px\" aria-hidden=\"true\" class=\"wp-block-spacer\"><\/div>\n\n\n\n<h2 class=\"wp-block-heading\"><span class=\"ez-toc-section\" id=\"Mi_az_a_ketogen_etrend\"><\/span>Mi az a ketog\u00e9n \u00e9trend?<span class=\"ez-toc-section-end\"><\/span><\/h2>\n\n\n\n<p>Manaps\u00e1g neh\u00e9z olyat tal\u00e1lni, aki ne hallott volna a ketog\u00e9n \u00e9trendr\u0151l. Ez a n\u00e9pszer\u0171 \u00e9trend jelent\u0151sen <strong>korl\u00e1tozza a sz\u00e9nhidr\u00e1tbevitelt,<\/strong> \u00e9s <strong>nagyon magas zs\u00edrtartalmat<\/strong> \u00edr el\u0151. C\u00e9lja, hogy a szervezetet a <strong>ket\u00f3zis<\/strong> \u00e1llapot\u00e1ba juttassa el, amelyben az <strong>ketonokat<\/strong> termel, hogy azt\u00e1n <strong>cukor (gl\u00fck\u00f3z) helyett energiaforr\u00e1sk\u00e9nt hasznos\u00edtsa \u0151ket.<\/strong><\/p>\n\n\n\n<div style=\"height:20px\" aria-hidden=\"true\" class=\"wp-block-spacer\"><\/div>\n\n\n\n<p>A ketog\u00e9n \u00e9trend legszigor\u00fabb form\u00e1j\u00e1ban a kal\u00f3riabevitel ak\u00e1r <strong>90%-a<\/strong> is <strong>zs\u00edrokb\u00f3l sz\u00e1rmazhat,<\/strong> mik\u00f6zben a sz\u00e9nhidr\u00e1t \u00e9s a feh\u00e9rje \u00f6sszesen csak k\u00f6r\u00fclbel\u00fcl <strong>5%-\u00e1t teszi ki az \u00f6sszes kal\u00f3ri\u00e1nak.<\/strong> Irre\u00e1lis \u00e9trendfel\u00e9p\u00edt\u00e9snek t\u0171nik? Ennek az az oka, hogy eredetileg az eredend\u0151en eg\u00e9szs\u00e9ges n\u00e9pess\u00e9g sz\u00e1m\u00e1ra tervezt\u00e9k, hat\u00e1rozottan nem fogy\u00e1si c\u00e9llal.<\/p>\n\n\n\n<div style=\"height:20px\" aria-hidden=\"true\" class=\"wp-block-spacer\"><\/div>\n\n\n\n<p>A ketog\u00e9n \u00e9trendet <strong>ter\u00e1pi\u00e1s megk\u00f6zel\u00edt\u00e9ssel<\/strong> alak\u00edtott\u00e1k ki, k\u00fcl\u00f6nf\u00e9le betegs\u00e9gek kezel\u00e9s\u00e9re. Haszn\u00e1lj\u00e1k p\u00e9ld\u00e1ul <strong>anyagcserezavarok<\/strong> eset\u00e9ben, amikor egyes enzimek nem m\u0171k\u00f6dnek megfelel\u0151en. Az \u00e9trend m\u00e9g nagyobb ismerts\u00e9gnek \u00f6rvend a <strong>gyermekkori epilepszia<\/strong> kapcs\u00e1n, amikor <strong>a gy\u00f3gyszeres kezel\u00e9s nem hoz eredm\u00e9nyt.<\/strong> Az orvosok m\u00e1r 1921-ben elkezdt\u00e9k a ketog\u00e9n \u00e9trend alkalmaz\u00e1s\u00e1t, hogy enyh\u00edts\u00e9k a fiatal p\u00e1ciensek epilepszi\u00e1s rohamait. Azonban ahogy egyre nagyobb h\u00edrn\u00e9vre tett szert a fogy\u00e1s t\u00e1mogat\u00e1s\u00e1ban, az 1970-es \u00e9vek k\u00f6r\u00fcl test\u00e9p\u00edt\u0151k \u00e9s m\u00e1s sportol\u00f3k kezdtek k\u00eds\u00e9rletezni vele, hogy a test\u00fck a ket\u00f3zis \u00e1llapot\u00e1ba ker\u00fclj\u00f6n, \u00e9s a lehet\u0151 legsz\u00e1lk\u00e1sabb \u00e9s fittebb fizikumot \u00e9rhess\u00e9k el. <sup>[3,13]<\/sup><\/p>\n\n\n\n<figure class=\"wp-block-image size-large\"><img loading=\"lazy\" decoding=\"async\" width=\"1124\" height=\"749\" src=\"https:\/\/gymbeam.sk\/blog\/wp-content\/uploads\/2024\/08\/iStock-1185255687-1124x749.jpg\" alt=\"Mi az a ketog\u00e9n \u00e9trend?\" class=\"wp-image-608614\" title=\"Mi az a ketog\u00e9n \u00e9trend?\" srcset=\"https:\/\/gymbeam.com\/blog\/wp-content\/uploads\/2024\/08\/iStock-1185255687-1124x749.jpg 1124w, https:\/\/gymbeam.com\/blog\/wp-content\/uploads\/2024\/08\/iStock-1185255687-400x267.jpg 400w, https:\/\/gymbeam.com\/blog\/wp-content\/uploads\/2024\/08\/iStock-1185255687-1536x1024.jpg 1536w, https:\/\/gymbeam.com\/blog\/wp-content\/uploads\/2024\/08\/iStock-1185255687-2048x1365.jpg 2048w\" sizes=\"auto, (max-width: 1124px) 100vw, 1124px\" \/><\/figure>\n\n\n\n<h2 class=\"wp-block-heading\"><span class=\"ez-toc-section\" id=\"Mi_az_a_ketozis\"><\/span>Mi az a ket\u00f3zis?<span class=\"ez-toc-section-end\"><\/span><\/h2>\n\n\n\n<p>A ketog\u00e9n \u00e9trend f\u0151 c\u00e9lja, hogy <strong>megv\u00e1ltoztassa az anyagcser\u00e9t,<\/strong> \u00e9s r\u00e1k\u00e9nyszer\u00edtse a szervezetet, hogy <strong>sz\u00e9nhidr\u00e1tok helyett zs\u00edrb\u00f3l nyerjen energi\u00e1t.<\/strong> Ez akkor lehets\u00e9ges, ha a szervezet a <strong>ket\u00f3zis<\/strong> \u00e1llapot\u00e1ba ker\u00fcl.<\/p>\n\n\n\n<div style=\"height:20px\" aria-hidden=\"true\" class=\"wp-block-spacer\"><\/div>\n\n\n\n<p>De hogyan lehets\u00e9ges ilyen v\u00e1ltoz\u00e1st el\u00e9rni? K\u00f6ztudott, hogy a szervezet\u00fcnket a <strong>gl\u00fck\u00f3z<\/strong> hajtja, amelyb\u0151l csak az agyunk naponta <strong>150 grammnyit<\/strong> haszn\u00e1l fel. A ket\u00f3zisra gondolhatsz \u00fagy, mint egy <strong>evol\u00faci\u00f3s k\u00e9szenl\u00e9ti mechanizmusra, amely v\u00e1ls\u00e1gos esetekben kapcsol be,<\/strong> hogy a szervezet <strong>fenntarthassa m\u0171k\u00f6d\u00e9s\u00e9t.<\/strong> Ha drasztikusan cs\u00f6kkentj\u00fck a sz\u00e9nhidr\u00e1tbevitelt, a szervezetet megfosztjuk <strong>els\u0151dleges energiaforr\u00e1s\u00e1t\u00f3l,<\/strong> amely norm\u00e1l esetben a legt\u00f6bb sejtet hajtja. A szervezetnek ekkor alternat\u00edv energiatermel\u00e9si elj\u00e1r\u00e1sokhoz kell fordulnia, \u00e9s <strong>m\u00e1sf\u00e9le \u00fczemanyagot<\/strong> el\u0151\u00e1ll\u00edtania. Itt l\u00e9pnek be a <strong>ketonvegy\u00fcletek<\/strong> (aceton, b\u00e9ta-hidroxibutir\u00e1t, acetoacet\u00e1t) a t\u00e1ncba. Ezek a ketonok zs\u00edrokb\u00f3l, els\u0151sorban zs\u00edrsavakb\u00f3l keletkeznek a m\u00e1jban. Ennek eredm\u00e9nyek\u00e9ppen a szervezet a <strong>t\u00e1pl\u00e1lkoz\u00e1si ket\u00f3zis<\/strong> \u00e1llapot\u00e1ba ker\u00fcl, amelyben a ketonok v\u00e1lnak a let\u00f6bb szerv\u00fcnk legfontosabb energiaforr\u00e1s\u00e1v\u00e1. Az <strong>izmok,<\/strong> a <strong>sz\u00edv<\/strong> \u00e9s m\u00e9g az <strong>agy<\/strong> is \u2013 amely norm\u00e1l k\u00f6r\u00fclm\u00e9nyek k\u00f6z\u00f6tt kiz\u00e1r\u00f3lag a gl\u00fck\u00f3zt hasznos\u00edtja \u2013 k\u00e9pes ketonokat hasznos\u00edtani energiak\u00e9nt. A szervezet a ket\u00f3zis sor\u00e1n is haszn\u00e1l fel gl\u00fck\u00f3zt energiaforr\u00e1sk\u00e9nt, de minim\u00e1lis mennyis\u00e9gben \u00e1ll\u00edtja csak el\u0151 a gl\u00fckoneogenezis folyamata sor\u00e1n, amikor m\u00e1s anyagokb\u00f3l gl\u00fck\u00f3z keletkezik. Ez a gl\u00fck\u00f3z azonban minim\u00e1lis a ketonokb\u00f3l nyert energi\u00e1hoz k\u00e9pest.&nbsp;<sup>[5]<\/sup><\/p>\n\n\n\n<div style=\"height:20px\" aria-hidden=\"true\" class=\"wp-block-spacer\"><\/div>\n\n\n\n<h3 class=\"wp-block-heading\">Miben k\u00fcl\u00f6nb\u00f6zik a t\u00e1pl\u00e1lkoz\u00e1si ket\u00f3zis a diab\u00e9teszes ketoacid\u00f3zist\u00f3l?<\/h3>\n\n\n\n<p>Els\u0151 l\u00e1t\u00e1sra a k\u00e9t kifejez\u00e9s nagyon hasonl\u00f3nak t\u0171nhet, de teljesen elt\u00e9r\u0151 \u00e1llapotokra utalnak. A t\u00e1pl\u00e1lkoz\u00e1si ket\u00f3zis sor\u00e1n a szervezet <strong>gl\u00fck\u00f3zalap\u00fa anyagcser\u00e9r\u0151l \u00e1ll \u00e1t zs\u00edralap\u00fara,<\/strong> ahogy fentebb le\u00edrtuk. Ez az anyagcsere-\u00e1llapot gyakran sz\u00e1nd\u00e9kos, \u00e9s a ketonvegy\u00fcletek a szervezet sz\u00e1m\u00e1ra biztons\u00e1gos mennyis\u00e9gben termel\u0151dnek.<\/p>\n\n\n\n<div style=\"height:20px\" aria-hidden=\"true\" class=\"wp-block-spacer\"><\/div>\n\n\n\n<p>A <strong>diab\u00e9teszes ketoacid\u00f3zis<\/strong> azonban s\u00falyos komplik\u00e1ci\u00f3, amely <strong>rosszul kezelt,<\/strong> els\u0151sorban <strong>1-es,<\/strong> de n\u00e9ha <strong>2-es t\u00edpus\u00fa cukorbetegs\u00e9g<\/strong> (1-es \u00e9s 2-es t\u00edpus\u00fa diabetes mellitus) eredm\u00e9nyek\u00e9ppen alakul ki. Ebben az \u00e1llapotban az inzulinhi\u00e1ny miatt a gl\u00fck\u00f3z, amire a szervezetnek az energiatermel\u00e9shez van sz\u00fcks\u00e9ge, nem jut el hat\u00e9konyan a sejtekbe. Ehelyett a test <strong>kontroll\u00e1latlan<\/strong> m\u00f3don <strong>t\u00falzott mennyis\u00e9gben termel ketonvegy\u00fcleteket,<\/strong> ami <strong>acid\u00f3zist okozhat a v\u00e9rben.<\/strong> Ez \u00e9letvesz\u00e9lyes helyzet, amely k\u00f3rh\u00e1zi ell\u00e1t\u00e1st k\u00f6vetel meg. Azonban nincs ok agg\u00f3dni \u2013 ez nem olyan \u00e1llapot, amelybe egy alapvet\u0151en eg\u00e9szs\u00e9ges ember ker\u00fclhet, ha ketog\u00e9n \u00e9trendet k\u00f6vet. <sup>[10]<\/sup><\/p>\n\n\n\n<div style=\"height:20px\" aria-hidden=\"true\" class=\"wp-block-spacer\"><\/div>\n\n\n\n<h2 class=\"wp-block-heading\"><span class=\"ez-toc-section\" id=\"Milyen_aranyban_talalhatok_meg_a_makrotapanyagok_a_ketogen_etrendben\"><\/span>Milyen ar\u00e1nyban tal\u00e1lhat\u00f3k meg a makrot\u00e1panyagok a ketog\u00e9n \u00e9trendben?<span class=\"ez-toc-section-end\"><\/span><\/h2>\n\n\n\n<p>Hogy a fent eml\u00edtett ket\u00f3zis el\u00e9rhet\u0151 legyen, az \u00e9trendnek egy f\u0151 felt\u00e9telt kell teljes\u00edtenie: <strong>a makrot\u00e1panyagok helyes ar\u00e1ny\u00e1t.<\/strong> Ahogy eml\u00edtett\u00fck, az eredeti ketog\u00e9n di\u00e9ta, amelyet az epilepszia kezel\u00e9se sor\u00e1n alkalmaztak, nagyon szigor\u00fa. Jellemz\u0151en ak\u00e1r <strong>90%-ban zs\u00edrb\u00f3l<\/strong> \u00e9p\u00fcl fel, \u00e9s mind\u00f6ssze <strong>a kal\u00f3riabevitel 5%-a sz\u00e1rmazik sz\u00e9nhidr\u00e1tb\u00f3l \u00e9s feh\u00e9rj\u00e9b\u0151l.<\/strong> Ez a <strong>szigor\u00fa<\/strong> megk\u00f6t\u00e9s kulcsfontoss\u00e1g\u00fa, mivel az \u00e9trend orvosi kezel\u00e9s r\u00e9sze.<\/p>\n\n\n\n<div style=\"height:20px\" aria-hidden=\"true\" class=\"wp-block-spacer\"><\/div>\n\n\n\n<p>A folyamatot az antibiotikumok alkalmaz\u00e1s\u00e1hoz lehet hasonl\u00edtani \u2013 hogy ezek hat\u00e9konyak legyenek, nem el\u00e9g akkor bevenned \u0151ket, amikor \u00fagy \u00e9rzed; az adagol\u00e1snak rendszeresnek \u00e9s pontosnak kell lennie. Ugyan\u00edgy a ketog\u00e9n \u00e9trendben is <strong>gondosan kisz\u00e1molva, el\u0151re defini\u00e1ltan \u00e9s szem\u00e9lyre szabva kell megjelennie a t\u00e1panyagok napi adagj\u00e1nak.<\/strong> Az, akinek ezt az \u00e9trendet \u00edrj\u00e1k el\u0151 a kezel\u00e9se r\u00e9szek\u00e9nt, <strong>orvosi fel\u00fcgyelet<\/strong> alatt kell maradnia, az \u00e9trendhez pedig gyakran tartoznak k\u00fcl\u00f6nleges, <strong>ter\u00e1pi\u00e1s c\u00e9lra<\/strong> kialak\u00edtott <strong>\u00e9trend-kieg\u00e9sz\u00edt\u0151k<\/strong> \u00e9s \u00e9lelmiszerek, amelyek n\u00e9lk\u00fcl az \u00e9rintettek nem gy\u00f3gyulhatnak.<\/p>\n\n\n\n<figure class=\"wp-block-image size-large\"><img loading=\"lazy\" decoding=\"async\" width=\"1124\" height=\"749\" src=\"https:\/\/gymbeam.sk\/blog\/wp-content\/uploads\/2024\/08\/iStock-1133794221-1124x749.jpg\" alt=\"Mi a ketog\u00e9n \u00e9trend makrot\u00e1panyag-ar\u00e1nya?\" class=\"wp-image-608630\" title=\"Mi a ketog\u00e9n \u00e9trend makrot\u00e1panyag-ar\u00e1nya?\" srcset=\"https:\/\/gymbeam.com\/blog\/wp-content\/uploads\/2024\/08\/iStock-1133794221-1124x749.jpg 1124w, https:\/\/gymbeam.com\/blog\/wp-content\/uploads\/2024\/08\/iStock-1133794221-400x267.jpg 400w, https:\/\/gymbeam.com\/blog\/wp-content\/uploads\/2024\/08\/iStock-1133794221-1536x1024.jpg 1536w, https:\/\/gymbeam.com\/blog\/wp-content\/uploads\/2024\/08\/iStock-1133794221-2048x1365.jpg 2048w\" sizes=\"auto, (max-width: 1124px) 100vw, 1124px\" \/><\/figure>\n\n\n\n<h2 class=\"wp-block-heading\"><span class=\"ez-toc-section\" id=\"Hogyan_epul_fel_a_sulyvesztes_celjaval_alkalmazott_ketogen_etrend\"><\/span>Hogyan \u00e9p\u00fcl fel a s\u00falyveszt\u00e9s c\u00e9lj\u00e1val alkalmazott ketog\u00e9n \u00e9trend?<span class=\"ez-toc-section-end\"><\/span><\/h2>\n\n\n\n<p>Szerencs\u00e9re azokra nem vonatkoznak ilyen szigor\u00fa szab\u00e1lyok, akik az \u00e9trendet \u00e1lomalakjuk el\u00e9r\u00e9se \u00e9rdek\u00e9ben alkalmazz\u00e1k. B\u00e1r az \u00e9trend \u00edgy is el\u00e9g <strong>szigor\u00fa,<\/strong> m\u00e9gis realisztikusabb az \u00e1tlagember sz\u00e1m\u00e1ra.<\/p>\n\n\n\n<div style=\"height:20px\" aria-hidden=\"true\" class=\"wp-block-spacer\"><\/div>\n\n\n\n<ul class=\"wp-block-list\">\n<li>A <a href=\"https:\/\/gymbeam.hu\/blog\/zsirok-amelyek-artanak-es-amelyek-a-hasznodra-valnak\/\" target=\"_blank\" aria-label=\" (opens in a new tab)\" rel=\"noreferrer noopener\" class=\"ek-link\">zs\u00edrok<\/a> jellemz\u0151en <strong>a teljes energiabevitel (total energy intake \u2013 TEI) 70-80%-\u00e1t<\/strong> teszik ki.<\/li>\n\n\n\n<li>A <a href=\"https:\/\/gymbeam.hu\/blog\/szenhidratok-tipusok-forrasok-emesztes-a-szervezetben-betoltott-szerepuk-es-megfelelo-beviteluk\/\" target=\"_blank\" aria-label=\" (opens in a new tab)\" rel=\"noreferrer noopener\" class=\"ek-link\">sz\u00e9nhidr\u00e1toknak<\/a> <strong>nem szabad meghaladnia a napi 5 grammnyi bevitelt,<\/strong> hogy a szervezet bel\u00e9phessen a ket\u00f3zis \u00e1llapot\u00e1ba. Ha a 2000 kal\u00f3ri\u00e1s referenciabevitelt vessz\u00fck alapul, ez k\u00f6r\u00fclbel\u00fcl a <strong>TEI 10%-\u00e1t<\/strong> teszi ki.<\/li>\n\n\n\n<li>A <a href=\"https:\/\/gymbeam.hu\/blog\/a-feherje-funkcioi-a-testben-javasolt-mennyisege-forrasai-es-hianyanak-tunetei\/\" target=\"_blank\" aria-label=\" (opens in a new tab)\" rel=\"noreferrer noopener\" class=\"ek-link\">feh\u00e9rj\u00e9k<\/a> ez\u00e1ltal <strong>a t\u00e1panyagbevitel 10-20%-\u00e1\u00e9rt<\/strong> felelnek. <sup>[4]<\/sup><\/li>\n<\/ul>\n\n\n\n<div style=\"height:20px\" aria-hidden=\"true\" class=\"wp-block-spacer\"><\/div>\n\n\n\n<p>Mivel ez egy kiss\u00e9 m\u00e1s megk\u00f6zel\u00edt\u00e9s az eredetihez k\u00e9pest, \u00e9s m\u00e1s c\u00e9llal is alkalmazz\u00e1k, m\u00e1s nevet kapott. A fogy\u00e1s kapcs\u00e1n gyakran utalnak r\u00e1 <strong>keto di\u00e9ta<\/strong> n\u00e9ven. Az alapvet\u00e9s azonban v\u00e1ltozatlan: a c\u00e9l a <strong>sz\u00e9nhidr\u00e1t korl\u00e1toz\u00e1sa,<\/strong> \u00e9s a <strong>zs\u00edrbevitel fokoz\u00e1sa,<\/strong> hogy a szervezet ketonvegy\u00fcleteket \u00e1ll\u00edtson el\u0151 a zs\u00edrsavakb\u00f3l.&nbsp;<sup>[4]<\/sup><\/p>\n\n\n\n<div style=\"height:20px\" aria-hidden=\"true\" class=\"wp-block-spacer\"><\/div>\n\n\n\n<p>Nem szabad azonban elfelejteni, hogy a sikeres fogy\u00e1s alapfelt\u00e9tele a <strong><a href=\"https:\/\/gymbeam.hu\/blog\/kaloriadeficit-hogyan-fogyj-hogy-az-eletkedved-ne-fogyjon-el\/\" target=\"_blank\" aria-label=\" (opens in a new tab)\" rel=\"noreferrer noopener\" class=\"ek-link\">kal\u00f3riadeficit<\/a>.<\/strong> A test csak akkor vesz\u00edt s\u00falyt, ha <strong>kevesebb energi\u00e1t visz be, mint amennyit lead.<\/strong> M\u00e9g a keto di\u00e9ta sem k\u00e9pes fel\u00fcl\u00edrni a fizika t\u00f6rv\u00e9nyeit, ez\u00e9rt a ket\u00f3zis el\u00e9r\u00e9se \u00f6nmag\u00e1ban nem el\u00e9g a fogy\u00e1shoz. A szervezetnek deficitben kell lennie, hogy testzs\u00edrt\u00f3l szabadulhasson meg. \u00dagy t\u0171nik azonban, hogy a deficites \u00e1llapot el\u00e9r\u00e9se k\u00f6nnyebb a keto di\u00e9ta k\u00f6vet\u00e9s\u00e9vel.<\/p>\n\n\n\n<figure class=\"wp-block-image size-large\"><img loading=\"lazy\" decoding=\"async\" width=\"1124\" height=\"749\" src=\"https:\/\/gymbeam.sk\/blog\/wp-content\/uploads\/2024\/08\/iStock-1475532633-1124x749.jpg\" alt=\"Keto di\u00e9ta \u2013 hat\u00e9kony m\u00f3d a fogy\u00e1shoz\" class=\"wp-image-608648\" title=\"Keto di\u00e9ta \u2013 hat\u00e9kony m\u00f3d a fogy\u00e1shoz\" srcset=\"https:\/\/gymbeam.com\/blog\/wp-content\/uploads\/2024\/08\/iStock-1475532633-1124x749.jpg 1124w, https:\/\/gymbeam.com\/blog\/wp-content\/uploads\/2024\/08\/iStock-1475532633-400x267.jpg 400w, https:\/\/gymbeam.com\/blog\/wp-content\/uploads\/2024\/08\/iStock-1475532633-1536x1024.jpg 1536w, https:\/\/gymbeam.com\/blog\/wp-content\/uploads\/2024\/08\/iStock-1475532633-2048x1365.jpg 2048w\" sizes=\"auto, (max-width: 1124px) 100vw, 1124px\" \/><\/figure>\n\n\n\n<h2 class=\"wp-block-heading\"><span class=\"ez-toc-section\" id=\"Hogyan_tamogatja_a_keto_dieta_a_fogyast\"><\/span>Hogyan t\u00e1mogatja a keto di\u00e9ta a fogy\u00e1st?<span class=\"ez-toc-section-end\"><\/span><\/h2>\n\n\n\n<p>Azt m\u00e1r eml\u00edtett\u00fck, hogy a keto di\u00e9ta \u00e1ltal \u00edg\u00e9rt s\u00falyveszt\u00e9s hat\u00e9konys\u00e1ga k\u00f6zeli kapcsolatban \u00e1ll a <strong>ketonvegy\u00fcletekhez<\/strong> \u00e9s a <strong>t\u00e1pl\u00e1lkoz\u00e1si ket\u00f3zishoz,<\/strong> amikor is a szervezet megtanul zs\u00edrt haszn\u00e1lni energiaforr\u00e1sk\u00e9nt. \u00c9rdekes m\u00f3don ez az <strong>elrakt\u00e1rozott testzs\u00edr el\u00e9get\u00e9s\u00e9t<\/strong> is fokozza. De m\u00e9gis hogyan t\u00f6rt\u00e9nik mindez?<\/p>\n\n\n\n<div style=\"height:20px\" aria-hidden=\"true\" class=\"wp-block-spacer\"><\/div>\n\n\n\n<p>A folyamatban kulcsszerepet j\u00e1tszik az <strong>inzulin<\/strong> nev\u0171 hormon. Keto di\u00e9ta sor\u00e1n a szervezet inzulinszintje <strong>alacsony,<\/strong> \u00edgy <strong>k\u00f6nnyebben szabadul fel az elt\u00e1rolt testzs\u00edr.<\/strong> A hason vagy a combon t\u00e1rolt tartal\u00e9kok \u00edgy gyorsabban <strong>el\u00e9gnek,<\/strong> \u00e9s ketonvegy\u00fcletekk\u00e9 alakulnak. A test\u00fcnk a bevitt \u00e9lelmiszerb\u0151l \u00e9s saj\u00e1t tartal\u00e9kaib\u00f3l is zs\u00edrt \u00e9get.<\/p>\n\n\n\n<div style=\"height:20px\" aria-hidden=\"true\" class=\"wp-block-spacer\"><\/div>\n\n\n\n<p><strong>Norm\u00e1l k\u00f6r\u00fclm\u00e9nyek<\/strong> k\u00f6z\u00f6tt (pl. standard ar\u00e1ny\u00fa \u00e9trend) a zs\u00edrok a mitokondriumban (a sejtek er\u0151m\u0171veiben) \u00e9gnek el a <strong>b\u00e9ta-oxid\u00e1ci\u00f3<\/strong> folyamata sor\u00e1n, a tov\u00e1bbi anyagcserel\u00e9p\u00e9sek sor\u00e1n pedig ATP form\u00e1j\u00e1ban energi\u00e1v\u00e1 v\u00e1lnak. A zs\u00edrok anyagcsere\u00fatja sz\u00e1mos <strong>enzim<\/strong> r\u00e9szv\u00e9tel\u00e9vel zajlik. <strong>Sz\u00e9nhidr\u00e1tmegvon\u00e1s eset\u00e9n azonban ezekre az enzimekre a szervezetben m\u00e1shol van sz\u00fcks\u00e9g.<\/strong> Ha ez fokozott zs\u00edrbevitellel p\u00e1rosul, ezek a kem\u00e9nyen dolgoz\u00f3 enzimek nehezen tudj\u00e1k ell\u00e1tni a feladatukat, \u00e9s er\u0151s\u00edt\u00e9sre van sz\u00fcks\u00e9g\u00fck \u2013 a seg\u00edts\u00e9g aktiv\u00e1lja a <strong>ketogenezist<\/strong> a m\u00e1jban, \u00e9s <strong>ketonvegy\u00fcleteket kezd el\u0151\u00e1ll\u00edtani.<\/strong> Az alacsony inzulinszint miatt a tartal\u00e9kokb\u00f3l is zs\u00edrt kell elvonniuk, ezzel felgyors\u00edtj\u00e1k a fogy\u00e1st.&nbsp;<sup>[21]<\/sup><\/p>\n\n\n\n<div style=\"height:20px\" aria-hidden=\"true\" class=\"wp-block-spacer\"><\/div>\n\n\n\n<p>A szervezet viszonylag gyorsan k\u00e9pes alkalmazkodni a keto di\u00e9t\u00e1hoz. Ennek az <strong>alkalmazkod\u00e1snak<\/strong> hat\u00e9konynak kell lennie, mert a szervezetnek biztos\u00edtania kell az agy energiaell\u00e1t\u00e1s\u00e1t. Mivel ez a szerv\u00fcnk haszn\u00e1lja fel a teljes energiabevitel k\u00f6r\u00fclbel\u00fcl 20%-\u00e1t, a test\u00fcnk nem k\u00e9slekedhet, \u00e9s hat\u00e9kony m\u00f3don kell biztos\u00edtania ezt az energi\u00e1t.&nbsp;<sup>[13]<\/sup><\/p>\n\n\n\n<div style=\"height:20px\" aria-hidden=\"true\" class=\"wp-block-spacer\"><\/div>\n\n\n\n<h2 class=\"wp-block-heading\"><span class=\"ez-toc-section\" id=\"A_ketogen_etrend_tipusai\"><\/span>A ketog\u00e9n \u00e9trend t\u00edpusai<span class=\"ez-toc-section-end\"><\/span><\/h2>\n\n\n\n<p>A keto di\u00e9t\u00e1nak t\u00f6bb j\u00f3l ismert v\u00e1ltozata is van, amelyek els\u0151sorban a teljes kal\u00f3riabevitel \u00e9s a makrot\u00e1panyagok eloszl\u00e1sa ter\u00fclet\u00e9n k\u00fcl\u00f6nb\u00f6znek egym\u00e1st\u00f3l. A sz\u00e9nhidr\u00e1ttartalomnak <strong>nem szabad meghaladnia a fentebb eml\u00edtett 50 grammot.<\/strong><\/p>\n\n\n\n<ul class=\"wp-block-list\">\n<li><strong>Standard ketog\u00e9n \u00e9trend:<\/strong> ebben a v\u00e1ltozatban az energia 70-80%-a zs\u00edrb\u00f3l, 10-20%-a feh\u00e9rj\u00e9b\u0151l \u00e9s 5-10%-a sz\u00e9nhidr\u00e1tb\u00f3l sz\u00e1rmazik. A t\u00e1panyagok ar\u00e1nya mindig att\u00f3l f\u00fcgg, mi a legjobb az alany sz\u00e1m\u00e1ra.<\/li>\n\n\n\n<li><strong>MCT ketog\u00e9n \u00e9trend:<\/strong> ennek a v\u00e1ltozatnak a t\u00e1panyagar\u00e1nya megegyezik a hagyom\u00e1nyos ketog\u00e9n \u00e9trend\u00e9vel, de nagy hangs\u00falyt helyez az <strong>MCT<\/strong> (medium chain trglyceride; k\u00f6zepes l\u00e1nc\u00fa triglicerid) <strong>zs\u00edrok<\/strong> bevitel\u00e9re. Ezek olyan tel\u00edtett zs\u00edrok, amelyek k\u00f6zepes l\u00e1nc\u00fa zs\u00edrsavakat tartalmaznak, \u00e9s m\u00e1s zs\u00edrokhoz k\u00e9pest <strong>gyorsabb<\/strong> az em\u00e9szt\u00e9s\u00fck. A magasabb MCT-tartalm\u00fa keto di\u00e9ta nagyobb mennyis\u00e9g\u0171 sz\u00e9nhidr\u00e1t \u00e9s feh\u00e9rje bevitel\u00e9t teszi lehet\u0151v\u00e9, mik\u00f6zben a szervezetet a ket\u00f3zis \u00e1llapot\u00e1ban tartja.<\/li>\n\n\n\n<li><strong>Kal\u00f3riacs\u00f6kkentett ketog\u00e9n \u00e9trend:<\/strong> ez a v\u00e1ltozat megtartja a hagyom\u00e1nyos ketog\u00e9n \u00e9trend t\u00e1panyagar\u00e1ny\u00e1t, de cs\u00f6kkentett kal\u00f3riabevitellel.<\/li>\n\n\n\n<li><strong>Ciklikus ketog\u00e9n \u00e9trend (CKD<\/strong> <strong>\u2013<\/strong> <strong>cyclic ketogenic diet):<\/strong> ez az \u00e9trend megengedi, hogy egyes napokon magasabb legyen a sz\u00e9nhidr\u00e1tbevitel. P\u00e9ld\u00e1ul \u00f6t alacsony sz\u00e9nhidr\u00e1tbevitel\u0171 nap ut\u00e1n k\u00f6vetkezhet kett\u0151, amikor magasabb a sz\u00e9nhidr\u00e1tok ar\u00e1nya. Vannak, akik sz\u00e1m\u00e1ra ez a v\u00e1ltozat fenntarthat\u00f3bb.<\/li>\n\n\n\n<li><strong>C\u00e9lzott ketog\u00e9n \u00e9trend (TKD \u2013 targeted ketogenic diet):<\/strong> ez az \u00e9trend a hagyom\u00e1nyos ketog\u00e9n \u00e9trendhez hasonl\u00f3 t\u00e1panyagar\u00e1nnyal rendelkezik, de a sz\u00e9nhidr\u00e1tok bevitele <strong>edz\u00e9sek idej\u00e9n<\/strong> t\u00f6rt\u00e9nik.<strong>&nbsp;<\/strong><sup>[23]<\/sup><\/li>\n\n\n\n<li><strong>Poralap\u00fa ketog\u00e9n \u00e9trend:<\/strong> gyakran jelenik meg a keto di\u00e9ta Szent Gr\u00e1ljak\u00e9nt. A rekl\u00e1mok \u00e9s a marketing nagy szerepet j\u00e1tszik abban, hogy sokan gondolnak \u00fagy a keto di\u00e9t\u00e1ra, amely nagyr\u00e9szt <strong>instant italos csomagokb\u00f3l<\/strong> \u00e1ll, amiket csak v\u00edzzel kell \u00f6sszekeverni. De mint azt m\u00e1r t\u00e1rgyaltuk, nem ez a helyzet. A keto di\u00e9t\u00e1ban <strong>rendszeresen<\/strong> kell <strong>szil\u00e1rd \u00e9lelmiszert<\/strong> fogyasztani, \u00e9s nem kell csak shake-ekre \u00e9s italokra alapozni a teljes \u00e9trendet. Ha valaki \u00fagy d\u00f6nt, hogy a keto di\u00e9t\u00e1t ilyen instant kever\u00e9kekkel eg\u00e9sz\u00edti ki, gondoskodnia kell r\u00f3la, hogy a <strong>t\u00e1panyagtartalom<\/strong> val\u00f3ban <strong>megfeleljen a keto di\u00e9ta el\u0151\u00edr\u00e1sainak.<\/strong> Sok ilyen term\u00e9k rendelkezik olyan t\u00e1panyagar\u00e1nnyal, amely ink\u00e1bb a magas feh\u00e9rjetartalm\u00fa \u00e9trendeknek felel meg.<\/li>\n<\/ul>\n\n\n\n<div style=\"height:20px\" aria-hidden=\"true\" class=\"wp-block-spacer\"><\/div>\n\n\n\n<h3 class=\"wp-block-heading\">Mi a k\u00fcl\u00f6nbs\u00e9g a keto di\u00e9ta \u00e9s a sz\u00e9nhidr\u00e1tcs\u00f6kkentett \u00e9trend k\u00f6z\u00f6tt?<\/h3>\n\n\n\n<p>A <a href=\"https:\/\/gymbeam.hu\/blog\/low-carb-vs-low-fat-melyik-jobb-ha-fogyni-szeretnel\/\" target=\"_blank\" aria-label=\" (opens in a new tab)\" rel=\"noreferrer noopener\" class=\"ek-link\"><strong>sz\u00e9nhidr\u00e1tcs\u00f6kkentett (low-carb) \u00e9trendet<\/strong><\/a> tal\u00e1n m\u00e1r ismered. A fogy\u00e1snak m\u00e1r r\u00e9g\u00f3ta az egyik legn\u00e9pszer\u0171bb m\u00f3dszere a sz\u00e9nhidr\u00e1tok kivezet\u00e9se az \u00e9trendb\u0151l. A f\u0151 k\u00fcl\u00f6nbs\u00e9g a keto \u00e9trend \u00e9s m\u00e1s low-carb megk\u00f6zel\u00edt\u00e9sek k\u00f6z\u00f6tt <strong>az \u00e9trend sz\u00e9nhidr\u00e1ttartalma.<\/strong> M\u00edg <strong>a keto di\u00e9ta maximum 50 g sz\u00e9nhidr\u00e1t bevitel\u00e9t \u00edrja el\u0151 naponta,<\/strong> m\u00e1s sz\u00e9nhidr\u00e1tcs\u00f6kkentett \u00e9trendek \u00e1ltal\u00e1ban napi <strong>50-150 gramm<\/strong> k\u00f6z\u00f6tti mennyis\u00e9get engednek (a 2000 kal\u00f3ri\u00e1s referenciabevitel alapj\u00e1n). A low-carb \u00e9trendek sor\u00e1n \u00edgy a szervezet <strong>nem ker\u00fcl a ket\u00f3zis \u00e1llapot\u00e1ba,<\/strong> mint ahogyan a keto di\u00e9ta idej\u00e9n teszi.<\/p>\n\n\n\n<div style=\"height:20px\" aria-hidden=\"true\" class=\"wp-block-spacer\"><\/div>\n\n\n\n    <link href=\"https:\/\/gymbeam.com\/blog\/wp-content\/themes\/wp-gymbeam-blog-theme\/css\/vue\/index.css\" rel=\"preload\" as=\"style\">\n    <link href=\"https:\/\/gymbeam.com\/blog\/wp-content\/themes\/wp-gymbeam-blog-theme\/js\/vue\/chunk-vendors.js\" rel=\"preload\" as=\"script\">\n    <link href=\"https:\/\/gymbeam.com\/blog\/wp-content\/themes\/wp-gymbeam-blog-theme\/js\/vue\/index.js\" rel=\"preload\" as=\"script\">\n    <link data-no-optimize=\"1\" href=\"https:\/\/gymbeam.com\/blog\/wp-content\/themes\/wp-gymbeam-blog-theme\/css\/vue\/index.css\" rel=\"stylesheet\">\n\n    <h2>\n        You might be interested in these products:    <\/h2>\n\n    <div data-app=\"recommended\" data-products=\"28792,29956,44248,46435,46912,53719\" ><\/div>\n\n    <script data-no-optimize=\"1\" src=\"https:\/\/gymbeam.com\/blog\/wp-content\/themes\/wp-gymbeam-blog-theme\/js\/vue\/chunk-vendors.js\"><\/script>\n    <script data-no-optimize=\"1\" src=\"https:\/\/gymbeam.com\/blog\/wp-content\/themes\/wp-gymbeam-blog-theme\/js\/vue\/index.js\"><\/script>\n\n\n\n<div style=\"height:20px\" aria-hidden=\"true\" class=\"wp-block-spacer\"><\/div>\n\n\n\n<div style=\"height:20px\" aria-hidden=\"true\" class=\"wp-block-spacer\"><\/div>\n\n\n\n<h2 class=\"wp-block-heading\"><span class=\"ez-toc-section\" id=\"A_keto_dieta_elonyei\"><\/span>A keto di\u00e9ta el\u0151nyei:<span class=\"ez-toc-section-end\"><\/span><\/h2>\n\n\n\n<div style=\"height:20px\" aria-hidden=\"true\" class=\"wp-block-spacer\"><\/div>\n\n\n\n<h3 class=\"wp-block-heading\">1. Hat\u00e9konyabb s\u00falyveszt\u00e9shez seg\u00edt hozz\u00e1<\/h3>\n\n\n\n<p>Ahogy fentebb eml\u00edtett\u00fck, a keto di\u00e9t\u00e1nak van egy egyed\u00fcl\u00e1ll\u00f3 jellemz\u0151je: a <strong>t\u00e1pl\u00e1lkoz\u00e1si ket\u00f3zis.<\/strong> Ez jelent\u0151sen k\u00fcl\u00f6nb\u00f6zik m\u00e1s di\u00e9t\u00e1kt\u00f3l, \u00e9s ez\u00e9rt lehet <strong>k\u00f6nnyebb s\u00falyt leadni<\/strong> a seg\u00edts\u00e9g\u00e9vel. A kutat\u00e1sok azt is kimutatt\u00e1k, hogy a ketog\u00e9n \u00e9trendet k\u00f6vet\u0151k gyakorta gyorsabban adnak le s\u00falyt azokhoz k\u00e9pest, akik m\u00e1s redukci\u00f3s di\u00e9t\u00e1t folytatnak.<\/p>\n\n\n\n<div style=\"height:20px\" aria-hidden=\"true\" class=\"wp-block-spacer\"><\/div>\n\n\n\n<p>Hasonl\u00f3 eredm\u00e9nyekre jutott egy tanulm\u00e1ny, amely 322 t\u00fals\u00falyos embert k\u00f6vetett <strong>k\u00e9t \u00e9ven \u00e1t.<\/strong> A r\u00e9sztvev\u0151ket h\u00e1rom csoportba osztott\u00e1k: az egyik csoport tagjai <strong>alacsony zs\u00edr- \u00e9s kal\u00f3riatartalm\u00fa \u00e9trendet,<\/strong> a m\u00e1sodik <strong>mediterr\u00e1n alacsony kal\u00f3riatartalm\u00fa \u00e9trendet,<\/strong> m\u00edg a harmadik csoport <strong>kal\u00f3riakorl\u00e1toz\u00e1s n\u00e9lk\u00fcli ketog\u00e9n \u00e9trendet<\/strong> k\u00f6vetett. A keto di\u00e9t\u00e1t k\u00f6vet\u0151k napi 20 gramm sz\u00e9nhidr\u00e1tot vihettek be az els\u0151 k\u00e9t h\u00f3napban, azut\u00e1n pedig 120 grammban \u00e1llap\u00edtott\u00e1k meg sz\u00e1mukra a sz\u00e9nhidr\u00e1tbevitel fels\u0151 hat\u00e1r\u00e1t (mik\u00f6zben az \u00f6sszes kal\u00f3riabevitel v\u00e1ltozatlan maradt). V\u00e9g\u00fcl a <strong>ketog\u00e9n \u00e9trendet<\/strong> k\u00f6vet\u0151 csoport bizonyult a legsikeresebbnek, annak tagjai abban az id\u0151szakban adt\u00e1k le a legt\u00f6bb s\u00falyt, amikor a sz\u00e9nhidr\u00e1tbevitel\u00fck 20 grammban volt korl\u00e1tozva. A s\u00faly enyh\u00e9n emelkedett, miut\u00e1n a sz\u00e9nhidr\u00e1tbevitel mennyis\u00e9g\u00e9t megn\u00f6velt\u00e9k. Ez azt sugallja, hogy a ket\u00f3zis j\u00f3t\u00e9kony hat\u00e1sai nagy szerepet j\u00e1tszottak az eredm\u00e9nyekben.&nbsp;<sup>[5,14]<\/sup><\/p>\n\n\n\n<div style=\"height:20px\" aria-hidden=\"true\" class=\"wp-block-spacer\"><\/div>\n\n\n\n<h4 class=\"wp-block-heading\">Mi\u00e9rt k\u00f6nnyebb ketog\u00e9n \u00e9trendet k\u00f6vetve fogyni?<\/h4>\n\n\n\n<p>Sz\u00e1mos t\u00e9nyez\u0151 j\u00e1rulhat hozz\u00e1 az anyagcsere fokoz\u00e1s\u00e1hoz \u00e9s a kal\u00f3riadeficit fenntart\u00e1s\u00e1hoz:<\/p>\n\n\n\n<div style=\"height:20px\" aria-hidden=\"true\" class=\"wp-block-spacer\"><\/div>\n\n\n\n<ul class=\"wp-block-list\">\n<li>Az <strong>anyagcser\u00e9t<\/strong> felgyors\u00edtja, hogy a szervezet saj\u00e1t elrakt\u00e1rozott zs\u00edrj\u00e1nak savaib\u00f3l ketonvegy\u00fcletek keletkeznek, amelyeket a test azut\u00e1n energiaforr\u00e1sk\u00e9nt hasznos\u00edt.&nbsp;<sup>[8]<\/sup><\/li>\n\n\n\n<li>A ketonvegy\u00fcletek seg\u00edthetnek <strong>cs\u00f6kkenteni az \u00e9tv\u00e1gyat.&nbsp;<\/strong><sup>[8]<\/sup><\/li>\n\n\n\n<li>Az alacsony sz\u00e9nhidr\u00e1tbevitel <strong>cs\u00f6kkenti az inzulinszintet,<\/strong> amely tov\u00e1bb fokozhatja a zs\u00edrok lebont\u00e1s\u00e1t.&nbsp;<sup>[8]<\/sup><\/li>\n\n\n\n<li>Az \u00e9trend k\u00f6vet\u00e9s\u00e9nek korai szakasz\u00e1ban tapasztalt s\u00falyveszt\u00e9s a felesleges <strong>v\u00edzt\u0151l val\u00f3 megszabadul\u00e1ssal<\/strong> is kapcsolatban \u00e1ll.<strong>&nbsp;<\/strong><sup>[4]<\/sup><\/li>\n<\/ul>\n\n\n\n<div style=\"height:20px\" aria-hidden=\"true\" class=\"wp-block-spacer\"><\/div>\n\n\n\n<p>A ketog\u00e9n \u00e9trendet nem k\u00f6vetheti b\u00e1rki, de azok sz\u00e1m\u00e1ra, akik hat\u00e9konynak tal\u00e1lj\u00e1k, seg\u00edtheti \u00e9s felgyors\u00edthatja a s\u00falyveszt\u00e9st. Aki azonban belev\u00e1g, folyamatosan figyelnie kell, hogyan reag\u00e1l a szervezete egy ilyen szigor\u00fa v\u00e1lt\u00e1sra. A <strong>kellemetlen mell\u00e9khat\u00e1sokr\u00f3l,<\/strong> p\u00e9ld\u00e1ul a t\u00e1panyaghi\u00e1nyr\u00f3l, amely el\u0151fordulhat, k\u00e9s\u0151bb lesz sz\u00f3. Ak\u00e1rhogy is, ha a ketog\u00e9n \u00e9trend el\u00e9rte hat\u00e1s\u00e1t, aj\u00e1nlott fokozni a sz\u00e9nhidr\u00e1tbevitelt, a s\u00faly megtart\u00e1s\u00e1t pedig (vagy a tov\u00e1bbi fogy\u00e1st) v\u00e1ltozatosabb \u00e9s kev\u00e9sb\u00e9 szigor\u00fa \u00e9trend seg\u00edts\u00e9g\u00e9vel t\u00e1mogatni.<\/p>\n\n\n\n<figure class=\"wp-block-image size-large\"><img loading=\"lazy\" decoding=\"async\" width=\"1124\" height=\"750\" src=\"https:\/\/gymbeam.sk\/blog\/wp-content\/uploads\/2024\/08\/iStock-1401593648-1124x750.jpg\" alt=\"Mik a keto di\u00e9ta eg\u00e9szs\u00e9g\u00fcgyi el\u0151nyei?\" class=\"wp-image-608675\" title=\"Mik a keto di\u00e9ta eg\u00e9szs\u00e9g\u00fcgyi el\u0151nyei?\" srcset=\"https:\/\/gymbeam.com\/blog\/wp-content\/uploads\/2024\/08\/iStock-1401593648-1124x750.jpg 1124w, https:\/\/gymbeam.com\/blog\/wp-content\/uploads\/2024\/08\/iStock-1401593648-400x267.jpg 400w, https:\/\/gymbeam.com\/blog\/wp-content\/uploads\/2024\/08\/iStock-1401593648-1536x1024.jpg 1536w, https:\/\/gymbeam.com\/blog\/wp-content\/uploads\/2024\/08\/iStock-1401593648-2048x1366.jpg 2048w\" sizes=\"auto, (max-width: 1124px) 100vw, 1124px\" \/><\/figure>\n\n\n\n<h3 class=\"wp-block-heading\">2. Cs\u00f6kkenti az \u00e9tv\u00e1gyat<\/h3>\n\n\n\n<p>A fogy\u00f3k\u00fara egyik \u00edratlan szab\u00e1lya, hogy gyakran foglal mag\u00e1ba <strong>\u00e9hs\u00e9g\u00e9rzetet<\/strong> \u00e9s kontroll\u00e1lhatatlan <strong>s\u00f3v\u00e1rg\u00e1st.<\/strong> B\u00e1r egy j\u00f3l megtervezett <a href=\"https:\/\/gymbeam.hu\/blog\/szemelyre-szabott-etrend-atfogo-utmutato-a-kaloriaszamitason-es-makrotapanyagokon-alapulo-etrend-megtervezesehez\/\" target=\"_blank\" aria-label=\" (opens in a new tab)\" rel=\"noreferrer noopener\" class=\"ek-link\">redukci\u00f3s di\u00e9ta<\/a> ide\u00e1lis esetben megel\u0151zi ezeknek a gyakori jelentkez\u00e9s\u00e9t, m\u00e9gis olyan okok, ami\u00e9rt egyesek t\u00fals\u00e1gosan nagy kih\u00edv\u00e1snak \u00e9lhetik meg a fogy\u00f3k\u00far\u00e1t, \u00e9s ism\u00e9tl\u0151d\u0151en elbuknak benne.<\/p>\n\n\n\n<div style=\"height:20px\" aria-hidden=\"true\" class=\"wp-block-spacer\"><\/div>\n\n\n\n<p>A keto di\u00e9ta azonban jelent\u0151sen <strong>cs\u00f6kkent szint\u0171 \u00e9hs\u00e9get \u00e9s s\u00f3v\u00e1rg\u00e1st<\/strong> \u00edg\u00e9r, ami <strong>megk\u00f6nny\u00edti a kal\u00f3riadeficit fenntart\u00e1s\u00e1t.<\/strong> Ennek sz\u00e1mos lehets\u00e9ges oka van.<\/p>\n\n\n\n<ul class=\"wp-block-list\">\n<li>A ketonvegy\u00fcletek magas szintje <strong>elnyomhatja az \u00e9hs\u00e9get,<\/strong> az\u00e1ltal, hogy befoly\u00e1solja, ahogy az agy az \u00e9hs\u00e9get \u00e9s a j\u00f3llakotts\u00e1got jelzi.<\/li>\n\n\n\n<li>Azt is bizony\u00edtott\u00e1k, hogy cs\u00f6kkenti a <strong>ghrelin, az \u00e9hs\u00e9ghormon<\/strong> szintj\u00e9t.<\/li>\n\n\n\n<li>Szint\u00e9n szerepet j\u00e1tszhat az <strong>\u00e9rz\u00e9kspecifikus tel\u00edtetts\u00e9g<\/strong> nev\u0171 jelens\u00e9g, azaz hogy ugyanazon \u00e9lelmiszerek hossz\u00fa t\u00e1v\u00fa fogyaszt\u00e1sa cs\u00f6kkenheti a vonzerej\u00fcket. Mivel a keto di\u00e9ta n\u00e9mileg egyhang\u00fa, egyes \u00e9lelmiszereket id\u0151vel kev\u00e9sb\u00e9 tal\u00e1lhatunk vonz\u00f3nak, ami cs\u00f6kkent bevitelhez vezet, ez pedig kal\u00f3riadeficitet id\u00e9z el\u0151.&nbsp;<sup>[12,16]<\/sup><\/li>\n<\/ul>\n\n\n\n<div style=\"height:20px\" aria-hidden=\"true\" class=\"wp-block-spacer\"><\/div>\n\n\n\n<p>Szeretn\u00e9d tudni, hogyan k\u00fczdhetsz az \u00e9hs\u00e9g \u00e9s a s\u00f3v\u00e1rg\u00e1s ellen? Ha igen, ne hagyd ki <strong><a href=\"https:\/\/gymbeam.hu\/blog\/hogyan-lehet-eluzni-a-folyamatos-etvagyat-es-sovargast\/\" target=\"_blank\" aria-label=\" (opens in a new tab)\" rel=\"noreferrer noopener\" class=\"ek-link\">Hogyan lehet el\u0171zni a folyamatos \u00e9tv\u00e1gyat \u00e9s s\u00f3v\u00e1rg\u00e1st?<\/a><\/strong> c\u00edm\u0171 cikk\u00fcnket.<\/p>\n\n\n\n<div style=\"height:20px\" aria-hidden=\"true\" class=\"wp-block-spacer\"><\/div>\n\n\n\n\n\n<div style=\"height:20px\" aria-hidden=\"true\" class=\"wp-block-spacer\"><\/div>\n\n\n\n<h3 class=\"wp-block-heading\">3. Seg\u00edt stabil v\u00e9rcukorszintet fenntartani<\/h3>\n\n\n\n<p>A norm\u00e1l v\u00e9rcukorszint (glik\u00e9mia) fenntart\u00e1sa nemcsak cukorbetegek, de azok sz\u00e1m\u00e1ra is fontos, akik a lehet\u0151 legtov\u00e1bb szeretn\u00e9k <strong>fenntartani j\u00f3 eg\u00e9szs\u00e9g\u00fcket.<\/strong> A stabil glik\u00e9mia seg\u00edt meg\u0151rizni a v\u00e9rerek funkcionalit\u00e1s\u00e1t \u00e9s eg\u00e9szs\u00e9g\u00e9t. A v\u00e9rcukorszint <strong>ingadoz\u00e1sa<\/strong> emellett <strong>\u00e9dess\u00e9gek ut\u00e1n s\u00f3v\u00e1rg\u00e1st,<\/strong> valamint <strong>energiahi\u00e1nyt<\/strong> okoz, ami miatt az ember gyakran fordul nassolnival\u00f3k fel\u00e9 az optim\u00e1lis kal\u00f3riabevitelen t\u00fal is.<\/p>\n\n\n\n<div style=\"height:20px\" aria-hidden=\"true\" class=\"wp-block-spacer\"><\/div>\n\n\n\n<p>Keto di\u00e9ta k\u00f6vet\u00e9se idej\u00e9n a v\u00e9rcukorszint jellemz\u0151en alacsonyabb a minim\u00e1lis sz\u00e9nhidr\u00e1tbevitel miatt. \u00c9s mivel a szervezet a ketonokra sz\u00e1m\u00edt alternat\u00edv energiaforr\u00e1sokk\u00e9nt, nincs sz\u00fcks\u00e9g folyamatosan gl\u00fck\u00f3zt el\u0151\u00e1ll\u00edtani feh\u00e9rj\u00e9kb\u0151l \u00e9s m\u00e1s forr\u00e1sokb\u00f3l. A keto di\u00e9ta \u00edgy t\u00e1mogathatja az <strong>alacsony<\/strong> \u00e9s <strong>stabil v\u00e9rcukorszint<\/strong> fenntart\u00e1s\u00e1t. Ennek eredm\u00e9nye a <strong>kiegyens\u00falyozottabb energiaszint, a s\u00f3v\u00e1rg\u00e1s m\u00e9rs\u00e9kl\u0151d\u00e9se,<\/strong> \u00e9s amikor m\u00e1r nem \u00e9rzed sz\u00fcks\u00e9g\u00e9t, hogy minden \u00e9tkez\u00e9s ut\u00e1n a csoki ut\u00e1n ny\u00falj, <strong>a kal\u00f3riadeficitet is k\u00f6nnyebb fenntartani.<\/strong><\/p>\n\n\n\n<div style=\"height:20px\" aria-hidden=\"true\" class=\"wp-block-spacer\"><\/div>\n\n\n\n<h4 class=\"wp-block-heading\">Aj\u00e1nlott cukorbetegs\u00e9g idej\u00e9n?<\/h4>\n\n\n\n<p>A keto di\u00e9t\u00e1nak a cukorbetegs\u00e9gre gyakorolt hat\u00e1sait sz\u00e9les k\u00f6rben tanulm\u00e1nyozz\u00e1k. A kutat\u00e1sok szerint <strong>j\u00f3t\u00e9kony hat\u00e1sokat<\/strong> gyakorolhat ebben az \u00e1llapotban, mivel <strong>jav\u00edtja a glik\u00e9mi\u00e1s kontrollt, cs\u00f6kkenti a v\u00e9rcukorszintet<\/strong> \u00e9s az <strong>inzulin sz\u00fcks\u00e9g\u00e9t<\/strong> is. Ez mind az <strong>1-es, mind a 2-es t\u00edpus\u00fa diab\u00e9teszre<\/strong> igaz. 2-es t\u00edpus\u00fa cukorbetegs\u00e9g eset\u00e9n, amelyet gyakran \u00e1ll\u00edtanak p\u00e1rhuzamba az elh\u00edz\u00e1ssal \u00e9s a rossz \u00e9letm\u00f3ddal, az <strong>inzulinrezisztancia<\/strong> javul\u00e1sa is megfigyelhet\u0151. Ez az \u00e9trend \u00e9rdekes m\u00f3dja lehet az \u00e1llapot hat\u00e9konyabb kezel\u00e9s\u00e9nek.&nbsp;<sup>[1,17,18]<\/sup><\/p>\n\n\n\n<div style=\"height:20px\" aria-hidden=\"true\" class=\"wp-block-spacer\"><\/div>\n\n\n\n<p>Err\u0151l a megk\u00f6zel\u00edt\u00e9sr\u0151l azonban mindig egyeztetni kell <strong>orvossal<\/strong> \u00e9s <strong>t\u00e1pl\u00e1lkoz\u00e1si tan\u00e1csad\u00f3val,<\/strong> mivel nem kock\u00e1zatmentes. K\u00fcl\u00f6n\u00f6sen az 1-es t\u00edpus\u00fa diab\u00e9tesz eset\u00e9n szigor\u00fa monitoroz\u00e1s sz\u00fcks\u00e9g a ketoacid\u00f3zis kock\u00e1zata miatt. A 2-es t\u00edpus\u00fa cukorbetegs\u00e9g eset\u00e9n a hipoglik\u00e9mia (t\u00fal alacsony v\u00e9rcukorszint) jelent kock\u00e1zatot.&nbsp;<sup>[1,17,18]<\/sup><\/p>\n\n\n\n<div style=\"height:20px\" aria-hidden=\"true\" class=\"wp-block-spacer\"><\/div>\n\n\n\n<p>Az eml\u00edtett el\u0151ny\u00f6k ellen\u00e9re sem javasolt azonban egy <strong>j\u00f3l kiegyens\u00falyozott \u00e9trend<\/strong> felad\u00e1sa. R\u00e9g\u00f3ta tudjuk, hogy egy j\u00f3l fel\u00e9p\u00edtett \u00e9trend k\u00e9pes kontroll alatt tartani a v\u00e9rcukorszintet eg\u00e9szs\u00e9ges \u00e9s cukorbeteg egy\u00e9nek eset\u00e9ben is. Minden azon m\u00falik, hogy sz\u00e1modra melyik megk\u00f6zel\u00edt\u00e9s a legjobb.<\/p>\n\n\n\n<figure class=\"wp-block-image size-large\"><img loading=\"lazy\" decoding=\"async\" width=\"1124\" height=\"749\" src=\"https:\/\/gymbeam.sk\/blog\/wp-content\/uploads\/2024\/08\/cz_kamila_pavlickova_072024_01-1124x749.jpeg\" alt=\"Alkalmas a keto di\u00e9ta, ha fogyni akarunk?\" class=\"wp-image-608694\" title=\"Alkalmas a keto di\u00e9ta, ha fogyni akarunk?\" srcset=\"https:\/\/gymbeam.com\/blog\/wp-content\/uploads\/2024\/08\/cz_kamila_pavlickova_072024_01-1124x749.jpeg 1124w, https:\/\/gymbeam.com\/blog\/wp-content\/uploads\/2024\/08\/cz_kamila_pavlickova_072024_01-400x267.jpeg 400w, https:\/\/gymbeam.com\/blog\/wp-content\/uploads\/2024\/08\/cz_kamila_pavlickova_072024_01-1536x1024.jpeg 1536w, https:\/\/gymbeam.com\/blog\/wp-content\/uploads\/2024\/08\/cz_kamila_pavlickova_072024_01-2048x1365.jpeg 2048w\" sizes=\"auto, (max-width: 1124px) 100vw, 1124px\" \/><\/figure>\n\n\n\n<h3 class=\"wp-block-heading\">4. J\u00f3t\u00e9kony hat\u00e1sokat gyakorol az idegrendszerre<\/h3>\n\n\n\n<p>A k\u00fcl\u00f6nf\u00e9le neurol\u00f3giai rendelleness\u00e9gek el\u0151fordul\u00e1sa egyre gyakoribb\u00e1 v\u00e1lik, \u00e9s ez\u00e9rt v\u00e1lnak egyre keresettebb\u00e9 a hat\u00e9kony v\u00e9dekez\u00e9s eszk\u00f6zei is. Ahogy fentebb eml\u00edtett\u00fck, a ketog\u00e9n \u00e9trendet eredetileg a <strong>gyermekkori epilepszia<\/strong> kezel\u00e9s\u00e9re alak\u00edtott\u00e1k ki, amikor <strong>a gy\u00f3gyszeres kezel\u00e9s nem hozott eredm\u00e9nyt.<\/strong><\/p>\n\n\n\n<div style=\"height:20px\" aria-hidden=\"true\" class=\"wp-block-spacer\"><\/div>\n\n\n\n<p>Azonban id\u0151vel az is kider\u00fclt, hogy <strong>m\u00e1s neurol\u00f3giai probl\u00e9m\u00e1kra<\/strong> is j\u00f3t\u00e9kony hat\u00e1sai vannak. A n\u00f6vekv\u0151 ketonsz\u00e1m, amely <strong>alternat\u00edv energiaforr\u00e1sk\u00e9nt szolg\u00e1l az agy sz\u00e1m\u00e1ra,<\/strong> kulcsfontoss\u00e1g\u00fa ebben a folyamatban, amelynek <strong>neuroprotekt\u00edv<\/strong> \u00e9s <strong>gyullad\u00e1sg\u00e1tl\u00f3 hat\u00e1sai<\/strong> vannak, \u00e9s befoly\u00e1solhatja <strong>az agyban zajl\u00f3 energia-anyagcser\u00e9t<\/strong> is. Az \u00e9trend seg\u00edthet p\u00e9ld\u00e1ul <strong>Alzheimer-k\u00f3r, szkler\u00f3zis multiplex, Parkinson-k\u00f3r, migr\u00e9n<\/strong> \u00e9s m\u00e1s betegs\u00e9gek eset\u00e9n.<strong>&nbsp;<\/strong><sup>[7]<\/sup><\/p>\n\n\n\n<div style=\"height:20px\" aria-hidden=\"true\" class=\"wp-block-spacer\"><\/div>\n\n\n\n<h3 class=\"wp-block-heading\">5. Jav\u00edthatja a kering\u00e9s eg\u00e9szs\u00e9g\u00e9t<\/h3>\n\n\n\n<p>A keto di\u00e9t\u00e1nak a sz\u00edvre \u00e9s a v\u00e9rerekre gyakorolt hat\u00e1sai r\u00e9g\u00f3ta tart\u00f3 tudom\u00e1nyos vit\u00e1k t\u00e1rgya, \u00e9s a kutat\u00f3knak nincs m\u00e9g egy\u00e9rtelm\u0171 v\u00e1laszuk. A legut\u00f3bbi id\u0151kig <strong>a zs\u00edrok, k\u00fcl\u00f6n\u00f6sen a tel\u00edtett zs\u00edrok t\u00falzott bevitel\u00e9t<\/strong> <strong>jelent\u0151s kock\u00e1zatnak tartott\u00e1k kering\u00e9si rendszer\u00fcnk szempontj\u00e1b\u00f3l.<\/strong> A mai felfog\u00e1s azonban azt mondja, hogy nem az a k\u00e9rd\u00e9s, mennyi tel\u00edtett zs\u00edrt fogyasztunk, hanem hogy milyen form\u00e1ban tessz\u00fck ezt. A legnagyobb kock\u00e1zatot az <a href=\"https:\/\/gymbeam.hu\/blog\/7-tipp-hogyan-csokkentheted-az-etrendedben-a-magasan-feldolgozott-elelmiszerek-szamat-es-hogyan-etkezhetsz-egeszsegesebben\/\" target=\"_blank\" aria-label=\" (opens in a new tab)\" rel=\"noreferrer noopener\" class=\"ek-link\"><strong>ultrafeldogozott \u00e9lelmiszerek<\/strong><\/a> jelentik, amelyekben a tel\u00edtett zs\u00edrok <strong>transzzs\u00edrokkal, tart\u00f3s\u00edt\u00f3szerekkel, s\u00f3val<\/strong> \u00e9s m\u00e1s anyagokkal egy\u00fctt vannak jelen.<\/p>\n\n\n\n<div style=\"height:20px\" aria-hidden=\"true\" class=\"wp-block-spacer\"><\/div>\n\n\n\n<p>Ezt a szeml\u00e9letm\u00f3dot sz\u00e1mos tanulm\u00e1ny is meger\u0151s\u00edti, amelyek <strong>a keto di\u00e9t\u00e1nak a kering\u00e9s eg\u00e9szs\u00e9g\u00e9re gyakorolt hat\u00e1sait<\/strong> vizsg\u00e1lja. Kider\u00fclt, hogy a magas zs\u00edrtartalom ellen\u00e9re az \u00e9trendnek t\u00f6bb a j\u00f3t\u00e9kony, mint a k\u00e1ros hat\u00e1sa.<\/p>\n\n\n\n<div style=\"height:20px\" aria-hidden=\"true\" class=\"wp-block-spacer\"><\/div>\n\n\n\n<h4 class=\"wp-block-heading\">Mik ezek a j\u00f3t\u00e9kony hat\u00e1sok?<\/h4>\n\n\n\n<ul class=\"wp-block-list\">\n<li>N\u00f6velheti a <strong>HDL- (j\u00f3) koleszterin szintj\u00e9t.<\/strong><\/li>\n\n\n\n<li>A tanulm\u00e1nyok <strong>a v\u00e9rben megtal\u00e1lhat\u00f3 trigliceridek<\/strong> mennyis\u00e9g\u00e9nek cs\u00f6kken\u00e9s\u00e9t is kimutatt\u00e1k.<\/li>\n\n\n\n<li>Szint\u00e9n javul\u00e1st mutat az <strong>LDL-koleszterin<\/strong> alt\u00edpusainak ar\u00e1ny\u00e1ban \u2013 n\u00f6veked\u00e9s a nagy, kev\u00e9sb\u00e9 k\u00e1ros LDL-r\u00e9szecsk\u00e9k, \u00e9s cs\u00f6kken\u00e9s a szervezet sz\u00e1m\u00e1ra nagyobb kock\u00e1zatot jelent\u0151 kisebb r\u00e9szecsk\u00e9k sz\u00e1m\u00e1ban.&nbsp;<sup>[5,6]<\/sup><\/li>\n<\/ul>\n\n\n\n<div style=\"height:20px\" aria-hidden=\"true\" class=\"wp-block-spacer\"><\/div>\n\n\n\n<p>Az el\u0151ny\u00f6k ellen\u00e9re fontos \u00e9szben tartani, hogy a keto di\u00e9ta <strong>nem mindenki sz\u00e1m\u00e1ra lehet alkalmas.<\/strong> L\u00e9teznek tanulm\u00e1nyok, amelyek <strong>nem er\u0151s\u00edtik meg<\/strong> ezt a n\u00e9zetet, \u00e9s kiemelik, hogy minden ember egyedi, \u00e9s a szervezet\u00fcnk m\u00e1s \u00e9s m\u00e1s m\u00f3dokon reag\u00e1lhat a ketog\u00e9n \u00e9trendre. Emellett nincs elegend\u0151 tudom\u00e1nyos kutat\u00e1s az \u00e9trendnek az eg\u00e9szs\u00e9gre gyakorolt, hossz\u00fa t\u00e1v\u00fa hat\u00e1sair\u00f3l. Ez\u00e9rt fontos, hogy konzult\u00e1lj egy specialist\u00e1val, \u00e9s gondosan figyelj r\u00e1, hogyan reag\u00e1l a szervezeted az \u00faj \u00e9trendre.<\/p>\n\n\n\n<figure class=\"wp-block-image size-large\"><img loading=\"lazy\" decoding=\"async\" width=\"1124\" height=\"749\" src=\"https:\/\/gymbeam.sk\/blog\/wp-content\/uploads\/2024\/08\/iStock-1269846222-1124x749.jpg\" alt=\"A keto di\u00e9ta hat\u00e1sa a kering\u00e9s eg\u00e9szs\u00e9g\u00e9re\" class=\"wp-image-608710\" title=\"A keto di\u00e9ta hat\u00e1sa a kering\u00e9s eg\u00e9szs\u00e9g\u00e9re\" srcset=\"https:\/\/gymbeam.com\/blog\/wp-content\/uploads\/2024\/08\/iStock-1269846222-1124x749.jpg 1124w, https:\/\/gymbeam.com\/blog\/wp-content\/uploads\/2024\/08\/iStock-1269846222-400x267.jpg 400w, https:\/\/gymbeam.com\/blog\/wp-content\/uploads\/2024\/08\/iStock-1269846222-1536x1024.jpg 1536w, https:\/\/gymbeam.com\/blog\/wp-content\/uploads\/2024\/08\/iStock-1269846222-2048x1365.jpg 2048w\" sizes=\"auto, (max-width: 1124px) 100vw, 1124px\" \/><\/figure>\n\n\n\n<h3 class=\"wp-block-heading\">6. Milyen egy\u00e9b j\u00f3t\u00e9kony hat\u00e1sai vannak a keto di\u00e9t\u00e1nak?<\/h3>\n\n\n\n<p>A fentebb eml\u00edtett eg\u00e9szs\u00e9g\u00fcgyi hat\u00e1sok mellett a keto di\u00e9ta m\u00e1s eg\u00e9szs\u00e9g\u00fcgyi el\u0151ny\u00f6ket is adhat. Mik ezek?<\/p>\n\n\n\n<ul class=\"wp-block-list\">\n<li>A tanulm\u00e1nyok szerint j\u00f3t\u00e9kony hat\u00e1sa lehet a <strong><a href=\"https:\/\/gymbeam.hu\/blog\/pcos-a-szindroma-amit-minden-nonek-ismernie-kell\/\" target=\"_blank\" aria-label=\" (opens in a new tab)\" rel=\"noreferrer noopener\" class=\"ek-link\">policiszt\u00e1s ov\u00e1rium szindr\u00f3m\u00e1ra<\/a>.<\/strong><\/li>\n\n\n\n<li>Jav\u00edthatja a <strong><a href=\"https:\/\/gymbeam.hu\/blog\/hogyan-lehet-megszabadulni-az-aknetol-a-kevesebb-stressz-az-egeszseges-testsuly-es-a-megfelelo-higienia-segithet\/\" target=\"_blank\" aria-label=\" (opens in a new tab)\" rel=\"noreferrer noopener\" class=\"ek-link\">pattan\u00e1soss\u00e1got<\/a>. <\/strong><sup>[10]<\/sup><\/li>\n<\/ul>\n\n\n\n<div style=\"height:20px\" aria-hidden=\"true\" class=\"wp-block-spacer\"><\/div>\n\n\n\n<h2 class=\"wp-block-heading\"><span class=\"ez-toc-section\" id=\"A_ketogen_etrend_es_a_sportteljesitmeny\"><\/span>A ketog\u00e9n \u00e9trend \u00e9s a sportteljes\u00edtm\u00e9ny<span class=\"ez-toc-section-end\"><\/span><\/h2>\n\n\n\n<p>A sportol\u00f3k gyakran k\u00f6vetik a keto di\u00e9t\u00e1t, nemcsak az\u00e9rt, hogy gyorsan form\u00e1ba lend\u00fcljenek, de abban a rem\u00e9nyben is, hogy <strong>jobb teljes\u00edtm\u00e9nyt<\/strong> \u00e9s <strong>eredm\u00e9nyeket<\/strong> \u00e9rhetnek el. L\u00e1ssuk, van-e ennek alapja!<\/p>\n\n\n\n<div style=\"height:20px\" aria-hidden=\"true\" class=\"wp-block-spacer\"><\/div>\n\n\n\n<h3 class=\"wp-block-heading\">1. A keto hat\u00e1sa aerob tev\u00e9kenys\u00e9gekre<\/h3>\n\n\n\n<p>M\u00e1r kital\u00e1lhattad, hogy mivel a keto di\u00e9ta seg\u00edt hat\u00e9konyabban el\u00e9getni a zs\u00edrt, el\u0151nyt biztos\u00edthat olyan <strong>\u00e1ll\u00f3k\u00e9pess\u00e9gi sportok<\/strong> sor\u00e1n, mint a <strong><a href=\"https:\/\/gymbeam.hu\/blog\/11-ok-hogy-elkezdj-futni-hogyan-valtoztatja-meg-a-tested\/\" target=\"_blank\" aria-label=\" (opens in a new tab)\" rel=\"noreferrer noopener\" class=\"ek-link\">fut\u00e1s<\/a>,<\/strong> az <a href=\"https:\/\/gymbeam.hu\/blog\/az-uszas-8-elonye-amitol-meg-ma-beugrasz-a-medencebe\/\" class=\"ek-link\"><strong>\u00fasz\u00e1s<\/strong><\/a> vagy a <strong><a href=\"https:\/\/gymbeam.hu\/blog\/a-kerekparozas-segithet-a-labak-es-a-fenek-feszesiteseben-tovabba-a-fogyasban-mire-jo-meg\/\" class=\"ek-link\">ker\u00e9kp\u00e1roz\u00e1s<\/a>.<\/strong> Ezen tev\u00e9kenys\u00e9gekhez ugyanis j\u00f3, ha a szervezet zs\u00edrb\u00f3l is \u00e1ll\u00edt el\u0151 energi\u00e1t, \u00e9s nem csak a k\u00f6nnyen kimer\u00edthet\u0151 sz\u00e9nhidr\u00e1tk\u00e9szletekre hagyatkozik.<\/p>\n\n\n\n<div style=\"height:20px\" aria-hidden=\"true\" class=\"wp-block-spacer\"><\/div>\n\n\n\n<p>A kutat\u00e1sok azonban azt mutatj\u00e1k, hogy a keto di\u00e9ta <strong>nem rendelkezik pozit\u00edvabb hat\u00e1sokkal az aerob tevek\u00e9nys\u00e9gekre,<\/strong> mint egy sz\u00e9nhidr\u00e1tokban gazdag sportol\u00f3i \u00e9trend, s\u0151t egyes esetekben a teljes\u00edtm\u00e9ny m\u00e9g rosszabb is lehet. M\u00edg a test k\u00e9pes j\u00f3 eredm\u00e9nyeket el\u00e9rni, ha keto di\u00e9t\u00e1t k\u00f6vetsz, az <strong>nem vezet jobb \u00e1ll\u00f3k\u00e9pess\u00e9ghez vagy nagyobb intenzit\u00e1shoz.<\/strong> A magyar\u00e1zat az lehet, hogy a maxim\u00e1lis teljes\u00edtm\u00e9nyhez tov\u00e1bbra is sz\u00fcks\u00e9g van a <strong>glikog\u00e9n form\u00e1j\u00e1ban t\u00e1rolt sz\u00e9nhidr\u00e1trakt\u00e1rakra.<\/strong> Az \u00e1ll\u00f3k\u00e9pess\u00e9gi sportol\u00f3k gyakran k\u00f6vetnek magas sz\u00e9nhidr\u00e1ttartalm\u00fa \u00e9trendet, mivel a szervezet egys\u00e9gnyi oxig\u00e9nre vet\u00edtve t\u00f6bb ATP-t \u00e1ll\u00edt el\u0151 sz\u00e9nhidr\u00e1tb\u00f3l, mint zs\u00edrb\u00f3l. Ez\u00e9rt fogyasztanak k\u00fcl\u00f6nf\u00e9le <a href=\"https:\/\/gymbeam.hu\/energia-gelek\" target=\"_blank\" aria-label=\" (opens in a new tab)\" rel=\"noreferrer noopener\" class=\"ek-link\">energia zsel\u00e9ket<\/a> \u00e9s hasonl\u00f3 k\u00e9sz\u00edtm\u00e9nyeket edz\u00e9seik k\u00f6zben. <sup>[2,9,11]<\/sup><\/p>\n\n\n\n<div style=\"height:20px\" aria-hidden=\"true\" class=\"wp-block-spacer\"><\/div>\n\n\n\n<h3 class=\"wp-block-heading\">2. A keto hat\u00e1sa az er\u0151teljes\u00edtm\u00e9nyre<\/h3>\n\n\n\n<p>A tanulm\u00e1nyok szerint a keto \u00e9trend nem eredm\u00e9nyez jelent\u0151sen jobb eredm\u00e9nyeket er\u0151edz\u00e9sek sor\u00e1n a hagyom\u00e1nyos, sz\u00e9nhidr\u00e1tban gazdag \u00e9trendhez k\u00e9pest. Ez az \u00e9tkez\u00e9si megk\u00f6zel\u00edt\u00e9s a jelek szerint <strong>semleges hat\u00e1ssal<\/strong> van az er\u0151re: se nem n\u00f6veli, se nem cs\u00f6kkenti.&nbsp;<sup>[2,9,11]<\/sup><\/p>\n\n\n\n<div style=\"height:20px\" aria-hidden=\"true\" class=\"wp-block-spacer\"><\/div>\n\n\n\n<h3 class=\"wp-block-heading\">3. A keto hat\u00e1sa az izomn\u00f6veked\u00e9sre<\/h3>\n\n\n\n<p>Ha valakinek az els\u0151dleges c\u00e9lja az izomt\u00f6meg-\u00e9p\u00edt\u00e9s, a ketog\u00e9n t\u00e1pl\u00e1lkoz\u00e1s nem felt\u00e9tlen\u00fcl a legjobb v\u00e1laszt\u00e1s, a feh\u00e9rje mellett az izmoknak ugyanis <strong>sz\u00e9nhidr\u00e1tra<\/strong> van sz\u00fcks\u00e9g\u00fck a n\u00f6veked\u00e9shez. Ezt egy tanulm\u00e1ny is meger\u0151s\u00edtette, amely 12 f\u00e9rfit k\u00f6vetett nyomon, akik <strong>nyolc h\u00e9ten \u00e1t<\/strong> keto \u00e9trendet k\u00f6vettek. Azt tal\u00e1lt\u00e1k, hogy az alanyok izomt\u00f6mege nem n\u00f6vekedett az <strong>alacsony sz\u00e9nhidr\u00e1tbevitel\u0171<\/strong> \u00e9s <strong>er\u0151edz\u00e9ssel<\/strong> t\u00f6lt\u00f6tt id\u0151szakban, hi\u00e1ba fogyasztottak 2 g feh\u00e9rj\u00e9t test\u00f6megkilogrammonk\u00e9nt. A keto \u00e9trend azonban hasznos lehet az <strong>izomzat meg\u0151rz\u00e9s\u00e9re,<\/strong> mik\u00f6zben <strong>cs\u00f6kken a testzs\u00edr mennyis\u00e9ge.<\/strong> <sup>[15]<\/sup><\/p>\n\n\n\n<figure class=\"wp-block-image size-full\"><img loading=\"lazy\" decoding=\"async\" width=\"1124\" height=\"749\" src=\"https:\/\/gymbeam.sk\/blog\/wp-content\/uploads\/2024\/08\/spo-1124x749-1.jpg\" alt=\"A keto di\u00e9ta hat\u00e1sa az izomn\u00f6veked\u00e9sre\" class=\"wp-image-608726\" title=\"A keto di\u00e9ta hat\u00e1sa az izomn\u00f6veked\u00e9sre\" srcset=\"https:\/\/gymbeam.com\/blog\/wp-content\/uploads\/2024\/08\/spo-1124x749-1.jpg 1124w, https:\/\/gymbeam.com\/blog\/wp-content\/uploads\/2024\/08\/spo-1124x749-1-400x267.jpg 400w\" sizes=\"auto, (max-width: 1124px) 100vw, 1124px\" \/><\/figure>\n\n\n\n<h2 class=\"wp-block-heading\"><span class=\"ez-toc-section\" id=\"A_keto_dieta_kockazatai\"><\/span>A keto di\u00e9ta kock\u00e1zatai<span class=\"ez-toc-section-end\"><\/span><\/h2>\n\n\n\n<p>M\u00edg a keto di\u00e9ta sz\u00e1mos jelent\u0151s el\u0151nyt biztos\u00edt, vannak, akik sz\u00e1m\u00e1ra probl\u00e9m\u00e1kat okozhat, ez\u00e9rt fontos komolyan megfontolni, vajon neked j\u00f3 v\u00e1laszt\u00e1s-e. A kock\u00e1zatok k\u00fcl\u00f6n\u00f6sen a <strong>hossz\u00fa t\u00e1v\u00fa alkalmaz\u00e1ssal<\/strong> \u00e1llnak kapcsolatban. Az \u00e1ltal\u00e1nos eg\u00e9szs\u00e9gre gyakorolt hat\u00e1sok az \u00e9trendnek t\u00f6bb, mint 2 \u00e9ven \u00e1t tart\u00f3 k\u00f6vet\u00e9se eset\u00e9n jelenleg nem j\u00f3l dokument\u00e1ltak.&nbsp;<sup>[10]<\/sup><\/p>\n\n\n\n<div style=\"height:20px\" aria-hidden=\"true\" class=\"wp-block-spacer\"><\/div>\n\n\n\n<h3 class=\"wp-block-heading\">1. Keto influenz\u00e1t okozhat<\/h3>\n\n\n\n<p>A hagyom\u00e1nyos \u00e9trendr\u0151l a keto di\u00e9t\u00e1ra val\u00f3 \u00e1t\u00e1ll\u00e1s komoly hat\u00e1ssal van a szervezetre. Ez gyakran olyan <strong>r\u00f6vid t\u00e1v\u00fa mell\u00e9khat\u00e1sokhoz<\/strong> vezet, amelyeket <strong>\u201eketo influenza\u201d<\/strong> gy\u0171jt\u0151n\u00e9ven ismer\u00fcnk. Milyen t\u00fcnetek tartoznak ide?<\/p>\n\n\n\n<ul class=\"wp-block-list\">\n<li>\u00c9melyg\u00e9s<\/li>\n\n\n\n<li>Fejf\u00e1j\u00e1s<\/li>\n\n\n\n<li>F\u00e1radts\u00e1g<\/li>\n\n\n\n<li>Sz\u00e9d\u00fcl\u00e9s<\/li>\n\n\n\n<li>\u00c1lmatlans\u00e1g<\/li>\n\n\n\n<li>H\u00e1ny\u00e1s<\/li>\n<\/ul>\n\n\n\n<div style=\"height:20px\" aria-hidden=\"true\" class=\"wp-block-spacer\"><\/div>\n\n\n\n<p>A t\u00fcnetek jellemz\u0151en az \u00e9trend alkalmaz\u00e1s\u00e1nak kezdeti szakasz\u00e1ban jelentkeznek, \u00e9s rendszerint <strong>p\u00e1r napon bel\u00fcl elm\u00falnak.<\/strong> A megfelel\u0151 <a href=\"https:\/\/gymbeam.hu\/blog\/hogyan-hat-a-tul-keves-vizfogyasztas-az-egeszsegunkre\/\" target=\"_blank\" aria-label=\" (opens in a new tab)\" rel=\"noreferrer noopener\" class=\"ek-link\"><strong>hidrat\u00e1ci\u00f3<\/strong><\/a> \u00e9s az <strong><a href=\"https:\/\/gymbeam.hu\/electrolyte-tabs-gymbeam.html\" class=\"ek-link\">elektrolitok<\/a>,<\/strong> valamint m\u00e1s esszenci\u00e1lis <strong>mikrot\u00e1panyagok<\/strong> bevitele seg\u00edthet m\u00e9rs\u00e9kelni a t\u00fcneteket. Ha azonban nem m\u00falnak, esetleg rosszabbodnak, \u00e9rdemes lehet megfontolni, hogy a ketog\u00e9n \u00e9trend vajon j\u00f3 v\u00e1laszt\u00e1s-e. <sup>[10]<\/sup><\/p>\n\n\n\n<div style=\"height:20px\" aria-hidden=\"true\" class=\"wp-block-spacer\"><\/div>\n\n\n\n<h3 class=\"wp-block-heading\">2. T\u00e1panyaghi\u00e1ny l\u00e9phet fel<\/h3>\n\n\n\n<p>A keto di\u00e9ta sz\u00e1mos \u00e9lelmiszer, s\u0151t teljes \u00e9lelmiszercsoportok fogyaszt\u00e1s\u00e1t korl\u00e1tozza. Ennek eredm\u00e9nyek\u00e9ppen fenn\u00e1ll annak a kock\u00e1zata, hogy a szervezet nem jut el\u00e9g <strong><a href=\"https:\/\/gymbeam.hu\/blog\/atfogo-utmutato-a-vitaminokhoz-mire-jok-honnan-lehet-tudni-hogy-mikor-keves-es-mennyit-kell-bevenni\/\" target=\"_blank\" aria-label=\" (opens in a new tab)\" rel=\"noreferrer noopener\" class=\"ek-link\">vitaminhoz<\/a>, <a href=\"https:\/\/gymbeam.hu\/blog\/teljes-utmutato-az-asvanyi-anyagokrol-feladatok-ajanlott-napi-bevitel-hianyossagok\/\" class=\"ek-link\">\u00e1sv\u00e1nyi anyaghoz<\/a><\/strong> \u00e9s m\u00e1s <strong>esszenci\u00e1lis t\u00e1panyaghoz.<\/strong><\/p>\n\n\n\n<div style=\"height:20px\" aria-hidden=\"true\" class=\"wp-block-spacer\"><\/div>\n\n\n\n<h4 class=\"wp-block-heading\">Miben szenvedhet hi\u00e1nyt a szervezet?<\/h4>\n\n\n\n<ul class=\"wp-block-list\">\n<li><strong><a href=\"https:\/\/gymbeam.hu\/blog\/rost-elelmiszer-elonyok\/\" target=\"_blank\" aria-label=\" (opens in a new tab)\" rel=\"noreferrer noopener\" class=\"ek-link\">Rostok<\/a>:<\/strong> Mivel a keto \u00e9trend gyakorlatilag kiz\u00e1rja a <strong>gabonaf\u00e9l\u00e9k, <a href=\"https:\/\/gymbeam.hu\/huvelyesek\" class=\"ek-link\">h\u00fcve<\/a><a href=\"https:\/\/gymbeam.hu\/huvelyesek\" target=\"_blank\" aria-label=\"l (opens in a new tab)\" rel=\"noreferrer noopener\" class=\"ek-link\">l<\/a><a href=\"https:\/\/gymbeam.hu\/huvelyesek\" class=\"ek-link\">yesek<\/a>, gy\u00fcm\u00f6lcs\u00f6k<\/strong> \u00e9s egyes <strong>z\u00f6lds\u00e9gek<\/strong> fogyaszt\u00e1s\u00e1t, amelyek \u00e9trend\u00fcnk f\u0151 rostforr\u00e1sai, fontos, hogy rosttartalm\u00fa <a href=\"https:\/\/gymbeam.hu\/rostok\" target=\"_blank\" aria-label=\" (opens in a new tab)\" rel=\"noreferrer noopener\" class=\"ek-link\">\u00e9trend-kieg\u00e9sz\u00edt\u0151k<\/a> fogyaszt\u00e1s\u00e1val akad\u00e1lyozd meg a <strong>sz\u00e9kreked\u00e9s<\/strong> \u00e9s m\u00e1s <strong>em\u00e9szt\u00e9si<\/strong> \u00e9s eg\u00e9szs\u00e9g\u00fcgyi probl\u00e9m\u00e1k kialakul\u00e1s\u00e1t.<\/li>\n\n\n\n<li><strong><a href=\"https:\/\/gymbeam.hu\/blog\/c-vitamin-minden-amit-tudnod-kell-rola-amig-meg-nem-keso\/\" target=\"_blank\" aria-label=\" (opens in a new tab)\" rel=\"noreferrer noopener\" class=\"ek-link\">C-vitamin<\/a>:<\/strong> Els\u0151sorban <strong>gy\u00fcm\u00f6lcs\u00f6kben<\/strong> \u00e9s <strong>z\u00f6lds\u00e9gekben<\/strong> tal\u00e1lhat\u00f3 meg, \u00edgy hi\u00e1nybetegs\u00e9ge alakulhat ki. A C-vitamin n\u00e9lk\u00fcl\u00f6zhetetlen a megfelel\u0151 <strong>immunm\u0171k\u00f6d\u00e9shez<\/strong> \u00e9s <strong><a href=\"https:\/\/gymbeam.hu\/zselatin\" class=\"ek-link\">kollag\u00e9ntermel\u00e9shez<\/a>.<\/strong> Hogy gondoskodj az el\u00e9gs\u00e9ges napi bevitelr\u0151l, <a href=\"https:\/\/gymbeam.hu\/c-vitamin-1000-mg-gym-beam.html\" class=\"ek-link\">hagyom\u00e1nyos<\/a> vagy <a href=\"https:\/\/gymbeam.hu\/c-vitamin-1000-mg-gymbeam-20-tab.html\" target=\"_blank\" aria-label=\" (opens in a new tab)\" rel=\"noreferrer noopener\" class=\"ek-link\">pezsg\u0151tabletta<\/a>, illetve <a href=\"https:\/\/gymbeam.hu\/vitamin-c-gymbeam.html\" target=\"_blank\" aria-label=\" (opens in a new tab)\" rel=\"noreferrer noopener\" class=\"ek-link\">por<\/a> form\u00e1j\u00e1ban is fogyaszthatod.<\/li>\n\n\n\n<li><strong><a href=\"https:\/\/gymbeam.hu\/magnezium\" class=\"ek-link\">Magn\u00e9zium<\/a>:<\/strong> Els\u0151sorban <a href=\"http:\/\/Gabon\u00e1k \u00e9s gabonapelyhek\" class=\"ek-link\">gabonaf\u00e9l\u00e9kben<\/a> tal\u00e1lhat\u00f3 meg, amelyek nem r\u00e9szei a keto di\u00e9t\u00e1nak. <a href=\"https:\/\/gymbeam.hu\/chelated-magnesium-gymbeam.html\" target=\"_blank\" aria-label=\" (opens in a new tab)\" rel=\"noreferrer noopener\" class=\"ek-link\">Kapszula<\/a>, <a href=\"https:\/\/gymbeam.hu\/magnesium-chelate-b6-gymbeam.html\" class=\"ek-link\">pezsg\u0151tabletta<\/a>, de ak\u00e1r <a href=\"https:\/\/gymbeam.hu\/magnesium-shot-gymbeam.html\" target=\"_blank\" aria-label=\" (opens in a new tab)\" rel=\"noreferrer noopener\" class=\"ek-link\">shot<\/a> form\u00e1j\u00e1ban is bevihet\u0151. A <a href=\"https:\/\/gymbeam.hu\/blog\/gorcsok-faradtsag-ingerlekenyseg-es-alvas-mit-befolyasol-meg-a-magnezium\/\" class=\"ek-link\">magn\u00e9ziumra<\/a> <strong>az izomzat \u00e9s az idegrendszer megfelel\u0151 m\u0171k\u00f6d\u00e9se, illetve a ment\u00e1lis eg\u00e9szs\u00e9g fenntart\u00e1sa<\/strong> miatt van sz\u00fcks\u00e9g.<\/li>\n\n\n\n<li><strong><a href=\"https:\/\/gymbeam.hu\/d-vitamin\" target=\"_blank\" aria-label=\" (opens in a new tab)\" rel=\"noreferrer noopener\" class=\"ek-link\">D-vitamin<\/a>:<\/strong> Szint\u00e9n kialakulhat a hi\u00e1nybetegs\u00e9ge, mivel a keto di\u00e9ta korl\u00e1tozza a tejterm\u00e9kek fogyaszt\u00e1s\u00e1t. Ez a vitamin a megfelel\u0151 <strong>immunm\u0171k\u00f6d\u00e9s,<\/strong> valamint a <strong>csontok<\/strong> \u00e9s az <strong>izomzat<\/strong> eg\u00e9szs\u00e9g\u00e9nek fenntart\u00e1s\u00e1hoz sz\u00fcks\u00e9ges.<\/li>\n\n\n\n<li><strong><a href=\"https:\/\/gymbeam.hu\/b-vitamin\" target=\"_blank\" aria-label=\" (opens in a new tab)\" rel=\"noreferrer noopener\" class=\"ek-link\">B-vitaminok<\/a>:<\/strong> Szinte minden \u00e9lelmiszerben megtal\u00e1lhat\u00f3k, de n\u00e9melyik jellemz\u0151en olyanokban, amelyeket a keto di\u00e9ta korl\u00e1toz: ilyen p\u00e9ld\u00e1ul a <a href=\"https:\/\/gymbeam.hu\/b1-vitamin-gymbeam.html\" class=\"ek-link\">tiamin (B1-vitamin)<\/a> vagy a <a href=\"https:\/\/gymbeam.hu\/folsav-gymbeam.html\" target=\"_blank\" aria-label=\" (opens in a new tab)\" rel=\"noreferrer noopener\" class=\"ek-link\">folsav<\/a>, amelyek f\u0151leg <strong>gabonaf\u00e9l\u00e9kben<\/strong> \u00e9s <strong>h\u00fcvelyesekben<\/strong> fordulnak el\u0151. A B-vitaminok n\u00e9lk\u00fcl\u00f6zhetetlenek az <strong>anyagcser\u00e9hez,<\/strong> \u00e9s fontos szerepet j\u00e1tszanak az <strong>immun-, idegi<\/strong> \u00e9s m\u00e1s funkci\u00f3kban, \u00edgy nem szabad mell\u0151zni \u0151ket az \u00e9trend\u00fcnkben.<\/li>\n\n\n\n<li><strong><a href=\"https:\/\/gymbeam.hu\/kalcium\" target=\"_blank\" aria-label=\" (opens in a new tab)\" rel=\"noreferrer noopener\" class=\"ek-link\">Kalcium<\/a>:<\/strong> F\u0151leg <strong>tejterm\u00e9kekben<\/strong> tal\u00e1lhat\u00f3 meg, amelyek nincsenek jelen a keto \u00e9tkez\u00e9sben. A bevitel\u00e9vel gondoskodhatunk r\u00f3la, hogy a <strong>csontok,<\/strong> a <strong>fogak<\/strong> \u00e9s az <strong>idegrendszer<\/strong> el\u00e9g kalciumhoz jusson.<strong> <\/strong><sup>[19]<\/sup><\/li>\n<\/ul>\n\n\n\n<div style=\"height:20px\" aria-hidden=\"true\" class=\"wp-block-spacer\"><\/div>\n\n\n\n<p>Hogy elker\u00fcld a hi\u00e1nybetegs\u00e9gek kialakul\u00e1s\u00e1t, fontos, hogy a keto di\u00e9t\u00e1dat j\u00f3l tervezd meg, \u00e9s gondoskodj az enged\u00e9lyezett <strong>z\u00f6lds\u00e9gek, min\u0151s\u00e9gi zs\u00edrforr\u00e1sok<\/strong> \u00e9s <strong>\u00e9trend-kieg\u00e9sz\u00edt\u0151k<\/strong> megfelel\u0151 bevitel\u00e9r\u0151l.<\/p>\n\n\n\n<figure class=\"wp-block-image size-large\"><img loading=\"lazy\" decoding=\"async\" width=\"1124\" height=\"749\" src=\"https:\/\/gymbeam.sk\/blog\/wp-content\/uploads\/2024\/08\/cz_kamila_pavlickova_102022_04--1124x749.png\" alt=\"A keto di\u00e9ta hat\u00e1sai a cukorbetegs\u00e9gre\" class=\"wp-image-608742\" title=\"A keto di\u00e9ta hat\u00e1sai a cukorbetegs\u00e9gre\" srcset=\"https:\/\/gymbeam.com\/blog\/wp-content\/uploads\/2024\/08\/cz_kamila_pavlickova_102022_04--1124x749.png 1124w, https:\/\/gymbeam.com\/blog\/wp-content\/uploads\/2024\/08\/cz_kamila_pavlickova_102022_04--400x267.png 400w, https:\/\/gymbeam.com\/blog\/wp-content\/uploads\/2024\/08\/cz_kamila_pavlickova_102022_04--1536x1024.png 1536w, https:\/\/gymbeam.com\/blog\/wp-content\/uploads\/2024\/08\/cz_kamila_pavlickova_102022_04--2048x1365.png 2048w\" sizes=\"auto, (max-width: 1124px) 100vw, 1124px\" \/><\/figure>\n\n\n\n<h3 class=\"wp-block-heading\">3. Em\u00e9szt\u00e9si probl\u00e9m\u00e1kat okozhat<\/h3>\n\n\n\n<p>A keto di\u00e9ta alacsony rost- \u00e9s magas zs\u00edrtartalm\u00fa, \u00e9s ez a kombin\u00e1ci\u00f3 em\u00e9szt\u00e9si gondokra hajlamos\u00edthat. K\u00fcl\u00f6nf\u00e9le probl\u00e9m\u00e1k jelentkezhetnek, k\u00f6zt\u00fck <strong>puffad\u00e1s, <a href=\"https:\/\/gymbeam.hu\/blog\/a-hasi-puffadas-es-hogyan-kuzdhetjuk-le\/\" target=\"_blank\" aria-label=\" (opens in a new tab)\" rel=\"noreferrer noopener\" class=\"ek-link\">szelek<\/a>, szab\u00e1lytalan b\u00e9lmozg\u00e1s, hasmen\u00e9s vagy sz\u00e9kreked\u00e9s.<\/strong> Ez\u00e9rt fontos, hogy elegend\u0151 z\u00f6lds\u00e9get \u00e9s rosttartalm\u00fa \u00e9trend-kieg\u00e9sz\u00edt\u0151t fogyassz, \u00e9s gondoskodj a <strong>hidrat\u00e1ci\u00f3r\u00f3l<\/strong> \u00e9s a megfelel\u0151 <strong>fizikai aktivit\u00e1sr\u00f3l. <\/strong><sup>[10]<\/sup><\/p>\n\n\n\n<div style=\"height:20px\" aria-hidden=\"true\" class=\"wp-block-spacer\"><\/div>\n\n\n\n<h3 class=\"wp-block-heading\">4. Negat\u00edv hat\u00e1sai lehetnek a ment\u00e1lis eg\u00e9szs\u00e9gre<\/h3>\n\n\n\n<p>Mint m\u00e1s szigor\u00fa \u00e9s megszor\u00edt\u00f3 \u00e9trendek, a keto \u00e9tkez\u00e9s is hat\u00e1ssal lehet a <strong>ment\u00e1lis eg\u00e9szs\u00e9gre.<\/strong> Ak\u00e1r tetszik, ak\u00e1r nem, az \u00e9tkez\u00e9s fontos szerepet j\u00e1tszik mindennapi \u00e9let\u00fcnkben, \u00e9s befoly\u00e1solja, hogyan \u00e9rezz\u00fck magunkat. \u00c9s term\u00e9szetesen mind tudjuk, hogy jobban \u00e9rezz\u00fck magunkat, ha <strong>\u00e9lvezz\u00fck<\/strong> az \u00e9teleket. A keto di\u00e9ta azonban annyira megszor\u00edt\u00f3, hogy sokak sz\u00e1m\u00e1ra ink\u00e1bb <strong>terhet<\/strong> jelent, mintsem \u00f6r\u00f6met. A komoly korl\u00e1toz\u00e1sok gyakran v\u00e1ltanak ki <strong>stresszt<\/strong> vagy <strong>frusztr\u00e1ci\u00f3t,<\/strong> \u00e9s ak\u00e1r szoci\u00e1lis izol\u00e1ci\u00f3hoz is vezethetnek, mivel az egy\u00e9n elkezdheti ker\u00fclni a t\u00e1rsas\u00e1gi esem\u00e9nyeket, ahol olyan \u00e9telek jelennek meg, amelyeket a keto \u00e9trend tilt.<\/p>\n\n\n\n<div style=\"height:20px\" aria-hidden=\"true\" class=\"wp-block-spacer\"><\/div>\n\n\n\n<p>Az ilyen szigor\u00fa szab\u00e1lyoz\u00e1s <strong>eg\u00e9szs\u00e9gtelen kapcsolat<\/strong> kialakul\u00e1s\u00e1hoz vezethet <strong>az \u00e9telekkel.<\/strong> A szigor\u00fa di\u00e9ta gyakran fokozza a <strong><a href=\"https:\/\/gymbeam.hu\/blog\/eveszavarok-miert-jelentkeznek-mik-a-tuneteik-es-kovetkezmenyeik\/\" target=\"_blank\" aria-label=\" (opens in a new tab)\" rel=\"noreferrer noopener\" class=\"ek-link\">t\u00e1pl\u00e1lkoz\u00e1si zavarok<\/a>,<\/strong> p\u00e9ld\u00e1ul az <strong>orthorexia<\/strong> (szinte megsz\u00e1llott f\u00f3kusz az eg\u00e9szs\u00e9ges \u00e9tkez\u00e9sen) vagy a <strong>m\u00e9rt\u00e9ktelen ev\u00e9s<\/strong> kialakul\u00e1s\u00e1nak kock\u00e1zat\u00e1t. Ha keto di\u00e9t\u00e1t fontolgatsz, mindenk\u00e9ppen vedd figyelembe a ment\u00e1lis eg\u00e9szs\u00e9gre gyakorolt potenci\u00e1lis kedvez\u0151tlen hat\u00e1sait.<\/p>\n\n\n\n<figure class=\"wp-block-image size-large\"><img loading=\"lazy\" decoding=\"async\" width=\"1124\" height=\"750\" src=\"https:\/\/gymbeam.sk\/blog\/wp-content\/uploads\/2024\/08\/iStock-947804676-1124x750.jpg\" alt=\"A keto di\u00e9ta hat\u00e1sai a ment\u00e1lis eg\u00e9szs\u00e9gre\" class=\"wp-image-608758\" title=\"A keto di\u00e9ta hat\u00e1sai a ment\u00e1lis eg\u00e9szs\u00e9gre\" srcset=\"https:\/\/gymbeam.com\/blog\/wp-content\/uploads\/2024\/08\/iStock-947804676-1124x750.jpg 1124w, https:\/\/gymbeam.com\/blog\/wp-content\/uploads\/2024\/08\/iStock-947804676-400x267.jpg 400w, https:\/\/gymbeam.com\/blog\/wp-content\/uploads\/2024\/08\/iStock-947804676-1536x1024.jpg 1536w, https:\/\/gymbeam.com\/blog\/wp-content\/uploads\/2024\/08\/iStock-947804676-2048x1366.jpg 2048w\" sizes=\"auto, (max-width: 1124px) 100vw, 1124px\" \/><\/figure>\n\n\n\n<h3 class=\"wp-block-heading\">5. Kellemetlen sz\u00e1jszagot okozhat<\/h3>\n\n\n\n<p>Szokatlan t\u00fcnetnek t\u0171nik? R\u00f6gt\u00f6n \u00e9rthet\u0151 lesz, ha megtudod, hogy a ket\u00f3zis sor\u00e1n l\u00e9trej\u00f6v\u0151 ketonvegy\u00fcletek egyike az <strong>aceton,<\/strong> amelyet a k\u00f6r\u00f6mlakklemos\u00f3k egyik \u00f6sszetev\u0151jek\u00e9nt ismerhetsz. Ez az anyag a ket\u00f3zis \u00e1llapot\u00e1ban termel\u0151dik a szervezetben, \u00e9s b\u00e1r maga az acetontermel\u00e9s nem k\u00e1ros, ha eg\u00e9szs\u00e9ges hat\u00e1ron bel\u00fcl marad, <strong>kellemetlen sz\u00e1jszagot<\/strong> okozhat.<\/p>\n\n\n\n<div style=\"height:20px\" aria-hidden=\"true\" class=\"wp-block-spacer\"><\/div>\n\n\n\n<h3 class=\"wp-block-heading\">6. Milyen egy\u00e9b kock\u00e1zatai vannak a keto di\u00e9t\u00e1nak?<\/h3>\n\n\n\n<ul class=\"wp-block-list\">\n<li>Negat\u00edv hat\u00e1st gyakorolhat a <strong>v\u00e9r lipidprofilj\u00e1ra<\/strong> \u00e9s <strong>koleszterinszintj\u00e9re.<\/strong> Ahogy fentebb m\u00e1r eml\u00edtett\u00fck, ezt az \u00e9trendben megtal\u00e1lhat\u00f3 zs\u00edrok nem megfelel\u0151 \u00f6sszet\u00e9tele okozhatja.<\/li>\n\n\n\n<li><strong>Epek\u0151 kialakul\u00e1s\u00e1hoz<\/strong> vezethet.<\/li>\n\n\n\n<li>Fenn\u00e1ll az <strong>izomt\u00f6megveszt\u00e9s<\/strong> kock\u00e1zata.<\/li>\n\n\n\n<li>Egyes tanulm\u00e1nyok szerint <strong>ronthatja a kognit\u00edv funkci\u00f3kat<\/strong> (pl. a mem\u00f3ri\u00e1t, koncentr\u00e1ci\u00f3t stb.).&nbsp;<sup>[20]<\/sup><\/li>\n<\/ul>\n\n\n\n<div style=\"height:20px\" aria-hidden=\"true\" class=\"wp-block-spacer\"><\/div>\n\n\n\n<h2 class=\"wp-block-heading\"><span class=\"ez-toc-section\" id=\"Kinek_nem_ajanlott_a_keto_dieta\"><\/span>Kinek nem aj\u00e1nlott a keto di\u00e9ta?<span class=\"ez-toc-section-end\"><\/span><\/h2>\n\n\n\n<p>Mivel a keto di\u00e9ta nagyon szigor\u00fa \u00e9s megszor\u00edt\u00f3 \u00e9trend, egy\u00e9rtelm\u0171en nem val\u00f3 mindenkinek. Ahogy olvashattad, m\u00e9g <strong>eg\u00e9szs\u00e9ges, t\u00f6k\u00e9letes \u00e1llapotban l\u00e9v\u0151 egy\u00e9neknek<\/strong> is gondokat okozhat, ez\u00e9rt mindenkinek, aki a megkezd\u00e9s\u00e9t fontolgatja, alaposan <strong>\u00e1t kell gondolnia,<\/strong> \u00e9s vannak, akiknek <strong>abszol\u00fat nem aj\u00e1nlott<\/strong> a ketog\u00e9n \u00e9trend. Kik ezek?<\/p>\n\n\n\n<div style=\"height:20px\" aria-hidden=\"true\" class=\"wp-block-spacer\"><\/div>\n\n\n\n<ul class=\"wp-block-list\">\n<li>V\u00e1rand\u00f3s \u00e9s szoptat\u00f3 n\u0151k<\/li>\n\n\n\n<li>Gyermekek<\/li>\n\n\n\n<li>T\u00e1pl\u00e1lkoz\u00e1si zavarokkal k\u00fczd\u0151k<\/li>\n\n\n\n<li>M\u00e1j-, hasny\u00e1lmirigy- vagy epeh\u00f3lyag-probl\u00e9m\u00e1kkal k\u00fczd\u0151k<\/li>\n\n\n\n<li>Bizonyos anyagcsere-rendelleness\u00e9gekkel, p\u00e9ld\u00e1ul lipidanyagcsere-zavarokkal stb. k\u00fczd\u0151k.&nbsp;<sup>[24]<\/sup><\/li>\n<\/ul>\n\n\n\n<div style=\"height:20px\" aria-hidden=\"true\" class=\"wp-block-spacer\"><\/div>\n\n\n\n<p>L\u00e9tezhetnek m\u00e1s esetek is, amikor a ketog\u00e9n \u00e9trend nem a legjobb \u00f6tlet. Ez\u00e9rt ha te vagy egy ismer\u0151s\u00f6d fontolgatja, hogy belev\u00e1g, javasolt el\u0151tte szakemberrel egyeztetni.<\/p>\n\n\n\n<div style=\"height:20px\" aria-hidden=\"true\" class=\"wp-block-spacer\"><\/div>\n\n\n\n<h2 class=\"wp-block-heading\"><span class=\"ez-toc-section\" id=\"Kinek_ajanlott_a_keto_dieta\"><\/span>Kinek aj\u00e1nlott a keto di\u00e9ta?<span class=\"ez-toc-section-end\"><\/span><\/h2>\n\n\n\n<p>A keto di\u00e9ta egy\u00e9rtelm\u0171en nem olyan \u00e9trend, amely mindenkinek javasolt lenne. Vannak azonban olyanok, akik sz\u00e1m\u00e1ra megfelel\u0151 lehet. Kik sz\u00e1m\u00e1ra j\u00e1rhat el\u0151ny\u00f6kkel?<\/p>\n\n\n\n<div style=\"height:20px\" aria-hidden=\"true\" class=\"wp-block-spacer\"><\/div>\n\n\n\n<ul class=\"wp-block-list\">\n<li>Eg\u00e9szs\u00e9ges egy\u00e9nek, akik <strong>alternat\u00edv \u00e9tkez\u00e9si m\u00f3dot<\/strong> keresnek, \u00e9s el\u0151nyben r\u00e9szes\u00edtik a <strong>sz\u00e9nhidr\u00e1tmentes \u00e9trendet.<\/strong><\/li>\n\n\n\n<li>Azok, akik <strong>fogyni<\/strong> szeretn\u00e9nek.<\/li>\n\n\n\n<li>Azok, akik nem tapasztalnak <strong>em\u00e9szt\u00e9si probl\u00e9m\u00e1kat magas zs\u00edrtartalm\u00fa \u00e9trend<\/strong> k\u00f6vet\u00e9se idej\u00e9n.<\/li>\n\n\n\n<li>Azok, akik szeretik, ha \u00e9trendj\u00fck <strong>egy\u00e9rtelm\u0171 szab\u00e1lyokon<\/strong> alapul.<\/li>\n<\/ul>\n\n\n\n<figure class=\"wp-block-image size-large\"><img loading=\"lazy\" decoding=\"async\" width=\"1124\" height=\"749\" src=\"https:\/\/gymbeam.sk\/blog\/wp-content\/uploads\/2024\/08\/cz_kamila_pavlickova_082022_01-1-1124x749.png\" alt=\"Kik sz\u00e1m\u00e1ra aj\u00e1nlott a keto di\u00e9ta?\" class=\"wp-image-608774\" title=\"Kik sz\u00e1m\u00e1ra aj\u00e1nlott a keto di\u00e9ta?\" srcset=\"https:\/\/gymbeam.com\/blog\/wp-content\/uploads\/2024\/08\/cz_kamila_pavlickova_082022_01-1-1124x749.png 1124w, https:\/\/gymbeam.com\/blog\/wp-content\/uploads\/2024\/08\/cz_kamila_pavlickova_082022_01-1-400x267.png 400w, https:\/\/gymbeam.com\/blog\/wp-content\/uploads\/2024\/08\/cz_kamila_pavlickova_082022_01-1-1536x1024.png 1536w, https:\/\/gymbeam.com\/blog\/wp-content\/uploads\/2024\/08\/cz_kamila_pavlickova_082022_01-1-2048x1365.png 2048w\" sizes=\"auto, (max-width: 1124px) 100vw, 1124px\" \/><\/figure>\n\n\n\n<h2 class=\"wp-block-heading\"><span class=\"ez-toc-section\" id=\"Egeszseges_a_keto_dieta\"><\/span>Eg\u00e9szs\u00e9ges a keto di\u00e9ta?<span class=\"ez-toc-section-end\"><\/span><\/h2>\n\n\n\n<p>Ezt a k\u00e9rd\u00e9st nem lehets\u00e9ges egys\u00e9gesen megv\u00e1laszolni. Att\u00f3l f\u00fcgg, hogy <strong>ki k\u00f6veti, \u00e9s hogyan \u00e9p\u00fcl fel az \u00e9trend.<\/strong> Hogy eg\u00e9szs\u00e9ges legyen, az \u00e9trendnek <strong>fenntarthat\u00f3nak<\/strong> kell lennie, \u00e9s \u00fagy kell azt k\u00f6vetni, hogy <strong>kiz\u00e1rhassuk a lehets\u00e9ges eg\u00e9szs\u00e9g\u00fcgyi komplik\u00e1ci\u00f3kat.<\/strong> Mivel ez egy nagyon szigor\u00fa \u00e9trend, k\u00f6nny\u0171 elmulasztani bizonyos dolgokat, ez\u00e9rt \u00e9rdemes szakemberrel konzult\u00e1lni miatta.<\/p>\n\n\n\n<div style=\"height:20px\" aria-hidden=\"true\" class=\"wp-block-spacer\"><\/div>\n\n\n\n<h2 class=\"wp-block-heading\"><span class=\"ez-toc-section\" id=\"Hogyan_kell_belevagni_a_keto_dietaba\"><\/span>Hogyan kell belev\u00e1gni a keto di\u00e9t\u00e1ba?<span class=\"ez-toc-section-end\"><\/span><\/h2>\n\n\n\n<p>Figyelembe vetted az \u00e9rveket \u00e9s az ellen\u00e9rveket, \u00e9s \u00fagy d\u00f6nt\u00f6tt\u00e9l, belev\u00e1gsz? Ha igen, vannak olyan fontos l\u00e9p\u00e9sek, amelyeket nem aj\u00e1nlott kihagyni. Hogyan csin\u00e1ld j\u00f3l?<\/p>\n\n\n\n<div style=\"height:20px\" aria-hidden=\"true\" class=\"wp-block-spacer\"><\/div>\n\n\n\n<ul class=\"wp-block-list\">\n<li><strong>Tudj meg min\u00e9l t\u00f6bbet a keto di\u00e9t\u00e1r\u00f3l.<\/strong> Hogy a legt\u00f6bbet hozhasd ki bel\u0151le, fontos meg\u00e9rteni, hogyan m\u0171k\u00f6dik, \u00e9s mik az alapelvek.<\/li>\n\n\n\n<li>Besz\u00e9ld meg a d\u00f6nt\u00e9sedet egy <strong>t\u00e1pl\u00e1lkoz\u00e1si szak\u00e9rt\u0151vel.<\/strong><\/li>\n\n\n\n<li>K\u00e9sz\u00fclj fel el\u0151re a lehets\u00e9ges <strong>mell\u00e9khat\u00e1sokra,<\/strong> amelyek a di\u00e9ta els\u0151 szakasz\u00e1ban fell\u00e9phetnek.<\/li>\n\n\n\n<li>Hat\u00e1rozd meg az <strong>energia<\/strong> \u00e9s a <strong>t\u00e1panyagok<\/strong> megfelel\u0151 mennyis\u00e9g\u00e9t.<\/li>\n\n\n\n<li>Tervezd meg <strong>el\u0151re<\/strong> az \u00e9tkez\u00e9seidet.<\/li>\n\n\n\n<li>K\u00eds\u00e9rd figyelemmel a <strong>halad\u00e1sodat.<\/strong><\/li>\n\n\n\n<li>Gondoskodj a megfelel\u0151 <strong>hidrat\u00e1ci\u00f3r\u00f3l.<\/strong><\/li>\n\n\n\n<li>Ne hanyagold el a <strong>testmozg\u00e1st.<\/strong><\/li>\n\n\n\n<li>Szedj <strong>\u00e9trend-kieg\u00e9sz\u00edt\u0151ket,<\/strong> ha sz\u00fcks\u00e9ges.<\/li>\n\n\n\n<li>K\u00f6vesd nyomon <strong>az \u00e9trendnek a szervezetedre gyakorolt hat\u00e1sait.<\/strong><\/li>\n<\/ul>\n\n\n\n<div style=\"height:20px\" aria-hidden=\"true\" class=\"wp-block-spacer\"><\/div>\n\n\n\n<h2 class=\"wp-block-heading\"><span class=\"ez-toc-section\" id=\"Milyen_elelmiszerek_fogyaszthatok_a_keto_dieta_reszekent\"><\/span>Milyen \u00e9lelmiszerek fogyaszthat\u00f3k a keto di\u00e9ta r\u00e9szek\u00e9nt?<span class=\"ez-toc-section-end\"><\/span><\/h2>\n\n\n\n<p>A keto di\u00e9ta csak olyan \u00e9lelmiszerek fogyaszt\u00e1s\u00e1t enged\u00e9lyezi, amelyek <strong>minim\u00e1lis sz\u00e9nhidr\u00e1ttartalommal<\/strong> rendelkeznek. Mely \u00e9lelmiszerek ezek?<\/p>\n\n\n\n<div style=\"height:20px\" aria-hidden=\"true\" class=\"wp-block-spacer\"><\/div>\n\n\n\n<ul class=\"wp-block-list\">\n<li><strong>\u00c1llati eredet\u0171 feh\u00e9rj\u00e9t tartalmaz\u00f3 \u00e9lelmiszerek:<\/strong> h\u00fas, <a href=\"https:\/\/gymbeam.hu\/halak\" target=\"_blank\" aria-label=\" (opens in a new tab)\" rel=\"noreferrer noopener\" class=\"ek-link\">hal<\/a>, tenger gy\u00fcm\u00f6lcsei, toj\u00e1s<\/li>\n\n\n\n<li><strong>Magas zs\u00edrtartalm\u00fa \u00e9lelmiszerek:<\/strong> <a href=\"https:\/\/gymbeam.hu\/olajok\" target=\"_blank\" aria-label=\" (opens in a new tab)\" rel=\"noreferrer noopener\" class=\"ek-link\">n\u00f6v\u00e9nyi olajok<\/a>, avok\u00e1d\u00f3, vaj, sajtok (els\u0151sorban kem\u00e9ny sajtok), <a href=\"https:\/\/gymbeam.hu\/diok-es-magok\" target=\"_blank\" aria-label=\" (opens in a new tab)\" rel=\"noreferrer noopener\" class=\"ek-link\">di\u00f3f\u00e9l\u00e9k \u00e9s magvak<\/a> (korl\u00e1tozott mennyis\u00e9gben a sz\u00e9nhidr\u00e1ttartalom miatt)<\/li>\n\n\n\n<li><strong>Alacsony sz\u00e9nhidr\u00e1ttartalm\u00fa z\u00f6lds\u00e9gek:<\/strong> leveles z\u00f6lds\u00e9gek, keresztesvir\u00e1g\u00faak (brokkoli, karfiol, k\u00e1poszta stb.), uborka, zeller, \u00e9des paprika, cukkini&nbsp;<sup>[22]<\/sup><\/li>\n<\/ul>\n\n\n\n<div style=\"height:20px\" aria-hidden=\"true\" class=\"wp-block-spacer\"><\/div>\n\n\n\n<p>Manaps\u00e1g nem sz\u00fcks\u00e9ges kiz\u00e1r\u00f3lag ezekre az alapanyagokra hagyatkozni. El\u00e9rhet\u0151k k\u00fcl\u00f6nf\u00e9le <strong>low-carb \u00e9lelmiszerek,<\/strong> ezek pedig kiv\u00e1lthatj\u00e1k a lista azon elemeit, amelyek valakik sz\u00e1m\u00e1ra nem alkalmasak. A keto di\u00e9t\u00e1t k\u00f6vet\u0151k v\u00e1laszthatnak alacsony sz\u00e9nhidr\u00e1ttartalm\u00fa kenyeret \u00e9s m\u00e1s s\u00fclt term\u00e9keket, <a href=\"https:\/\/gymbeam.hu\/bio-zero-fettuccine-385g-gymbeam.html\" target=\"_blank\" aria-label=\" (opens in a new tab)\" rel=\"noreferrer noopener\" class=\"ek-link\">t\u00e9szt\u00e1t<\/a>, de ak\u00e1r <a href=\"https:\/\/gymbeam.hu\/bio-zero-rizs-385g-gymbeam.html\" class=\"ek-link\">sz\u00e9nhidr\u00e1tmentes rizst<\/a> is.<\/p>\n\n\n\n<div style=\"height:20px\" aria-hidden=\"true\" class=\"wp-block-spacer\"><\/div>\n\n\n\n<h3 class=\"wp-block-heading\">Van-e helye a bulletproof k\u00e1v\u00e9nak a keto di\u00e9t\u00e1ban?<\/h3>\n\n\n\n<p>Azok kedv\u00e9\u00e9rt, akik nem ismerik: a bulletproof k\u00e1v\u00e9hoz <strong>zs\u00edrt adnak,<\/strong> \u00e9s kimondottan a keto di\u00e9ta r\u00e9szek\u00e9nt sz\u00fcletett meg. A klasszikus feketek\u00e1v\u00e9ba <strong>vaj, k\u00f3kuszzs\u00edr<\/strong> vagy <strong>MCT olaj<\/strong> ker\u00fcl. A rajong\u00f3k ak\u00e1r <strong>fel is verhetik<\/strong> a k\u00e1v\u00e9t, amely \u00edgy <strong>latt\u00e9hoz hasonl\u00f3<\/strong> \u00edzt kap. Ezt az italt jellemz\u0151en reggel fogyasztj\u00e1k, gyakorta reggeli helyett. Azt mondj\u00e1k, ez a k\u00e1v\u00e9 min\u0151s\u00e9gi energi\u00e1t biztos\u00edt, jav\u00edtja a koncentr\u00e1ci\u00f3t, \u00e9s t\u00e1mogatja a ket\u00f3zist.<\/p>\n\n\n\n<div style=\"height:20px\" aria-hidden=\"true\" class=\"wp-block-spacer\"><\/div>\n\n\n\n<p>Aki szereti ezt a fajta k\u00e1v\u00e9t, annak nem jelenthet gondot, ha id\u0151r\u0151l id\u0151re fogyasztja. Ez azonban nem olyan ital, amely bizony\u00edtottan j\u00f3t\u00e9kony eg\u00e9szs\u00e9g\u00fcgyi hat\u00e1sokkal rendelkezik. Az eg\u00e9szs\u00e9g szempontj\u00e1b\u00f3l egy\u00e9rtelm\u0171en jobb, ha <strong>hagyom\u00e1nyos, szil\u00e1rd \u00e9telt<\/strong> fogyasztasz, amely nemcsak zs\u00edrral, de m\u00e1s t\u00e1panyagokkal is ell\u00e1t. \u00c9s nem jobb a hagyom\u00e1nyos k\u00e1v\u00e9 \u00edz\u00e9t \u00e9lvezni?<\/p>\n\n\n\n<figure class=\"wp-block-image size-large\"><img loading=\"lazy\" decoding=\"async\" width=\"1124\" height=\"749\" src=\"https:\/\/gymbeam.sk\/blog\/wp-content\/uploads\/2024\/08\/sk_mikulas_vereb_012023_15-1-1124x749.jpg\" alt=\"Milyen \u00e9lelmiszerek fogyaszthat\u00f3k a keto di\u00e9t\u00e1ban?\" class=\"wp-image-608790\" title=\"Milyen \u00e9lelmiszerek fogyaszthat\u00f3k a keto di\u00e9t\u00e1ban?\" srcset=\"https:\/\/gymbeam.com\/blog\/wp-content\/uploads\/2024\/08\/sk_mikulas_vereb_012023_15-1-1124x749.jpg 1124w, https:\/\/gymbeam.com\/blog\/wp-content\/uploads\/2024\/08\/sk_mikulas_vereb_012023_15-1-400x267.jpg 400w, https:\/\/gymbeam.com\/blog\/wp-content\/uploads\/2024\/08\/sk_mikulas_vereb_012023_15-1-1536x1024.jpg 1536w, https:\/\/gymbeam.com\/blog\/wp-content\/uploads\/2024\/08\/sk_mikulas_vereb_012023_15-1-2048x1365.jpg 2048w\" sizes=\"auto, (max-width: 1124px) 100vw, 1124px\" \/><\/figure>\n\n\n\n<h2 class=\"wp-block-heading\"><span class=\"ez-toc-section\" id=\"Mely_elelmiszerek_nem_fogyaszthatok_keto_dieta_idejen\"><\/span>Mely \u00e9lelmiszerek nem fogyaszthat\u00f3k keto di\u00e9ta idej\u00e9n?<span class=\"ez-toc-section-end\"><\/span><\/h2>\n\n\n\n<p>A keto di\u00e9t\u00e1ban a tiltott \u00e9lelmiszerek list\u00e1ja sajnos j\u00f3val hosszabb. Mely \u00e9lelmiszereket kell ker\u00fcln\u00f6d?<\/p>\n\n\n\n<div style=\"height:20px\" aria-hidden=\"true\" class=\"wp-block-spacer\"><\/div>\n\n\n\n<ul class=\"wp-block-list\">\n<li><strong>Gabonaf\u00e9l\u00e9k<\/strong><\/li>\n\n\n\n<li><strong>H\u00fcvelyesek<\/strong><\/li>\n\n\n\n<li><strong>Gy\u00fcm\u00f6lcs\u00f6k<\/strong><\/li>\n\n\n\n<li><strong>Kem\u00e9ny\u00edt\u0151t tartalmaz\u00f3 z\u00f6lds\u00e9gek<\/strong> (krumpli, s\u00e1rgar\u00e9pa, c\u00e9kla)<\/li>\n\n\n\n<li><strong>Tejterm\u00e9kek<\/strong> (kiv\u00e9ve a vaj \u00e9s a kem\u00e9ny sajtok, amelyek elhanyagolhat\u00f3 mennyis\u00e9gben tartalmaznak lakt\u00f3zt)<\/li>\n\n\n\n<li><strong>\u00c9des \u00e9s s\u00f3s nasik<\/strong><\/li>\n\n\n\n<li><strong>Ultrafeldolgozott \u00e9lelmiszerek<\/strong>&nbsp;<sup>[22]<\/sup><\/li>\n<\/ul>\n\n\n\n<div style=\"height:20px\" aria-hidden=\"true\" class=\"wp-block-spacer\"><\/div>\n\n\n\n<h2 class=\"wp-block-heading\"><span class=\"ez-toc-section\" id=\"Minta_keto_etrend_nok_szamara\"><\/span>Minta keto \u00e9trend n\u0151k sz\u00e1m\u00e1ra<span class=\"ez-toc-section-end\"><\/span><\/h2>\n\n\n\n<p>\u00c1ll\u00edtsunk \u00f6ssze egy \u00e9trendet egy <strong>eg\u00e9szs\u00e9ges feln\u0151tt n\u0151<\/strong> sz\u00e1m\u00e1ra, aki keto di\u00e9ta alkalmaz\u00e1s\u00e1val <strong>szeretne s\u00falyt leadni.<\/strong> Az alanyunk 30 \u00e9ves, <strong>170 cm<\/strong> magas, a s\u00falya <strong>80 kg.<\/strong> \u00dcl\u0151munk\u00e1t v\u00e9gez, de naponta megtesz k\u00f6r\u00fclbel\u00fcl 10 000 l\u00e9p\u00e9st, \u00e9s hetente h\u00e1romszor konditeremben edz. Mivel s\u00falyt szeretne leadni, kal\u00f3riadeficitet kell fenntartania, ez\u00e9rt naponta <strong>1900 kal\u00f3ri\u00e1t<\/strong> visz be, a ket\u00f3zis el\u00e9r\u00e9s\u00e9hez pedig az al\u00e1bbi t\u00e1panyagfeloszt\u00e1sra van sz\u00fcks\u00e9ge: <strong>50 g sz\u00e9nhidr\u00e1t, 90 g feh\u00e9rje \u00e9s 148 g zs\u00edr.<\/strong><\/p>\n\n\n\n<figure class=\"wp-block-table\"><table class=\"has-fixed-layout\"><thead><tr><th class=\"has-text-align-center\" data-align=\"center\"><p style=\"text-align: center\">\u00c9tkez\u00e9s<\/p><\/th><th class=\"has-text-align-center\" data-align=\"center\"><p style=\"text-align: center\">\u00c9lelmiszer<\/p><\/th><th class=\"has-text-align-center\" data-align=\"center\"><p style=\"text-align: center\">Adagol\u00e1s<\/p><\/th><\/tr><\/thead><tbody><tr><td class=\"has-text-align-center\" data-align=\"center\">Reggeli<\/td><td class=\"has-text-align-center\" data-align=\"center\"><strong>Avok\u00e1d\u00f3s pir\u00edt\u00f3s<\/strong>: alacsony kal\u00f3riatartalm\u00fa keny\u00e9r, avok\u00e1d\u00f3 <a aria-label=\" (opens in a new tab)\" href=\"https:\/\/gymbeam.hu\/bio-extra-szuz-olivaolaj-vanavita.html\" target=\"_blank\" rel=\"noreferrer noopener\" class=\"ek-link\">ol\u00edvaolaj<\/a>, toj\u00e1s<\/td><td class=\"has-text-align-center\" data-align=\"center\">2 szelet\r\nkb. 100 g\r\n1 te\u00e1skan\u00e1l\r\n1 db<\/td><\/tr><tr><td class=\"has-text-align-center\" data-align=\"center\">T\u00edz\u00f3rai<\/td><td class=\"has-text-align-center\" data-align=\"center\"><a aria-label=\" (opens in a new tab)\" href=\"https:\/\/gymbeam.hu\/mandula-raw.html\" target=\"_blank\" rel=\"noreferrer noopener\" class=\"ek-link\">Mandula<\/a>, kem\u00e9ny sajt<\/td><td class=\"has-text-align-center\" data-align=\"center\">30 g\r\n30 g<\/td><\/tr><tr><td class=\"has-text-align-center\" data-align=\"center\">Eb\u00e9d<\/td><td class=\"has-text-align-center\" data-align=\"center\"><strong>Grillezett lazac<\/strong>: lazac, brokkoli, vaj ol\u00edva-\/<a href=\"https:\/\/gymbeam.hu\/canola-fozospray-gymbeam.html\" target=\"_blank\" aria-label=\" (opens in a new tab)\" rel=\"noreferrer noopener\" class=\"ek-link\">repceolaj<\/a><\/td><td class=\"has-text-align-center\" data-align=\"center\">150 g\r\n100 g\r\n1 te\u00e1skan\u00e1l\r\n1 ev\u0151kan\u00e1l<\/td><\/tr><tr><td class=\"has-text-align-center\" data-align=\"center\">Uzsonna<\/td><td class=\"has-text-align-center\" data-align=\"center\">Zs\u00edros g\u00f6r\u00f6g joghurt, m\u00e1lna, <a href=\"https:\/\/gymbeam.hu\/chia-mag.html\" target=\"_blank\" aria-label=\" (opens in a new tab)\" rel=\"noreferrer noopener\" class=\"ek-link\">chia mag<\/a><\/td><td class=\"has-text-align-center\" data-align=\"center\">150 g\r\n50 g\r\n1 te\u00e1skan\u00e1l<\/td><\/tr><tr><td class=\"has-text-align-center\" data-align=\"center\">Vacsora<\/td><td class=\"has-text-align-center\" data-align=\"center\"><strong>Csirkemell tejsz\u00ednes m\u00e1rt\u00e1sban<\/strong>: csirkemell, p\u00e1rolt spen\u00f3t, zs\u00edrszeg\u00e9ny tejsz\u00edn, ol\u00edvaolaj<\/td><td class=\"has-text-align-center\" data-align=\"center\">150 g\r\n100 g\r\n30 ml\r\n1 te\u00e1skan\u00e1l<\/td><\/tr><\/tbody><\/table><\/figure>\n\n\n\n<div style=\"height:20px\" aria-hidden=\"true\" class=\"wp-block-spacer\"><\/div>\n\n\n\n<h2 class=\"wp-block-heading\"><span class=\"ez-toc-section\" id=\"Minta_keto_etrend_ferfiak_szamara\"><\/span>Minta keto \u00e9trend f\u00e9rfiak sz\u00e1m\u00e1ra<span class=\"ez-toc-section-end\"><\/span><\/h2>\n\n\n\n<p>Az \u00e9trend egy <strong>eg\u00e9szs\u00e9ges feln\u0151tt f\u00e9rfi<\/strong> sz\u00e1m\u00e1ra, aki szint\u00e9n <strong>s\u00falyt szeretne leadni,<\/strong> az al\u00e1bbiak szerint \u00e9p\u00fcl fel. Az alany <strong>30 \u00e9ves, 180 cm<\/strong> magas, a s\u00falya <strong>95 kg.<\/strong> Naponta megtesz 10 000 l\u00e9p\u00e9st, \u00e9s rendszeresen, heti h\u00e1rom alkalommal v\u00e9gez er\u0151edz\u00e9seket. Napi kal\u00f3riabevitel\u00e9nek <strong>2200 kal\u00f3ri\u00e1nak<\/strong> kell lennie, az al\u00e1bbi t\u00e1panyagfeloszt\u00e1sban: <strong>50 g sz\u00e9nhidr\u00e1t, 100 g feh\u00e9rje \u00e9s 178 g zs\u00edr.<\/strong><\/p>\n\n\n\n<figure class=\"wp-block-table\"><table class=\"has-fixed-layout\"><thead><tr><th class=\"has-text-align-center\" data-align=\"center\"><p style=\"text-align: center\">\u00c9tkez\u00e9s<\/p><\/th><th class=\"has-text-align-center\" data-align=\"center\"><p style=\"text-align: center\">\u00c9lelmiszer<\/p><\/th><th class=\"has-text-align-center\" data-align=\"center\"><p style=\"text-align: center\">Adagol\u00e1s<\/p><\/th><\/tr><\/thead><tbody><tr><td class=\"has-text-align-center\" data-align=\"center\">Reggeli<\/td><td class=\"has-text-align-center\" data-align=\"center\"><strong>Omlett<\/strong>: toj\u00e1s, vaj, gomba, kem\u00e9ny sajt, ol\u00edvaolaj<\/td><td class=\"has-text-align-center\" data-align=\"center\">3 db\r\n1 ev\u0151kan\u00e1l\r\n50 g\r\n30 g\r\n1 te\u00e1skan\u00e1l<\/td><\/tr><tr><td class=\"has-text-align-center\" data-align=\"center\">T\u00edz\u00f3rai<\/td><td class=\"has-text-align-center\" data-align=\"center\"><strong>Tonhalas avok\u00e1d\u00f3sal\u00e1ta<\/strong>: avok\u00e1d\u00f3, <a href=\"https:\/\/gymbeam.hu\/tonhal-sos-leben-gymbeam.html\" target=\"_blank\" aria-label=\" (opens in a new tab)\" rel=\"noreferrer noopener\" class=\"ek-link\">tonhal s\u00f3s l\u00e9ben<\/a>, ol\u00edvaolaj<\/td><td class=\"has-text-align-center\" data-align=\"center\">1 db\r\n100 g\r\n1 te\u00e1skan\u00e1l<\/td><\/tr><tr><td class=\"has-text-align-center\" data-align=\"center\">Eb\u00e9d<\/td><td class=\"has-text-align-center\" data-align=\"center\"><strong>Grillezett tarja s\u00fclt karfiollal<\/strong>: tarja, karfiol, ol\u00edvaolaj<\/td><td class=\"has-text-align-center\" data-align=\"center\">200 g\r\n150 g\r\n2 te\u00e1skan\u00e1l<\/td><\/tr><tr><td class=\"has-text-align-center\" data-align=\"center\">Uzsonna<\/td><td class=\"has-text-align-center\" data-align=\"center\"><strong>F\u0151tt toj\u00e1s majon\u00e9zes uborkasal\u00e1t\u00e1val<\/strong>: toj\u00e1s, majon\u00e9z, uborka<\/td><td class=\"has-text-align-center\" data-align=\"center\">2 db\r\n1 te\u00e1skan\u00e1l\r\n100 g<\/td><\/tr><tr><td class=\"has-text-align-center\" data-align=\"center\">Vacsora<\/td><td class=\"has-text-align-center\" data-align=\"center\"><strong>H\u00fas grillezett z\u00f6lds\u00e9gekkel<\/strong>: marhas\u00fclt, \u00e9des paprika, cukkini, ol\u00edva-\/repceolaj<\/td><td class=\"has-text-align-center\" data-align=\"center\">150 g\r\n50 g\r\n50 g\r\n1 te\u00e1skan\u00e1l<\/td><\/tr><\/tbody><\/table><\/figure>\n\n\n\n<div style=\"height:20px\" aria-hidden=\"true\" class=\"wp-block-spacer\"><\/div>\n\n\n\n<h2 class=\"wp-block-heading\"><span class=\"ez-toc-section\" id=\"Milyen_etrend-kiegeszitok_szedhetok_keto_dieta_idejen\"><\/span>Milyen \u00e9trend-kieg\u00e9sz\u00edt\u0151k szedhet\u0151k keto di\u00e9ta idej\u00e9n?<span class=\"ez-toc-section-end\"><\/span><\/h2>\n\n\n\n<p>Ha \u00fagy d\u00f6ntesz, belev\u00e1gsz a keto di\u00e9t\u00e1ba, val\u00f3sz\u00edn\u0171leg sz\u00fcks\u00e9ged lesz \u00e9trend-kieg\u00e9sz\u00edt\u0151kre. Az \u00e9lelmiszereket \u00e9rint\u0151 megk\u00f6t\u00e9sek miatt fontos gondoskodni a <strong>vitaminok, \u00e1sv\u00e1nyi anyagok<\/strong> \u00e9s <strong>rostok<\/strong> bevitel\u00e9r\u0151l, hogy elker\u00fcld a hi\u00e1nybetegs\u00e9gek kialakul\u00e1s\u00e1t.<\/p>\n\n\n\n<div style=\"height:20px\" aria-hidden=\"true\" class=\"wp-block-spacer\"><\/div>\n\n\n\n<p>Emellett megfontolhatod olyan \u00e9trend-kieg\u00e9sz\u00edt\u0151k alkalmaz\u00e1s\u00e1t is, amelyek fokozz\u00e1k a di\u00e9ta hat\u00e9konys\u00e1g\u00e1t:<\/p>\n\n\n\n<ul class=\"wp-block-list\">\n<li>A <strong>komplex <a href=\"https:\/\/gymbeam.hu\/komplex-vitaminok\" target=\"_blank\" aria-label=\" (opens in a new tab)\" rel=\"noreferrer noopener\" class=\"ek-link\">multivitaminok<\/a><\/strong> biztos\u00edthatj\u00e1k azokat a fontos vitaminokat \u00e9s \u00e1sv\u00e1nyi anyagokat, amelyek hi\u00e1nyoznak a keto di\u00e9t\u00e1ban.<\/li>\n\n\n\n<li>Gyors em\u00e9szthet\u0151s\u00e9g\u00e9nek k\u00f6sz\u00f6nhet\u0151en az <a href=\"https:\/\/gymbeam.hu\/mct-olaj\" target=\"_blank\" aria-label=\" (opens in a new tab)\" rel=\"noreferrer noopener\" class=\"ek-link\"><strong>MCT olaj<\/strong><\/a> hat\u00e9konyabban alakulhat ketonokk\u00e1.<\/li>\n\n\n\n<li>Az <a href=\"https:\/\/gymbeam.hu\/omega-3-zsirsavak\" target=\"_blank\" aria-label=\" (opens in a new tab)\" rel=\"noreferrer noopener\" class=\"ek-link\"><strong>omega-3 zs\u00edrsavak<\/strong><\/a> n\u00f6velhetik az eg\u00e9szs\u00e9ges zs\u00edrok mennyis\u00e9g\u00e9t az \u00e9trendedben.<\/li>\n\n\n\n<li>Az <a href=\"https:\/\/gymbeam.hu\/digezyme-60-kapsz-gymbeam.html\" target=\"_blank\" aria-label=\" (opens in a new tab)\" rel=\"noreferrer noopener\" class=\"ek-link\"><strong>em\u00e9szt\u0151enzimek<\/strong><\/a> seg\u00edthetik az \u00e9trendben megtal\u00e1lhat\u00f3 nagy mennyis\u00e9g\u0171 zs\u00edr megem\u00e9szt\u00e9s\u00e9t.<\/li>\n\n\n\n<li>A <a href=\"https:\/\/gymbeam.hu\/malna-keton-gymbeam.html\" target=\"_blank\" aria-label=\" (opens in a new tab)\" rel=\"noreferrer noopener\" class=\"ek-link\"><strong>m\u00e1lnaketon<\/strong><\/a> n\u00f6velheti a ketonok mennyis\u00e9g\u00e9t a v\u00e9rben.<\/li>\n<\/ul>\n\n\n\n<div style=\"height:20px\" aria-hidden=\"true\" class=\"wp-block-spacer\"><\/div>\n\n\n\n<h2 class=\"wp-block-heading\"><span class=\"ez-toc-section\" id=\"Mit_erdemes_megjegyezned\"><\/span>Mit \u00e9rdemes megjegyezned?<span class=\"ez-toc-section-end\"><\/span><\/h2>\n\n\n\n<p>A ketog\u00e9n \u00e9trend napjainkban nagy megbecs\u00fclts\u00e9gnek \u00f6rvend a fitnesz vil\u00e1g\u00e1ban, \u00e9s <strong>sikeres s\u00falycs\u00f6kkent\u0151 m\u00f3dszerk\u00e9nt<\/strong> ismerik. A kutat\u00e1sok al\u00e1t\u00e1masztj\u00e1k ezt az \u00e1ll\u00edt\u00e1st, kiemelve, hogy az \u00e9trend \u00e1ltal kiv\u00e1ltott <strong>ket\u00f3zis<\/strong> seg\u00edthet, hogy a szervezet <strong>anyagcser\u00e9je<\/strong> felgyorsuljon. Az \u00e9trendet emellett k\u00fcl\u00f6nf\u00e9le eg\u00e9szs\u00e9g\u00fcgyi el\u0151ny\u00f6kkel is kapcsolatba hozz\u00e1k, hiszen j\u00f3t\u00e9kony hat\u00e1sokat gyakorol a <strong>glik\u00e9mi\u00e1ra<\/strong> \u00e9s a <strong>kering\u00e9s eg\u00e9szs\u00e9g\u00e9re.<\/strong> Fontos azonban megjegyezni, hogy ez egy kimondottan extr\u00e9m \u00e9trend <strong>nagyon alacsony sz\u00e9nhidr\u00e1t-<\/strong> \u00e9s <strong>magas zs\u00edrbevitellel,<\/strong> amely sz\u00e1mos kock\u00e1zatot is rejt. Ez\u00e9rt ha \u00fagy d\u00f6ntesz, kipr\u00f3b\u00e1ln\u00e1d ezt a m\u00f3dszert, mindenk\u00e9ppen \u00fagy tedd, hogy az a szervezeted sz\u00e1m\u00e1ra eg\u00e9szs\u00e9ges \u00e9s biztons\u00e1gos legyen.<\/p>\n\n\n\n<div style=\"height:20px\" aria-hidden=\"true\" class=\"wp-block-spacer\"><\/div>\n\n\n\n<p>Jobban \u00e9rted m\u00e1r, mi az a ketog\u00e9n \u00e9trend, \u00e9s hogy kiknek aj\u00e1nlott? Ha hasznosnak tal\u00e1ltad a cikket, oszd meg bar\u00e1taiddal \u00e9s csal\u00e1dtagjaiddal is!<\/p>\n\n\n\n<div class=\"wp-block-columns is-layout-flex wp-container-core-columns-is-layout-9d6595d7 wp-block-columns-is-layout-flex\">\n<div class=\"wp-block-column is-layout-flow wp-block-column-is-layout-flow\"><a href=\"https:\/\/gymbeam.com\/fiber\" target=\"_blank\" class=\"category-button\">\n\t<span class=\"label\">\n\t\tRostok\t<\/span>\n\t<svg class=\"icon-cart\" focusable=\"false\">\n\t\t<use xlink:href=\"#icon-cart\"><\/use>\n\t<\/svg>\n<\/a><\/div>\n\n\n\n<div class=\"wp-block-column is-layout-flow wp-block-column-is-layout-flow\"><a href=\"https:\/\/gymbeam.com\/vitamins\" target=\"_blank\" class=\"category-button\">\n\t<span class=\"label\">\n\t\tVitaminok\t<\/span>\n\t<svg class=\"icon-cart\" focusable=\"false\">\n\t\t<use xlink:href=\"#icon-cart\"><\/use>\n\t<\/svg>\n<\/a><\/div>\n<\/div>\n","protected":false},"excerpt":{"rendered":"<p>A ketog\u00e9n \u00e9trendet olyan m\u00f3dszerk\u00e9nt ismerik, amely gyorsan \u00e9s hat\u00e9konyan fokozza az anyagcser\u00e9t, mik\u00f6zben m\u00e9rs\u00e9kli az \u00e9hs\u00e9get \u00e9s a s\u00f3v\u00e1rg\u00e1st. De vajon t\u00e9nyleg ez a helyzet? \u00c9s vannak mellette eg\u00e9szs\u00e9g\u00fcgyi el\u0151nyei is? Mai cikk\u00fcnkb\u0151l mindent megtudhatsz.<\/p>\n","protected":false},"author":156,"featured_media":608554,"comment_status":"open","ping_status":"closed","sticky":false,"template":"","format":"standard","meta":{"_acf_changed":false,"_editorskit_title_hidden":false,"_editorskit_reading_time":0,"_editorskit_is_block_options_detached":false,"_editorskit_block_options_position":"{}","footnotes":""},"categories":[89],"tags":[6480,7626,7356,6372],"filter_section":[],"filter_attribute":[],"class_list":{"0":"post-612120","1":"post","2":"type-post","3":"status-publish","4":"format-standard","5":"has-post-thumbnail","7":"category-hogyan-fogyjunk-le","8":"tag-dieta-hu","9":"tag-egeszseg","10":"tag-etrend-hu","11":"tag-fogyas","12":"h-entry","13":"hentry"},"acf":[],"yoast_head":"<!-- This site is optimized with the Yoast SEO plugin v24.4 - https:\/\/yoast.com\/wordpress\/plugins\/seo\/ -->\n<title>Ketog\u00e9n \u00e9trend: hogyan befoly\u00e1solja a s\u00falyveszt\u00e9st \u00e9s a sportteljes\u00edtm\u00e9nyt, \u00e9s kinek aj\u00e1nlott a k\u00f6vet\u00e9se? - GymBeam Blog<\/title>\n<meta name=\"description\" content=\"A ketog\u00e9n \u00e9trend alacsony sz\u00e9nhidr\u00e1ttartalm\u00fa, t\u00e1mogatja a ket\u00f3zist a gyorsabb fogy\u00e1s, az \u00e9tv\u00e1gy m\u00e9rs\u00e9kl\u00e9se \u00e9s a v\u00e9rcukorszint jobb ellen\u0151rz\u00e9se \u00e9rdek\u00e9ben. De vajon neked is aj\u00e1nlott?\" \/>\n<meta name=\"robots\" content=\"index, follow, max-snippet:-1, max-image-preview:large, max-video-preview:-1\" \/>\n<link rel=\"canonical\" href=\"https:\/\/gymbeam.com\/blog\/ketogen-dieta-az-igazsag-a-szenhidratok-nelkuli-fogyasrol\/\" \/>\n<meta property=\"og:type\" content=\"article\" \/>\n<meta property=\"og:title\" content=\"Ketog\u00e9n \u00e9trend: hogyan befoly\u00e1solja a s\u00falyveszt\u00e9st \u00e9s a sportteljes\u00edtm\u00e9nyt, \u00e9s kinek aj\u00e1nlott a k\u00f6vet\u00e9se? - GymBeam Blog\" \/>\n<meta property=\"og:description\" content=\"A ketog\u00e9n \u00e9trend alacsony sz\u00e9nhidr\u00e1ttartalm\u00fa, t\u00e1mogatja a ket\u00f3zist a gyorsabb fogy\u00e1s, az \u00e9tv\u00e1gy m\u00e9rs\u00e9kl\u00e9se \u00e9s a v\u00e9rcukorszint jobb ellen\u0151rz\u00e9se \u00e9rdek\u00e9ben. De vajon neked is aj\u00e1nlott?\" \/>\n<meta property=\"og:url\" content=\"https:\/\/gymbeam.hu\/blog\/ketogen-dieta-az-igazsag-a-szenhidratok-nelkuli-fogyasrol\/\" \/>\n<meta property=\"og:site_name\" content=\"GymBeam Blog\" \/>\n<meta property=\"article:published_time\" content=\"2024-09-11T06:32:45+00:00\" \/>\n<meta property=\"article:modified_time\" content=\"2024-09-11T06:32:48+00:00\" \/>\n<meta property=\"og:image\" content=\"https:\/\/gymbeam.com\/blog\/wp-content\/uploads\/2024\/08\/Keto-dieta-2.jpg\" \/>\n\t<meta property=\"og:image:width\" content=\"1200\" \/>\n\t<meta property=\"og:image:height\" content=\"628\" \/>\n\t<meta property=\"og:image:type\" content=\"image\/jpeg\" \/>\n<meta name=\"author\" content=\"Zuzana G\u00e1likov\u00e1\" \/>\n<meta name=\"twitter:card\" content=\"summary_large_image\" \/>\n<meta name=\"twitter:label1\" content=\"Written by\" \/>\n\t<meta name=\"twitter:data1\" content=\"Zuzana G\u00e1likov\u00e1\" \/>\n\t<meta name=\"twitter:label2\" content=\"Estimated reading time\" \/>\n\t<meta name=\"twitter:data2\" content=\"38 minutes\" \/>\n<script type=\"application\/ld+json\" class=\"yoast-schema-graph\">{\"@context\":\"https:\/\/schema.org\",\"@graph\":[{\"@type\":\"Article\",\"@id\":\"https:\/\/gymbeam.hu\/blog\/ketogen-dieta-az-igazsag-a-szenhidratok-nelkuli-fogyasrol\/#article\",\"isPartOf\":{\"@id\":\"https:\/\/gymbeam.hu\/blog\/ketogen-dieta-az-igazsag-a-szenhidratok-nelkuli-fogyasrol\/\"},\"author\":{\"name\":\"Zuzana G\u00e1likov\u00e1\",\"@id\":\"https:\/\/gymbeam.com\/blog\/#\/schema\/person\/9cab6e2b2ea37df482f20f8432c95702\"},\"headline\":\"Ketog\u00e9n \u00e9trend: hogyan befoly\u00e1solja a s\u00falyveszt\u00e9st \u00e9s a sportteljes\u00edtm\u00e9nyt, \u00e9s kinek aj\u00e1nlott a k\u00f6vet\u00e9se?\",\"datePublished\":\"2024-09-11T06:32:45+00:00\",\"dateModified\":\"2024-09-11T06:32:48+00:00\",\"mainEntityOfPage\":{\"@id\":\"https:\/\/gymbeam.hu\/blog\/ketogen-dieta-az-igazsag-a-szenhidratok-nelkuli-fogyasrol\/\"},\"wordCount\":7597,\"commentCount\":0,\"publisher\":{\"@id\":\"https:\/\/gymbeam.com\/blog\/#organization\"},\"image\":{\"@id\":\"https:\/\/gymbeam.hu\/blog\/ketogen-dieta-az-igazsag-a-szenhidratok-nelkuli-fogyasrol\/#primaryimage\"},\"thumbnailUrl\":\"https:\/\/gymbeam.com\/blog\/wp-content\/uploads\/2024\/08\/Keto-dieta-2.jpg\",\"keywords\":[\"di\u00e9ta\",\"eg\u00e9szs\u00e9g\",\"\u00e9trend\",\"fogy\u00e1s\"],\"articleSection\":[\"Hogyan fogyjunk le\"],\"inLanguage\":\"en-GB\",\"potentialAction\":[{\"@type\":\"CommentAction\",\"name\":\"Comment\",\"target\":[\"https:\/\/gymbeam.hu\/blog\/ketogen-dieta-az-igazsag-a-szenhidratok-nelkuli-fogyasrol\/#respond\"]}]},{\"@type\":\"WebPage\",\"@id\":\"https:\/\/gymbeam.hu\/blog\/ketogen-dieta-az-igazsag-a-szenhidratok-nelkuli-fogyasrol\/\",\"url\":\"https:\/\/gymbeam.hu\/blog\/ketogen-dieta-az-igazsag-a-szenhidratok-nelkuli-fogyasrol\/\",\"name\":\"Ketog\u00e9n \u00e9trend: hogyan befoly\u00e1solja a s\u00falyveszt\u00e9st \u00e9s a sportteljes\u00edtm\u00e9nyt, \u00e9s kinek aj\u00e1nlott a k\u00f6vet\u00e9se? - GymBeam Blog\",\"isPartOf\":{\"@id\":\"https:\/\/gymbeam.com\/blog\/#website\"},\"primaryImageOfPage\":{\"@id\":\"https:\/\/gymbeam.hu\/blog\/ketogen-dieta-az-igazsag-a-szenhidratok-nelkuli-fogyasrol\/#primaryimage\"},\"image\":{\"@id\":\"https:\/\/gymbeam.hu\/blog\/ketogen-dieta-az-igazsag-a-szenhidratok-nelkuli-fogyasrol\/#primaryimage\"},\"thumbnailUrl\":\"https:\/\/gymbeam.com\/blog\/wp-content\/uploads\/2024\/08\/Keto-dieta-2.jpg\",\"datePublished\":\"2024-09-11T06:32:45+00:00\",\"dateModified\":\"2024-09-11T06:32:48+00:00\",\"description\":\"A ketog\u00e9n \u00e9trend alacsony sz\u00e9nhidr\u00e1ttartalm\u00fa, t\u00e1mogatja a ket\u00f3zist a gyorsabb fogy\u00e1s, az \u00e9tv\u00e1gy m\u00e9rs\u00e9kl\u00e9se \u00e9s a v\u00e9rcukorszint jobb ellen\u0151rz\u00e9se \u00e9rdek\u00e9ben. De vajon neked is aj\u00e1nlott?\",\"breadcrumb\":{\"@id\":\"https:\/\/gymbeam.hu\/blog\/ketogen-dieta-az-igazsag-a-szenhidratok-nelkuli-fogyasrol\/#breadcrumb\"},\"inLanguage\":\"en-GB\",\"potentialAction\":[{\"@type\":\"ReadAction\",\"target\":[\"https:\/\/gymbeam.hu\/blog\/ketogen-dieta-az-igazsag-a-szenhidratok-nelkuli-fogyasrol\/\"]}]},{\"@type\":\"ImageObject\",\"inLanguage\":\"en-GB\",\"@id\":\"https:\/\/gymbeam.hu\/blog\/ketogen-dieta-az-igazsag-a-szenhidratok-nelkuli-fogyasrol\/#primaryimage\",\"url\":\"https:\/\/gymbeam.com\/blog\/wp-content\/uploads\/2024\/08\/Keto-dieta-2.jpg\",\"contentUrl\":\"https:\/\/gymbeam.com\/blog\/wp-content\/uploads\/2024\/08\/Keto-dieta-2.jpg\",\"width\":1200,\"height\":628,\"caption\":\"Ketog\u00e9nna di\u00e9ta: Ak\u00fd vplyv m\u00e1 na chudnutie alebo \u0161portov\u00fd v\u00fdkon a pre koho je vhodn\u00e1?\"},{\"@type\":\"BreadcrumbList\",\"@id\":\"https:\/\/gymbeam.hu\/blog\/ketogen-dieta-az-igazsag-a-szenhidratok-nelkuli-fogyasrol\/#breadcrumb\",\"itemListElement\":[{\"@type\":\"ListItem\",\"position\":1,\"name\":\"Home\",\"item\":\"https:\/\/gymbeam.com\/blog\/\"},{\"@type\":\"ListItem\",\"position\":2,\"name\":\"Ketog\u00e9n \u00e9trend: hogyan befoly\u00e1solja a s\u00falyveszt\u00e9st \u00e9s a sportteljes\u00edtm\u00e9nyt, \u00e9s kinek aj\u00e1nlott a k\u00f6vet\u00e9se?\"}]},{\"@type\":\"WebSite\",\"@id\":\"https:\/\/gymbeam.com\/blog\/#website\",\"url\":\"https:\/\/gymbeam.com\/blog\/\",\"name\":\"GymBeam Blog\",\"description\":\"Najnov\u0161ie inform\u00e1cie zo sveta fitness\",\"publisher\":{\"@id\":\"https:\/\/gymbeam.com\/blog\/#organization\"},\"potentialAction\":[{\"@type\":\"SearchAction\",\"target\":{\"@type\":\"EntryPoint\",\"urlTemplate\":\"https:\/\/gymbeam.com\/blog\/?s={search_term_string}\"},\"query-input\":{\"@type\":\"PropertyValueSpecification\",\"valueRequired\":true,\"valueName\":\"search_term_string\"}}],\"inLanguage\":\"en-GB\"},{\"@type\":\"Organization\",\"@id\":\"https:\/\/gymbeam.com\/blog\/#organization\",\"name\":\"GymBeam\",\"url\":\"https:\/\/gymbeam.com\/blog\/\",\"logo\":{\"@type\":\"ImageObject\",\"inLanguage\":\"en-GB\",\"@id\":\"https:\/\/gymbeam.com\/blog\/#\/schema\/logo\/image\/\",\"url\":\"https:\/\/gymbeam.com\/blog\/wp-content\/uploads\/2020\/06\/GymBeam-logo.png\",\"contentUrl\":\"https:\/\/gymbeam.com\/blog\/wp-content\/uploads\/2020\/06\/GymBeam-logo.png\",\"width\":266,\"height\":75,\"caption\":\"GymBeam\"},\"image\":{\"@id\":\"https:\/\/gymbeam.com\/blog\/#\/schema\/logo\/image\/\"}},{\"@type\":\"Person\",\"@id\":\"https:\/\/gymbeam.com\/blog\/#\/schema\/person\/9cab6e2b2ea37df482f20f8432c95702\",\"name\":\"Zuzana G\u00e1likov\u00e1\",\"image\":{\"@type\":\"ImageObject\",\"inLanguage\":\"en-GB\",\"@id\":\"https:\/\/gymbeam.com\/blog\/#\/schema\/person\/image\/\",\"url\":\"https:\/\/gymbeam.sk\/blog\/wp-content\/uploads\/2026\/03\/T49U9MT0R-U03K3PCTJGG-04f882093255-512-96x96.jpg\",\"contentUrl\":\"https:\/\/gymbeam.sk\/blog\/wp-content\/uploads\/2026\/03\/T49U9MT0R-U03K3PCTJGG-04f882093255-512-96x96.jpg\",\"caption\":\"Zuzana G\u00e1likov\u00e1\"},\"description\":\"Zuzana G\u00e1likov\u00e1 is a nutrition specialist and an expert editor for GymBeam Magazine with over 10 years of experience. She earned her Master's degree in the field of Nutritional Specialist at the Faculty of Medicine of Masaryk University (one of the largest and most prestigious universities in Central Europe). Throughout her career, she has gained valuable clinical experience, including three years working in a hospital outpatient clinic focusing on the treatment of diabetes and obesity. She also brought a wealth of experience in creating expert content to the GymBeam editorial team, a field she has been working in since 2018 for leading Central European health and fitness platforms. She closely specialises in clinical and preventive nutrition. In her practice and articles, she applies a strict evidence-based approach (Evidence-Based Medicine) and relies exclusively on scientific studies from internationally recognised databases such as PubMed and ScienceDirect. She actively combines her expert theoretical knowledge with practice in her free time, engaging in CrossFit, strength training, running, and mountain hiking.\",\"url\":\"https:\/\/gymbeam.com\/blog\/author\/zuzana-galikova\/\"}]}<\/script>\n<!-- \/ Yoast SEO plugin. -->","yoast_head_json":{"title":"Ketog\u00e9n \u00e9trend: hogyan befoly\u00e1solja a s\u00falyveszt\u00e9st \u00e9s a sportteljes\u00edtm\u00e9nyt, \u00e9s kinek aj\u00e1nlott a k\u00f6vet\u00e9se? - GymBeam Blog","description":"A ketog\u00e9n \u00e9trend alacsony sz\u00e9nhidr\u00e1ttartalm\u00fa, t\u00e1mogatja a ket\u00f3zist a gyorsabb fogy\u00e1s, az \u00e9tv\u00e1gy m\u00e9rs\u00e9kl\u00e9se \u00e9s a v\u00e9rcukorszint jobb ellen\u0151rz\u00e9se \u00e9rdek\u00e9ben. De vajon neked is aj\u00e1nlott?","robots":{"index":"index","follow":"follow","max-snippet":"max-snippet:-1","max-image-preview":"max-image-preview:large","max-video-preview":"max-video-preview:-1"},"canonical":"https:\/\/gymbeam.com\/blog\/ketogen-dieta-az-igazsag-a-szenhidratok-nelkuli-fogyasrol\/","og_type":"article","og_title":"Ketog\u00e9n \u00e9trend: hogyan befoly\u00e1solja a s\u00falyveszt\u00e9st \u00e9s a sportteljes\u00edtm\u00e9nyt, \u00e9s kinek aj\u00e1nlott a k\u00f6vet\u00e9se? - GymBeam Blog","og_description":"A ketog\u00e9n \u00e9trend alacsony sz\u00e9nhidr\u00e1ttartalm\u00fa, t\u00e1mogatja a ket\u00f3zist a gyorsabb fogy\u00e1s, az \u00e9tv\u00e1gy m\u00e9rs\u00e9kl\u00e9se \u00e9s a v\u00e9rcukorszint jobb ellen\u0151rz\u00e9se \u00e9rdek\u00e9ben. De vajon neked is aj\u00e1nlott?","og_url":"https:\/\/gymbeam.hu\/blog\/ketogen-dieta-az-igazsag-a-szenhidratok-nelkuli-fogyasrol\/","og_site_name":"GymBeam Blog","article_published_time":"2024-09-11T06:32:45+00:00","article_modified_time":"2024-09-11T06:32:48+00:00","og_image":[{"width":1200,"height":628,"url":"https:\/\/gymbeam.com\/blog\/wp-content\/uploads\/2024\/08\/Keto-dieta-2.jpg","type":"image\/jpeg"}],"author":"Zuzana G\u00e1likov\u00e1","twitter_card":"summary_large_image","twitter_misc":{"Written by":"Zuzana G\u00e1likov\u00e1","Estimated reading time":"38 minutes"},"schema":{"@context":"https:\/\/schema.org","@graph":[{"@type":"Article","@id":"https:\/\/gymbeam.hu\/blog\/ketogen-dieta-az-igazsag-a-szenhidratok-nelkuli-fogyasrol\/#article","isPartOf":{"@id":"https:\/\/gymbeam.hu\/blog\/ketogen-dieta-az-igazsag-a-szenhidratok-nelkuli-fogyasrol\/"},"author":{"name":"Zuzana G\u00e1likov\u00e1","@id":"https:\/\/gymbeam.com\/blog\/#\/schema\/person\/9cab6e2b2ea37df482f20f8432c95702"},"headline":"Ketog\u00e9n \u00e9trend: hogyan befoly\u00e1solja a s\u00falyveszt\u00e9st \u00e9s a sportteljes\u00edtm\u00e9nyt, \u00e9s kinek aj\u00e1nlott a k\u00f6vet\u00e9se?","datePublished":"2024-09-11T06:32:45+00:00","dateModified":"2024-09-11T06:32:48+00:00","mainEntityOfPage":{"@id":"https:\/\/gymbeam.hu\/blog\/ketogen-dieta-az-igazsag-a-szenhidratok-nelkuli-fogyasrol\/"},"wordCount":7597,"commentCount":0,"publisher":{"@id":"https:\/\/gymbeam.com\/blog\/#organization"},"image":{"@id":"https:\/\/gymbeam.hu\/blog\/ketogen-dieta-az-igazsag-a-szenhidratok-nelkuli-fogyasrol\/#primaryimage"},"thumbnailUrl":"https:\/\/gymbeam.com\/blog\/wp-content\/uploads\/2024\/08\/Keto-dieta-2.jpg","keywords":["di\u00e9ta","eg\u00e9szs\u00e9g","\u00e9trend","fogy\u00e1s"],"articleSection":["Hogyan fogyjunk le"],"inLanguage":"en-GB","potentialAction":[{"@type":"CommentAction","name":"Comment","target":["https:\/\/gymbeam.hu\/blog\/ketogen-dieta-az-igazsag-a-szenhidratok-nelkuli-fogyasrol\/#respond"]}]},{"@type":"WebPage","@id":"https:\/\/gymbeam.hu\/blog\/ketogen-dieta-az-igazsag-a-szenhidratok-nelkuli-fogyasrol\/","url":"https:\/\/gymbeam.hu\/blog\/ketogen-dieta-az-igazsag-a-szenhidratok-nelkuli-fogyasrol\/","name":"Ketog\u00e9n \u00e9trend: hogyan befoly\u00e1solja a s\u00falyveszt\u00e9st \u00e9s a sportteljes\u00edtm\u00e9nyt, \u00e9s kinek aj\u00e1nlott a k\u00f6vet\u00e9se? - GymBeam Blog","isPartOf":{"@id":"https:\/\/gymbeam.com\/blog\/#website"},"primaryImageOfPage":{"@id":"https:\/\/gymbeam.hu\/blog\/ketogen-dieta-az-igazsag-a-szenhidratok-nelkuli-fogyasrol\/#primaryimage"},"image":{"@id":"https:\/\/gymbeam.hu\/blog\/ketogen-dieta-az-igazsag-a-szenhidratok-nelkuli-fogyasrol\/#primaryimage"},"thumbnailUrl":"https:\/\/gymbeam.com\/blog\/wp-content\/uploads\/2024\/08\/Keto-dieta-2.jpg","datePublished":"2024-09-11T06:32:45+00:00","dateModified":"2024-09-11T06:32:48+00:00","description":"A ketog\u00e9n \u00e9trend alacsony sz\u00e9nhidr\u00e1ttartalm\u00fa, t\u00e1mogatja a ket\u00f3zist a gyorsabb fogy\u00e1s, az \u00e9tv\u00e1gy m\u00e9rs\u00e9kl\u00e9se \u00e9s a v\u00e9rcukorszint jobb ellen\u0151rz\u00e9se \u00e9rdek\u00e9ben. De vajon neked is aj\u00e1nlott?","breadcrumb":{"@id":"https:\/\/gymbeam.hu\/blog\/ketogen-dieta-az-igazsag-a-szenhidratok-nelkuli-fogyasrol\/#breadcrumb"},"inLanguage":"en-GB","potentialAction":[{"@type":"ReadAction","target":["https:\/\/gymbeam.hu\/blog\/ketogen-dieta-az-igazsag-a-szenhidratok-nelkuli-fogyasrol\/"]}]},{"@type":"ImageObject","inLanguage":"en-GB","@id":"https:\/\/gymbeam.hu\/blog\/ketogen-dieta-az-igazsag-a-szenhidratok-nelkuli-fogyasrol\/#primaryimage","url":"https:\/\/gymbeam.com\/blog\/wp-content\/uploads\/2024\/08\/Keto-dieta-2.jpg","contentUrl":"https:\/\/gymbeam.com\/blog\/wp-content\/uploads\/2024\/08\/Keto-dieta-2.jpg","width":1200,"height":628,"caption":"Ketog\u00e9nna di\u00e9ta: Ak\u00fd vplyv m\u00e1 na chudnutie alebo \u0161portov\u00fd v\u00fdkon a pre koho je vhodn\u00e1?"},{"@type":"BreadcrumbList","@id":"https:\/\/gymbeam.hu\/blog\/ketogen-dieta-az-igazsag-a-szenhidratok-nelkuli-fogyasrol\/#breadcrumb","itemListElement":[{"@type":"ListItem","position":1,"name":"Home","item":"https:\/\/gymbeam.com\/blog\/"},{"@type":"ListItem","position":2,"name":"Ketog\u00e9n \u00e9trend: hogyan befoly\u00e1solja a s\u00falyveszt\u00e9st \u00e9s a sportteljes\u00edtm\u00e9nyt, \u00e9s kinek aj\u00e1nlott a k\u00f6vet\u00e9se?"}]},{"@type":"WebSite","@id":"https:\/\/gymbeam.com\/blog\/#website","url":"https:\/\/gymbeam.com\/blog\/","name":"GymBeam Blog","description":"Najnov\u0161ie inform\u00e1cie zo sveta fitness","publisher":{"@id":"https:\/\/gymbeam.com\/blog\/#organization"},"potentialAction":[{"@type":"SearchAction","target":{"@type":"EntryPoint","urlTemplate":"https:\/\/gymbeam.com\/blog\/?s={search_term_string}"},"query-input":{"@type":"PropertyValueSpecification","valueRequired":true,"valueName":"search_term_string"}}],"inLanguage":"en-GB"},{"@type":"Organization","@id":"https:\/\/gymbeam.com\/blog\/#organization","name":"GymBeam","url":"https:\/\/gymbeam.com\/blog\/","logo":{"@type":"ImageObject","inLanguage":"en-GB","@id":"https:\/\/gymbeam.com\/blog\/#\/schema\/logo\/image\/","url":"https:\/\/gymbeam.com\/blog\/wp-content\/uploads\/2020\/06\/GymBeam-logo.png","contentUrl":"https:\/\/gymbeam.com\/blog\/wp-content\/uploads\/2020\/06\/GymBeam-logo.png","width":266,"height":75,"caption":"GymBeam"},"image":{"@id":"https:\/\/gymbeam.com\/blog\/#\/schema\/logo\/image\/"}},{"@type":"Person","@id":"https:\/\/gymbeam.com\/blog\/#\/schema\/person\/9cab6e2b2ea37df482f20f8432c95702","name":"Zuzana G\u00e1likov\u00e1","image":{"@type":"ImageObject","inLanguage":"en-GB","@id":"https:\/\/gymbeam.com\/blog\/#\/schema\/person\/image\/","url":"https:\/\/gymbeam.sk\/blog\/wp-content\/uploads\/2026\/03\/T49U9MT0R-U03K3PCTJGG-04f882093255-512-96x96.jpg","contentUrl":"https:\/\/gymbeam.sk\/blog\/wp-content\/uploads\/2026\/03\/T49U9MT0R-U03K3PCTJGG-04f882093255-512-96x96.jpg","caption":"Zuzana G\u00e1likov\u00e1"},"description":"Zuzana G\u00e1likov\u00e1 is a nutrition specialist and an expert editor for GymBeam Magazine with over 10 years of experience. She earned her Master's degree in the field of Nutritional Specialist at the Faculty of Medicine of Masaryk University (one of the largest and most prestigious universities in Central Europe). Throughout her career, she has gained valuable clinical experience, including three years working in a hospital outpatient clinic focusing on the treatment of diabetes and obesity. She also brought a wealth of experience in creating expert content to the GymBeam editorial team, a field she has been working in since 2018 for leading Central European health and fitness platforms. She closely specialises in clinical and preventive nutrition. In her practice and articles, she applies a strict evidence-based approach (Evidence-Based Medicine) and relies exclusively on scientific studies from internationally recognised databases such as PubMed and ScienceDirect. She actively combines her expert theoretical knowledge with practice in her free time, engaging in CrossFit, strength training, running, and mountain hiking.","url":"https:\/\/gymbeam.com\/blog\/author\/zuzana-galikova\/"}]}},"_links":{"self":[{"href":"https:\/\/gymbeam.com\/blog\/wp-json\/wp\/v2\/posts\/612120","targetHints":{"allow":["GET"]}}],"collection":[{"href":"https:\/\/gymbeam.com\/blog\/wp-json\/wp\/v2\/posts"}],"about":[{"href":"https:\/\/gymbeam.com\/blog\/wp-json\/wp\/v2\/types\/post"}],"author":[{"embeddable":true,"href":"https:\/\/gymbeam.com\/blog\/wp-json\/wp\/v2\/users\/156"}],"replies":[{"embeddable":true,"href":"https:\/\/gymbeam.com\/blog\/wp-json\/wp\/v2\/comments?post=612120"}],"version-history":[{"count":2,"href":"https:\/\/gymbeam.com\/blog\/wp-json\/wp\/v2\/posts\/612120\/revisions"}],"predecessor-version":[{"id":612195,"href":"https:\/\/gymbeam.com\/blog\/wp-json\/wp\/v2\/posts\/612120\/revisions\/612195"}],"wp:featuredmedia":[{"embeddable":true,"href":"https:\/\/gymbeam.com\/blog\/wp-json\/wp\/v2\/media\/608554"}],"wp:attachment":[{"href":"https:\/\/gymbeam.com\/blog\/wp-json\/wp\/v2\/media?parent=612120"}],"wp:term":[{"taxonomy":"category","embeddable":true,"href":"https:\/\/gymbeam.com\/blog\/wp-json\/wp\/v2\/categories?post=612120"},{"taxonomy":"post_tag","embeddable":true,"href":"https:\/\/gymbeam.com\/blog\/wp-json\/wp\/v2\/tags?post=612120"},{"taxonomy":"filter_section","embeddable":true,"href":"https:\/\/gymbeam.com\/blog\/wp-json\/wp\/v2\/filter_section?post=612120"},{"taxonomy":"filter_attribute","embeddable":true,"href":"https:\/\/gymbeam.com\/blog\/wp-json\/wp\/v2\/filter_attribute?post=612120"}],"curies":[{"name":"wp","href":"https:\/\/api.w.org\/{rel}","templated":true}]}}