{"id":524288,"date":"2024-02-01T12:41:45","date_gmt":"2024-02-01T11:41:45","guid":{"rendered":"https:\/\/gymbeam.com\/blog\/?p=524288"},"modified":"2024-02-01T12:41:46","modified_gmt":"2024-02-01T11:41:46","slug":"az-idoszakos-bojtoles-a-siker-kulcsa","status":"publish","type":"post","link":"https:\/\/gymbeam.hu\/blog\/az-idoszakos-bojtoles-a-siker-kulcsa\/","title":{"rendered":"Id\u0151szakos b\u00f6jt: Milyen hat\u00e1ssal van az eg\u00e9szs\u00e9gre, a fogy\u00e1sra vagy a sportteljes\u00edtm\u00e9nyre, \u00e9s kiknek aj\u00e1nlott?"},"content":{"rendered":"<div id=\"ez-toc-container\" class=\"ez-toc-v2_0_72 ez-toc-wrap-left counter-hierarchy ez-toc-counter ez-toc-custom ez-toc-container-direction\">\n<div class=\"ez-toc-title-container\">\n<p class=\"ez-toc-title\" style=\"cursor:inherit\">Table of Contents<\/p>\n<span class=\"ez-toc-title-toggle\"><\/span><\/div>\n<nav><ul class='ez-toc-list ez-toc-list-level-1 ' ><li class='ez-toc-page-1 ez-toc-heading-level-2'><a class=\"ez-toc-link ez-toc-heading-1\" href=\"https:\/\/gymbeam.hu\/blog\/az-idoszakos-bojtoles-a-siker-kulcsa\/#Mi_is_az_az_idoszakos_bojt\" title=\"Mi is az az id\u0151szakos b\u00f6jt?\">Mi is az az id\u0151szakos b\u00f6jt?<\/a><\/li><li class='ez-toc-page-1 ez-toc-heading-level-2'><a class=\"ez-toc-link ez-toc-heading-2\" href=\"https:\/\/gymbeam.hu\/blog\/az-idoszakos-bojtoles-a-siker-kulcsa\/#Milyen_ismert_formai_vannak_az_idoszakos_koplalasnak\" title=\"Milyen ismert form\u00e1i vannak az id\u0151szakos koplal\u00e1snak?\">Milyen ismert form\u00e1i vannak az id\u0151szakos koplal\u00e1snak?<\/a><\/li><li class='ez-toc-page-1 ez-toc-heading-level-2'><a class=\"ez-toc-link ez-toc-heading-3\" href=\"https:\/\/gymbeam.hu\/blog\/az-idoszakos-bojtoles-a-siker-kulcsa\/#Hogyan_mukodik_az_idoszakos_bojt\" title=\"Hogyan m\u0171k\u00f6dik az id\u0151szakos b\u00f6jt?\">Hogyan m\u0171k\u00f6dik az id\u0151szakos b\u00f6jt?<\/a><\/li><li class='ez-toc-page-1 ez-toc-heading-level-2'><a class=\"ez-toc-link ez-toc-heading-4\" href=\"https:\/\/gymbeam.hu\/blog\/az-idoszakos-bojtoles-a-siker-kulcsa\/#Milyen_egeszsegugyi_elonyei_vannak_az_idoszakos_bojtnek\" title=\"Milyen eg\u00e9szs\u00e9g\u00fcgyi el\u0151nyei vannak az id\u0151szakos b\u00f6jtnek?\">Milyen eg\u00e9szs\u00e9g\u00fcgyi el\u0151nyei vannak az id\u0151szakos b\u00f6jtnek?<\/a><\/li><li class='ez-toc-page-1 ez-toc-heading-level-2'><a class=\"ez-toc-link ez-toc-heading-5\" href=\"https:\/\/gymbeam.hu\/blog\/az-idoszakos-bojtoles-a-siker-kulcsa\/#Az_idoszakos_koplalas_karos_hatassal_is_lehet_az_egeszsegre\" title=\"Az id\u0151szakos koplal\u00e1s k\u00e1ros hat\u00e1ssal is lehet az eg\u00e9szs\u00e9gre?\">Az id\u0151szakos koplal\u00e1s k\u00e1ros hat\u00e1ssal is lehet az eg\u00e9szs\u00e9gre?<\/a><\/li><li class='ez-toc-page-1 ez-toc-heading-level-2'><a class=\"ez-toc-link ez-toc-heading-6\" href=\"https:\/\/gymbeam.hu\/blog\/az-idoszakos-bojtoles-a-siker-kulcsa\/#Kinek_javasolt_az_idoszakos_bojtoles\" title=\"Kinek javasolt az id\u0151szakos b\u00f6jt\u00f6l\u00e9s?\">Kinek javasolt az id\u0151szakos b\u00f6jt\u00f6l\u00e9s?<\/a><\/li><li class='ez-toc-page-1 ez-toc-heading-level-2'><a class=\"ez-toc-link ez-toc-heading-7\" href=\"https:\/\/gymbeam.hu\/blog\/az-idoszakos-bojtoles-a-siker-kulcsa\/#Kinek_nem_ajanlott_az_idoszakos_bojt\" title=\"Kinek nem aj\u00e1nlott az id\u0151szakos b\u00f6jt?\">Kinek nem aj\u00e1nlott az id\u0151szakos b\u00f6jt?<\/a><\/li><li class='ez-toc-page-1 ez-toc-heading-level-2'><a class=\"ez-toc-link ez-toc-heading-8\" href=\"https:\/\/gymbeam.hu\/blog\/az-idoszakos-bojtoles-a-siker-kulcsa\/#Egeszseges_az_idoszakos_koplalas\" title=\"Eg\u00e9szs\u00e9ges az id\u0151szakos koplal\u00e1s?\">Eg\u00e9szs\u00e9ges az id\u0151szakos koplal\u00e1s?<\/a><\/li><li class='ez-toc-page-1 ez-toc-heading-level-2'><a class=\"ez-toc-link ez-toc-heading-9\" href=\"https:\/\/gymbeam.hu\/blog\/az-idoszakos-bojtoles-a-siker-kulcsa\/#Hogyan_kezdjuk_el_az_idoszakos_bojtolest\" title=\"Hogyan kezdj\u00fck el az id\u0151szakos b\u00f6jt\u00f6l\u00e9st?\">Hogyan kezdj\u00fck el az id\u0151szakos b\u00f6jt\u00f6l\u00e9st?<\/a><\/li><li class='ez-toc-page-1 ez-toc-heading-level-2'><a class=\"ez-toc-link ez-toc-heading-10\" href=\"https:\/\/gymbeam.hu\/blog\/az-idoszakos-bojtoles-a-siker-kulcsa\/#Milyen_eteleket_lehet_fogyasztani_az_idoszakos_bojt_soran\" title=\"Milyen \u00e9teleket lehet fogyasztani az id\u0151szakos b\u00f6jt sor\u00e1n?\">Milyen \u00e9teleket lehet fogyasztani az id\u0151szakos b\u00f6jt sor\u00e1n?<\/a><\/li><li class='ez-toc-page-1 ez-toc-heading-level-2'><a class=\"ez-toc-link ez-toc-heading-11\" href=\"https:\/\/gymbeam.hu\/blog\/az-idoszakos-bojtoles-a-siker-kulcsa\/#Mire_erdemes_emlekezni\" title=\"Mire \u00e9rdemes eml\u00e9kezni?\">Mire \u00e9rdemes eml\u00e9kezni?<\/a><\/li><\/ul><\/nav><\/div>\n\n<p>Az id\u0151szakos b\u00f6jt egy olyan t\u00e1pl\u00e1lkoz\u00e1si m\u00f3d, amelyben a nap folyam\u00e1n a koplal\u00e1s \u00e9s az ev\u00e9s id\u0151szakosan v\u00e1ltakoznak. Nagyon n\u00e9pszer\u0171 lett, k\u00fcl\u00f6n\u00f6sen a hat\u00e9kony \u00e9s gyors <strong>fogy\u00e1s<\/strong> miatt, amivel k\u00f6nnyed\u00e9n el\u00e9rhet\u0151 az \u00e1lomalak. Emellett az <strong>agyra, a koncentr\u00e1ci\u00f3ra<\/strong> kifejtett pozit\u00edv hat\u00e1sa, illetve az <strong>\u00e9hs\u00e9g\u00e9rzet vagy a v\u00e9rcukorszint (glik\u00e9mia) hat\u00e9konyabb szab\u00e1lyoz\u00e1sa<\/strong> is el\u0151ny\u00f6s. Tarthatsz id\u0151szakos b\u00f6jt\u00f6t, ha a hagyom\u00e1nyos \u00e9tkez\u00e9si vagy fogy\u00f3k\u00far\u00e1s m\u00f3dszerek nem v\u00e1ltak be? No, \u00e9s mit nyerhetsz m\u00e9g az id\u0151szakos b\u00f6jt\u00f6l\u00e9ssel?<\/p>\n\n\n\n<div style=\"height:20px\" aria-hidden=\"true\" class=\"wp-block-spacer\"><\/div>\n\n\n\n<h3 class=\"wp-block-heading is-style-default\">Ebben a cikkben a id\u0151szakos koplal\u00e1s al\u00e1bbi konkr\u00e9t ter\u00fcletekre gyakorolt pozit\u00edv hat\u00e1s\u00e1r\u00f3l olvashatsz:<\/h3>\n\n\n\n<div class=\"wp-block-group is-nowrap is-layout-flex wp-container-core-group-is-layout-ad2f72ca wp-block-group-is-layout-flex\">\n<div class=\"wp-block-buttons is-layout-flex wp-block-buttons-is-layout-flex\">\n<div class=\"wp-block-button\"><a class=\"wp-block-button__link has-orange-background-color has-background wp-element-button\" href=\"#sulycsokkenes\" style=\"border-radius:0px\">S\u00falycs\u00f6kken\u00e9s<\/a><\/div>\n<\/div>\n\n\n\n<div class=\"wp-block-buttons is-layout-flex wp-block-buttons-is-layout-flex\">\n<div class=\"wp-block-button\"><a class=\"wp-block-button__link has-orange-background-color has-background wp-element-button\" href=\"#ehsegerzet-es-sovargas\" style=\"border-radius:0px\">\u00c9hs\u00e9g\u00e9rzet \u00e9s s\u00f3v\u00e1rg\u00e1s<\/a><\/div>\n<\/div>\n\n\n\n<div class=\"wp-block-buttons is-layout-flex wp-block-buttons-is-layout-flex\">\n<div class=\"wp-block-button\"><a class=\"wp-block-button__link has-orange-background-color has-background wp-element-button\" href=\"#vercukorszint\" style=\"border-radius:0px\">V\u00e9rcukorszint<\/a><\/div>\n<\/div>\n\n\n\n<div class=\"wp-block-buttons is-layout-flex wp-block-buttons-is-layout-flex\">\n<div class=\"wp-block-button\"><a class=\"wp-block-button__link has-orange-background-color has-background wp-element-button\" href=\"#sziv-es-errendszer-egeszsege\" style=\"border-radius:0px\">Sz\u00edv- \u00e9s \u00e9rrendszer eg\u00e9szs\u00e9ge<\/a><\/div>\n<\/div>\n\n\n\n<div class=\"wp-block-buttons is-layout-flex wp-block-buttons-is-layout-flex\">\n<div class=\"wp-block-button\"><a class=\"wp-block-button__link has-orange-background-color has-background wp-element-button\" href=\"#rak\" style=\"border-radius:0px\">R\u00e1k<\/a><\/div>\n<\/div>\n\n\n\n<div class=\"wp-block-buttons is-layout-flex wp-block-buttons-is-layout-flex\">\n<div class=\"wp-block-button\"><a class=\"wp-block-button__link has-orange-background-color has-background wp-element-button\" href=\"#agy\" style=\"border-radius:0px\">Agy<\/a><\/div>\n<\/div>\n<\/div>\n\n\n\n<div style=\"height:20px\" aria-hidden=\"true\" class=\"wp-block-spacer\"><\/div>\n\n\n\n<div class=\"wp-block-group is-nowrap is-layout-flex wp-container-core-group-is-layout-ad2f72ca wp-block-group-is-layout-flex\">\n<div class=\"wp-block-buttons is-layout-flex wp-block-buttons-is-layout-flex\">\n<div class=\"wp-block-button\"><a class=\"wp-block-button__link has-orange-background-color has-background wp-element-button\" href=\"#hosszu-elet\" style=\"border-radius:0px\">Hossz\u00fa \u00e9let<\/a><\/div>\n<\/div>\n\n\n\n<div class=\"wp-block-buttons is-layout-flex wp-block-buttons-is-layout-flex\">\n<div class=\"wp-block-button\"><a class=\"wp-block-button__link has-orange-background-color has-background wp-element-button\" href=\"#noi-egeszseg\" style=\"border-radius:0px\">N\u0151i eg\u00e9szs\u00e9g<\/a><\/div>\n<\/div>\n<\/div>\n\n\n\n<div style=\"height:20px\" aria-hidden=\"true\" class=\"wp-block-spacer\"><\/div>\n\n\n\n<h3 class=\"wp-block-heading is-style-default\">Ebben a cikkben a id\u0151szakos koplal\u00e1s al\u00e1bbi konkr\u00e9t ter\u00fcletekre gyakorolt negat\u00edv hat\u00e1s\u00e1r\u00f3l olvashatsz:<\/h3>\n\n\n\n<div class=\"wp-block-group is-nowrap is-layout-flex wp-container-core-group-is-layout-ad2f72ca wp-block-group-is-layout-flex\">\n<div class=\"wp-block-buttons is-layout-flex wp-block-buttons-is-layout-flex\">\n<div class=\"wp-block-button\"><a class=\"wp-block-button__link has-orange-background-color has-background wp-element-button\" href=\"#sportteljesitmeny\" style=\"border-radius:0px\">Sportteljes\u00edtm\u00e9ny<\/a><\/div>\n<\/div>\n\n\n\n<div class=\"wp-block-buttons is-layout-flex wp-block-buttons-is-layout-flex\">\n<div class=\"wp-block-button\"><a class=\"wp-block-button__link has-orange-background-color has-background wp-element-button\" href=\"#izom-novekedes\" style=\"border-radius:0px\">Izomn\u00f6veked\u00e9s<\/a><\/div>\n<\/div>\n\n\n\n<div class=\"wp-block-buttons is-layout-flex wp-block-buttons-is-layout-flex\">\n<div class=\"wp-block-button\"><a class=\"wp-block-button__link has-orange-background-color has-background wp-element-button\" href=\"#energia-es-tapanyagbevitel\" style=\"border-radius:0px\">Energia- \u00e9s t\u00e1panyagbevitel<\/a><\/div>\n<\/div>\n\n\n\n<div class=\"wp-block-buttons is-layout-flex wp-block-buttons-is-layout-flex\">\n<div class=\"wp-block-button\"><a class=\"wp-block-button__link has-orange-background-color has-background wp-element-button\" href=\"#tesztoszteron\" style=\"border-radius:0px\">Tesztoszteron<\/a><\/div>\n<\/div>\n\n\n\n<div class=\"wp-block-buttons is-layout-flex wp-block-buttons-is-layout-flex\">\n<div class=\"wp-block-button\"><a class=\"wp-block-button__link has-orange-background-color has-background wp-element-button\" href=\"#hypoglikemia-kockazat\" style=\"border-radius:0px\">Hipoglik\u00e9mia kock\u00e1zata<\/a><\/div>\n<\/div>\n\n\n\n<div class=\"wp-block-buttons is-layout-flex wp-block-buttons-is-layout-flex\">\n<div class=\"wp-block-button\"><a class=\"wp-block-button__link has-orange-background-color has-background wp-element-button\" href=\"#mentalis-egeszseg\" style=\"border-radius:0px\">Ment\u00e1lis eg\u00e9szs\u00e9g<\/a><\/div>\n<\/div>\n<\/div>\n\n\n\n<div style=\"height:20px\" aria-hidden=\"true\" class=\"wp-block-spacer\"><\/div>\n\n\n\n<div class=\"wp-block-group is-nowrap is-layout-flex wp-container-core-group-is-layout-ad2f72ca wp-block-group-is-layout-flex\">\n<div class=\"wp-block-buttons is-layout-flex wp-block-buttons-is-layout-flex\">\n<div class=\"wp-block-button\"><a class=\"wp-block-button__link has-orange-background-color has-background wp-element-button\" href=\"#szomjusagerzet\" style=\"border-radius:0px\">Szomj\u00fas\u00e1g\u00e9rzet<\/a><\/div>\n<\/div>\n\n\n\n<div class=\"wp-block-buttons is-layout-flex wp-block-buttons-is-layout-flex\">\n<div class=\"wp-block-button\"><a class=\"wp-block-button__link has-orange-background-color has-background wp-element-button\" href=\"#emesztes\" style=\"border-radius:0px\">Em\u00e9szt\u00e9s<\/a><\/div>\n<\/div>\n<\/div>\n\n\n\n<div style=\"height:20px\" aria-hidden=\"true\" class=\"wp-block-spacer\"><\/div>\n\n\n\n<h2 class=\"wp-block-heading\"><span class=\"ez-toc-section\" id=\"Mi_is_az_az_idoszakos_bojt\"><\/span>Mi is az az id\u0151szakos b\u00f6jt?<span class=\"ez-toc-section-end\"><\/span><\/h2>\n\n\n\n<p>Az <strong>id\u0151szakos b\u00f6jt (IF)<\/strong>&nbsp;egy olyan t\u00e1pl\u00e1lkoz\u00e1si m\u00f3d, amely <strong>k\u00fcl\u00f6nb\u00f6z\u0151 id\u0151tartam\u00fa koplal\u00e1si \u00e9s \u00e9tkez\u00e9si id\u0151szakokat v\u00e1ltogat<\/strong>. S\u0151t, az is meglehet, hogy m\u00e1r tartod is, csak nem tudsz r\u00f3la. Ha p\u00e9ld\u00e1ul kihagyod a reggelit, \u00e9s az els\u0151 \u00e9tkez\u00e9sed csak eb\u00e9did\u0151 k\u00f6r\u00fcl van, ez az id\u0151szakos b\u00f6jt egy form\u00e1ja.<\/p>\n\n\n\n<div style=\"height:20px\" aria-hidden=\"true\" class=\"wp-block-spacer\"><\/div>\n\n\n\n<p>Ez a megold\u00e1s tulajdonk\u00e9ppen ma <strong>sem ismeretlen<\/strong> a sz\u00e1munkra. Az \u0151seink sz\u00e1m\u00e1ra nem volt mindig el\u00e9rhet\u0151 az \u00e9lelem, mint manaps\u00e1g. Akkor ettek, amikor vad\u00e1sztak vagy gy\u0171jt\u00f6ttek, \u00e9s az<strong> \u00e9tkez\u00e9sek k\u00f6z\u00f6tt eltelt id\u0151 ar\u00e1nytalanul hosszabb volt<\/strong> a ma megszokotthoz k\u00e9pest. De sz\u00e1mos <strong>vall\u00e1sban<\/strong> is van b\u00f6jt\u00f6l\u00e9s.<\/p>\n\n\n\n<div style=\"height:20px\" aria-hidden=\"true\" class=\"wp-block-spacer\"><\/div>\n\n\n\n<p>B\u00e1r ma m\u00e1r nem kell vad\u00e1szni az \u00e9lelem\u00e9rt, \u00e9s a b\u00f6jt\u00f6l\u00e9snek nincsenek spiritu\u00e1lis okai, fokozatosan m\u00e9gis visszat\u00e9r\u00fcnk a ritk\u00e1bb \u00e9tkez\u00e9shez. Az id\u0151szakos b\u00f6jt egyre n\u00e9pszer\u0171bb, els\u0151sorban az <strong>\u00edg\u00e9retes eg\u00e9szs\u00e9g\u00fcgyi el\u0151nyei<\/strong> miatt. Nemcsak hat\u00e9kony <strong>fogy\u00f3k\u00far\u00e1s<\/strong> m\u00f3dszer, hanem a <strong>v\u00e9rcukorszint<\/strong> jav\u00edt\u00e1s\u00e1ra vagy a <strong>hossz\u00fa \u00e9lethez<\/strong> vezet\u0151 \u00fat megalapoz\u00e1s\u00e1ra is haszn\u00e1lj\u00e1k.<\/p>\n\n\n<div class=\"wp-block-image\">\n<figure class=\"aligncenter size-large\"><img loading=\"lazy\" decoding=\"async\" width=\"1124\" height=\"751\" src=\"https:\/\/gymbeam.sk\/blog\/wp-content\/uploads\/2024\/01\/rs_marko_micovic_022023_16-1124x751.jpg\" alt=\"Mi is az az id\u0151szakos b\u00f6jt?\" class=\"wp-image-520328\" title=\"Mi is az az id\u0151szakos b\u00f6jt?\" srcset=\"https:\/\/gymbeam.com\/blog\/wp-content\/uploads\/2024\/01\/rs_marko_micovic_022023_16-1124x751.jpg 1124w, https:\/\/gymbeam.com\/blog\/wp-content\/uploads\/2024\/01\/rs_marko_micovic_022023_16-400x267.jpg 400w, https:\/\/gymbeam.com\/blog\/wp-content\/uploads\/2024\/01\/rs_marko_micovic_022023_16-1536x1026.jpg 1536w, https:\/\/gymbeam.com\/blog\/wp-content\/uploads\/2024\/01\/rs_marko_micovic_022023_16-2048x1368.jpg 2048w\" sizes=\"auto, (max-width: 1124px) 100vw, 1124px\" \/><\/figure>\n<\/div>\n\n\n<h2 class=\"wp-block-heading\"><span class=\"ez-toc-section\" id=\"Milyen_ismert_formai_vannak_az_idoszakos_koplalasnak\"><\/span>Milyen ismert form\u00e1i vannak az id\u0151szakos koplal\u00e1snak?<span class=\"ez-toc-section-end\"><\/span><\/h2>\n\n\n\n<div style=\"height:20px\" aria-hidden=\"true\" class=\"wp-block-spacer\"><\/div>\n\n\n\n<h3 class=\"wp-block-heading\">1. <em>Alternate-Day Fasting<\/em> &#8211; ADF (V\u00e1ltott napi b\u00f6jt\u00f6l\u00e9s)<\/h3>\n\n\n\n<p>Ez az id\u0151szakos b\u00f6jt egy form\u00e1ja, amelyben a <strong>b\u00f6jt\u00f6l\u00e9s \u00e9s a norm\u00e1l \u00e9telfogyaszt\u00e1s i\u0151szaka naponta v\u00e1ltakoznak.<\/strong> \u00cdgy az egyik nap b\u00f6jt\u00f6l\u00e9ssel telik, a k\u00f6vetkez\u0151 nap pedig eg\u00e9sz nap rendesen lehet \u00e9tkezni. \u00c9s ezek a napok folyamatosan v\u00e1ltj\u00e1k egym\u00e1st. A b\u00f6jti napok k\u00f6nny\u00edthet\u0151k, ha a norm\u00e1l napi kal\u00f3riabevitelnek csak a 25%-\u00e1t fogyasztjuk el.&nbsp;<sup><mark class=\"has-inline-color has-orange-color\" style=\"background-color: rgba(0, 0, 0, 0);\">[1]<\/mark><\/sup><\/p>\n\n\n\n<div style=\"height:20px\" aria-hidden=\"true\" class=\"wp-block-spacer\"><\/div>\n\n\n\n<h3 class=\"wp-block-heading\">2. <em>Twice-Weekly Fasting<\/em> &#8211; TWF (Heti k\u00e9tszeri b\u00f6jt)<\/h3>\n\n\n\n<p>Ez gyakorlatilag egy <strong>eg\u00e9sz napos koplal\u00e1s a h\u00e9t k\u00e9t napj\u00e1n.<\/strong> Ez<strong> 5:2<\/strong> b\u00f6jt n\u00e9ven is ismert. Ezek a napok tetsz\u0151legesen v\u00e1laszthat\u00f3k, \u00e9s lehetnek egym\u00e1st k\u00f6vet\u0151 napok, vagy nem egym\u00e1s ut\u00e1ni napok is. Az el\u0151z\u0151 esethez hasonl\u00f3an a b\u00f6jt\u00f6l\u00e9sre kijel\u00f6lt napokon is el lehet fogyasztani a norm\u00e1l energiabevitel 25%-\u00e1t.&nbsp;<sup><mark class=\"has-inline-color has-orange-color\" style=\"background-color: rgba(0, 0, 0, 0);\">[1]<\/mark><\/sup><\/p>\n\n\n\n<div style=\"height:20px\" aria-hidden=\"true\" class=\"wp-block-spacer\"><\/div>\n\n\n\n<h3 class=\"wp-block-heading\">3. Id\u0151ben korl\u00e1tozott id\u0151szakos b\u00f6jt\u00f6l\u00e9s egy napon bel\u00fcl<\/h3>\n\n\n\n<p>Tal\u00e1n ez a forma a legismertebb \u00e9s legn\u00e9pszer\u0171bb. Nem az eg\u00e9sz napos b\u00f6jt\u00f6l\u00e9sen alapul, hanem az \u00e9telbevitelre \u00e9s a b\u00f6jt\u00f6l\u00e9sre kijel\u00f6lt<strong> id\u0151s\u00e1von.<\/strong> A 24 \u00f3r\u00e1n bel\u00fcl jellemz\u0151en <strong>16-20 \u00f3r\u00e1t<\/strong> kell sz\u00e1nni a koplal\u00e1sra, a fennmarad\u00f3<strong> 4-8 \u00f3r\u00e1ban<\/strong> pedig lehet enni. Ebben a r\u00f6vid id\u0151s\u00e1vban l\u00e9nyeges, hogy bevigy\u00fck a napi optim\u00e1lis kal\u00f3ria- \u00e9s t\u00e1panyagmennyis\u00e9get. Mivel ez a leggyakoribb forma, ez\u00e9rt <strong>a cikk tov\u00e1bbi r\u00e9sz\u00e9ben ezzel fogunk foglalkozni.<\/strong><\/p>\n\n\n\n<div style=\"height:20px\" aria-hidden=\"true\" class=\"wp-block-spacer\"><\/div>\n\n\n\n<p>A legelterjedtebb forma a <strong>16:8,<\/strong> amikor 16 \u00f3r\u00e1n \u00e1t b\u00f6jt\u00f6lsz, \u00e9s 8 \u00f3r\u00e1n \u00e1t fogyaszthatsz \u00e9telt. Az, hogy a nap melyik r\u00e9sz\u00e9re tessz\u00fck ezeket az \u00f3r\u00e1kat, mindenkin\u00e9l az egy\u00e9ni preferenci\u00e1kt\u00f3l f\u00fcgg.<\/p>\n\n\n\n<ul class=\"wp-block-list\">\n<li>Kezdhetj\u00fck a napot reggelivel, d\u00e9lut\u00e1n elfogyaszthatjuk az utols\u00f3 \u00e9tkez\u00e9st, \u00e9s m\u00e1snap reggelig nem szabad enni semmit. <\/li>\n\n\n\n<li>De kihagyhat\u00f3 a reggeli \u00e9s az uzsonna, \u00e9s p\u00e9ld\u00e1ul eb\u00e9ddel is ind\u00edthatunk, azt\u00e1n estig lehet enni.&nbsp;<sup><mark class=\"has-inline-color has-orange-color\" style=\"background-color: rgba(0, 0, 0, 0);\">[1]<\/mark><\/sup><\/li>\n<\/ul>\n\n\n\n<div style=\"height:20px\" aria-hidden=\"true\" class=\"wp-block-spacer\"><\/div>\n\n\n\n<p>A <strong>kronot\u00edpusa<\/strong> seg\u00edt a megfelel\u0151 beoszt\u00e1s kiv\u00e1laszt\u00e1s\u00e1ban. Ha <strong>bagoly<\/strong> vagy, \u00e9s szeretsz reggel aludni \u00e9s este vagy akt\u00edvabb, akkor lehet, hogy jobb, ha az els\u0151 \u00e9tkez\u00e9st a nap k\u00e9s\u0151bbi szakasz\u00e1ra id\u0151z\u00edted. A <strong>pacsirt\u00e1k<\/strong> viszont \u00fagy t\u0171nik, jobban \u00e9rt\u00e9kelik a kiad\u00f3s reggelit, \u00e9s ink\u00e1bb a k\u00e9s\u0151 d\u00e9lut\u00e1ni \u00f3r\u00e1kban korl\u00e1tozz\u00e1k az \u00e9tkez\u00e9st. Egyr\u00e9szt k\u00f6nnyebben lehet kontroll\u00e1lni az \u00e9hs\u00e9g\u00e9rzetet, plusz a test \u00e9s az em\u00e9szt\u0151rendszer is \u00e9rt\u00e9kelni fogja, ha az \u00e9telbevitelt a napi rutinhoz igaz\u00edtjuk.<\/p>\n\n\n\n<div style=\"height:20px\" aria-hidden=\"true\" class=\"wp-block-spacer\"><\/div>\n\n\n\n    <link href=\"https:\/\/gymbeam.com\/blog\/wp-content\/themes\/wp-gymbeam-blog-theme\/css\/vue\/index.css\" rel=\"preload\" as=\"style\">\n    <link href=\"https:\/\/gymbeam.com\/blog\/wp-content\/themes\/wp-gymbeam-blog-theme\/js\/vue\/chunk-vendors.js\" rel=\"preload\" as=\"script\">\n    <link href=\"https:\/\/gymbeam.com\/blog\/wp-content\/themes\/wp-gymbeam-blog-theme\/js\/vue\/index.js\" rel=\"preload\" as=\"script\">\n    <link data-no-optimize=\"1\" href=\"https:\/\/gymbeam.com\/blog\/wp-content\/themes\/wp-gymbeam-blog-theme\/css\/vue\/index.css\" rel=\"stylesheet\">\n\n    <h2>\n        You might be interested in these products:    <\/h2>\n\n    <div data-app=\"recommended\" data-products=\"29956,46168,46912,64381,77737\" ><\/div>\n\n    <script data-no-optimize=\"1\" src=\"https:\/\/gymbeam.com\/blog\/wp-content\/themes\/wp-gymbeam-blog-theme\/js\/vue\/chunk-vendors.js\"><\/script>\n    <script data-no-optimize=\"1\" src=\"https:\/\/gymbeam.com\/blog\/wp-content\/themes\/wp-gymbeam-blog-theme\/js\/vue\/index.js\"><\/script>\n\n\n\n<div style=\"height:20px\" aria-hidden=\"true\" class=\"wp-block-spacer\"><\/div>\n\n\n\n<h2 class=\"wp-block-heading\"><span class=\"ez-toc-section\" id=\"Hogyan_mukodik_az_idoszakos_bojt\"><\/span>Hogyan m\u0171k\u00f6dik az id\u0151szakos b\u00f6jt? <span class=\"ez-toc-section-end\"><\/span><\/h2>\n\n\n\n<p>Az id\u0151szakos b\u00f6jt az egyszer\u0171s\u00e9ge miatt is n\u00e9pszer\u0171. <strong>Pontos hat\u00e1rokat<\/strong> szab arra vonatkoz\u00f3an, hogy mikor fogyaszthat\u00f3 \u00e9lelmiszer \u00e9s mikor nem. Ink\u00e1bb az \u00e9telfogyaszt\u00e1s id\u0151z\u00edt\u00e9s\u00e9re, mint az \u00e9telek kiv\u00e1laszt\u00e1s\u00e1ra \u00f6sszpontos\u00edt. Fogy\u00f3k\u00fara eset\u00e9n seg\u00edt korl\u00e1tozni az \u00e9lelmiszer-bevitelt, \u00edgy k\u00f6nnyebb <strong>tartani a kal\u00f3riadeficitet.<\/strong> Egyszer\u0171en nem lehets\u00e9ges nyolc \u00f3ra alatt annyi \u00e9telt enni, mint amennyit egy eg\u00e9sz nap alatt enne az ember. Term\u00e9szetesen egy <strong>megfelel\u0151en \u00f6sze\u00e1ll\u00edtott<\/strong> <a class=\"ek-link\" href=\"https:\/\/gymbeam.hu\/blog\/milyen-az-egeszseges-taplalkozas-es-hogyan-tanuljunk-meg-egeszsegesen-etkezni\/\" target=\"_blank\" rel=\"noreferrer noopener\" aria-label=\" (opens in a new tab)\"><strong>eg\u00e9szs\u00e9ges \u00e9trend<\/strong><\/a> ebben az esetben is fontos. Az \u00e9dess\u00e9gekkel, <a class=\"ek-link\" href=\"https:\/\/gymbeam.hu\/blog\/hol-bujnak-meg-a-folyekony-kaloriak-es-hogyan-akadalyoznak-ezek-az-ures-kaloriak-a-fogyasban\/\" target=\"_blank\" rel=\"noreferrer noopener\" aria-label=\" (opens in a new tab)\">cukrozott italokkal<\/a>&nbsp;\u00e9s m\u00e1s, er\u0151sen feldolgozott \u00e9lelmiszerekkel nagyon k\u00f6nnyen t\u00fall\u00e9phetj\u00fck az optim\u00e1lis napi energiabevitelt, m\u00e9g abban a r\u00f6vid nyolc \u00f3r\u00e1ban is. Teh\u00e1t m\u00e9g az id\u0151szakos b\u00f6jt\u00f6l\u00e9s eset\u00e9n is <strong>t\u00f6bb kal\u00f3ri\u00e1t kell el\u00e9getni naponta,<\/strong> mint amennyit bevitt\u00fcnk.<\/p>\n\n\n\n<div style=\"height:20px\" aria-hidden=\"true\" class=\"wp-block-spacer\"><\/div>\n\n\n\n<p>A kutat\u00e1sok azt mutatj\u00e1k, hogy ez az \u00e9tkez\u00e9si m\u00f3d a <strong>hormontermel\u00e9sre \u00e9s -m\u0171k\u00f6d\u00e9sre<\/strong> is hat\u00e1ssal van. P\u00e9ld\u00e1ul alacsonyabb inzulinszintet eredm\u00e9nyez, ami enyh\u00edtheti az <strong>inzulinrezisztenci\u00e1t,<\/strong> \u00e9s ez\u00e1ltal k\u00e9pes lehet szab\u00e1lyozni a v\u00e9rcukorszintet. Az <strong>adiponektin<\/strong> szintje is emelkedik, amely egy olyan hormon, amely seg\u00edt n\u00f6velni a <a class=\"ek-link\" href=\"https:\/\/gymbeam.hu\/blog\/inzulinerzekenyseg-hogyan-noveljuk-es-akadalyozzuk-meg-az-inzulinrezisztanciat\/\" target=\"_blank\" rel=\"noreferrer noopener\" aria-label=\" (opens in a new tab)\">sz\u00f6vetek inzulin\u00e9rz\u00e9kenys\u00e9g\u00e9t<\/a>. Ezeknek \u00e9s a hormonszintek egy\u00e9b v\u00e1ltoz\u00e1sainak k\u00f6sz\u00f6nhet\u0151 teh\u00e1t az id\u0151szakos b\u00f6jt sz\u00e1mos el\u0151nye.&nbsp;<sup><mark class=\"has-inline-color has-orange-color\" style=\"background-color: rgba(0, 0, 0, 0);\">[14]<\/mark><\/sup><\/p>\n\n\n<div class=\"wp-block-image\">\n<figure class=\"aligncenter size-large\"><img loading=\"lazy\" decoding=\"async\" width=\"1124\" height=\"749\" src=\"https:\/\/gymbeam.sk\/blog\/wp-content\/uploads\/2024\/01\/iStock-1203229432-1124x749.jpg\" alt=\"Hogyan m\u0171k\u00f6dik az id\u0151szakos b\u00f6jt? \" class=\"wp-image-520344\" title=\"Hogyan m\u0171k\u00f6dik az id\u0151szakos b\u00f6jt? \" srcset=\"https:\/\/gymbeam.com\/blog\/wp-content\/uploads\/2024\/01\/iStock-1203229432-1124x749.jpg 1124w, https:\/\/gymbeam.com\/blog\/wp-content\/uploads\/2024\/01\/iStock-1203229432-400x267.jpg 400w, https:\/\/gymbeam.com\/blog\/wp-content\/uploads\/2024\/01\/iStock-1203229432-1536x1024.jpg 1536w, https:\/\/gymbeam.com\/blog\/wp-content\/uploads\/2024\/01\/iStock-1203229432-2048x1365.jpg 2048w\" sizes=\"auto, (max-width: 1124px) 100vw, 1124px\" \/><\/figure>\n<\/div>\n\n\n<h2 class=\"wp-block-heading\"><span class=\"ez-toc-section\" id=\"Milyen_egeszsegugyi_elonyei_vannak_az_idoszakos_bojtnek\"><\/span>Milyen eg\u00e9szs\u00e9g\u00fcgyi el\u0151nyei vannak az id\u0151szakos b\u00f6jtnek?<span class=\"ez-toc-section-end\"><\/span><\/h2>\n\n\n\n<div style=\"height:20px\" aria-hidden=\"true\" class=\"wp-block-spacer\"><\/div>\n\n\n\n<h3 class=\"wp-block-heading\" id=\"sulycsokkenes\">1. Seg\u00edtheti a fogy\u00e1st<\/h3>\n\n\n\n<p>A fogy\u00f3k\u00fara \u00e9s a <a class=\"ek-link\" href=\"https:\/\/gymbeam.hu\/blog\/kaloriadeficit-hogyan-fogyj-hogy-az-eletkedved-ne-fogyjon-el\/\" target=\"_blank\" rel=\"noreferrer noopener\" aria-label=\" (opens in a new tab)\">kal\u00f3riadeficit<\/a> betart\u00e1sa n\u00e9ha igaz\u00e1n kellemetlen tud lenni. Gyakran az\u00e9rt nem sikeres a fogy\u00f3k\u00fara, mert a megengedett kal\u00f3riamennyis\u00e9g t\u00fal alacsony, az \u00e9teladagok t\u00fal kicsik, a nap viszont v\u00e9gtelen\u00fcl hossz\u00fa. Folyamatos az \u00e9hs\u00e9g\u00e9rzet, \u00e9s <strong>neh\u00e9z betartani a di\u00e9t\u00e1t,<\/strong> Tal\u00e1n te is pr\u00f3b\u00e1lkozt\u00e1l m\u00e1r k\u00fcl\u00f6nb\u00f6z\u0151 fogy\u00f3k\u00far\u00e1s m\u00f3dszerekkel, de mind <strong>kudarcot vallott.<\/strong><\/p>\n\n\n\n<div style=\"height:20px\" aria-hidden=\"true\" class=\"wp-block-spacer\"><\/div>\n\n\n\n<p>Az id\u0151szakos b\u00f6jt nem valami csodam\u00f3dszer, amely var\u00e1zs\u00fct\u00e9sre seg\u00edt a kil\u00f3k lead\u00e1s\u00e1ban. A maga m\u00f3dj\u00e1n azonban <strong>megk\u00f6nny\u00edtheti<\/strong> a fogy\u00f3k\u00far\u00e1t. Azzal, hogy a<strong> napi bevitelt a nap egy kisebb r\u00e9sz\u00e9be zs\u00fafoljuk,<\/strong><strong> nagyobb adag<\/strong> \u00e9teleket is megengedhet\u00fcnk magunknak. Ezek seg\u00edts\u00e9g\u00e9vel hat\u00e9konyabban <strong>k\u00fczdhetj\u00fck le az \u00e9hs\u00e9g\u00e9rzetet,<\/strong> \u00e9s <strong>hosszabb ideig \u00e9rezhetj\u00fck magunkat j\u00f3llakottnak<\/strong>. Ha te is jobban szeretsz <strong>ritk\u00e1bban enni,<\/strong> de <strong>nagyobb adagokat,<\/strong> az id\u0151szakos b\u00f6jt\u00f6l\u00e9s sokat seg\u00edthet a fogy\u00e1sban.&nbsp;<sup><mark class=\"has-inline-color has-orange-color\" style=\"background-color: rgba(0, 0, 0, 0);\">[9]<\/mark><\/sup><\/p>\n\n\n<div class=\"wp-block-image\">\n<figure class=\"aligncenter size-large\"><img loading=\"lazy\" decoding=\"async\" width=\"1124\" height=\"749\" src=\"https:\/\/gymbeam.sk\/blog\/wp-content\/uploads\/2024\/01\/IMG-20200210-WA0016-1124x749.jpg\" alt=\"Az id\u0151szakos b\u00f6jt\u00f6l\u00e9s \u00e9s a fogy\u00e1s\" class=\"wp-image-520360\" title=\"Az id\u0151szakos b\u00f6jt\u00f6l\u00e9s \u00e9s a fogy\u00e1s\" srcset=\"https:\/\/gymbeam.com\/blog\/wp-content\/uploads\/2024\/01\/IMG-20200210-WA0016-1124x749.jpg 1124w, https:\/\/gymbeam.com\/blog\/wp-content\/uploads\/2024\/01\/IMG-20200210-WA0016-400x267.jpg 400w, https:\/\/gymbeam.com\/blog\/wp-content\/uploads\/2024\/01\/IMG-20200210-WA0016-1536x1023.jpg 1536w, https:\/\/gymbeam.com\/blog\/wp-content\/uploads\/2024\/01\/IMG-20200210-WA0016.jpg 1600w\" sizes=\"auto, (max-width: 1124px) 100vw, 1124px\" \/><\/figure>\n<\/div>\n\n\n<h3 class=\"wp-block-heading\" id=\"ehsegerzet-es-sovargas\">2. Seg\u00edt cs\u00f6kkenteni az \u00e9hs\u00e9g\u00e9rzetet \u00e9s a s\u00f3v\u00e1rg\u00e1st<\/h3>\n\n\n\n<p>Nem csak fogy\u00f3k\u00far\u00e1z\u00e1s alatt mer\u00fcl fel gyakran az <strong>\u00e9hs\u00e9g<\/strong> \u00e9s a v\u00e9get nem \u00e9r\u0151 <a class=\"ek-link\" href=\"https:\/\/gymbeam.hu\/blog\/hogyan-cselezhetjuk-ki-az-edesseg-utani-vagyunkat\/\" target=\"_blank\" rel=\"noreferrer noopener\" aria-label=\" (opens in a new tab)\"><strong>\u00e9dess\u00e9g ut\u00e1ni s\u00f3v\u00e1rg\u00e1s<\/strong><\/a>. Ezt okozhatja egy <strong>helytelen\u00fcl \u00f6ssze\u00e1ll\u00edtott \u00e9trend,<\/strong> de az <strong>\u00e9tkez\u00e9sek nem megfelel\u0151 eloszt\u00e1sa<\/strong> is. \u00c9s, mint minden, ez is egy\u00e9nileg v\u00e1ltoz\u00f3. Sokan viszont, tal\u00e1n te magad is, azt tapasztalj\u00e1k, hogy a s\u00f3v\u00e1rg\u00e1s \u00e9s az \u00e9hs\u00e9g rosszabb, ha az \u00e9tkez\u00e9sek eloszlanak a nap folyam\u00e1n. \u00cdgy term\u00e9szetesen egy m\u0171k\u00f6d\u0151k\u00e9pesebb tervet pr\u00f3b\u00e1lnak keresni.<\/p>\n\n\n\n<div style=\"height:20px\" aria-hidden=\"true\" class=\"wp-block-spacer\"><\/div>\n\n\n\n<p>\u00dagy t\u0171nik, hogy az id\u0151szakos b\u00f6jt\u00f6l\u00e9s seg\u00edthet ezen a probl\u00e9m\u00e1n. P\u00e9ld\u00e1ul az <strong>YY peptid<\/strong> n\u00f6veked\u00e9s\u00e9t eredm\u00e9nyezheti. Ez egy az em\u00e9szt\u0151rendszerben az \u00e9tkez\u00e9sre v\u00e1laszul kiv\u00e1laszt\u00f3d\u00f3 hormon, \u00e9s a <strong>j\u00f3llakotts\u00e1g<\/strong> \u00e9rz\u00e9s\u00e9t v\u00e1ltja ki. \u00dagy t\u0171nik, hogy cs\u00f6kkenti az \u00e9hs\u00e9g\u00e9rzetet jelz\u0151 hormon,<strong> a ghrelin<\/strong> szintj\u00e9t is. Mindezek kombin\u00e1ci\u00f3ja teh\u00e1t <strong>kevesebb \u00e9hs\u00e9get<\/strong> \u00e9s <strong>nagyobb tel\u00edtetts\u00e9g\u00e9rzetet eredm\u00e9nyez az \u00e9tkez\u00e9s ut\u00e1n. <\/strong><sup><mark class=\"has-inline-color has-orange-color\" style=\"background-color: rgba(0, 0, 0, 0);\">[13,17]<\/mark><\/sup><\/p>\n\n\n\n<div style=\"height:20px\" aria-hidden=\"true\" class=\"wp-block-spacer\"><\/div>\n\n\n\n<p>A kutat\u00e1sok nagyj\u00e1b\u00f3l egyet\u00e9rtenek abban, hogy az \u00e9tv\u00e1gy min\u00e9l hat\u00e9konyabb szab\u00e1lyoz\u00e1s\u00e1hoz c\u00e9lszer\u0171 egy <strong>kor\u00e1bbi napszakban<\/strong>kijel\u00f6lni egy id\u0151s\u00e1vot az <strong>\u00e9tkez\u00e9sre.<\/strong> Els\u0151 \u00e9tkez\u00e9sk\u00e9nt j\u00f6het a reggeli, \u00e9s d\u00e9lut\u00e1n kezdheted a b\u00f6jt\u00f6t. Ez val\u00f3sz\u00edn\u0171leg a szervezet <strong>cirkadi\u00e1n ritmus\u00e1val<\/strong> f\u00fcgg \u00f6ssze. A cirkadi\u00e1n ritmus a szervezetben <strong>naponta ism\u00e9tl\u0151d\u0151 folyamatokat jelenti,<\/strong> amelyeket a <strong>nappal \u00e9s az \u00e9jszaka v\u00e1ltakoz\u00e1sa<\/strong> befoly\u00e1sol. \u00cdgy v\u00e1ltozik p\u00e9ld\u00e1ul az em\u00e9szt\u0151rendszer teljes\u00edtm\u00e9nye vagy bizonyos hormonok szintje. Ha reggel kezdj\u00fck az \u00e9tkez\u00e9st, \u00e9s d\u00e9lut\u00e1n esz\u00fcnk utolj\u00e1ra, akkor a szervezet jobban alkalmazkodik a t\u00e1pl\u00e1l\u00e9kfelv\u00e9tel\u00e9hez, mintha eb\u00e9did\u0151ben kezden\u00e9nk az \u00e9tkez\u00e9st, \u00e9s este fejezn\u00e9nk be. \u00cdgy lehet megtanulni az <strong>\u00e9hs\u00e9g\u00e9rzet \u00e9s az \u00e9tv\u00e1gy hat\u00e9konyabb kontrollj\u00e1t.<\/strong> Ez azonban nem valami k\u00f6telez\u0151 szab\u00e1ly, \u00e9s ism\u00e9tlem, mindenkinek egy\u00e9nileg kell megtal\u00e1lni, mi a legjobb a sz\u00e1m\u00e1ra. A legjobb, ha saj\u00e1t magad pr\u00f3b\u00e1lod ki, melyik opci\u00f3 a megfelel\u0151 a sz\u00e1modra.&nbsp;<sup><mark class=\"has-inline-color has-orange-color\" style=\"background-color: rgba(0, 0, 0, 0);\">[13,17]<\/mark><\/sup><\/p>\n\n\n\n<div style=\"height:20px\" aria-hidden=\"true\" class=\"wp-block-spacer\"><\/div>\n\n\n\n<p>Ha gyakran gy\u00f6t\u00f6r az \u00e9dess\u00e9gek ir\u00e1nti s\u00f3v\u00e1rg\u00e1s, \u00e9s \u00e9rt\u00e9keln\u00e9l p\u00e1r tippet, hogyan lehet megszabadulni t\u0151le, ne hagyd ki ezzel kapcsolatos cikk\u00fcnket <a class=\"ek-link\" href=\"https:\/\/gymbeam.hu\/blog\/hogyan-lehet-eluzni-a-folyamatos-etvagyat-es-sovargast\/\" target=\"_blank\" rel=\"noreferrer noopener\" aria-label=\" (opens in a new tab)\"><strong>Hogyan lehet el\u0171zni a folyamatos \u00e9tv\u00e1gyat \u00e9s s\u00f3v\u00e1rg\u00e1st?<\/strong><\/a><strong>&nbsp;<\/strong><\/p>\n\n\n\n<div style=\"height:20px\" aria-hidden=\"true\" class=\"wp-block-spacer\"><\/div>\n\n\n\n\n\n<div style=\"height:20px\" aria-hidden=\"true\" class=\"wp-block-spacer\"><\/div>\n\n\n\n<h3 class=\"wp-block-heading\" id=\"vercukorszint\">3. Hat\u00e1sa a v\u00e9rcukorszintre<\/h3>\n\n\n\n<p>Gyakran k\u00edv\u00e1nsz <strong>\u00e9dess\u00e9get,<\/strong> vagy \u00e1lland\u00f3an <strong>energiahi\u00e1ny<\/strong> k\u00ednoz? Ez a<strong> v\u00e9rcukorszint (glik\u00e9mia) ingadoz\u00e1s\u00e1nak<\/strong> jele is lehet. Ez nem csak a <strong>cukorbetegeket<\/strong> \u00e9rinti, hanem az eg\u00e9szs\u00e9ges emberek \u00e9let\u00e9t is megkeser\u00edtheti. Ha nem tartjuk ellen\u0151rz\u00e9s alatt a v\u00e9rcukrot, meredeken lecs\u00f6kkenhet. Ilyenkor a szervezet azonnali \u00fczemanyagcs\u00f6kken\u00e9st \u00e9rz\u00e9kel, ami az energiahi\u00e1ny \u00e9rz\u00e9s\u00e9ben nyilv\u00e1nul meg. K\u00f6zben elkezd\u0151dik az \u00e9dess\u00e9g ut\u00e1ni s\u00f3v\u00e1rg\u00e1s, mivel a szervezet term\u00e9szetesen gyorsan pr\u00f3b\u00e1lja felt\u00f6lteni ezeket a rakt\u00e1rakat.<\/p>\n\n\n\n<div style=\"height:20px\" aria-hidden=\"true\" class=\"wp-block-spacer\"><\/div>\n\n\n\n<p>Kider\u00fclt, hogy az id\u0151szakos b\u00f6jt\u00f6l\u00e9s is k\u00e9pes lehet seg\u00edteni a v\u00e9rcukorszint kord\u00e1ban tart\u00e1s\u00e1ban. Ez az\u00e9rt van \u00edgy, mert el\u0151seg\u00edti a gl\u00fck\u00f3z \u00e1raml\u00e1s\u00e1t a v\u00e9rb\u0151l az izmokba \u00e9s a test m\u00e1s ter\u00fcleteire, illetve seg\u00edt a szervezetnek a gl\u00fck\u00f3z glikog\u00e9n form\u00e1j\u00e1ban t\u00f6rt\u00e9n\u0151 hat\u00e9konyabb t\u00e1rol\u00e1s\u00e1ban.&nbsp;<sup><mark class=\"has-inline-color has-orange-color\" style=\"background-color: rgba(0, 0, 0, 0);\">[9,19]<\/mark><\/sup><\/p>\n\n\n\n<div style=\"height:20px\" aria-hidden=\"true\" class=\"wp-block-spacer\"><\/div>\n\n\n\n<p>A <strong>2-es t\u00edpus\u00fa cukorbetegs\u00e9gben<\/strong> vagy a<strong> prediab\u00e9teszben<\/strong> (a cukorbetegs\u00e9g el\u0151jel\u0151je) szenved\u0151k is profit\u00e1lhatnak ebb\u0151l az \u00e9trendb\u0151l. A vizsg\u00e1latok sor\u00e1n azt is megfigyelt\u00e9k, hogy ez a korl\u00e1tozott t\u00e1pl\u00e1l\u00e9kbevitel alacsonyabb inzulinfelhaszn\u00e1l\u00e1st eredm\u00e9nyez. Ez seg\u00edthet az<strong> inzulin\u00e9rz\u00e9kenys\u00e9g jav\u00edt\u00e1s\u00e1ban,<\/strong> ami \u00f6sszess\u00e9g\u00e9ben hat\u00e9konyabban kontroll\u00e1lhatja a glik\u00e9mi\u00e1t.&nbsp;<sup><mark class=\"has-inline-color has-orange-color\" style=\"background-color: rgba(0, 0, 0, 0);\">[12]<\/mark><\/sup><\/p>\n\n\n<div class=\"wp-block-image\">\n<figure class=\"aligncenter size-full\"><img loading=\"lazy\" decoding=\"async\" width=\"810\" height=\"540\" src=\"https:\/\/gymbeam.sk\/blog\/wp-content\/uploads\/2024\/01\/305373047_5367774473313168_6147465131810891813_n.jpg\" alt=\"Az id\u0151szakos koplal\u00e1s hat\u00e1sa a v\u00e9rcukorra\" class=\"wp-image-520376\" title=\"Az id\u0151szakos koplal\u00e1s hat\u00e1sa a v\u00e9rcukorra\" srcset=\"https:\/\/gymbeam.com\/blog\/wp-content\/uploads\/2024\/01\/305373047_5367774473313168_6147465131810891813_n.jpg 810w, https:\/\/gymbeam.com\/blog\/wp-content\/uploads\/2024\/01\/305373047_5367774473313168_6147465131810891813_n-400x267.jpg 400w\" sizes=\"auto, (max-width: 810px) 100vw, 810px\" \/><\/figure>\n<\/div>\n\n\n<h3 class=\"wp-block-heading\" id=\"sziv-es-errendszer-egeszsege\">4. Pozit\u00edv hat\u00e1s a sz\u00edv- \u00e9s \u00e9rrendszer eg\u00e9szs\u00e9g\u00e9re<\/h3>\n\n\n\n<p>A sz\u00edv- \u00e9s \u00e9rrendszeri betegs\u00e9gek vil\u00e1gszerte az<strong> els\u0151 helyen \u00e1llnak, mint hal\u00e1loz\u00e1si ok.<\/strong>  Az emberek gyakran szenvednek <strong>sz\u00edvinfarktust\u00f3l, stroke-t\u00f3l vagy ischaemi\u00e1s sz\u00edvbetegs\u00e9gt\u0151l<\/strong> (olyan \u00e1llapot, amelynek kialakul\u00e1s\u00e1ban a sz\u00edvizom el\u00e9gtelen v\u00e9rell\u00e1t\u00e1sa j\u00e1tszik szerepet). E probl\u00e9m\u00e1k h\u00e1tter\u00e9ben az <strong>\u00e9relmeszesed\u00e9s<\/strong> \u00e1ll, amelynek sor\u00e1n a koleszterin \u00e9s a v\u00e9r k\u00fcl\u00f6nb\u00f6z\u0151 \u00f6sszetev\u0151i felhalmoz\u00f3dnak az \u00e9rfalban. Ennek hat\u00e1s\u00e1ra az \u00e9rfal megvastagodik \u00e9s fokozatosan elt\u00f6m\u00edti az ereket. Azt is tudjuk, hogy ha meg akarjuk \u00e9rni az <a href=\"https:\/\/gymbeam.hu\/blog\/mi-a-hosszu-elet-titka-8-tipp-a-tudosoktol-hogyan-lehet-akar-24-evvel-tovabb-elni\/\" target=\"_blank\" aria-label=\" (opens in a new tab)\" rel=\"noreferrer noopener\" class=\"ek-link\">igaz\u00e1n \u00f6regkort<\/a>, akkor <strong>vigy\u00e1zni kell a sz\u00edvre \u00e9s az erekre.<\/strong> Ez\u00e9rt fontos a magas koleszterinszint vagy a magas v\u00e9rnyom\u00e1s megel\u0151z\u00e9se.<\/p>\n\n\n\n<div style=\"height:20px\" aria-hidden=\"true\" class=\"wp-block-spacer\"><\/div>\n\n\n\n<p>Ma m\u00e1r ismert, hogy a <strong>megfelel\u0151 kal\u00f3riatartalm\u00fa,<\/strong> sok&nbsp;<a class=\"ek-link\" href=\"https:\/\/gymbeam.hu\/blog\/zsirok-amelyek-artanak-es-amelyek-a-hasznodra-valnak\/\" target=\"_blank\" rel=\"noreferrer noopener\" aria-label=\" (opens in a new tab)\"><strong>tel\u00edtetlen zs\u00edrokkal<\/strong><\/a> sz\u00ednes\u00edtett vagy <a class=\"ek-link\" href=\"https:\/\/gymbeam.hu\/blog\/rost-elelmiszer-elonyok\/\" target=\"_blank\" rel=\"noreferrer noopener\" aria-label=\" (opens in a new tab)\"><strong>rostd\u00fas<\/strong><\/a> \u00e9trend seg\u00edt. Ezzel szemben korl\u00e1tozni kell <a class=\"ek-link\" href=\"https:\/\/gymbeam.hu\/blog\/7-tipp-hogyan-csokkentheted-az-etrendedben-a-magasan-feldolgozott-elelmiszerek-szamat-es-hogyan-etkezhetsz-egeszsegesebben\/\" target=\"_blank\" rel=\"noreferrer noopener\" aria-label=\" (opens in a new tab)\"><strong>a nagym\u00e9rt\u00e9kben feldolgozott \u00e9lelmiszereket,<\/strong><\/a>&nbsp;amelyek tele vannak cukorral, s\u00f3val vagy transzzs\u00edrokkal. Szerencs\u00e9re az id\u0151szakos koplal\u00e1s a sz\u00edv- \u00e9s \u00e9rrendszeri eg\u00e9szs\u00e9gre is pozit\u00edv hat\u00e1ssal van. A tanulm\u00e1nyok p\u00e9ld\u00e1ul pozit\u00edv hat\u00e1st mutatnak a <strong>v\u00e9rnyom\u00e1s, az LDL (rossz) koleszterin<\/strong> vagy a <strong>v\u00e9rben<\/strong> <strong>l\u00e9v\u0151 triacilglicerinszint<\/strong> cs\u00f6kkent\u00e9s\u00e9re. Ezenk\u00edv\u00fcl megfigyelt\u00e9k a <strong>gyullad\u00e1skelt\u0151 anyagok cs\u00f6kken\u00e9s\u00e9t<\/strong> is, amelyek szint\u00e9n hozz\u00e1j\u00e1rulnak az \u00e9relmeszesed\u00e9shez.&nbsp;<sup><mark class=\"has-inline-color has-orange-color\" style=\"background-color: rgba(0, 0, 0, 0);\">[11,17]<\/mark><\/sup><\/p>\n\n\n<div class=\"wp-block-image\">\n<figure class=\"aligncenter size-full\"><img loading=\"lazy\" decoding=\"async\" width=\"1124\" height=\"750\" src=\"https:\/\/gymbeam.sk\/blog\/wp-content\/uploads\/2024\/01\/image00020-1124x750-1.webp\" alt=\"Az id\u0151szakos b\u00f6jt hat\u00e1sa a sz\u00edv- \u00e9s \u00e9rrendszer eg\u00e9szs\u00e9g\u00e9re\" class=\"wp-image-520392\" title=\"Az id\u0151szakos b\u00f6jt hat\u00e1sa a sz\u00edv- \u00e9s \u00e9rrendszer eg\u00e9szs\u00e9g\u00e9re\" srcset=\"https:\/\/gymbeam.com\/blog\/wp-content\/uploads\/2024\/01\/image00020-1124x750-1.webp 1124w, https:\/\/gymbeam.com\/blog\/wp-content\/uploads\/2024\/01\/image00020-1124x750-1-400x267.webp 400w\" sizes=\"auto, (max-width: 1124px) 100vw, 1124px\" \/><\/figure>\n<\/div>\n\n\n<h3 class=\"wp-block-heading\" id=\"rak\">5. Antikarcinog\u00e9n hat\u00e1s<\/h3>\n\n\n\n<p>A r\u00e1k a sz\u00edv- \u00e9s \u00e9rrendszeri betegs\u00e9gek ut\u00e1n a <strong>m\u00e1sodik leggyakoribb hal\u00e1loz\u00e1si ok,<\/strong> ezen bel\u00fcl is a <strong>mell-<\/strong> \u00e9s a <strong>t\u00fcd\u0151r\u00e1k<\/strong> a leggyakoribb. E betegs\u00e9gek kialakul\u00e1s\u00e1ban sz\u00e1mos t\u00e9nyez\u0151 j\u00e1tszik szerepet, k\u00f6zt\u00fck olyanok is, <strong>amelyekre nincs r\u00e1hat\u00e1sunk,<\/strong> mint p\u00e9ld\u00e1ul a <strong>genetika<\/strong> vagy a <strong>k\u00f6rnyezeti hat\u00e1sok.<\/strong> Viszont sz\u00e1mos m\u00e1s dologra, k\u00f6zt\u00fck a <strong>t\u00e1pl\u00e1lkoz\u00e1sra<\/strong> befoly\u00e1ssal lehet\u00fcnk. Ezek megv\u00e1ltoztat\u00e1s\u00e1val biztosan a legjobb m\u00f3don pr\u00f3b\u00e1lod a lehet\u0151 legnagyobb m\u00e9rt\u00e9kben cs\u00f6kkenteni a r\u00e1k kialakul\u00e1s\u00e1nak kock\u00e1zat\u00e1t.&nbsp;<sup>[4]<\/sup><\/p>\n\n\n\n<div style=\"height:20px\" aria-hidden=\"true\" class=\"wp-block-spacer\"><\/div>\n\n\n\n<p>A kutat\u00e1sok szerint az id\u0151szakos b\u00f6jt seg\u00edthet. Val\u00f3j\u00e1ban t\u00f6bb mechanizmusnak k\u00f6sz\u00f6nhet\u0151en \u00edg\u00e9retes antigarcinog\u00e9n tulajdons\u00e1gai vannak. Ebben szerepet j\u00e1tszik p\u00e9ld\u00e1ul <strong>gyullad\u00e1scs\u00f6kkent\u0151 hat\u00e1sa,<\/strong> az <strong>immunrendszer<\/strong> esetleges t\u00e1mogat\u00e1sa vagy az <strong>oxidat\u00edv stressz<\/strong> enyh\u00edt\u00e9se. Egyes tanulm\u00e1nyok szerint az id\u0151szakos b\u00f6jt\u00f6l\u00e9s n\u00f6velheti a kemoter\u00e1pi\u00e1ra val\u00f3 \u00e9rz\u00e9kenys\u00e9get egy m\u00e1r kialakult betegs\u00e9g eset\u00e9n. A bizony\u00edt\u00e9kok azonban kor\u00e1ntsem egy\u00e9rtelm\u0171ek, \u00e9s m\u00e9g mindig az a helyzet, hogy a r\u00e1kos betegeknek <strong>t\u00e1panyagokban gazdag \u00e9trendet <\/strong>kell tartaniuk.&nbsp;<sup><mark class=\"has-inline-color has-orange-color\" style=\"background-color: rgba(0, 0, 0, 0);\">[14,16]<\/mark><\/sup><\/p>\n\n\n\n<div style=\"height:20px\" aria-hidden=\"true\" class=\"wp-block-spacer\"><\/div>\n\n\n\n<h3 class=\"wp-block-heading\" id=\"agy\">6. Hat\u00e1sa az agyra \u00e9s a kognit\u00edv funkci\u00f3kra<\/h3>\n\n\n\n<p>Ki ne szeretne eg\u00e9szs\u00e9ges \u00e9s j\u00f3l m\u0171k\u00f6d\u0151 agyat? Napjainkban, amikor az emberekre egyre nagyobb teljes\u00edtm\u00e9nyk\u00e9nyszer nehezedik, ez az ig\u00e9ny csak n\u00f6vekszik. Ez\u00e9rt az emberek keresik a m\u00f3dj\u00e1t, hogy jav\u00edts\u00e1k a <a aria-label=\"koncentr\u00e1ci\u00f3t \u00e9s a mem\u00f3ri\u00e1t (opens in a new tab)\" href=\"https:\/\/gymbeam.hu\/mentalis-teljesitmeny\" target=\"_blank\" rel=\"noreferrer noopener\" class=\"ek-link\"><strong>koncentr\u00e1ci\u00f3t \u00e9s<\/strong> <strong>a mem\u00f3ri\u00e1t<\/strong><\/a> vagy hogy <strong>agyuk min\u00e9l tov\u00e1bb m\u0171k\u00f6d\u0151k\u00e9pes<\/strong> \u00e9s <strong>eg\u00e9szs\u00e9ges<\/strong> maradjon.<\/p>\n\n\n\n<div style=\"height:20px\" aria-hidden=\"true\" class=\"wp-block-spacer\"><\/div>\n\n\n\n<p>\u00c9rdekes m\u00f3don a betartott id\u0151szakos b\u00f6jt\u00f6t vizsg\u00e1l\u00f3 tanulm\u00e1nyok is k\u00eds\u00e9rik ezeket a pozit\u00edv hat\u00e1sokat. Kider\u00fclt, hogy seg\u00edthet <strong>jav\u00edtani<\/strong> vagy <strong>fenntartani a kognit\u00edv funkci\u00f3kat,<\/strong> p\u00e9ld\u00e1ul a <strong>tanul\u00e1si k\u00e9pess\u00e9get<\/strong> vagy a m\u00e1r eml\u00edtett <strong>mem\u00f3ri\u00e1t<\/strong> \u00e9s <strong>koncentr\u00e1ci\u00f3t.<\/strong> T\u00f6bbf\u00e9le hat\u00e1smechanizmus \u00e1ll e hat\u00e1s m\u00f6g\u00f6tt. Ilyen p\u00e9ld\u00e1ul az \u00fagynevezett <strong>metabolikus v\u00e1lt\u00e1s,<\/strong> amely hosszabb koplal\u00e1s ut\u00e1n k\u00f6vetkezhet be.<\/p>\n\n\n\n<div style=\"height:20px\" aria-hidden=\"true\" class=\"wp-block-spacer\"><\/div>\n\n\n\n<p>Ez egy olyan jelens\u00e9g, amikor a <strong>szervezet elkezdi el\u0151nyben r\u00e9szes\u00edteni a zs\u00edrt mint energiaforr\u00e1st a gl\u00fck\u00f3zzal szemben<\/strong> (ami a szervezet term\u00e9szetes preferenci\u00e1ja). Amikor ez megt\u00f6rt\u00e9nik, a zs\u00edrok tov\u00e1bb alakulnak <strong>ketontestekk\u00e9<\/strong>, amelyeket a koplal\u00e1s alatt az <strong>agy energiaforr\u00e1sk\u00e9nt<\/strong> haszn\u00e1l. Ezenk\u00edv\u00fcl az <strong>agy neurotr\u00f3fikus faktor<\/strong> szint\u00e9zis\u00e9ben is r\u00e9szt vesznek, amely fontos az idegsejtek v\u00e9delme \u00e9s rugalmass\u00e1ga szempontj\u00e1b\u00f3l. R\u00e9szt vesznek a <strong>neuron\u00e1lis plaszticit\u00e1sban<\/strong> is, ami elengedhetetlen a <strong>tanul\u00e1shoz<\/strong> \u00e9s a <strong>mem\u00f3riak\u00e9pz\u00e9shez.<\/strong> Az id\u0151szakos koplal\u00e1s teh\u00e1t j\u00f3 m\u00f3d lehet ezen agyi funkci\u00f3k beind\u00edt\u00e1s\u00e1ra.&nbsp;<sup><mark class=\"has-inline-color has-orange-color\" style=\"background-color: rgba(0, 0, 0, 0);\">[6]<\/mark><\/sup><strong>&nbsp;<\/strong><\/p>\n\n\n\n<div style=\"height:20px\" aria-hidden=\"true\" class=\"wp-block-spacer\"><\/div>\n\n\n\n<p>A kutat\u00e1sok arr\u00f3l is besz\u00e1moltak, hogy az id\u0151szakos b\u00f6jt pozit\u00edv hat\u00e1ssal van a <strong>neurodegenerat\u00edv betegs\u00e9gek<\/strong>, p\u00e9ld\u00e1ul az <strong>Alzheimer-<\/strong> vagy a <strong>Parkinson-k\u00f3r<\/strong> kialakul\u00e1s\u00e1nak kock\u00e1zat\u00e1ra. Ez az \u00e9trend teh\u00e1t seg\u00edthet megel\u0151zni ezeket az id\u0151skori eg\u00e9szs\u00e9g\u00fcgyi probl\u00e9m\u00e1kat.&nbsp;<sup><mark class=\"has-inline-color has-orange-color\" style=\"background-color: rgba(0, 0, 0, 0);\">[2,6]<\/mark><\/sup><\/p>\n\n\n\n<div style=\"height:20px\" aria-hidden=\"true\" class=\"wp-block-spacer\"><\/div>\n\n\n\n<p>Ha fokozni szeretn\u00e9d az agyi teljes\u00edtm\u00e9nyed, olvasd el a&nbsp;<a aria-label=\" (opens in a new tab)\" href=\"https:\/\/gymbeam.hu\/blog\/nootropikumok-az-agyi-es-a-memoria-funkciok-javitasara-amelyeket-ismerned-kell\/\" target=\"_blank\" rel=\"noreferrer noopener\" class=\"ek-link\"><strong>Nootropikumok: Melyek a legjobb t\u00edpusai a koncentr\u00e1ci\u00f3 \u00e9s a mem\u00f3ria jav\u00edt\u00e1s\u00e1ra? <\/strong><\/a> c\u00edm\u0171 cikk\u00fcnket.<\/p>\n\n\n<div class=\"wp-block-image\">\n<figure class=\"aligncenter size-large\"><img loading=\"lazy\" decoding=\"async\" width=\"1124\" height=\"749\" src=\"https:\/\/gymbeam.sk\/blog\/wp-content\/uploads\/2024\/01\/iStock-1442442053-1124x749.jpg\" alt=\"Az id\u0151szakos b\u00f6jt hat\u00e1sa az agyra\" class=\"wp-image-520408\" title=\"Az id\u0151szakos b\u00f6jt hat\u00e1sa az agyra\" srcset=\"https:\/\/gymbeam.com\/blog\/wp-content\/uploads\/2024\/01\/iStock-1442442053-1124x749.jpg 1124w, https:\/\/gymbeam.com\/blog\/wp-content\/uploads\/2024\/01\/iStock-1442442053-400x267.jpg 400w, https:\/\/gymbeam.com\/blog\/wp-content\/uploads\/2024\/01\/iStock-1442442053-1536x1024.jpg 1536w, https:\/\/gymbeam.com\/blog\/wp-content\/uploads\/2024\/01\/iStock-1442442053-2048x1365.jpg 2048w\" sizes=\"auto, (max-width: 1124px) 100vw, 1124px\" \/><\/figure>\n<\/div>\n\n\n<h3 class=\"wp-block-heading\" id=\"hosszu-elet\">7. Anti-aging tulajdons\u00e1gok<\/h3>\n\n\n\n<p>Az \u00f6reged\u00e9s elleni megk\u00f6zel\u00edt\u00e9s \u00e9s az <a href=\"https:\/\/gymbeam.hu\/oregedes-ellen\" target=\"_blank\" aria-label=\"eg\u00e9szs\u00e9ges \u00f6reged\u00e9s (opens in a new tab)\" rel=\"noreferrer noopener\" class=\"ek-link\">eg\u00e9szs\u00e9ges \u00f6reged\u00e9s<\/a> koncepci\u00f3ja napjainkban egyre fontosabb. A v\u00e1rhat\u00f3 \u00e9lettartam az elm\u00falt \u00e9vsz\u00e1zadban csaknem <strong>megdupl\u00e1z\u00f3dott.<\/strong> Ezzel p\u00e1rhuzamosan azonban az <strong>id\u0151skorral \u00f6sszef\u00fcgg\u0151 betegs\u00e9gek gyakoris\u00e1ga is megn\u0151tt.<\/strong> Ma m\u00e1r gyakorlatilag mindenki tal\u00e1lkozik valamilyen <strong>sz\u00edv- \u00e9s \u00e9rrendszeri, neurodegenerat\u00edv<\/strong> vagy p\u00e9ld\u00e1ul <strong>r\u00e1kos<\/strong> megbeteged\u00e9ssel id\u0151s kor\u00e1ban. Nagyon sok ember pr\u00f3b\u00e1l vigy\u00e1zni mag\u00e1ra, hogy ezeket a probl\u00e9m\u00e1kat a lehet\u0151 legjobban megel\u0151zze. R\u00e1ad\u00e1sul mindenki arra v\u00e1gyik, hogy ne csak eg\u00e9szs\u00e9ges, hanem \u00f6r\u00f6kk\u00e9 sz\u00e9p \u00e9s ide\u00e1lis esetben fiatalos megjelen\u00e9s\u0171 is legyen. B\u00e1r semmi sem garant\u00e1lhatja az \u00f6r\u00f6k fiatals\u00e1got \u00e9s eg\u00e9szs\u00e9get, vannak m\u00f3dszerek, amelyekkel cs\u00f6kkenthet\u0151k az \u00f6reged\u00e9s jelei.<\/p>\n\n\n\n<div style=\"height:20px\" aria-hidden=\"true\" class=\"wp-block-spacer\"><\/div>\n\n\n\n<p>Az id\u0151szakos b\u00f6jt lehet az egyik ilyen seg\u00edt\u0151. Kimutatt\u00e1k p\u00e9ld\u00e1ul, hogy cs\u00f6kkenti az <strong>oxidat\u00edv stresszt,<\/strong> amely szerepet j\u00e1tszik a k\u00fcl\u00f6nb\u00f6z\u0151 kr\u00f3nikus betegs\u00e9gek kialakul\u00e1s\u00e1ban. A jelek szerint seg\u00edthet az <strong>agyk\u00e1rosod\u00e1s<\/strong> vagy p\u00e9ld\u00e1ul a korral jelentkez\u0151 <strong>anyagcsere-betegs\u00e9gek<\/strong> (pl. 2-es t\u00edpus\u00fa cukorbetegs\u00e9g) megel\u0151z\u00e9s\u00e9ben. A k\u00fcl\u00f6nb\u00f6z\u0151 eg\u00e9szs\u00e9g\u00fcgyi probl\u00e9m\u00e1k elleni megel\u0151z\u00e9s r\u00e9szek\u00e9nt ez az egyik m\u00f3dja annak, hogy <strong>eg\u00e9szs\u00e9gesebben \u00f6regedj\u00fcnk<\/strong>.<strong>&nbsp;<\/strong><sup><mark class=\"has-inline-color has-orange-color\" style=\"background-color: rgba(0, 0, 0, 0);\">[9]<\/mark><\/sup><\/p>\n\n\n\n<div style=\"height:20px\" aria-hidden=\"true\" class=\"wp-block-spacer\"><\/div>\n\n\n\n<p>Ha t\u00f6bbet szeretn\u00e9l megtudni arr\u00f3l, hogyan maradhatsz min\u00e9l tov\u00e1bb eg\u00e9szs\u00e9ges, ne hagyd ki az <a class=\"ek-link\" href=\"https:\/\/gymbeam.hu\/blog\/anti-aging-es-egeszseges-oregedes-hogyan-gondoskodjunk-testunkrol-es-orizzuk-meg-egeszsegunket-es-fiatalos-megjelenesunket\/\" target=\"_blank\" rel=\"noreferrer noopener\" aria-label=\" (opens in a new tab)\"><strong>Anti-Ageing \u00e9s eg\u00e9szs\u00e9ges \u00f6reged\u00e9s: Hogyan gondoskodjunk test\u00fcnkr\u0151l, \u00e9s \u0151rizz\u00fck meg eg\u00e9szs\u00e9g\u00fcnket \u00e9s fiatalos megjelen\u00e9s\u00fcnket?<\/strong><\/a><strong>&nbsp;<\/strong> c\u00edm\u0171 cikk\u00fcnket.<\/p>\n\n\n<div class=\"wp-block-image\">\n<figure class=\"aligncenter size-full\"><img loading=\"lazy\" decoding=\"async\" width=\"1124\" height=\"749\" src=\"https:\/\/gymbeam.sk\/blog\/wp-content\/uploads\/2024\/01\/129873492_3502478669842767_545693395046496300_n-1124x749-ezgif.com-webp-to-jpg-converter.jpg\" alt=\"Id\u0151szakos b\u00f6jt\u00f6l\u00e9s \u00e9s \u00f6reged\u00e9sg\u00e1tl\u00e1s\" class=\"wp-image-520424\" title=\"Id\u0151szakos b\u00f6jt\u00f6l\u00e9s \u00e9s \u00f6reged\u00e9sg\u00e1tl\u00e1s\" srcset=\"https:\/\/gymbeam.com\/blog\/wp-content\/uploads\/2024\/01\/129873492_3502478669842767_545693395046496300_n-1124x749-ezgif.com-webp-to-jpg-converter.jpg 1124w, https:\/\/gymbeam.com\/blog\/wp-content\/uploads\/2024\/01\/129873492_3502478669842767_545693395046496300_n-1124x749-ezgif.com-webp-to-jpg-converter-400x267.jpg 400w\" sizes=\"auto, (max-width: 1124px) 100vw, 1124px\" \/><\/figure>\n<\/div>\n\n\n<h3 class=\"wp-block-heading\" id=\"noi-egeszseg\">8. J\u00f3 hat\u00e1ssal van a n\u0151i eg\u00e9szs\u00e9gre<\/h3>\n\n\n\n<p>Az eg\u00e9szs\u00e9ges \u00e9s sz\u00e9p n\u0151i test nagym\u00e9rt\u00e9kben \u00f6sszef\u00fcgg a <strong>nemi hormonok eg\u00e9szs\u00e9ges szintj\u00e9vel.<\/strong> Ezek sz\u00e1mtalan \u00e9lettani funkci\u00f3t befoly\u00e1solnak, \u00e9s ha felborul valamelyiknek a szintje, akkor eg\u00e9szs\u00e9g\u00fcgyi probl\u00e9m\u00e1k mer\u00fclhetnek fel. Az egyik ilyen, a n\u0151i nemi hormonok kiegyens\u00falyozatlans\u00e1ga okozta kellemetlens\u00e9g a <a class=\"ek-link\" href=\"https:\/\/gymbeam.hu\/blog\/pcos-a-szindroma-amit-minden-nonek-ismernie-kell\/\" target=\"_blank\" rel=\"noreferrer noopener\" aria-label=\" (opens in a new tab)\"><strong>policiszt\u00e1s ov\u00e1rium szindr\u00f3ma (PCOS)<\/strong><\/a>. Az ebben a betegs\u00e9gben szenved\u0151 n\u0151kn\u00e9l a n\u0151i nemi hormon, az <strong>\u00f6sztrog\u00e9n,<\/strong> de a f\u00e9rfi nemi hormon, az androg\u00e9nek szintje is t\u00fal magas. Ez p\u00e9ld\u00e1ul d\u00fasabb testsz\u0151rzet, <a class=\"ek-link\" href=\"https:\/\/gymbeam.hu\/blog\/hogyan-lehet-megszabadulni-az-aknetol-a-kevesebb-stressz-az-egeszseges-testsuly-es-a-megfelelo-higienia-segithet\/\" target=\"_blank\" rel=\"noreferrer noopener\" aria-label=\" (opens in a new tab)\">pattan\u00e1sok<\/a> megjelen\u00e9s\u00e9ben vagy amenorrhoe\u00e1ban (a menstru\u00e1ci\u00f3 kimarad\u00e1s\u00e1ban) nyilv\u00e1nul meg.<\/p>\n\n\n\n<div style=\"height:20px\" aria-hidden=\"true\" class=\"wp-block-spacer\"><\/div>\n\n\n\n<p>A kutat\u00e1sok azt mutatj\u00e1k, hogy az id\u0151szakos b\u00f6jtnek is lehet szerepe a PCOS kezel\u00e9s\u00e9ben. Az eddig elv\u00e9gzett vizsg\u00e1latok eredm\u00e9nyei arra utalnak, hogy az <strong>\u00f6sztrog\u00e9n-<\/strong> \u00e9s az <strong>androg\u00e9nszint cs\u00f6kken\u00e9s\u00e9t<\/strong> eredm\u00e9nyezheti. B\u00e1r ez a hat\u00e1s eg\u00e9szs\u00e9ges emberekn\u00e9l nem lenne k\u00edv\u00e1natos, a PCOS eset\u00e9ben, amikor ezek a hormonok t\u00fals\u00e1gosan magasak, ez a hat\u00e1s seg\u00edthet <strong>enyh\u00edteni a betegs\u00e9g t\u00fcneteit.<\/strong><\/p>\n\n\n\n<div style=\"height:20px\" aria-hidden=\"true\" class=\"wp-block-spacer\"><\/div>\n\n\n\n<p>A PCOS gyakran t\u00fals\u00fallyal vagy elh\u00edz\u00e1ssal, illetve inzulinrezisztenci\u00e1val j\u00e1r egy\u00fctt. Amint m\u00e1r eml\u00edtett\u00fck, ezekre a probl\u00e9m\u00e1kra is lehet j\u00f3 hat\u00e1ssal az id\u0151szakos b\u00f6jt. Ha ez az \u00e1llapot kellemetlen a sz\u00e1modra, esetleg vedd font\u00f3l\u00f3ra az \u00e9trend megv\u00e1ltoztat\u00e1s\u00e1t. Egy ilyen d\u00f6nt\u00e9s el\u0151tt azonban mindig tan\u00e1csos orvoshoz \u00e9s t\u00e1pl\u00e1lkoz\u00e1si szakemberhez fordulni.&nbsp;<sup><mark class=\"has-inline-color has-orange-color\" style=\"background-color: rgba(0, 0, 0, 0);\">[3]<\/mark><\/sup><\/p>\n\n\n<div class=\"wp-block-image\">\n<figure class=\"aligncenter size-large\"><img loading=\"lazy\" decoding=\"async\" width=\"1124\" height=\"749\" src=\"https:\/\/gymbeam.sk\/blog\/wp-content\/uploads\/2024\/01\/cz_kamila_pavlickova_082022_01-1-1124x749.png\" alt=\"Az id\u0151szakos b\u00f6jt hat\u00e1sa a n\u0151k eg\u00e9szs\u00e9g\u00e9re\" class=\"wp-image-520472\" title=\"Az id\u0151szakos b\u00f6jt hat\u00e1sa a n\u0151k eg\u00e9szs\u00e9g\u00e9re\" srcset=\"https:\/\/gymbeam.com\/blog\/wp-content\/uploads\/2024\/01\/cz_kamila_pavlickova_082022_01-1-1124x749.png 1124w, https:\/\/gymbeam.com\/blog\/wp-content\/uploads\/2024\/01\/cz_kamila_pavlickova_082022_01-1-400x267.png 400w, https:\/\/gymbeam.com\/blog\/wp-content\/uploads\/2024\/01\/cz_kamila_pavlickova_082022_01-1-1536x1024.png 1536w, https:\/\/gymbeam.com\/blog\/wp-content\/uploads\/2024\/01\/cz_kamila_pavlickova_082022_01-1-2048x1365.png 2048w\" sizes=\"auto, (max-width: 1124px) 100vw, 1124px\" \/><\/figure>\n<\/div>\n\n\n<h2 class=\"wp-block-heading\"><span class=\"ez-toc-section\" id=\"Az_idoszakos_koplalas_karos_hatassal_is_lehet_az_egeszsegre\"><\/span>Az id\u0151szakos koplal\u00e1s k\u00e1ros hat\u00e1ssal is lehet az eg\u00e9szs\u00e9gre? <span class=\"ez-toc-section-end\"><\/span><\/h2>\n\n\n\n<div style=\"height:20px\" aria-hidden=\"true\" class=\"wp-block-spacer\"><\/div>\n\n\n\n<h3 class=\"wp-block-heading\" id=\"sportteljesitmeny\">1. Sportteljes\u00edtm\u00e9ny cs\u00f6kken\u00e9se<\/h3>\n\n\n\n<p>Egy adott \u00e9trend hat\u00e1sa a sportteljes\u00edtm\u00e9nyre a <strong>mozg\u00e1s t\u00edpus\u00e1t\u00f3l<\/strong>, <strong>id\u0151tartam\u00e1t\u00f3l<\/strong> vagy<strong> intenzit\u00e1s\u00e1t\u00f3l<\/strong> f\u00fcgg. Ez igaz az id\u0151szakos b\u00f6jt\u00f6l\u00e9sre is, amely m\u00e1sk\u00e9pp hat az \u00e1ll\u00f3k\u00e9pess\u00e9gi sportol\u00f3kra, mint az er\u0151sportol\u00f3kra. \u00c1ltal\u00e1noss\u00e1gban azonban az ilyen t\u00edpus\u00fa fogy\u00f3k\u00far\u00e1r\u00f3l bebizonyosodott, hogy meglehet\u0151sen <strong>negat\u00edv hat\u00e1ssal van<\/strong> a sportteljes\u00edtm\u00e9nyre.<\/p>\n\n\n\n<div style=\"height:20px\" aria-hidden=\"true\" class=\"wp-block-spacer\"><\/div>\n\n\n\n<h4 class=\"wp-block-heading\">Milyen hat\u00e1ssal van a k\u00fcl\u00f6nb\u00f6z\u0151 sport\u00e1gakra?<\/h4>\n\n\n\n<ul class=\"wp-block-list\">\n<li>Az eddigi kutat\u00e1sok alapj\u00e1n \u00fagy t\u0171nik, hogy ha <strong>test\u00e9p\u00edt\u00e9ssel, triatlonnal, s\u00falyemel\u00e9ssel<\/strong> vagy m\u00e1s <strong>er\u0151s\u00edt\u0151 sport\u00e1gat<\/strong> \u0171z\u00f6l, akkor neked nem az id\u0151szakos koplal\u00e1s lesz az ide\u00e1lis t\u00e1pl\u00e1lkoz\u00e1si m\u00f3d. Val\u00f3j\u00e1ban kider\u00fclt, hogy ez nemhogy<strong> nem vezet jobb teljes\u00edtm\u00e9nyhez,<\/strong> de m\u00e9g <strong>ront<\/strong> is rajta.<sup><mark class=\"has-inline-color has-orange-color\" style=\"background-color: rgba(0, 0, 0, 0);\">[8]<\/mark><\/sup><\/li>\n\n\n\n<li>A <strong>nagy intenzit\u00e1st ig\u00e9nyl\u0151 sportokban,<\/strong> p\u00e9ld\u00e1ul a <strong>sprintel\u00e9sben<\/strong> megfigyelt\u00e9k az id\u0151szakos b\u00f6jt negat\u00edv hat\u00e1sait. Ennek az az oka, hogy az ilyen t\u00edpus\u00fa sportokn\u00e1l a szervezetnek azonnali sz\u00e9nhidr\u00e1tforr\u00e1sra van sz\u00fcks\u00e9ge, ami az id\u0151szakos b\u00f6jt sor\u00e1n gyakran nem \u00e1ll rendelkez\u00e9sre.&nbsp;<sup><mark class=\"has-inline-color has-orange-color\" style=\"background-color: rgba(0, 0, 0, 0);\">[8]<\/mark><\/sup><\/li>\n\n\n\n<li>M\u00e9g az <strong>\u00e1ll\u00f3k\u00e9pess\u00e9gi sportokban<\/strong> is megfigyelhet\u0151 teljes\u00edtm\u00e9nyroml\u00e1s. \u00cdgy az id\u0151szakos b\u00f6jt gyeng\u00edtheti a teljes\u00edtm\u00e9nyt p\u00e9ld\u00e1ul a <strong>fut\u00e1s, a ker\u00e9kp\u00e1roz\u00e1s <\/strong>vagy az<strong> \u00fasz\u00e1s<\/strong> sor\u00e1n. De vannak olyan tanulm\u00e1nyok is, amik arr\u00f3l sz\u00e1monak be, hogy <strong>a hosszabb ideig tart\u00f3 id\u0151szakos b\u00f6jt\u00f6l\u00e9s ut\u00e1n kis m\u00e9rt\u00e9kben javul a teljes\u00edtm\u00e9ny.<\/strong> A kutat\u00f3k ez\u00e9rt felt\u00e9telezik, hogy a szervezet k\u00e9pes alkalmazkodni, \u00e9s egy id\u0151 ut\u00e1n els\u0151sorban a <strong>zs\u00edrrakt\u00e1rakb\u00f3l<\/strong> nyeri az energi\u00e1t. Anak meger\u0151s\u00edt\u00e9s\u00e9re viszont m\u00e9g nem \u00e1ll rendelkez\u00e9sre elegend\u0151 tanulm\u00e1ny, hogy az id\u0151szakos b\u00f6jtnek val\u00f3ban van ilyen hat\u00e1sa az \u00e1ll\u00f3k\u00e9pess\u00e9gi sportokban. \u00c1ltal\u00e1noss\u00e1gban azonban aerob edz\u00e9s sor\u00e1n egys\u00e9gnyi oxig\u00e9nre vet\u00edtve t\u00f6bb energi\u00e1t nyer\u00fcnk a sz\u00e9nhidr\u00e1tokb\u00f3l, mint a zs\u00edrokb\u00f3l. <sup>[8,10,20]<\/sup><\/li>\n<\/ul>\n\n\n<div class=\"wp-block-image\">\n<figure class=\"aligncenter size-large\"><img loading=\"lazy\" decoding=\"async\" width=\"1124\" height=\"843\" src=\"https:\/\/gymbeam.sk\/blog\/wp-content\/uploads\/2024\/01\/cz_jakub_enzl_07-092023_21-1124x843.jpg\" alt=\"Az id\u0151szakos b\u00f6jt hat\u00e1sa a sportteljes\u00edtm\u00e9nyre\" class=\"wp-image-520440\" title=\"Az id\u0151szakos b\u00f6jt hat\u00e1sa a sportteljes\u00edtm\u00e9nyre\" srcset=\"https:\/\/gymbeam.com\/blog\/wp-content\/uploads\/2024\/01\/cz_jakub_enzl_07-092023_21-1124x843.jpg 1124w, https:\/\/gymbeam.com\/blog\/wp-content\/uploads\/2024\/01\/cz_jakub_enzl_07-092023_21-400x300.jpg 400w, https:\/\/gymbeam.com\/blog\/wp-content\/uploads\/2024\/01\/cz_jakub_enzl_07-092023_21-1536x1152.jpg 1536w, https:\/\/gymbeam.com\/blog\/wp-content\/uploads\/2024\/01\/cz_jakub_enzl_07-092023_21-2048x1536.jpg 2048w\" sizes=\"auto, (max-width: 1124px) 100vw, 1124px\" \/><\/figure>\n<\/div>\n\n\n<h3 class=\"wp-block-heading\" id=\"izom-novekedes\">2. Megnehez\u00edti az izomt\u00f6meg\u00e9p\u00edt\u00e9st<\/h3>\n\n\n\n<p>A jelenlegi kutat\u00e1sok szerint az id\u0151szakos b\u00f6jt az izomt\u00f6meg\u00e9p\u00edt\u00e9shez nem ide\u00e1lis t\u00e1pl\u00e1lkoz\u00e1si m\u00f3d. A mai aj\u00e1nl\u00e1sok szerint az izomn\u00f6veked\u00e9shez elegend\u0151 <strong>kal\u00f3ri\u00e1t<\/strong> \u00e9s <strong>feh\u00e9rj\u00e9t<\/strong> kell fogyasztani. A napi feh\u00e9rjeadagnak <strong>1,6-2 g\/tests\u00falykilogramm<\/strong> k\u00f6z\u00f6tt kell lennie. A proteoszint\u00e9zis (feh\u00e9rjek\u00e9pz\u00e9s a szervezetben) hat\u00e9kony el\u0151seg\u00edt\u00e9s\u00e9hez legjobb, ha <strong>3-4 \u00f3r\u00e1nk\u00e9nt 20-40 g feh\u00e9rj\u00e9t<\/strong> fogyasztunk.<\/p>\n\n\n\n<div style=\"height:20px\" aria-hidden=\"true\" class=\"wp-block-spacer\"><\/div>\n\n\n\n<p>Ezt a mennyis\u00e9get hagyom\u00e1nyos \u00e9trenddel is k\u00f6nnyed\u00e9n be lehetne juttatni, de az id\u0151szakos b\u00f6jt\u00f6l\u00e9s <strong>nem teszi lehet\u0151v\u00e9, hogy a feh\u00e9rjebevitel egyenletesen oszoljon el a nap<\/strong> folyam\u00e1n. R\u00e1ad\u00e1sul el\u00e9g bonyolult is a teljes napi feh\u00e9rjeadagot az \u00e9lelmiszer-bevitelre sz\u00e1nt id\u0151s\u00e1von bel\u00fcl bejuttatni. \u00cdgy a jelen ismeretek szerint \u00fagy t\u0171nik, hogy ha valaki <a class=\"ek-link\" href=\"https:\/\/gymbeam.hu\/blog\/mit-egyel-es-hogyan-eddz-hogy-vegre-sikeruljon-izmokra-szert-tenned\/\" target=\"_blank\" rel=\"noreferrer noopener\" aria-label=\" (opens in a new tab)\">maxim\u00e1lis izomn\u00f6veked\u00e9st<\/a> szeretne el\u00e9rni, ink\u00e1bb m\u00e1s \u00e9trendet aj\u00e1nlott v\u00e1lasztani.&nbsp;<sup><mark class=\"has-inline-color has-orange-color\" style=\"background-color: rgba(0, 0, 0, 0);\">[7,8]<\/mark><\/sup><\/p>\n\n\n<div class=\"wp-block-image\">\n<figure class=\"aligncenter size-large\"><img loading=\"lazy\" decoding=\"async\" width=\"1124\" height=\"749\" src=\"https:\/\/gymbeam.sk\/blog\/wp-content\/uploads\/2024\/01\/cz_immanuel_adenubi_04-052023_15-1-1124x749.jpg\" alt=\"Az id\u0151szakos koplal\u00e1s hat\u00e1sa az izomn\u00f6veked\u00e9sre\" class=\"wp-image-520456\" title=\"Az id\u0151szakos koplal\u00e1s hat\u00e1sa az izomn\u00f6veked\u00e9sre\" srcset=\"https:\/\/gymbeam.com\/blog\/wp-content\/uploads\/2024\/01\/cz_immanuel_adenubi_04-052023_15-1-1124x749.jpg 1124w, https:\/\/gymbeam.com\/blog\/wp-content\/uploads\/2024\/01\/cz_immanuel_adenubi_04-052023_15-1-400x267.jpg 400w, https:\/\/gymbeam.com\/blog\/wp-content\/uploads\/2024\/01\/cz_immanuel_adenubi_04-052023_15-1-1536x1024.jpg 1536w, https:\/\/gymbeam.com\/blog\/wp-content\/uploads\/2024\/01\/cz_immanuel_adenubi_04-052023_15-1-2048x1365.jpg 2048w\" sizes=\"auto, (max-width: 1124px) 100vw, 1124px\" \/><\/figure>\n<\/div>\n\n\n<h3 class=\"wp-block-heading\" id=\"energia-es-tapanyagbevitel\">3. Nem megfelel\u0151 energia- \u00e9s t\u00e1panyagbevitel kock\u00e1zata<\/h3>\n\n\n\n<p>B\u00e1r az id\u0151szakos b\u00f6jt\u00f6l\u00e9s sor\u00e1n kevesebb id\u0151 van t\u00e1pl\u00e1l\u00e9kbevitelre, a szervezetnek att\u00f3l m\u00e9g ugyanannyi <strong>energi\u00e1ra, feh\u00e9rj\u00e9re, sz\u00e9nhidr\u00e1tra, zsirad\u00e9kra<\/strong> vagy <strong><a href=\"https:\/\/gymbeam.hu\/vitaminok\" target=\"_blank\" aria-label=\"vitaminokra (opens in a new tab)\" rel=\"noreferrer noopener\" class=\"ek-link\">vitaminokra<\/a><\/strong> \u00e9s <strong><a href=\"https:\/\/gymbeam.hu\/asvanyi-anyagok\" target=\"_blank\" aria-label=\"\u00e1sv\u00e1nyi anyagra (opens in a new tab)\" rel=\"noreferrer noopener\" class=\"ek-link\">\u00e1sv\u00e1nyi anyagra<\/a><\/strong> van sz\u00fcks\u00e9ge. Ezeknek a t\u00e1panyagoknak a hossz\u00fa t\u00e1v\u00fa hi\u00e1nya <strong>eg\u00e9szs\u00e9gtelen fogy\u00e1shoz, izomveszt\u00e9shez, t\u00falzott f\u00e1radts\u00e1ghoz<\/strong> vagy a t\u00e1panyaghi\u00e1nyhoz kapcsol\u00f3d\u00f3<strong> sz\u00e1mos eg\u00e9szs\u00e9g\u00fcgyi probl\u00e9m\u00e1hoz<\/strong> vezethet (p\u00e9ld\u00e1ul a vitaminhi\u00e1ny miatt meggyeng\u00fclt immunit\u00e1shoz). Ez\u00e9rt fontos egy j\u00f3 terv 9ssze\u00e1ll\u00edt\u00e1sa, amely biztos\u00edtja, hogy az \u00e9trend j\u00f3 min\u0151s\u00e9g\u0171 \u00e9s kiegyens\u00falyozott legyen, m\u00e9g egy id\u0151szakos koplal\u00e1s betart\u00e1sa alatt is.<\/p>\n\n\n\n<div style=\"height:20px\" aria-hidden=\"true\" class=\"wp-block-spacer\"><\/div>\n\n\n\n<h3 class=\"wp-block-heading\" id=\"tesztoszteron\">4. Negat\u00edv hat\u00e1s a tesztoszteron szintre<\/h3>\n\n\n\n<p>A tesztoszteron az alapvet\u0151 f\u00e9rfi nemi hormon, amely fontos a <strong>spermiumtermel\u00e9shez, az izomn\u00f6veked\u00e9shez, a libid\u00f3hoz<\/strong> \u00e9s a f\u00e9rfi test egy\u00e9b funkci\u00f3ihoz. Optim\u00e1lis szintje teh\u00e1t elengedhetetlen a f\u00e9rfieg\u00e9szs\u00e9g megtart\u00e1s\u00e1hoz. Az id\u0151szakos koplal\u00e1s azonban bizony\u00edtottan k\u00e9pes <strong>cs\u00f6kkenteni<\/strong> a tesztoszterontermel\u00e9st, m\u00e9g az ezzel az \u00e9trenddel kapcsolatos r\u00f6vid \u00e9s hossz\u00fa t\u00e1v\u00fa kutat\u00e1sok szerint is.&nbsp;<sup><mark class=\"has-inline-color has-orange-color\" style=\"background-color: rgba(0, 0, 0, 0);\">[3]<\/mark><\/sup><\/p>\n\n\n\n<div style=\"height:20px\" aria-hidden=\"true\" class=\"wp-block-spacer\"><\/div>\n\n\n\n<h3 class=\"wp-block-heading\" id=\"hypoglikemia-kockazat\">5. A hipoglik\u00e9mia kock\u00e1zat\u00e1nak n\u00f6vel\u00e9se<\/h3>\n\n\n\n<p>Ha nem vagy hozz\u00e1szokva, hogy a nap ilyen hossz\u00fa r\u00e9sz\u00e9ben korl\u00e1tozod az \u00e9telbevitelt, mint ahogyan az az id\u0151szakos b\u00f6jt\u00f6l\u00e9sn\u00e9l szok\u00e1s, a szervezetednek hozz\u00e1 kell <strong>szoknia<\/strong>. Az alacsony v\u00e9rcukorszint kellemetlen tud lenni, k\u00fcl\u00f6n\u00f6sen az elej\u00e9n, ami term\u00e9szetes m\u00f3don jelentkezik egy koplal\u00e1s k\u00f6zben. Ez megnyilv\u00e1nulhat p\u00e9ld\u00e1ul <strong>fejf\u00e1j\u00e1sban vagy sz\u00e9d\u00fcl\u00e9sben.<\/strong><\/p>\n\n\n\n<div style=\"height:20px\" aria-hidden=\"true\" class=\"wp-block-spacer\"><\/div>\n\n\n\n<p>Id\u0151vel azonban a szervezet k\u00e9pes alkalmazkodni ehhez az \u00e1llapothoz, \u00e9s olyan mechanizmusokat kezd alkalmazni, amelyek megakad\u00e1lyozz\u00e1k a t\u00fal alacsony v\u00e9rcukorszintet. Az eg\u00e9szs\u00e9ges feln\u0151ttek teh\u00e1t megengedhetik maguknak, hogy k\u00eds\u00e9rletezzenek ezzel az t\u00edpus\u00fa \u00e9tkez\u00e9ssel. A <strong>cukorbetegeknek<\/strong> \u00e9s a<strong> cs\u00f6kkent gl\u00fck\u00f3ztoleranci\u00e1val<\/strong> diagnosztiz\u00e1lt szem\u00e9lyeknek azonban tan\u00e1csoljuk, hogy konzult\u00e1ljanak orvosukkal, k\u00fcl\u00f6n\u00f6sen akkor, ha <strong>gy\u00f3gyszert szednek a v\u00e9rcukorszint szab\u00e1lyoz\u00e1s\u00e1ra.<\/strong><sup><mark class=\"has-inline-color has-orange-color\" style=\"background-color: rgba(0, 0, 0, 0);\">[1,15]<\/mark><\/sup><\/p>\n\n\n<div class=\"wp-block-image\">\n<figure class=\"aligncenter size-large\"><img loading=\"lazy\" decoding=\"async\" width=\"1124\" height=\"750\" src=\"https:\/\/gymbeam.sk\/blog\/wp-content\/uploads\/2024\/01\/iStock-511735934-1124x750.jpg\" alt=\"Az id\u0151szakos koplal\u00e1s hat\u00e1sa a hipoglik\u00e9mi\u00e1ra\" class=\"wp-image-520488\" title=\"Az id\u0151szakos koplal\u00e1s hat\u00e1sa a hipoglik\u00e9mi\u00e1ra\" srcset=\"https:\/\/gymbeam.com\/blog\/wp-content\/uploads\/2024\/01\/iStock-511735934-1124x750.jpg 1124w, https:\/\/gymbeam.com\/blog\/wp-content\/uploads\/2024\/01\/iStock-511735934-400x267.jpg 400w, https:\/\/gymbeam.com\/blog\/wp-content\/uploads\/2024\/01\/iStock-511735934-1536x1025.jpg 1536w, https:\/\/gymbeam.com\/blog\/wp-content\/uploads\/2024\/01\/iStock-511735934-2048x1367.jpg 2048w\" sizes=\"auto, (max-width: 1124px) 100vw, 1124px\" \/><\/figure>\n<\/div>\n\n\n<h3 class=\"wp-block-heading\" id=\"mentalis-egeszseg\">6. Negat\u00edv hat\u00e1ssal lehet a ment\u00e1lis eg\u00e9szs\u00e9gre<\/h3>\n\n\n\n<p>A kutat\u00e1sok azt mutatj\u00e1k, hogy az id\u0151szakos b\u00f6jt<strong> kock\u00e1zatos<\/strong> lehet az <strong>\u00e9tkez\u00e9si zavarokban,<\/strong> p\u00e9ld\u00e1ul anorexia nervos\u00e1ban, bulimia nervos\u00e1ban vagy fal\u00e1si rohamokban szenved\u0151 emberek sz\u00e1m\u00e1ra. Egyesekn\u00e9l ak\u00e1r <strong>n\u00f6velheti is e probl\u00e9m\u00e1k kialakul\u00e1s\u00e1nak kock\u00e1zat\u00e1t.<\/strong> \u00dagy t\u0171nik, hogy ez a k\u00e1ros hat\u00e1s a <strong>serd\u00fcl\u0151 l\u00e1nyokn\u00e1l \u00e9s fiatal n\u0151kn\u00e9l <\/strong>a leggyakoribb.<sup><mark class=\"has-inline-color has-orange-color\" style=\"background-color: rgba(0, 0, 0, 0);\">[15]<\/mark><\/sup><\/p>\n\n\n\n<div style=\"height:20px\" aria-hidden=\"true\" class=\"wp-block-spacer\"><\/div>\n\n\n\n<h3 class=\"wp-block-heading\" id=\"szomjusagerzet\">7. Szomj\u00fas\u00e1g\u00e9rzet cs\u00f6kkent\u00e9se<\/h3>\n\n\n\n<p>A korl\u00e1tozott t\u00e1pl\u00e1l\u00e9kbevitel a cs\u00f6kkent <strong>szomj\u00fas\u00e1g\u00e9rzet<\/strong> miatt alacsonyabb folyad\u00e9kbevitellel is j\u00e1rhat. Ez azonban nem felt\u00e9tlen\u00fcl fedezi a t\u00e9nyleges folyad\u00e9ksz\u00fcks\u00e9gletet. Vannak, akik alig \u00e9reznek szomj\u00fas\u00e1got, de a szervezet\u00fcknek t\u00f6bb v\u00edzre van sz\u00fcks\u00e9ge a megfelel\u0151 m\u0171k\u00f6d\u00e9shez. Ez\u00e9rt m\u00e9g koplal\u00e1s idej\u00e9n is, amikor a szomj\u00fas\u00e1g\u00e9rzet alacsonyabb, fontos, hogy gondoskodjunk arr\u00f3l, \u00e9s <strong>igyunk eleget.&nbsp;<\/strong><sup><mark class=\"has-inline-color has-orange-color\" style=\"background-color: rgba(0, 0, 0, 0);\">[1]<\/mark><\/sup><\/p>\n\n\n\n<div style=\"height:20px\" aria-hidden=\"true\" class=\"wp-block-spacer\"><\/div>\n\n\n\n<p>Cikk\u00fcnkben: <a class=\"ek-link\" href=\"https:\/\/gymbeam.hu\/blog\/hogyan-hat-a-tul-keves-vizfogyasztas-az-egeszsegunkre\/\" target=\"_blank\" rel=\"noreferrer noopener\" aria-label=\" (opens in a new tab)\"><strong>Hogyan hat a t\u00fal kev\u00e9s v\u00edzfogyaszt\u00e1s az eg\u00e9szs\u00e9g\u00fcnkre?<\/strong><\/a> kifejtj\u00fck, hogyan befoly\u00e1solja az eg\u00e9szs\u00e9get a t\u00fal kev\u00e9s iv\u00e1s, \u00e9s mennyi folyad\u00e9kot aj\u00e1nlott naponta fogyasztani.<\/p>\n\n\n<div class=\"wp-block-image\">\n<figure class=\"aligncenter size-large\"><img loading=\"lazy\" decoding=\"async\" width=\"1124\" height=\"749\" src=\"https:\/\/gymbeam.sk\/blog\/wp-content\/uploads\/2024\/01\/20994E82-1683-476A-999A-4B3203C4-1124x749.jpg\" alt=\"Az id\u0151szakos b\u00f6jt hat\u00e1sa a szomj\u00fas\u00e1g\u00e9rzetre\" class=\"wp-image-520504\" title=\"Az id\u0151szakos b\u00f6jt hat\u00e1sa a szomj\u00fas\u00e1g\u00e9rzetre\" srcset=\"https:\/\/gymbeam.com\/blog\/wp-content\/uploads\/2024\/01\/20994E82-1683-476A-999A-4B3203C4-1124x749.jpg 1124w, https:\/\/gymbeam.com\/blog\/wp-content\/uploads\/2024\/01\/20994E82-1683-476A-999A-4B3203C4-400x267.jpg 400w, https:\/\/gymbeam.com\/blog\/wp-content\/uploads\/2024\/01\/20994E82-1683-476A-999A-4B3203C4-1536x1024.jpg 1536w, https:\/\/gymbeam.com\/blog\/wp-content\/uploads\/2024\/01\/20994E82-1683-476A-999A-4B3203C4-2048x1365.jpg 2048w\" sizes=\"auto, (max-width: 1124px) 100vw, 1124px\" \/><\/figure>\n<\/div>\n\n\n<h3 class=\"wp-block-heading\" id=\"emesztes\">8. Em\u00e9szt\u00e9si probl\u00e9m\u00e1kat okozhat<\/h3>\n\n\n\n<p>Az id\u0151szakos koplal\u00e1s em\u00e9szt\u00e9si panaszokat okozhat, k\u00fcl\u00f6n\u00f6sen a kezdeti id\u0151szakban. Tipikusan el\u0151fordulhat p\u00e9ld\u00e1ul <strong>sz\u00e9kreked\u00e9s.<\/strong> A szervezet, bele\u00e9rtve az em\u00e9szt\u0151rendszert is, \u00edgy is hozz\u00e1szokik az \u00faj \u00e9tkez\u00e9shez, \u00e9s sz\u00fcks\u00e9g lehet n\u00e9h\u00e1ny napra az alkalmazkod\u00e1shoz. Ebben az esetben is fontos, hogy <strong>eleget igyunk,<\/strong> elegend\u0151 <strong>rostot<\/strong> juttassunk be \u00e9s term\u00e9szetesen a <strong>mozg\u00e1s.<\/strong>&nbsp;<sup><mark class=\"has-inline-color has-orange-color\" style=\"background-color: rgba(0, 0, 0, 0);\">[5,17]<\/mark><\/sup><\/p>\n\n\n\n<div style=\"height:20px\" aria-hidden=\"true\" class=\"wp-block-spacer\"><\/div>\n\n\n\n<h2 class=\"wp-block-heading\"><span class=\"ez-toc-section\" id=\"Kinek_javasolt_az_idoszakos_bojtoles\"><\/span>Kinek javasolt az id\u0151szakos b\u00f6jt\u00f6l\u00e9s? <span class=\"ez-toc-section-end\"><\/span><\/h2>\n\n\n\n<p>Bizony\u00e1ra felt\u0171nt, hogy van akinek j\u00f3t tesz az id\u0151szakos koplal\u00e1s, de biztosan nem mindenkinek. Minden az egy\u00e9ni ig\u00e9nyekt\u0151l \u00e9s preferenci\u00e1kt\u00f3l f\u00fcgg. Kinek lehet hasznos? <\/p>\n\n\n\n<ul class=\"wp-block-list\">\n<li><strong>Eg\u00e9szs\u00e9ges embereknek,<\/strong> akik nem kedvelik a hagyom\u00e1nyos \u00e9trendet, \u00e9s jellemz\u0151en csak a nap bizonyos id\u0151szakaiban esznek.<\/li>\n\n\n\n<li><strong>Rugalmas \u00e9letm\u00f3dot<\/strong> \u00e9l\u0151 emberek, akik ezt a k\u00fcl\u00f6nleges \u00e9tkez\u00e9si m\u00f3dot be tudj\u00e1k illeszteni a napjukba.<\/li>\n\n\n\n<li>Akik <strong>fogyni<\/strong> szeretn\u00e9nek, vagy olyan m\u00f3dszert keresnek, amellyel megtanulhatj\u00e1k kontroll\u00e1lni az <strong>\u00e9hs\u00e9g\u00e9rzetet<\/strong> \u00e9s az <strong>\u00e9dess\u00e9g ut\u00e1ni s\u00f3v\u00e1rg\u00e1st.<\/strong><\/li>\n\n\n\n<li>Akik saj\u00e1t b\u0151r\u00fck\u00f6n szeretn\u00e9k megtapasztalni az <strong>agyra, a koncentr\u00e1ci\u00f3ra, a koleszterin-<\/strong> vagy <strong>v\u00e9rcukorszintre<\/strong> gyakorolt esetleges pozit\u00edv hat\u00e1s\u00e1t \u00e9s egy\u00e9b el\u0151nyeit.<\/li>\n<\/ul>\n\n\n\n<div style=\"height:20px\" aria-hidden=\"true\" class=\"wp-block-spacer\"><\/div>\n\n\n\n<p>Az id\u0151szakos b\u00f6jt <strong>f\u00e9rfiak<\/strong> \u00e9s <strong>n\u0151k<\/strong> sz\u00e1m\u00e1ra egyar\u00e1nt aj\u00e1nlott. A n\u0151knek azonban k\u00fcl\u00f6n\u00f6sen \u00fcgyelni\u00fck kell arra, hogy siker\u00fclj\u00f6n bejuttatni a megfelel\u0151 kal\u00f3riamennyis\u00e9get. <strong>\u0150k ugyanis \u00e9rz\u00e9kenyebben reag\u00e1lnak az el\u00e9gtelen bevitelre,<\/strong> mint a f\u00e9rfiak. Azokn\u00e1l az akt\u00edv n\u0151kn\u00e9l, akik hossz\u00fa id\u0151n kereszt\u00fcl kevesebb energi\u00e1t visznek be, mint amennyire a szervezet\u00fcknek sz\u00fcks\u00e9ge van, \u00e9s t\u00faledzik magukat, kialakulhat az \u00fagynevezett<strong> n\u0151i atl\u00e9tatri\u00e1sz.<\/strong> Ez az <strong>alacsony energiak\u00e9szlet, a menstru\u00e1ci\u00f3s zavarok<\/strong> \u00e9s a <strong>cs\u00f6kkent csonts\u0171r\u0171s\u00e9g<\/strong> egy\u00fcttese.<\/p>\n\n\n\n<div style=\"height:20px\" aria-hidden=\"true\" class=\"wp-block-spacer\"><\/div>\n\n\n\n<p>Ha t\u00f6bbet szeretn\u00e9l olvasni a n\u0151i atl\u00e9tatri\u00e1szr\u00f3l, ne hagyd ki a cikk\u00fcnket <a class=\"ek-link\" href=\"https:\/\/gymbeam.hu\/blog\/hogyan-gyozzuk-le-a-menstruacio-elmaradasat-es-a-noi-atletatriasz-egyeb-tuneteit\/\" target=\"_blank\" rel=\"noreferrer noopener\" aria-label=\" (opens in a new tab)\"><strong>Hogyan gy\u0151zz\u00fck le a menstru\u00e1ci\u00f3 elmarad\u00e1s\u00e1t \u00e9s a n\u0151i atl\u00e9tatri\u00e1sz egy\u00e9b t\u00fcneteit?&nbsp;<\/strong><\/a><\/p>\n\n\n<div class=\"wp-block-image\">\n<figure class=\"aligncenter size-large\"><img loading=\"lazy\" decoding=\"async\" width=\"1124\" height=\"749\" src=\"https:\/\/gymbeam.sk\/blog\/wp-content\/uploads\/2024\/01\/si_nives_oresnik_072023_06-1-1-1124x749.jpg\" alt=\"Kinek javasolt az id\u0151szakos b\u00f6jt\u00f6l\u00e9s?\" class=\"wp-image-520520\" srcset=\"https:\/\/gymbeam.com\/blog\/wp-content\/uploads\/2024\/01\/si_nives_oresnik_072023_06-1-1-1124x749.jpg 1124w, https:\/\/gymbeam.com\/blog\/wp-content\/uploads\/2024\/01\/si_nives_oresnik_072023_06-1-1-400x267.jpg 400w, https:\/\/gymbeam.com\/blog\/wp-content\/uploads\/2024\/01\/si_nives_oresnik_072023_06-1-1-1536x1024.jpg 1536w, https:\/\/gymbeam.com\/blog\/wp-content\/uploads\/2024\/01\/si_nives_oresnik_072023_06-1-1-2048x1365.jpg 2048w\" sizes=\"auto, (max-width: 1124px) 100vw, 1124px\" \/><\/figure>\n<\/div>\n\n\n<h2 class=\"wp-block-heading\"><span class=\"ez-toc-section\" id=\"Kinek_nem_ajanlott_az_idoszakos_bojt\"><\/span>Kinek nem aj\u00e1nlott az id\u0151szakos b\u00f6jt?<span class=\"ez-toc-section-end\"><\/span><\/h2>\n\n\n\n<p>Az id\u0151szakos b\u00f6jt nem mindenki sz\u00e1m\u00e1ra alkalmas. Vannak olyan helyzetek, amelyekben kock\u00e1zatot jelenthet. Melyek ezek?  <\/p>\n\n\n\n<ul class=\"wp-block-list\">\n<li><strong>Terhess\u00e9g \u00e9s szoptat\u00e1s<\/strong> alatt a n\u0151knek nem javasolt ez az \u00e9tkez\u00e9si m\u00f3d. Fenn\u00e1ll p\u00e9ld\u00e1ul annak a vesz\u00e9lye, hogy a koplal\u00e1s h\u00e1tr\u00e1nyosan befoly\u00e1solhatja az <strong>anyatejtermel\u00e9st.<\/strong> Az id\u0151szakos koplal\u00e1s kismamas\u00e1g alatti hat\u00e1sait vizsg\u00e1l\u00f3 tanulm\u00e1nyok r\u00e1ad\u00e1sul nincsenek is.&nbsp;<sup>[18]<\/sup><\/li>\n\n\n\n<li>Amikor <a class=\"ek-link\" href=\"https:\/\/gymbeam.hu\/blog\/muszakos-munka-hogyan-taplalkozz-helyesen-es-ne-hizz-el-ha-ejszakai-muszakban-dolgozol\/\" target=\"_blank\" rel=\"noreferrer noopener\" aria-label=\" (opens in a new tab)\"><strong>m\u0171szakban dolgozol<\/strong><\/a>, probl\u00e9m\u00e1t jelenthet ennek a saj\u00e1tos \u201e\u00f3rarendnek\u201d a hossz\u00fa t\u00e1v\u00fa fenntart\u00e1sa.<\/li>\n\n\n\n<li>Az<strong> \u00e9tkez\u00e9si zavarokban<\/strong> szenved\u0151 emberekn\u00e9l fenn\u00e1ll a betegs\u00e9g s\u00falyosbod\u00e1s\u00e1nak vesz\u00e9lye.<\/li>\n\n\n\n<li><strong>Bizonyos eg\u00e9szs\u00e9g\u00fcgyi probl\u00e9m\u00e1k<\/strong> eset\u00e9n az id\u0151szakos b\u00f6jt kock\u00e1zatot jelenthet. A <strong>r\u00e1kos<\/strong> betegs\u00e9gek p\u00e9ld\u00e1ul olyan kal\u00f3ria- \u00e9s feh\u00e9rjebevitelt ig\u00e9nyelnek, amelyet egy ilyen t\u00edpus\u00fa \u00e9trendet tart\u00f3 ember val\u00f3sz\u00edn\u0171leg nem tudna bevinni.<\/li>\n\n\n\n<li>Probl\u00e9m\u00e1t jelenthet az is, ha valaki olyan<strong>gy\u00f3gyszereket szed,<\/strong> amelyeket <strong>\u00e9tkez\u00e9skor \u00e9s bizonyos napszakban<\/strong> kell <strong>bevenni.<\/strong><\/li>\n\n\n\n<li>Ez az \u00e9tkez\u00e9si rend a <strong>gyermekek<\/strong> sz\u00e1m\u00e1ra sem javasolt.&nbsp;<sup><mark class=\"has-inline-color has-orange-color\" style=\"background-color: rgba(0, 0, 0, 0);\">[17]<\/mark><\/sup><\/li>\n<\/ul>\n\n\n<div class=\"wp-block-image\">\n<figure class=\"aligncenter size-large\"><img loading=\"lazy\" decoding=\"async\" width=\"1124\" height=\"749\" src=\"https:\/\/gymbeam.sk\/blog\/wp-content\/uploads\/2024\/01\/iStock-868572720-1124x749.jpg\" alt=\"Kinek nem aj\u00e1nlott az id\u0151szakos b\u00f6jt?\" class=\"wp-image-520536\" title=\"Kinek nem aj\u00e1nlott az id\u0151szakos b\u00f6jt?\" srcset=\"https:\/\/gymbeam.com\/blog\/wp-content\/uploads\/2024\/01\/iStock-868572720-1124x749.jpg 1124w, https:\/\/gymbeam.com\/blog\/wp-content\/uploads\/2024\/01\/iStock-868572720-400x267.jpg 400w, https:\/\/gymbeam.com\/blog\/wp-content\/uploads\/2024\/01\/iStock-868572720-1536x1024.jpg 1536w, https:\/\/gymbeam.com\/blog\/wp-content\/uploads\/2024\/01\/iStock-868572720-2048x1365.jpg 2048w\" sizes=\"auto, (max-width: 1124px) 100vw, 1124px\" \/><\/figure>\n<\/div>\n\n\n<h2 class=\"wp-block-heading\"><span class=\"ez-toc-section\" id=\"Egeszseges_az_idoszakos_koplalas\"><\/span>Eg\u00e9szs\u00e9ges az id\u0151szakos koplal\u00e1s?<span class=\"ez-toc-section-end\"><\/span><\/h2>\n\n\n\n<p>Az id\u0151szakos b\u00f6jtnek megvannak az eg\u00e9szs\u00e9g\u00fcgyi el\u0151nyei, \u00edgy elmondhatjuk, hogy vannak, akik sz\u00e1m\u00e1ra ez egy eg\u00e9szs\u00e9ges t\u00e1pl\u00e1lkoz\u00e1si m\u00f3d. De el\u0151\u00edr\u00e1s, hogy csak azok pr\u00f3b\u00e1lj\u00e1k ki, akik sz\u00e1m\u00e1ra <strong>biztons\u00e1gos.<\/strong> Persze k\u00f6zben fontos a <strong>megfelel\u0151 \u00e9trend\u00f6sszet\u00e9tel<\/strong> biztos\u00edt\u00e1sa \u00e9s<strong> fenntarthat\u00f3<\/strong> szok\u00e1sok kialak\u00edt\u00e1sa.<\/p>\n\n\n\n<div style=\"height:20px\" aria-hidden=\"true\" class=\"wp-block-spacer\"><\/div>\n\n\n\n<p>Deh\u00e1t azt sem \u00e1ll\u00edthatjuk, hogy ez valami csoda, ami minden probl\u00e9m\u00e1t megold. A klasszikus \u00e9trendhez k\u00e9pest nem valami jobb \u00e9tkez\u00e9si m\u00f3d, ami jellemz\u0151en eg\u00e9sz napra el van osztva. S\u0151t, ezzel is fogyhatsz eg\u00e9szs\u00e9gesen, cs\u00f6kkentheted a v\u00e9rcukor- vagy koleszterinszintedet, \u00e9s jav\u00edthatod az \u00e1ltal\u00e1nos eg\u00e9szs\u00e9gi \u00e1llapotodat. Teh\u00e1t ism\u00e9tlem, mindenki m\u00e1s \u00e9s m\u00e1s, \u00e9s olyan m\u00f3dszert kell v\u00e1lasztani, amelyik a legjobban megfelel neked. <\/p>\n\n\n\n<div style=\"height:20px\" aria-hidden=\"true\" class=\"wp-block-spacer\"><\/div>\n\n\n\n<h2 class=\"wp-block-heading\"><span class=\"ez-toc-section\" id=\"Hogyan_kezdjuk_el_az_idoszakos_bojtolest\"><\/span>Hogyan kezdj\u00fck el az id\u0151szakos b\u00f6jt\u00f6l\u00e9st?<span class=\"ez-toc-section-end\"><\/span><\/h2>\n\n\n\n<p>\u00dagy d\u00f6nt\u00f6tt\u00e9l, hogy az id\u0151szakos b\u00f6jt\u00f6l\u00e9s neked val\u00f3, \u00e9s szeretn\u00e9d kipr\u00f3b\u00e1lni? Akkor gondoskodj r\u00f3la, hogy j\u00f3l csin\u00e1ld. Mit tegy\u00e9l?  <\/p>\n\n\n\n<ul class=\"wp-block-list\">\n<li>Ide\u00e1lis esetben <strong>fordulj t\u00e1pl\u00e1lkoz\u00e1si szakemberhez,<\/strong> azaz <strong>t\u00e1pl\u00e1lkoz\u00e1si terapeut\u00e1hoz<\/strong> vagy<strong> t\u00e1pl\u00e1lkoz\u00e1si tan\u00e1csad\u00f3hoz.<\/strong> \u0150k a legjobban felk\u00e9sz\u00fcltek a megfelel\u0151 \u00e9trend \u00f6ssze\u00e1ll\u00edt\u00e1s\u00e1hoz t\u00f6rt\u00e9n\u0151 tan\u00e1csad\u00e1sra.<\/li>\n\n\n\n<li>V\u00e1laszd ki az id\u0151szakos b\u00f6jt sz\u00e1modra <strong>megfelel\u0151 form\u00e1j\u00e1t.<\/strong> \u00d6sszhangban kell lennie a rendszeres napi szok\u00e1saiddal \u00e9s az \u00e9letm\u00f3doddal.<\/li>\n\n\n\n<li>Gondoskodj r\u00f3la, hogy elegend\u0151 <strong>energia<\/strong> \u00e9s <strong>t\u00e1panyag<\/strong> jusson be.<\/li>\n\n\n\n<li><strong>Rendszeres folyad\u00e9kfogyaszt\u00e1s.&nbsp;<\/strong><\/li>\n\n\n\n<li><strong>K\u00f6vesd, hogyan fejl\u0151dsz.<\/strong> Nemcsak az <strong>\u00e9tkez\u00e9sed<\/strong>, hanem a <strong>tests\u00falyod, az alv\u00e1sod hossza<\/strong> \u00e9s <strong>min\u0151s\u00e9ge,<\/strong> valamint az <strong>edz\u00e9steljes\u00edtm\u00e9nyed<\/strong> is r\u00f6gz\u00edtheted.<\/li>\n\n\n\n<li>Kipr\u00f3b\u00e1lhatsz p\u00e9ld\u00e1ul egy olyan <strong>alkalmaz\u00e1st,<\/strong> amelyet kifejezetten az id\u0151szakos b\u00f6jt\u00f6l\u00e9shez terveztek.<\/li>\n\n\n\n<li>Ne hanyagold el az elegend\u0151 <strong>alv\u00e1st<\/strong> \u00e9s a <strong>testmozg\u00e1st.<\/strong><\/li>\n\n\n\n<li><strong>Figyeld a tested.<\/strong> Ha p\u00e9ld\u00e1ul edz\u00e9s ut\u00e1n t\u00falzott f\u00e1radts\u00e1got vagy lass\u00fa regener\u00e1ci\u00f3t tapasztalsz, akkor lehet, hogy valamin v\u00e1ltoztatni kell.&nbsp;<sup><mark class=\"has-inline-color has-orange-color\" style=\"background-color: rgba(0, 0, 0, 0);\">[1,14]<\/mark><\/sup><\/li>\n<\/ul>\n\n\n<div class=\"wp-block-image\">\n<figure class=\"aligncenter size-large\"><img loading=\"lazy\" decoding=\"async\" width=\"1124\" height=\"750\" src=\"https:\/\/gymbeam.sk\/blog\/wp-content\/uploads\/2024\/01\/iStock-502387628-1124x750.jpg\" alt=\"Hogyan kezdj\u00fck el az id\u0151szakos b\u00f6jt\u00f6l\u00e9st?\" class=\"wp-image-520552\" title=\"Hogyan kezdj\u00fck el az id\u0151szakos b\u00f6jt\u00f6l\u00e9st?\" srcset=\"https:\/\/gymbeam.com\/blog\/wp-content\/uploads\/2024\/01\/iStock-502387628-1124x750.jpg 1124w, https:\/\/gymbeam.com\/blog\/wp-content\/uploads\/2024\/01\/iStock-502387628-400x267.jpg 400w, https:\/\/gymbeam.com\/blog\/wp-content\/uploads\/2024\/01\/iStock-502387628-1536x1025.jpg 1536w, https:\/\/gymbeam.com\/blog\/wp-content\/uploads\/2024\/01\/iStock-502387628-2048x1367.jpg 2048w\" sizes=\"auto, (max-width: 1124px) 100vw, 1124px\" \/><\/figure>\n<\/div>\n\n\n<h2 class=\"wp-block-heading\"><span class=\"ez-toc-section\" id=\"Milyen_eteleket_lehet_fogyasztani_az_idoszakos_bojt_soran\"><\/span>Milyen \u00e9teleket lehet fogyasztani az id\u0151szakos b\u00f6jt sor\u00e1n? <span class=\"ez-toc-section-end\"><\/span><\/h2>\n\n\n\n<p>Az id\u0151szakos b\u00f6jt nem \u00edrja el\u0151, hogy mely \u00e9lelmiszerek megfelel\u0151ek \u00e9s melyek nem. Ez gyakorlatilag azt jelenti, hogy egyetlen \u00e9telt sem tilos fogyasztani. Fontos azonban megjegyezni, hogy ha ki szeretn\u00e9d haszn\u00e1lni a di\u00e9ta \u00e1ltal ny\u00fajtott el\u0151ny\u00f6ket, nem el\u00e9g csup\u00e1n a koplal\u00e1s. Az is fontos, hogy <a class=\"ek-link\" href=\"https:\/\/gymbeam.hu\/blog\/milyen-az-egeszseges-taplalkozas-es-hogyan-tanuljunk-meg-egeszsegesen-etkezni\/\" target=\"_blank\" rel=\"noreferrer noopener\" aria-label=\" (opens in a new tab)\"><strong>v\u00e1ltozatos \u00e9s kiegyens\u00falyozott \u00e9trendet<\/strong><\/a><strong> tarts, amely b\u0151s\u00e9gesen tartalmaz minden alapvet\u0151 t\u00e1panyagot.<\/strong><\/p>\n\n\n\n<div style=\"height:20px\" aria-hidden=\"true\" class=\"wp-block-spacer\"><\/div>\n\n\n\n<h3 class=\"wp-block-heading\">Id\u0151szakos b\u00f6jti \u00e9trend minta n\u0151k sz\u00e1m\u00e1ra <\/h3>\n\n\n\n<p>N\u00e9zz\u00fck meg egy\u00fctt, hogyan is fest egy <strong>eg\u00e9szs\u00e9ges feln\u0151tt n\u0151<\/strong> \u00e9trendje, aki a<strong> 16:8<\/strong>-as id\u0151szakos b\u00f6jt szab\u00e1lyait betartva szeretn\u00e9 <strong>megtartani a s\u00faly\u00e1t.<\/strong> A p\u00e9lda di\u00e9ta egy 30 \u00e9ves, <strong>65 kg<\/strong> tests\u00faly\u00fa \u00e9s<strong> 170 cm<\/strong> magas n\u0151re vonatkozik, aki<strong> \u00fcl\u0151munk\u00e1t<\/strong> v\u00e9gez, naponta nagyj\u00e1b\u00f3l <strong>10 000 l\u00e9p\u00e9st<\/strong> tesz meg, \u00e9s <strong>hetente h\u00e1romszor j\u00e1r edz\u0151terembe<\/strong>. A teljes napi energiabevitel nagyj\u00e1b\u00f3l <strong>2000 kcal<\/strong>, \u00e9s naponta nagyj\u00e1b\u00f3l 120 g feh\u00e9rj\u00e9t, 67 g zs\u00edrt, 230 g sz\u00e9nhidr\u00e1tot \u00e9s 25-30 g rostot kell fogyasztania.<\/p>\n\n\n\n<figure class=\"wp-block-table\"><table class=\"has-fixed-layout\"><thead><tr><th class=\"has-text-align-center\" data-align=\"center\"><p style=\"text-align: center;\">\u00c9tel<\/p><\/th><th class=\"has-text-align-center\" data-align=\"center\"><p style=\"text-align: center;\">Id\u0151<\/p><\/th><th class=\"has-text-align-center\" data-align=\"center\"><p style=\"text-align: center;\">\u00c9tel<\/p><\/th><th class=\"has-text-align-center\" data-align=\"center\"><p style=\"text-align: center;\">Adag<\/p><\/th><\/tr><\/thead><tbody><tr><td class=\"has-text-align-center\" data-align=\"center\">Eb\u00e9d<\/td><td class=\"has-text-align-center\" data-align=\"center\">d\u00e9li 12 \u00f3ra<\/td><td class=\"has-text-align-center\" data-align=\"center\">grillezett csirkemell\nrizs (f\u0151tt)\nz\u00f6lds\u00e9gsal\u00e1ta<\/td><td class=\"has-text-align-center\" data-align=\"center\">150 g\n200 g\n150 g<\/td><\/tr><tr><td class=\"has-text-align-center\" data-align=\"center\">Uzsonna<\/td><td class=\"has-text-align-center\" data-align=\"center\">15:00 \u00f3ra<\/td><td class=\"has-text-align-center\" data-align=\"center\">nat\u00far joghurt  <a href=\"https:\/\/gymbeam.hu\/zabpelyhek\" target=\"_blank\" aria-label=\"zabpehely (opens in a new tab)\" rel=\"noreferrer noopener\" class=\"ek-link\">zabpehely<\/a>  ban\u00e1n  m\u00e1lna  di\u00f3<\/td><td class=\"has-text-align-center\" data-align=\"center\">150 g\n40 g\n110 g\n40 g\n30 g<\/td><\/tr><tr><td class=\"has-text-align-center\" data-align=\"center\">Vacsora<\/td><td class=\"has-text-align-center\" data-align=\"center\">18:00 \u00f3ra<\/td><td class=\"has-text-align-center\" data-align=\"center\">s\u00fclt pisztr\u00e1ng\nburgonya (f\u0151tt)\nbrokkoli<\/td><td class=\"has-text-align-center\" data-align=\"center\">120 g\n150 g\n100 g<\/td><\/tr><tr><td class=\"has-text-align-center\" data-align=\"center\">P\u00f3tvacsora<\/td><td class=\"has-text-align-center\" data-align=\"center\">20:00 \u00f3ra<\/td><td class=\"has-text-align-center\" data-align=\"center\">pir\u00edt\u00f3s teljes ki\u0151rl\u00e9s\u0171 keny\u00e9rb\u0151l\nsonka\n30% zs\u00edrtartalm\u00fa sajt\nkokt\u00e9lparadicsom<\/td><td class=\"has-text-align-center\" data-align=\"center\">2 darab\n2 szelet\n2 szelet\n100 g<\/td><\/tr><\/tbody><\/table><\/figure>\n\n\n\n<div style=\"height:20px\" aria-hidden=\"true\" class=\"wp-block-spacer\"><\/div>\n\n\n\n<h3 class=\"wp-block-heading\">Id\u0151szakos b\u00f6jti \u00e9trend minta f\u00e9rfiak sz\u00e1m\u00e1ra<\/h3>\n\n\n\n<p>Most k\u00e9pzelj\u00fcnk el egy olyan \u00e9trendet, amely egy <strong>eg\u00e9szs\u00e9ges feln\u0151tt f\u00e9rfi<\/strong> sz\u00e1m\u00e1ra megfelel\u0151. Ez a f\u00e9rfi szint\u00e9n<strong> harminc<\/strong> \u00e9ves, <strong>80 kg<\/strong> s\u00faly\u00fa \u00e9s <strong>180 cm<\/strong> magas. Emellett naponta k\u00f6r\u00fclbel\u00fcl <strong>10 000 l\u00e9p\u00e9st<\/strong> tesz meg, <strong>\u00fcl\u0151munk\u00e1t<\/strong> v\u00e9gez, \u00e9s <strong>hetente h\u00e1romszor er\u0151s\u00edt\u0151 edz\u00e9st<\/strong>v\u00e9gez. A teljes napi energiabevitel nagyj\u00e1b\u00f3l <strong>2500 kcal<\/strong>, a t\u00e1panyagbevitel pedig nagyj\u00e1b\u00f3l 150 g feh\u00e9rj\u00e9b\u0151l, 83 g zs\u00edrb\u00f3l, 290 g sz\u00e9nhidr\u00e1tb\u00f3l \u00e9s 25-30 g rostb\u00f3l \u00e1ll.<\/p>\n\n\n\n<figure class=\"wp-block-table\"><table class=\"has-fixed-layout\"><thead><tr><th class=\"has-text-align-center\" data-align=\"center\"><p style=\"text-align: center;\">\u00c9tel<\/p><\/th><th class=\"has-text-align-center\" data-align=\"center\"><p style=\"text-align: center;\">Id\u0151<\/p><\/th><th class=\"has-text-align-center\" data-align=\"center\"><p style=\"text-align: center;\">\u00c9tel<\/p><\/th><th class=\"has-text-align-center\" data-align=\"center\"><p style=\"text-align: center;\">Adag<\/p><\/th><\/tr><\/thead><tbody><tr><td class=\"has-text-align-center\" data-align=\"center\">Eb\u00e9d<\/td><td class=\"has-text-align-center\" data-align=\"center\">d\u00e9li 12 \u00f3ra<\/td><td class=\"has-text-align-center\" data-align=\"center\">grillezett csirkemell\nrizs (f\u0151tt)\nz\u00f6lds\u00e9gsal\u00e1ta<\/td><td class=\"has-text-align-center\" data-align=\"center\">190 g\n250 g\n150 g<\/td><\/tr><tr><td class=\"has-text-align-center\" data-align=\"center\">Uzsonna<\/td><td class=\"has-text-align-center\" data-align=\"center\">15:00 \u00f3ra<\/td><td class=\"has-text-align-center\" data-align=\"center\">nat\u00far joghurt  zabpehely  ban\u00e1n  m\u00e1lna  <a href=\"https:\/\/gymbeam.hu\/dio-gymbeam.html\" target=\"_blank\" aria-label=\" (opens in a new tab)\" rel=\"noreferrer noopener\" class=\"ek-link\">di\u00f3<\/a><\/td><td class=\"has-text-align-center\" data-align=\"center\">150 g\n40 g\n110 g\n40 g\n30 g<\/td><\/tr><tr><td class=\"has-text-align-center\" data-align=\"center\">Vacsora<\/td><td class=\"has-text-align-center\" data-align=\"center\">18:00 \u00f3ra<\/td><td class=\"has-text-align-center\" data-align=\"center\">s\u00fclt pisztr\u00e1ng\nburgonya (f\u0151tt)\nbrokkoli<\/td><td class=\"has-text-align-center\" data-align=\"center\">150 g\n200 g\n100 g<\/td><\/tr><tr><td class=\"has-text-align-center\" data-align=\"center\">P\u00f3tvacsora<\/td><td class=\"has-text-align-center\" data-align=\"center\">20:00 \u00f3ra<\/td><td class=\"has-text-align-center\" data-align=\"center\">pir\u00edt\u00f3s teljes ki\u0151rl\u00e9s\u0171 keny\u00e9rb\u0151l\nsonka\n30% zs\u00edrtartalm\u00fa sajt\nkokt\u00e9lparadicsom<\/td><td class=\"has-text-align-center\" data-align=\"center\">4 darab\n4 szelet\n3 szelet\n100 g<\/td><\/tr><\/tbody><\/table><\/figure>\n\n\n\n<div style=\"height:20px\" aria-hidden=\"true\" class=\"wp-block-spacer\"><\/div>\n\n\n\n<h3 class=\"wp-block-heading\">Milyen t\u00e1pl\u00e1l\u00e9kkieg\u00e9sz\u00edt\u0151ket lehet szedni az id\u0151szakos koplal\u00e1s alatt? <\/h3>\n\n\n\n<p>N\u00e9ha nem tudunk minden sz\u00fcks\u00e9ges t\u00e1panyaghoz hozz\u00e1jutni, ez\u00e9rt \u00e9rt\u00e9kelhetj\u00fck a t\u00e1pl\u00e1l\u00e9kkieg\u00e9sz\u00edt\u0151k seg\u00edts\u00e9g\u00e9t. Ezeket az id\u0151szakos b\u00f6jti \u00e9tkez\u00e9s alatt is lehet fogyasztani. De, hogy ezt j\u00f3l csin\u00e1ljuk, a <strong>t\u00e1pl\u00e1l\u00e9kbevitelre kijel\u00f6lt id\u0151s\u00e1vban kell bevenni \u0151ket.<\/strong> Milyen kieg\u00e9sz\u00edt\u0151k alkalmasak?<\/p>\n\n\n\n<div style=\"height:20px\" aria-hidden=\"true\" class=\"wp-block-spacer\"><\/div>\n\n\n\n<ul class=\"wp-block-list\">\n<li>A <strong><a href=\"https:\/\/gymbeam.hu\/tejsavo-feherje\" target=\"_blank\" aria-label=\"tejsav\u00f3feh\u00e9rje (opens in a new tab)\" rel=\"noreferrer noopener\" class=\"ek-link\">tejsav\u00f3feh\u00e9rje<\/a><\/strong> kiv\u00e1l\u00f3an alkalmas a feh\u00e9rje p\u00f3tl\u00e1s\u00e1ra, ha nem siker\u00fcl \u00e9lelmiszer form\u00e1j\u00e1ban elfogyasztani. A veg\u00e1nok vagy a tejterm\u00e9keket ker\u00fcl\u0151k sz\u00e1m\u00e1ra a <a href=\"https:\/\/gymbeam.hu\/novenyi-alapu-feherjek\" target=\"_blank\" aria-label=\"n\u00f6v\u00e9nyi alap\u00fa feh\u00e9rj\u00e9k (opens in a new tab)\" rel=\"noreferrer noopener\" class=\"ek-link\">n\u00f6v\u00e9nyi alap\u00fa feh\u00e9rj\u00e9k<\/a> nagyon j\u00f3k.<\/li>\n\n\n\n<li>A <strong><a href=\"https:\/\/gymbeam.hu\/tomegnovelok\" target=\"_blank\" aria-label=\"t\u00f6megn\u00f6vel\u0151ket (opens in a new tab)\" rel=\"noreferrer noopener\" class=\"ek-link\">t\u00f6megn\u00f6vel\u0151ket<\/a><\/strong> \u00e9rt\u00e9kelni fogod a s\u00falygyarapod\u00e1s sor\u00e1n, de akkor is, ha kal\u00f3ri\u00e1t \u00e9s sz\u00e9nhidr\u00e1tot kell p\u00f3tolni, de az \u00e9teladagok t\u00fal nagyok neked. Ebben az esetben egy olyan komplex t\u00e1panyagkever\u00e9k, mint a <a href=\"https:\/\/gymbeam.hu\/fuegain-gymbeam.html\" target=\"_blank\" aria-label=\"FueGain (opens in a new tab)\" rel=\"noreferrer noopener\" class=\"ek-link\">FueGain<\/a>, t\u00f6k\u00e9letes.<\/li>\n\n\n\n<li>A <strong><a href=\"https:\/\/gymbeam.hu\/rostok\" target=\"_blank\" aria-label=\"rost (opens in a new tab)\" rel=\"noreferrer noopener\" class=\"ek-link\">rost<\/a><\/strong> is j\u00f3l j\u00f6het, ha hi\u00e1nyzik az \u00e9trendb\u0151l.<\/li>\n\n\n\n<li>A <strong><a aria-label=\"vitaminok (opens in a new tab)\" href=\"https:\/\/gymbeam.hu\/vitaminok\" target=\"_blank\" rel=\"noreferrer noopener\" class=\"ek-link\">vitaminok<\/a>, <a href=\"https:\/\/gymbeam.hu\/asvanyi-anyagok\" target=\"_blank\" aria-label=\"\u00e1sv\u00e1nyi anyagok (opens in a new tab)\" rel=\"noreferrer noopener\" class=\"ek-link\">\u00e1sv\u00e1nyi anyagok<\/a><\/strong> \u00e9s az <strong><a href=\"https:\/\/gymbeam.hu\/omega-3-zsirsavak\" target=\"_blank\" aria-label=\"omega-3 zs\u00edrsavak (opens in a new tab)\" rel=\"noreferrer noopener\" class=\"ek-link\">omega-3 zs\u00edrsavak<\/a> <\/strong>szint\u00e9n seg\u00edthetnek az eg\u00e9szs\u00e9g\u00fcnk meg\u0151rz\u00e9s\u00e9ben.<\/li>\n\n\n\n<li>A t\u00e1pl\u00e1l\u00e9kkieg\u00e9sz\u00edt\u0151k is hozz\u00e1j\u00e1rulhatnak az id\u0151szakos b\u00f6jt m\u00e1r eml\u00edtett el\u0151nyeihez. Az \u00f6reged\u00e9sg\u00e1tl\u00f3 hat\u00e1st <a href=\"https:\/\/gymbeam.hu\/oregedes-ellen\" target=\"_blank\" aria-label=\"\u00f6reged\u00e9sg\u00e1tl\u00f3 (opens in a new tab)\" rel=\"noreferrer noopener\" class=\"ek-link\">\u00f6reged\u00e9sg\u00e1tl\u00f3<\/a> kieg\u00e9sz\u00edt\u0151kkel, az agyat vagy a koncentr\u00e1ci\u00f3t pedig a n\u00e9pszer\u0171 <a href=\"https:\/\/gymbeam.hu\/mentalis-teljesitmeny\" target=\"_blank\" aria-label=\"nootropikumokkal (opens in a new tab)\" rel=\"noreferrer noopener\" class=\"ek-link\">nootropikumokkal<\/a> lehet t\u00e1mogatni.<\/li>\n<\/ul>\n\n\n\n<div style=\"height:20px\" aria-hidden=\"true\" class=\"wp-block-spacer\"><\/div>\n\n\n\n<h3 class=\"wp-block-heading\">Szabad-e inni b\u00f6jt k\u00f6zben?<\/h3>\n\n\n\n<p>Nem <strong>kell ker\u00fclni<\/strong> a folyad\u00e9kbevitelt a b\u00f6jt ideje alatt. B\u00e1rmilyen <strong>kal\u00f3riamentes italt<\/strong>, p\u00e9ld\u00e1ul <strong>vizet,<\/strong> <strong>cukrozatlan te\u00e1t, tej \u00e9s cukor n\u00e9lk\u00fcli k\u00e1v\u00e9t<\/strong> vagy <a class=\"ek-link\" href=\"https:\/\/gymbeam.hu\/blog\/mesterseges-edesitok-mitoszok-es-tenyek-az-egeszsegre-gyakorolt-hatasukrol\/\" target=\"_blank\" rel=\"noreferrer noopener\" aria-label=\" (opens in a new tab)\">mesters\u00e9ges \u00e9des\u00edt\u0151szerekkel<\/a> \u00e9des\u00edtett italokat lehet fogyasztani. <strong>A cukorral \u00e9des\u00edtett italokat,<\/strong> <strong>tejet, gy\u00fcm\u00f6lcsleveket<\/strong> \u00e9s egy\u00e9b kal\u00f3riatartalm\u00fa italokat az \u00e9tkez\u00e9sre sz\u00e1nt id\u0151 alatt kell elfogyasztani.<\/p>\n\n\n\n<div style=\"height:20px\" aria-hidden=\"true\" class=\"wp-block-spacer\"><\/div>\n\n\n\n<h2 class=\"wp-block-heading\"><span class=\"ez-toc-section\" id=\"Mire_erdemes_emlekezni\"><\/span>Mire \u00e9rdemes eml\u00e9kezni?<span class=\"ez-toc-section-end\"><\/span><\/h2>\n\n\n\n<p>Az id\u0151szakos b\u00f6jt egy igen n\u00e9pszer\u0171 t\u00e1pl\u00e1lkoz\u00e1si m\u00f3d, k\u00fcl\u00f6n\u00f6sen a <strong>rugalmass\u00e1ga<\/strong> miatt. Lehet\u0151v\u00e9 teszi, hogy kisebb adagokat egy\u00fcnk napk\u00f6zben, ami szint\u00e9n el\u0151ny\u00f6snek bizonyul a <strong>fogy\u00e1s<\/strong> vagy az <strong>\u00e9hs\u00e9g\u00e9rzet kontroll\u00e1l\u00e1sa<\/strong> szempontj\u00e1b\u00f3l. Ez\u00e1ltal m\u00e1s eg\u00e9szs\u00e9g\u00fcgyi el\u0151nyei is vannak, p\u00e9ld\u00e1ul pozit\u00edv hat\u00e1ssal van a<strong> sz\u00edvre<\/strong> vagy az <strong>agyra.<\/strong> Ha \u00fagy d\u00f6ntesz, hogy ez az \u00e9tkez\u00e9si m\u00f3d megfelel\u0151 lehet sz\u00e1modra, akkor v\u00e1laszd a helyes utat. Ne feledkezz meg az energiad\u00fas \u00e9s sok t\u00e1panyagot tartalmaz\u00f3, j\u00f3l \u00f6ssze\u00e1ll\u00edtott \u00e9trendr\u0151l sem.<\/p>\n\n\n\n<div style=\"height:20px\" aria-hidden=\"true\" class=\"wp-block-spacer\"><\/div>\n\n\n\n<p>\u00c9rdekesnek tal\u00e1ltad a mai cikket? Ha tetszett, k\u00e9r\u00fcnk oszd meg ismer\u0151seiddel \u00e9s hozz\u00e1tartoz\u00f3iddal.<\/p>\n\n\n\n<div class=\"wp-block-columns is-layout-flex wp-container-core-columns-is-layout-9d6595d7 wp-block-columns-is-layout-flex\">\n<div class=\"wp-block-column is-layout-flow wp-block-column-is-layout-flow\"><a href=\"https:\/\/gymbeam.com\/healthy-food\" target=\"_blank\" class=\"category-button\">\n\t<span class=\"label\">\n\t\tEg\u00e9szs\u00e9ges \u00e9lelmiszerek\t<\/span>\n\t<svg class=\"icon-cart\" focusable=\"false\">\n\t\t<use xlink:href=\"#icon-cart\"><\/use>\n\t<\/svg>\n<\/a><\/div>\n\n\n\n<div class=\"wp-block-column is-layout-flow wp-block-column-is-layout-flow\"><a href=\"https:\/\/gymbeam.com\/protein-for-weight-loss\" target=\"_blank\" class=\"category-button\">\n\t<span class=\"label\">\n\t\tTests\u00faly cs\u00f6kkent\u00e9s\t<\/span>\n\t<svg class=\"icon-cart\" focusable=\"false\">\n\t\t<use xlink:href=\"#icon-cart\"><\/use>\n\t<\/svg>\n<\/a><\/div>\n<\/div>\n","protected":false},"excerpt":{"rendered":"<p>Az id\u0151szakos b\u00f6jt egy rugalmas \u00e9tkez\u00e9si m\u00f3d, amely seg\u00edthet a fogy\u00e1sban \u00e9s sokminden m\u00e1sban is. Hogy milyen eg\u00e9szs\u00e9g\u00fcgyi el\u0151nyei vannak, kinek alkalmas, \u00e9s hogyan kezdj\u00fcnk hozz\u00e1, mindez kider\u00fcl a mai cikkb\u0151l.<\/p>\n","protected":false},"author":156,"featured_media":520304,"comment_status":"open","ping_status":"closed","sticky":false,"template":"","format":"standard","meta":{"_acf_changed":false,"_editorskit_title_hidden":false,"_editorskit_reading_time":0,"_editorskit_is_block_options_detached":false,"_editorskit_block_options_position":"{}","footnotes":""},"categories":[94],"tags":[7626,7638,6672,7356,6372],"filter_section":[],"filter_attribute":[],"class_list":{"0":"post-524288","1":"post","2":"type-post","3":"status-publish","4":"format-standard","5":"has-post-thumbnail","7":"category-tanacsok-es-tippek","8":"tag-egeszseg","9":"tag-egeszseges-eletmod","10":"tag-etrend","11":"tag-etrend-hu","12":"tag-fogyas","13":"h-entry","14":"hentry"},"acf":[],"yoast_head":"<!-- This site is optimized with the Yoast SEO plugin v24.4 - https:\/\/yoast.com\/wordpress\/plugins\/seo\/ -->\n<title>Id\u0151szakos b\u00f6jt: Milyen hat\u00e1ssal van az eg\u00e9szs\u00e9gre, a fogy\u00e1sra vagy a sportteljes\u00edtm\u00e9nyre, \u00e9s kiknek aj\u00e1nlott? - GymBeam Blog<\/title>\n<meta name=\"description\" content=\"Az id\u0151szakos b\u00f6jt seg\u00edt a fogy\u00e1sban, az \u00e9hs\u00e9g\u00e9rzet szab\u00e1lyoz\u00e1s\u00e1ban \u00e9s a koncentr\u00e1ci\u00f3 jav\u00edt\u00e1s\u00e1ban. Hogyan n\u00e9z ki a 16\/8-as di\u00e9ta, \u00e9s hogyan kezdj hozz\u00e1?\" \/>\n<meta name=\"robots\" content=\"index, follow, max-snippet:-1, max-image-preview:large, max-video-preview:-1\" \/>\n<link rel=\"canonical\" href=\"https:\/\/gymbeam.com\/blog\/az-idoszakos-bojtoles-a-siker-kulcsa\/\" \/>\n<meta property=\"og:type\" content=\"article\" \/>\n<meta property=\"og:title\" content=\"Id\u0151szakos b\u00f6jt: Milyen hat\u00e1ssal van az eg\u00e9szs\u00e9gre, a fogy\u00e1sra vagy a sportteljes\u00edtm\u00e9nyre, \u00e9s kiknek aj\u00e1nlott? - GymBeam Blog\" \/>\n<meta property=\"og:description\" content=\"Az id\u0151szakos b\u00f6jt seg\u00edt a fogy\u00e1sban, az \u00e9hs\u00e9g\u00e9rzet szab\u00e1lyoz\u00e1s\u00e1ban \u00e9s a koncentr\u00e1ci\u00f3 jav\u00edt\u00e1s\u00e1ban. Hogyan n\u00e9z ki a 16\/8-as di\u00e9ta, \u00e9s hogyan kezdj hozz\u00e1?\" \/>\n<meta property=\"og:url\" content=\"https:\/\/gymbeam.hu\/blog\/az-idoszakos-bojtoles-a-siker-kulcsa\/\" \/>\n<meta property=\"og:site_name\" content=\"GymBeam Blog\" \/>\n<meta property=\"article:published_time\" content=\"2024-02-01T11:41:45+00:00\" \/>\n<meta property=\"article:modified_time\" content=\"2024-02-01T11:41:46+00:00\" \/>\n<meta property=\"og:image\" content=\"https:\/\/gymbeam.com\/blog\/wp-content\/uploads\/2024\/01\/IF-1.jpg\" \/>\n\t<meta property=\"og:image:width\" content=\"1200\" \/>\n\t<meta property=\"og:image:height\" content=\"628\" \/>\n\t<meta property=\"og:image:type\" content=\"image\/jpeg\" \/>\n<meta name=\"author\" content=\"Zuzana G\u00e1likov\u00e1\" \/>\n<meta name=\"twitter:card\" content=\"summary_large_image\" \/>\n<meta name=\"twitter:label1\" content=\"Written by\" \/>\n\t<meta name=\"twitter:data1\" content=\"Zuzana G\u00e1likov\u00e1\" \/>\n\t<meta name=\"twitter:label2\" content=\"Estimated reading time\" \/>\n\t<meta name=\"twitter:data2\" content=\"34 minutes\" \/>\n<script type=\"application\/ld+json\" class=\"yoast-schema-graph\">{\"@context\":\"https:\/\/schema.org\",\"@graph\":[{\"@type\":\"Article\",\"@id\":\"https:\/\/gymbeam.hu\/blog\/az-idoszakos-bojtoles-a-siker-kulcsa\/#article\",\"isPartOf\":{\"@id\":\"https:\/\/gymbeam.hu\/blog\/az-idoszakos-bojtoles-a-siker-kulcsa\/\"},\"author\":{\"name\":\"Zuzana G\u00e1likov\u00e1\",\"@id\":\"https:\/\/gymbeam.com\/blog\/#\/schema\/person\/9cab6e2b2ea37df482f20f8432c95702\"},\"headline\":\"Id\u0151szakos b\u00f6jt: Milyen hat\u00e1ssal van az eg\u00e9szs\u00e9gre, a fogy\u00e1sra vagy a sportteljes\u00edtm\u00e9nyre, \u00e9s kiknek aj\u00e1nlott?\",\"datePublished\":\"2024-02-01T11:41:45+00:00\",\"dateModified\":\"2024-02-01T11:41:46+00:00\",\"mainEntityOfPage\":{\"@id\":\"https:\/\/gymbeam.hu\/blog\/az-idoszakos-bojtoles-a-siker-kulcsa\/\"},\"wordCount\":6748,\"commentCount\":5,\"publisher\":{\"@id\":\"https:\/\/gymbeam.com\/blog\/#organization\"},\"image\":{\"@id\":\"https:\/\/gymbeam.hu\/blog\/az-idoszakos-bojtoles-a-siker-kulcsa\/#primaryimage\"},\"thumbnailUrl\":\"https:\/\/gymbeam.com\/blog\/wp-content\/uploads\/2024\/01\/IF-1.jpg\",\"keywords\":[\"eg\u00e9szs\u00e9g\",\"eg\u00e9szs\u00e9ges \u00e9letm\u00f3d\",\"\u00e9trend\",\"\u00e9trend\",\"fogy\u00e1s\"],\"articleSection\":[\"Di\u00e9ta \u00e9s eg\u00e9szs\u00e9ges \u00e9letm\u00f3d\"],\"inLanguage\":\"en-GB\",\"potentialAction\":[{\"@type\":\"CommentAction\",\"name\":\"Comment\",\"target\":[\"https:\/\/gymbeam.hu\/blog\/az-idoszakos-bojtoles-a-siker-kulcsa\/#respond\"]}]},{\"@type\":\"WebPage\",\"@id\":\"https:\/\/gymbeam.hu\/blog\/az-idoszakos-bojtoles-a-siker-kulcsa\/\",\"url\":\"https:\/\/gymbeam.hu\/blog\/az-idoszakos-bojtoles-a-siker-kulcsa\/\",\"name\":\"Id\u0151szakos b\u00f6jt: Milyen hat\u00e1ssal van az eg\u00e9szs\u00e9gre, a fogy\u00e1sra vagy a sportteljes\u00edtm\u00e9nyre, \u00e9s kiknek aj\u00e1nlott? - GymBeam Blog\",\"isPartOf\":{\"@id\":\"https:\/\/gymbeam.com\/blog\/#website\"},\"primaryImageOfPage\":{\"@id\":\"https:\/\/gymbeam.hu\/blog\/az-idoszakos-bojtoles-a-siker-kulcsa\/#primaryimage\"},\"image\":{\"@id\":\"https:\/\/gymbeam.hu\/blog\/az-idoszakos-bojtoles-a-siker-kulcsa\/#primaryimage\"},\"thumbnailUrl\":\"https:\/\/gymbeam.com\/blog\/wp-content\/uploads\/2024\/01\/IF-1.jpg\",\"datePublished\":\"2024-02-01T11:41:45+00:00\",\"dateModified\":\"2024-02-01T11:41:46+00:00\",\"description\":\"Az id\u0151szakos b\u00f6jt seg\u00edt a fogy\u00e1sban, az \u00e9hs\u00e9g\u00e9rzet szab\u00e1lyoz\u00e1s\u00e1ban \u00e9s a koncentr\u00e1ci\u00f3 jav\u00edt\u00e1s\u00e1ban. Hogyan n\u00e9z ki a 16\/8-as di\u00e9ta, \u00e9s hogyan kezdj hozz\u00e1?\",\"breadcrumb\":{\"@id\":\"https:\/\/gymbeam.hu\/blog\/az-idoszakos-bojtoles-a-siker-kulcsa\/#breadcrumb\"},\"inLanguage\":\"en-GB\",\"potentialAction\":[{\"@type\":\"ReadAction\",\"target\":[\"https:\/\/gymbeam.hu\/blog\/az-idoszakos-bojtoles-a-siker-kulcsa\/\"]}]},{\"@type\":\"ImageObject\",\"inLanguage\":\"en-GB\",\"@id\":\"https:\/\/gymbeam.hu\/blog\/az-idoszakos-bojtoles-a-siker-kulcsa\/#primaryimage\",\"url\":\"https:\/\/gymbeam.com\/blog\/wp-content\/uploads\/2024\/01\/IF-1.jpg\",\"contentUrl\":\"https:\/\/gymbeam.com\/blog\/wp-content\/uploads\/2024\/01\/IF-1.jpg\",\"width\":1200,\"height\":628,\"caption\":\"Preru\u0161ovan\u00fd p\u00f4st: Vplyv na zdravie, chudnutie, \u0161portov\u00fd v\u00fdkon a pre koho je vhodn\u00fd\"},{\"@type\":\"BreadcrumbList\",\"@id\":\"https:\/\/gymbeam.hu\/blog\/az-idoszakos-bojtoles-a-siker-kulcsa\/#breadcrumb\",\"itemListElement\":[{\"@type\":\"ListItem\",\"position\":1,\"name\":\"Home\",\"item\":\"https:\/\/gymbeam.com\/blog\/\"},{\"@type\":\"ListItem\",\"position\":2,\"name\":\"Id\u0151szakos b\u00f6jt: Milyen hat\u00e1ssal van az eg\u00e9szs\u00e9gre, a fogy\u00e1sra vagy a sportteljes\u00edtm\u00e9nyre, \u00e9s kiknek aj\u00e1nlott?\"}]},{\"@type\":\"WebSite\",\"@id\":\"https:\/\/gymbeam.com\/blog\/#website\",\"url\":\"https:\/\/gymbeam.com\/blog\/\",\"name\":\"GymBeam Blog\",\"description\":\"Najnov\u0161ie inform\u00e1cie zo sveta fitness\",\"publisher\":{\"@id\":\"https:\/\/gymbeam.com\/blog\/#organization\"},\"potentialAction\":[{\"@type\":\"SearchAction\",\"target\":{\"@type\":\"EntryPoint\",\"urlTemplate\":\"https:\/\/gymbeam.com\/blog\/?s={search_term_string}\"},\"query-input\":{\"@type\":\"PropertyValueSpecification\",\"valueRequired\":true,\"valueName\":\"search_term_string\"}}],\"inLanguage\":\"en-GB\"},{\"@type\":\"Organization\",\"@id\":\"https:\/\/gymbeam.com\/blog\/#organization\",\"name\":\"GymBeam\",\"url\":\"https:\/\/gymbeam.com\/blog\/\",\"logo\":{\"@type\":\"ImageObject\",\"inLanguage\":\"en-GB\",\"@id\":\"https:\/\/gymbeam.com\/blog\/#\/schema\/logo\/image\/\",\"url\":\"https:\/\/gymbeam.com\/blog\/wp-content\/uploads\/2020\/06\/GymBeam-logo.png\",\"contentUrl\":\"https:\/\/gymbeam.com\/blog\/wp-content\/uploads\/2020\/06\/GymBeam-logo.png\",\"width\":266,\"height\":75,\"caption\":\"GymBeam\"},\"image\":{\"@id\":\"https:\/\/gymbeam.com\/blog\/#\/schema\/logo\/image\/\"}},{\"@type\":\"Person\",\"@id\":\"https:\/\/gymbeam.com\/blog\/#\/schema\/person\/9cab6e2b2ea37df482f20f8432c95702\",\"name\":\"Zuzana G\u00e1likov\u00e1\",\"image\":{\"@type\":\"ImageObject\",\"inLanguage\":\"en-GB\",\"@id\":\"https:\/\/gymbeam.com\/blog\/#\/schema\/person\/image\/\",\"url\":\"https:\/\/gymbeam.sk\/blog\/wp-content\/uploads\/2026\/03\/T49U9MT0R-U03K3PCTJGG-04f882093255-512-96x96.jpg\",\"contentUrl\":\"https:\/\/gymbeam.sk\/blog\/wp-content\/uploads\/2026\/03\/T49U9MT0R-U03K3PCTJGG-04f882093255-512-96x96.jpg\",\"caption\":\"Zuzana G\u00e1likov\u00e1\"},\"description\":\"Zuzana G\u00e1likov\u00e1 is a nutrition specialist and an expert editor for GymBeam Magazine with over 10 years of experience. She earned her Master's degree in the field of Nutritional Specialist at the Faculty of Medicine of Masaryk University (one of the largest and most prestigious universities in Central Europe). Throughout her career, she has gained valuable clinical experience, including three years working in a hospital outpatient clinic focusing on the treatment of diabetes and obesity. She also brought a wealth of experience in creating expert content to the GymBeam editorial team, a field she has been working in since 2018 for leading Central European health and fitness platforms. She closely specialises in clinical and preventive nutrition. In her practice and articles, she applies a strict evidence-based approach (Evidence-Based Medicine) and relies exclusively on scientific studies from internationally recognised databases such as PubMed and ScienceDirect. She actively combines her expert theoretical knowledge with practice in her free time, engaging in CrossFit, strength training, running, and mountain hiking.\",\"url\":\"https:\/\/gymbeam.com\/blog\/author\/zuzana-galikova\/\"}]}<\/script>\n<!-- \/ Yoast SEO plugin. -->","yoast_head_json":{"title":"Id\u0151szakos b\u00f6jt: Milyen hat\u00e1ssal van az eg\u00e9szs\u00e9gre, a fogy\u00e1sra vagy a sportteljes\u00edtm\u00e9nyre, \u00e9s kiknek aj\u00e1nlott? - GymBeam Blog","description":"Az id\u0151szakos b\u00f6jt seg\u00edt a fogy\u00e1sban, az \u00e9hs\u00e9g\u00e9rzet szab\u00e1lyoz\u00e1s\u00e1ban \u00e9s a koncentr\u00e1ci\u00f3 jav\u00edt\u00e1s\u00e1ban. Hogyan n\u00e9z ki a 16\/8-as di\u00e9ta, \u00e9s hogyan kezdj hozz\u00e1?","robots":{"index":"index","follow":"follow","max-snippet":"max-snippet:-1","max-image-preview":"max-image-preview:large","max-video-preview":"max-video-preview:-1"},"canonical":"https:\/\/gymbeam.com\/blog\/az-idoszakos-bojtoles-a-siker-kulcsa\/","og_type":"article","og_title":"Id\u0151szakos b\u00f6jt: Milyen hat\u00e1ssal van az eg\u00e9szs\u00e9gre, a fogy\u00e1sra vagy a sportteljes\u00edtm\u00e9nyre, \u00e9s kiknek aj\u00e1nlott? - GymBeam Blog","og_description":"Az id\u0151szakos b\u00f6jt seg\u00edt a fogy\u00e1sban, az \u00e9hs\u00e9g\u00e9rzet szab\u00e1lyoz\u00e1s\u00e1ban \u00e9s a koncentr\u00e1ci\u00f3 jav\u00edt\u00e1s\u00e1ban. Hogyan n\u00e9z ki a 16\/8-as di\u00e9ta, \u00e9s hogyan kezdj hozz\u00e1?","og_url":"https:\/\/gymbeam.hu\/blog\/az-idoszakos-bojtoles-a-siker-kulcsa\/","og_site_name":"GymBeam Blog","article_published_time":"2024-02-01T11:41:45+00:00","article_modified_time":"2024-02-01T11:41:46+00:00","og_image":[{"width":1200,"height":628,"url":"https:\/\/gymbeam.com\/blog\/wp-content\/uploads\/2024\/01\/IF-1.jpg","type":"image\/jpeg"}],"author":"Zuzana G\u00e1likov\u00e1","twitter_card":"summary_large_image","twitter_misc":{"Written by":"Zuzana G\u00e1likov\u00e1","Estimated reading time":"34 minutes"},"schema":{"@context":"https:\/\/schema.org","@graph":[{"@type":"Article","@id":"https:\/\/gymbeam.hu\/blog\/az-idoszakos-bojtoles-a-siker-kulcsa\/#article","isPartOf":{"@id":"https:\/\/gymbeam.hu\/blog\/az-idoszakos-bojtoles-a-siker-kulcsa\/"},"author":{"name":"Zuzana G\u00e1likov\u00e1","@id":"https:\/\/gymbeam.com\/blog\/#\/schema\/person\/9cab6e2b2ea37df482f20f8432c95702"},"headline":"Id\u0151szakos b\u00f6jt: Milyen hat\u00e1ssal van az eg\u00e9szs\u00e9gre, a fogy\u00e1sra vagy a sportteljes\u00edtm\u00e9nyre, \u00e9s kiknek aj\u00e1nlott?","datePublished":"2024-02-01T11:41:45+00:00","dateModified":"2024-02-01T11:41:46+00:00","mainEntityOfPage":{"@id":"https:\/\/gymbeam.hu\/blog\/az-idoszakos-bojtoles-a-siker-kulcsa\/"},"wordCount":6748,"commentCount":5,"publisher":{"@id":"https:\/\/gymbeam.com\/blog\/#organization"},"image":{"@id":"https:\/\/gymbeam.hu\/blog\/az-idoszakos-bojtoles-a-siker-kulcsa\/#primaryimage"},"thumbnailUrl":"https:\/\/gymbeam.com\/blog\/wp-content\/uploads\/2024\/01\/IF-1.jpg","keywords":["eg\u00e9szs\u00e9g","eg\u00e9szs\u00e9ges \u00e9letm\u00f3d","\u00e9trend","\u00e9trend","fogy\u00e1s"],"articleSection":["Di\u00e9ta \u00e9s eg\u00e9szs\u00e9ges \u00e9letm\u00f3d"],"inLanguage":"en-GB","potentialAction":[{"@type":"CommentAction","name":"Comment","target":["https:\/\/gymbeam.hu\/blog\/az-idoszakos-bojtoles-a-siker-kulcsa\/#respond"]}]},{"@type":"WebPage","@id":"https:\/\/gymbeam.hu\/blog\/az-idoszakos-bojtoles-a-siker-kulcsa\/","url":"https:\/\/gymbeam.hu\/blog\/az-idoszakos-bojtoles-a-siker-kulcsa\/","name":"Id\u0151szakos b\u00f6jt: Milyen hat\u00e1ssal van az eg\u00e9szs\u00e9gre, a fogy\u00e1sra vagy a sportteljes\u00edtm\u00e9nyre, \u00e9s kiknek aj\u00e1nlott? - GymBeam Blog","isPartOf":{"@id":"https:\/\/gymbeam.com\/blog\/#website"},"primaryImageOfPage":{"@id":"https:\/\/gymbeam.hu\/blog\/az-idoszakos-bojtoles-a-siker-kulcsa\/#primaryimage"},"image":{"@id":"https:\/\/gymbeam.hu\/blog\/az-idoszakos-bojtoles-a-siker-kulcsa\/#primaryimage"},"thumbnailUrl":"https:\/\/gymbeam.com\/blog\/wp-content\/uploads\/2024\/01\/IF-1.jpg","datePublished":"2024-02-01T11:41:45+00:00","dateModified":"2024-02-01T11:41:46+00:00","description":"Az id\u0151szakos b\u00f6jt seg\u00edt a fogy\u00e1sban, az \u00e9hs\u00e9g\u00e9rzet szab\u00e1lyoz\u00e1s\u00e1ban \u00e9s a koncentr\u00e1ci\u00f3 jav\u00edt\u00e1s\u00e1ban. Hogyan n\u00e9z ki a 16\/8-as di\u00e9ta, \u00e9s hogyan kezdj hozz\u00e1?","breadcrumb":{"@id":"https:\/\/gymbeam.hu\/blog\/az-idoszakos-bojtoles-a-siker-kulcsa\/#breadcrumb"},"inLanguage":"en-GB","potentialAction":[{"@type":"ReadAction","target":["https:\/\/gymbeam.hu\/blog\/az-idoszakos-bojtoles-a-siker-kulcsa\/"]}]},{"@type":"ImageObject","inLanguage":"en-GB","@id":"https:\/\/gymbeam.hu\/blog\/az-idoszakos-bojtoles-a-siker-kulcsa\/#primaryimage","url":"https:\/\/gymbeam.com\/blog\/wp-content\/uploads\/2024\/01\/IF-1.jpg","contentUrl":"https:\/\/gymbeam.com\/blog\/wp-content\/uploads\/2024\/01\/IF-1.jpg","width":1200,"height":628,"caption":"Preru\u0161ovan\u00fd p\u00f4st: Vplyv na zdravie, chudnutie, \u0161portov\u00fd v\u00fdkon a pre koho je vhodn\u00fd"},{"@type":"BreadcrumbList","@id":"https:\/\/gymbeam.hu\/blog\/az-idoszakos-bojtoles-a-siker-kulcsa\/#breadcrumb","itemListElement":[{"@type":"ListItem","position":1,"name":"Home","item":"https:\/\/gymbeam.com\/blog\/"},{"@type":"ListItem","position":2,"name":"Id\u0151szakos b\u00f6jt: Milyen hat\u00e1ssal van az eg\u00e9szs\u00e9gre, a fogy\u00e1sra vagy a sportteljes\u00edtm\u00e9nyre, \u00e9s kiknek aj\u00e1nlott?"}]},{"@type":"WebSite","@id":"https:\/\/gymbeam.com\/blog\/#website","url":"https:\/\/gymbeam.com\/blog\/","name":"GymBeam Blog","description":"Najnov\u0161ie inform\u00e1cie zo sveta fitness","publisher":{"@id":"https:\/\/gymbeam.com\/blog\/#organization"},"potentialAction":[{"@type":"SearchAction","target":{"@type":"EntryPoint","urlTemplate":"https:\/\/gymbeam.com\/blog\/?s={search_term_string}"},"query-input":{"@type":"PropertyValueSpecification","valueRequired":true,"valueName":"search_term_string"}}],"inLanguage":"en-GB"},{"@type":"Organization","@id":"https:\/\/gymbeam.com\/blog\/#organization","name":"GymBeam","url":"https:\/\/gymbeam.com\/blog\/","logo":{"@type":"ImageObject","inLanguage":"en-GB","@id":"https:\/\/gymbeam.com\/blog\/#\/schema\/logo\/image\/","url":"https:\/\/gymbeam.com\/blog\/wp-content\/uploads\/2020\/06\/GymBeam-logo.png","contentUrl":"https:\/\/gymbeam.com\/blog\/wp-content\/uploads\/2020\/06\/GymBeam-logo.png","width":266,"height":75,"caption":"GymBeam"},"image":{"@id":"https:\/\/gymbeam.com\/blog\/#\/schema\/logo\/image\/"}},{"@type":"Person","@id":"https:\/\/gymbeam.com\/blog\/#\/schema\/person\/9cab6e2b2ea37df482f20f8432c95702","name":"Zuzana G\u00e1likov\u00e1","image":{"@type":"ImageObject","inLanguage":"en-GB","@id":"https:\/\/gymbeam.com\/blog\/#\/schema\/person\/image\/","url":"https:\/\/gymbeam.sk\/blog\/wp-content\/uploads\/2026\/03\/T49U9MT0R-U03K3PCTJGG-04f882093255-512-96x96.jpg","contentUrl":"https:\/\/gymbeam.sk\/blog\/wp-content\/uploads\/2026\/03\/T49U9MT0R-U03K3PCTJGG-04f882093255-512-96x96.jpg","caption":"Zuzana G\u00e1likov\u00e1"},"description":"Zuzana G\u00e1likov\u00e1 is a nutrition specialist and an expert editor for GymBeam Magazine with over 10 years of experience. She earned her Master's degree in the field of Nutritional Specialist at the Faculty of Medicine of Masaryk University (one of the largest and most prestigious universities in Central Europe). Throughout her career, she has gained valuable clinical experience, including three years working in a hospital outpatient clinic focusing on the treatment of diabetes and obesity. She also brought a wealth of experience in creating expert content to the GymBeam editorial team, a field she has been working in since 2018 for leading Central European health and fitness platforms. She closely specialises in clinical and preventive nutrition. In her practice and articles, she applies a strict evidence-based approach (Evidence-Based Medicine) and relies exclusively on scientific studies from internationally recognised databases such as PubMed and ScienceDirect. She actively combines her expert theoretical knowledge with practice in her free time, engaging in CrossFit, strength training, running, and mountain hiking.","url":"https:\/\/gymbeam.com\/blog\/author\/zuzana-galikova\/"}]}},"_links":{"self":[{"href":"https:\/\/gymbeam.com\/blog\/wp-json\/wp\/v2\/posts\/524288","targetHints":{"allow":["GET"]}}],"collection":[{"href":"https:\/\/gymbeam.com\/blog\/wp-json\/wp\/v2\/posts"}],"about":[{"href":"https:\/\/gymbeam.com\/blog\/wp-json\/wp\/v2\/types\/post"}],"author":[{"embeddable":true,"href":"https:\/\/gymbeam.com\/blog\/wp-json\/wp\/v2\/users\/156"}],"replies":[{"embeddable":true,"href":"https:\/\/gymbeam.com\/blog\/wp-json\/wp\/v2\/comments?post=524288"}],"version-history":[{"count":2,"href":"https:\/\/gymbeam.com\/blog\/wp-json\/wp\/v2\/posts\/524288\/revisions"}],"predecessor-version":[{"id":524308,"href":"https:\/\/gymbeam.com\/blog\/wp-json\/wp\/v2\/posts\/524288\/revisions\/524308"}],"wp:featuredmedia":[{"embeddable":true,"href":"https:\/\/gymbeam.com\/blog\/wp-json\/wp\/v2\/media\/520304"}],"wp:attachment":[{"href":"https:\/\/gymbeam.com\/blog\/wp-json\/wp\/v2\/media?parent=524288"}],"wp:term":[{"taxonomy":"category","embeddable":true,"href":"https:\/\/gymbeam.com\/blog\/wp-json\/wp\/v2\/categories?post=524288"},{"taxonomy":"post_tag","embeddable":true,"href":"https:\/\/gymbeam.com\/blog\/wp-json\/wp\/v2\/tags?post=524288"},{"taxonomy":"filter_section","embeddable":true,"href":"https:\/\/gymbeam.com\/blog\/wp-json\/wp\/v2\/filter_section?post=524288"},{"taxonomy":"filter_attribute","embeddable":true,"href":"https:\/\/gymbeam.com\/blog\/wp-json\/wp\/v2\/filter_attribute?post=524288"}],"curies":[{"name":"wp","href":"https:\/\/api.w.org\/{rel}","templated":true}]}}