{"id":392195,"date":"2022-09-15T11:47:11","date_gmt":"2022-09-15T09:47:11","guid":{"rendered":"https:\/\/gymbeam.com\/blog\/?p=392195"},"modified":"2024-05-29T13:53:55","modified_gmt":"2024-05-29T11:53:55","slug":"koffeinfogyasztas-edzes-elott-funkciok-elonyok-kockazatok-es-adagolas","status":"publish","type":"post","link":"https:\/\/gymbeam.hu\/blog\/koffeinfogyasztas-edzes-elott-funkciok-elonyok-kockazatok-es-adagolas\/","title":{"rendered":"Koffeinfogyaszt\u00e1s edz\u00e9s el\u0151tt: Funkci\u00f3k, el\u0151ny\u00f6k, kock\u00e1zatok \u00e9s adagol\u00e1s"},"content":{"rendered":"<div id=\"ez-toc-container\" class=\"ez-toc-v2_0_72 ez-toc-wrap-left counter-hierarchy ez-toc-counter ez-toc-custom ez-toc-container-direction\">\n<div class=\"ez-toc-title-container\">\n<p class=\"ez-toc-title\" style=\"cursor:inherit\">Table of Contents<\/p>\n<span class=\"ez-toc-title-toggle\"><\/span><\/div>\n<nav><ul class='ez-toc-list ez-toc-list-level-1 ' ><li class='ez-toc-page-1 ez-toc-heading-level-2'><a class=\"ez-toc-link ez-toc-heading-1\" href=\"https:\/\/gymbeam.hu\/blog\/koffeinfogyasztas-edzes-elott-funkciok-elonyok-kockazatok-es-adagolas\/#Mi_tartalmaz_koffeint\" title=\"Mi tartalmaz koffeint?\">Mi tartalmaz koffeint?<\/a><\/li><li class='ez-toc-page-1 ez-toc-heading-level-2'><a class=\"ez-toc-link ez-toc-heading-2\" href=\"https:\/\/gymbeam.hu\/blog\/koffeinfogyasztas-edzes-elott-funkciok-elonyok-kockazatok-es-adagolas\/#Milyen_hatassal_van_a_koffein_a_szervezetre\" title=\"Milyen hat\u00e1ssal van a koffein a szervezetre?\">Milyen hat\u00e1ssal van a koffein a szervezetre?<\/a><\/li><li class='ez-toc-page-1 ez-toc-heading-level-2'><a class=\"ez-toc-link ez-toc-heading-3\" href=\"https:\/\/gymbeam.hu\/blog\/koffeinfogyasztas-edzes-elott-funkciok-elonyok-kockazatok-es-adagolas\/#Az_edzes_elotti_koffeinfogyasztas_5_elonye\" title=\"Az edz\u00e9s el\u0151tti koffeinfogyaszt\u00e1s 5 el\u0151nye\">Az edz\u00e9s el\u0151tti koffeinfogyaszt\u00e1s 5 el\u0151nye<\/a><\/li><li class='ez-toc-page-1 ez-toc-heading-level-2'><a class=\"ez-toc-link ez-toc-heading-4\" href=\"https:\/\/gymbeam.hu\/blog\/koffeinfogyasztas-edzes-elott-funkciok-elonyok-kockazatok-es-adagolas\/#A_koffein_edzes_elotti_fogyasztasanak_5_hatranya\" title=\"A koffein edz\u00e9s el\u0151tti fogyaszt\u00e1s\u00e1nak 5 h\u00e1tr\u00e1nya\">A koffein edz\u00e9s el\u0151tti fogyaszt\u00e1s\u00e1nak 5 h\u00e1tr\u00e1nya<\/a><\/li><li class='ez-toc-page-1 ez-toc-heading-level-2'><a class=\"ez-toc-link ez-toc-heading-5\" href=\"https:\/\/gymbeam.hu\/blog\/koffeinfogyasztas-edzes-elott-funkciok-elonyok-kockazatok-es-adagolas\/#Ajanlott_koffeinmennyiseg\" title=\"Aj\u00e1nlott koffeinmennyis\u00e9g\">Aj\u00e1nlott koffeinmennyis\u00e9g<\/a><\/li><li class='ez-toc-page-1 ez-toc-heading-level-2'><a class=\"ez-toc-link ez-toc-heading-6\" href=\"https:\/\/gymbeam.hu\/blog\/koffeinfogyasztas-edzes-elott-funkciok-elonyok-kockazatok-es-adagolas\/#Mire_erdemes_emlekezned\" title=\"Mire \u00e9rdemes eml\u00e9kezned?\">Mire \u00e9rdemes eml\u00e9kezned?<\/a><\/li><\/ul><\/nav><\/div>\n\n<p>A koffein val\u00f3sz\u00edn\u0171leg a vil\u00e1gszerte legsz\u00e9lesebb k\u00f6rben haszn\u00e1lt stimul\u00e1ns. Frissen f\u0151z\u00f6tt k\u00e1v\u00e9, tea vagy \u00e9trend-kieg\u00e9sz\u00edt\u0151k form\u00e1j\u00e1ban, reggel \u00e9s napk\u00f6zben is j\u00f3l esik, s\u0151t sokan edz\u00e9s el\u0151tt is sz\u00edvesen fogyasztj\u00e1k. Nemcsak kedvet csin\u00e1l, hanem sz\u00e1mos m\u00e1s el\u0151nye is van, p\u00e9ld\u00e1ul <strong>t\u00e1mogatja<\/strong> a <strong>sportteljes\u00edtm\u00e9nyt \u00e9s seg\u00edt a fogy\u00e1sban.<\/strong> Csak azt ne feledd, hogy a koffein nagy seg\u00edts\u00e9g, de \u00e1rthat is. Mer\u00fclnek fel olyan kock\u00e1zatok, amelyek negat\u00edvan befoly\u00e1solhatj\u00e1k a teljes\u00edtm\u00e9nyt \u00e9s az eg\u00e9szs\u00e9get. Ez\u00e9rt fontos, hogy figyelemmel k\u00eds\u00e9rj\u00fck a koffeinbevitelt, \u00e9s megismerj\u00fck a helyes haszn\u00e1lat\u00e1t.<\/p>\n\n\n\n<div style=\"height:20px\" aria-hidden=\"true\" class=\"wp-block-spacer\"><\/div>\n\n\n\n<h2 class=\"wp-block-heading\"><span class=\"ez-toc-section\" id=\"Mi_tartalmaz_koffeint\"><\/span>Mi tartalmaz koffeint?<span class=\"ez-toc-section-end\"><\/span><\/h2>\n\n\n\n<p>A koffein legismertebb term\u00e9szetes forr\u00e1sa k\u00e9ts\u00e9gtelen\u00fcl a <a aria-label=\" (opens in a new tab)\" href=\"https:\/\/gymbeam.hu\/brazil-kave-gymbeam.html\" target=\"_blank\" rel=\"noreferrer noopener\" class=\"ek-link\"><strong>k\u00e1v\u00e9bab<\/strong><\/a>, amelyet eszpressz\u00f3, filteres \u00e9s egy\u00e9b k\u00e1v\u00e9italok k\u00e9sz\u00edt\u00e9s\u00e9hez haszn\u00e1lnak. A <strong>tealevelek,<\/strong> k\u00fcl\u00f6n\u00f6sen a <a aria-label=\" (opens in a new tab)\" href=\"https:\/\/gymbeam.hu\/zsiregeto-green-tea-gymbeam.html\" target=\"_blank\" rel=\"noreferrer noopener\" class=\"ek-link\">z\u00f6ld tea<\/a>, a <a aria-label=\" (opens in a new tab)\" href=\"https:\/\/gymbeam.hu\/bio-matcha-por-vanavita.html\" target=\"_blank\" rel=\"noreferrer noopener\" class=\"ek-link\">matcha<\/a> vagy a <a href=\"https:\/\/gymbeam.hu\/bio-yerba-mate-por-vanavita.html\" target=\"_blank\" aria-label=\"Yerba mat\u00e9 (opens in a new tab)\" rel=\"noreferrer noopener\" class=\"ek-link\">Yerba mat\u00e9<\/a> szint\u00e9n tartalmazz\u00e1k ezt a stimul\u00e1nst. Koffein term\u00e9szetes form\u00e1j\u00e1ban azonban tal\u00e1lhat\u00f3 a <a aria-label=\" (opens in a new tab)\" href=\"https:\/\/gymbeam.hu\/bio-kakaobab-vanavita.html\" target=\"_blank\" rel=\"noreferrer noopener\" class=\"ek-link\"><strong>kaka\u00f3babban<\/strong><\/a> is. Ha szeretn\u00e9l valamin v\u00e1ltoztatni, pr\u00f3b\u00e1ld ki, hogy a k\u00e1v\u00e9 helyett ink\u00e1bb egy cs\u00e9sze <a aria-label=\" (opens in a new tab)\" href=\"https:\/\/gymbeam.hu\/bio-kakaopor-vanavita.html\" target=\"_blank\" rel=\"noreferrer noopener\" class=\"ek-link\"><strong>kaka\u00f3t<\/strong><\/a> iszol, vagy cser\u00e9ld le egy kis kocka j\u00f3 min\u0151s\u00e9g\u0171 \u00e9tcsokol\u00e1d\u00e9ra. De k\u00e9sz\u00fclj fel r\u00e1, hogy kevesebb koffein fog bejutni, mint a k\u00e1v\u00e9b\u00f3l. <span style=\"color: #ff6600\">[1]<\/span><\/p>\n\n\n\n<div style=\"height:20px\" aria-hidden=\"true\" class=\"wp-block-spacer\"><\/div>\n\n\n\n<p>\u00c9rdemes m\u00e9g megeml\u00edteni <a class=\"ek-link\" href=\"https:\/\/gymbeam.hu\/bio-guarana-por-gymbeam.html\" target=\"_blank\" rel=\"noreferrer noopener\" aria-label=\" (opens in a new tab)\"><strong>guaran\u00e1t<\/strong><\/a> vagy k\u00f3ladi\u00f3t, amely a vil\u00e1gh\u00edr\u0171 Coca-Cola eredeti receptj\u00e9ben is megtal\u00e1lhat\u00f3. Ez ut\u00f3bbi azonban a mai napig tartalmaz koffeint, \u00e9s a rengetegf\u00e9le \u00fcd\u00edt\u0151 k\u00f6z\u00fcl is sok tartalmaz koffeint az \u00f6sszetev\u0151i k\u00f6z\u00f6tt. Olyan t\u00e1pl\u00e1l\u00e9kkieg\u00e9sz\u00edt\u0151kbe is tesznek, amelyeket \u00e1ltal\u00e1ban sportol\u00e1s el\u0151tt \u00e9s k\u00f6zben vesznek be. Ilyenek p\u00e9ld\u00e1ul: az <a class=\"ek-link\" href=\"https:\/\/gymbeam.hu\/edzes-elotti-serkento-thor-gymbeam.html\" target=\"_blank\" rel=\"noreferrer noopener\" aria-label=\" (opens in a new tab)\"><strong>edz\u00e9s el\u0151tti<\/strong><\/a> \u00e9trend-kieg\u00e9sz\u00edt\u0151k vagy <strong>energia<\/strong> <a class=\"ek-link\" href=\"https:\/\/gymbeam.hu\/moxy-power-energy-drink-330-ml-gymbeam.html\" target=\"_blank\" rel=\"noreferrer noopener\" aria-label=\" (opens in a new tab)\"><strong>italok<\/strong><\/a>, <a class=\"ek-link\" href=\"https:\/\/gymbeam.hu\/energy-shot-gymbeam.html\" target=\"_blank\" rel=\"noreferrer noopener\" aria-label=\" (opens in a new tab)\"><strong>shotok<\/strong><\/a>&nbsp;<strong>vagy zsel\u00e9k<\/strong> <span style=\"color: #ff6600\">[1]<\/span><\/p>\n\n\n\n<div style=\"height:20px\" aria-hidden=\"true\" class=\"wp-block-spacer\"><\/div>\n\n\n\n<p>Ink\u00e1bb a z\u00f6ld te\u00e1t szereted? Akkor ne hagyd ki cikk\u00fcnket <a class=\"ek-link\" href=\"https:\/\/gymbeam.hu\/blog\/a-zold-tea-8-pozitiv-hatasa-a-sportolok-szamara\/\" target=\"_blank\" rel=\"noreferrer noopener\" aria-label=\" (opens in a new tab)\"><strong>A z\u00f6ld tea 8 pozit\u00edv hat\u00e1sa a sportol\u00f3k sz\u00e1m\u00e1ra.<\/strong><\/a><\/p>\n\n\n<div class=\"wp-block-image\">\n<figure class=\"aligncenter size-large is-resized\"><img loading=\"lazy\" decoding=\"async\" width=\"1124\" height=\"749\" src=\"https:\/\/gymbeam.cz\/blog\/wp-content\/uploads\/2022\/08\/iStock-1347965360-1124x749.jpg\" alt=\"Edz\u00e9s el\u0151tti k\u00e1v\u00e9\" class=\"wp-image-386773\" style=\"width:843px;height:562px\" title=\"Edz\u00e9s el\u0151tti k\u00e1v\u00e9\" srcset=\"https:\/\/gymbeam.com\/blog\/wp-content\/uploads\/2022\/08\/iStock-1347965360-1124x749.jpg 1124w, https:\/\/gymbeam.com\/blog\/wp-content\/uploads\/2022\/08\/iStock-1347965360-400x267.jpg 400w, https:\/\/gymbeam.com\/blog\/wp-content\/uploads\/2022\/08\/iStock-1347965360-1536x1024.jpg 1536w, https:\/\/gymbeam.com\/blog\/wp-content\/uploads\/2022\/08\/iStock-1347965360-2048x1365.jpg 2048w\" sizes=\"auto, (max-width: 1124px) 100vw, 1124px\" \/><\/figure>\n<\/div>\n\n\n<h2 class=\"wp-block-heading\"><span class=\"ez-toc-section\" id=\"Milyen_hatassal_van_a_koffein_a_szervezetre\"><\/span>Milyen hat\u00e1ssal van a koffein a szervezetre?<span class=\"ez-toc-section-end\"><\/span><\/h2>\n\n\n\n<h3 class=\"wp-block-heading\">1. Cs\u00f6kkenti a f\u00e1radts\u00e1got \u00e9s felt\u00f6lt energi\u00e1val<\/h3>\n\n\n\n<p>Sokan el sem tudj\u00e1k k\u00e9pzelni, hogy elkezdj\u00e9k az edz\u00e9st, miel\u0151tt meginn\u00e1nak egy friss eszpressz\u00f3t. Az emberek \u00fagy gondolnak r\u00e1, mint egy ritu\u00e1l\u00e9ra, hogy felt\u00f6lt\u0151djenek \u00e9s megfelel\u0151 hangulatba ker\u00fcljenek. De mi \u00e1ll a koffein \u00e9l\u00e9nk\u00edt\u0151 hat\u00e1s\u00e1nak h\u00e1tter\u00e9ben? F\u0151 hat\u00e1smechanizmusa az <strong>adenozin receptorokhoz val\u00f3 egyedi k\u00f6t\u0151d\u00e9si k\u00e9pess\u00e9ge.<\/strong> Ezek blokkol\u00e1s\u00e1val cs\u00f6kkenteni tudja az adenozin hat\u00e1s\u00e1t, amelynek c\u00e9lja, hogy megnyugtasson, ellaz\u00edtson, \u00e1lmosnak \u00e9s f\u00e1radtnak \u00e9rezz\u00fck magunkat. A koffein ez\u00e9rt <strong>\u00e9berebb\u00e9 tesz, \u00e9s egy kis energiahull\u00e1mot okoz,<\/strong> amire az adott pillanatban \u00e9pp sz\u00fcks\u00e9ged van. \u00c9ppen ez\u00e9rt van a koffeinnek j\u00f3l ki\u00e9rdemelt helye az <a class=\"ek-link\" href=\"https:\/\/gymbeam.hu\/edzes-elotti-stimulansok\" target=\"_blank\" rel=\"noreferrer noopener\" aria-label=\" (opens in a new tab)\">edz\u00e9s el\u0151tti stimul\u00e1nsok<\/a> receptj\u00e9ben. <span style=\"color: #ff6600\">[2]<\/span><\/p>\n\n\n\n<div style=\"height:20px\" aria-hidden=\"true\" class=\"wp-block-spacer\"><\/div>\n\n\n\n<h3 class=\"wp-block-heading\">2. Jobb hangulat \u00e9s el\u00e9gedetts\u00e9g<\/h3>\n\n\n\n<p>A k\u00e1v\u00e9fogyaszt\u00e1s <strong>el\u00e9gedetts\u00e9get \u00e9s j\u00f3 hangulatot is<\/strong> is okoz. Ez a hat\u00e1s viszont val\u00f3sz\u00edn\u0171leg a koffein azon tulajdons\u00e1g\u00e1b\u00f3l ered, hogy n\u00f6veli bizonyos neurotranszmitterek, p\u00e9ld\u00e1ul a dopamin, a szerotonin vagy a <a href=\"https:\/\/gymbeam.hu\/gaba-gymbeam.html\" target=\"_blank\" aria-label=\"GABA (opens in a new tab)\" rel=\"noreferrer noopener\" class=\"ek-link\">GABA<\/a> (gamma-aminovajsav) receptorok mennyis\u00e9g\u00e9t. Ezek az anyagok befoly\u00e1solj\u00e1k a ment\u00e1lis \u00e1llapotot, \u00e9s <strong>szinte euf\u00f3rikus \u00e9rz\u00e9seket kelthetnek<\/strong>. Id\u0151vel ak\u00e1r od\u00e1ig is eljuthatunk, hogy egyes napszakokban k\u00e9sztet\u00e9st \u00e9rz\u00fcnk a k\u00e1v\u00e9z\u00e1sra, vagy kimondottan megk\u00edv\u00e1njuk. \u00c9s ha nem iszunk, fejf\u00e1j\u00e1st, ingerl\u00e9kenys\u00e9get \u00e9s m\u00e1s nem k\u00edv\u00e1nt t\u00fcneteket tapasztalhatunk. Ez az\u00e9rt van, mert a szervezet m\u00e1r kialak\u00edtott egy szok\u00e1st, \u00e9s v\u00e1gyik a koffein kellemes hat\u00e1saira. Min\u00e9l t\u00f6bb koffeint fogyasztasz, ann\u00e1l intenz\u00edvebbek lehetnek a t\u00fcnetek, ha nem iszol. <span style=\"color: #ff6600\">[2-4]<\/span><\/p>\n\n\n\n<div style=\"height:20px\" aria-hidden=\"true\" class=\"wp-block-spacer\"><\/div>\n\n\n\n<h3 class=\"wp-block-heading\">3. Fokozott \u00e9bers\u00e9g<\/h3>\n\n\n\n<p>Koffeinfogyaszt\u00e1s ut\u00e1n az <strong>adrenalin \u00e9s a kortizol hormonok<\/strong> szintje is megemelkedhet a szervezetben. Ezt a <strong>fokozott \u00e9bers\u00e9g,<\/strong> a gyorsabb sz\u00edvver\u00e9s \u00e9s az izmok jobb v\u00e9rell\u00e1t\u00e1sa jelzi. \u00c1tmenetileg a v\u00e9rnyom\u00e1s \u00e9s a pulzussz\u00e1m is megemelkedhet. Mindezek el\u0151ny\u00f6s \u00e9s h\u00e1tr\u00e1nyos hat\u00e1ssal is lehetnek a sportteljes\u00edtm\u00e9nyre. <span style=\"color: #ff6600\">[3]<\/span><\/p>\n\n\n\n<div style=\"height:20px\" aria-hidden=\"true\" class=\"wp-block-spacer\"><\/div>\n\n\n\n<p>Ha t\u00f6bbet szeretn\u00e9l megtudni a k\u00e1v\u00e9 hat\u00e1sair\u00f3l, olvasd el az <a class=\"ek-link\" href=\"https:\/\/gymbeam.hu\/blog\/egeszseges-ital-a-kave-7-ok-amiert-erdemes-kiprobalni\/\" target=\"_blank\" rel=\"noreferrer noopener\" aria-label=\" (opens in a new tab)\"><strong>Eg\u00e9szs\u00e9ges ital a k\u00e1v\u00e9? 7 ok, ami\u00e9rt \u00e9rdemes kipr\u00f3b\u00e1lni<\/strong><\/a> c\u00edm\u0171 cikk\u00fcnket.<\/p>\n\n\n\n<div style=\"height:20px\" aria-hidden=\"true\" class=\"wp-block-spacer\"><\/div>\n\n\n\n    <link href=\"https:\/\/gymbeam.com\/blog\/wp-content\/themes\/wp-gymbeam-blog-theme\/css\/vue\/index.css\" rel=\"preload\" as=\"style\">\n    <link href=\"https:\/\/gymbeam.com\/blog\/wp-content\/themes\/wp-gymbeam-blog-theme\/js\/vue\/chunk-vendors.js\" rel=\"preload\" as=\"script\">\n    <link href=\"https:\/\/gymbeam.com\/blog\/wp-content\/themes\/wp-gymbeam-blog-theme\/js\/vue\/index.js\" rel=\"preload\" as=\"script\">\n    <link data-no-optimize=\"1\" href=\"https:\/\/gymbeam.com\/blog\/wp-content\/themes\/wp-gymbeam-blog-theme\/css\/vue\/index.css\" rel=\"stylesheet\">\n\n    <h2>\n        You might be interested in these products:    <\/h2>\n\n    <div data-app=\"recommended\" data-products=\"7067,46435,53755,64381,105022\" ><\/div>\n\n    <script data-no-optimize=\"1\" src=\"https:\/\/gymbeam.com\/blog\/wp-content\/themes\/wp-gymbeam-blog-theme\/js\/vue\/chunk-vendors.js\"><\/script>\n    <script data-no-optimize=\"1\" src=\"https:\/\/gymbeam.com\/blog\/wp-content\/themes\/wp-gymbeam-blog-theme\/js\/vue\/index.js\"><\/script>\n\n\n\n<div style=\"height:20px\" aria-hidden=\"true\" class=\"wp-block-spacer\"><\/div>\n\n\n\n<h2 class=\"wp-block-heading\"><span class=\"ez-toc-section\" id=\"Az_edzes_elotti_koffeinfogyasztas_5_elonye\"><\/span>Az edz\u00e9s el\u0151tti koffeinfogyaszt\u00e1s 5 el\u0151nye<span class=\"ez-toc-section-end\"><\/span><\/h2>\n\n\n\n<p>A koffeinnek sok sportol\u00f3 edz\u00e9s el\u0151tti rutinj\u00e1ban \u00e1lland\u00f3 helye van. Ezt bizony\u00edtja p\u00e9ld\u00e1ul egy tanulm\u00e1ny is, amely szerint <strong>4-b\u0151l 3 \u00e9lsportol\u00f3 fogyaszt koffeint edz\u00e9s el\u0151tt vagy k\u00f6zben.<\/strong> Az ar\u00e1ny val\u00f3sz\u00edn\u0171leg a hobbi sportol\u00f3k eset\u00e9ben sem sokkal kevesebb, akik munka ut\u00e1n j\u00e1rnak edzeni. A koffein k\u00fcl\u00f6nb\u00f6z\u0151 form\u00e1i n\u00e9pszer\u0171ek az \u00e1ll\u00f3k\u00e9pess\u00e9gi \u00e9s az er\u0151s\u00edt\u0151 sportol\u00f3k, valamint a labdar\u00fag\u00f3k \u00e9s m\u00e1s csapatsportol\u00f3k k\u00f6r\u00e9ben. <span style=\"color: #ff6600\">[5]<\/span><\/p>\n\n\n\n<div style=\"height:20px\" aria-hidden=\"true\" class=\"wp-block-spacer\"><\/div>\n\n\n\n<p>\u00c9rdekes megjegyezni, hogy a koffein<strong> 1984 \u00e9s 2004 k\u00f6z\u00f6tt szerepelt a nemzetk\u00f6zi sportszervezetek tiltott anyagok list\u00e1j\u00e1n.<\/strong> Ha egy sportol\u00f3 vizeletmint\u00e1j\u00e1ban 12 \u03bcg\/ml-n\u00e9l magasabb volt koffein-koncentr\u00e1ci\u00f3, az doppingol\u00e1snak min\u0151s\u00fclt. Ez nagyj\u00e1b\u00f3l tests\u00faly-kilogrammonk\u00e9nt 10 mg koffein bevitel\u00e9nek felel meg, ami j\u00f3val meghaladja az \u00e1ltal\u00e1ban aj\u00e1nlott \u00e9rt\u00e9keket. Ma m\u00e1r nem tesztelik koffeinre a sportol\u00f3kat, de a Nemzetk\u00f6zi Doppingellenes \u00dcgyn\u00f6ks\u00e9g (WADA) tov\u00e1bbra is figyelemmel k\u00eds\u00e9ri a koffeinbevitelt, \u00e9s azt tan\u00e1csolja a sportol\u00f3knak, hogy tarts\u00e1k a 12 \u00b5g\/ml alatti mennyis\u00e9get, ha a j\u00f6v\u0151ben ism\u00e9t felmer\u00fclne ez a t\u00e9ma. <span style=\"color: #ff6600\">[6] <\/span><\/p>\n\n\n\n<div style=\"height:20px\" aria-hidden=\"true\" class=\"wp-block-spacer\"><\/div>\n\n\n\n<div class=\"wp-block-columns is-layout-flex wp-container-core-columns-is-layout-9d6595d7 wp-block-columns-is-layout-flex\">\n<div class=\"wp-block-column is-layout-flow wp-block-column-is-layout-flow\">\n<figure class=\"wp-block-image size-large\"><img loading=\"lazy\" decoding=\"async\" width=\"830\" height=\"1124\" src=\"https:\/\/gymbeam.cz\/blog\/wp-content\/uploads\/2022\/08\/IMG_4029-830x1124.jpg\" alt=\"A koffein edz\u00e9s el\u0151tti fogyaszt\u00e1s\u00e1nak el\u0151nyei\" class=\"wp-image-386788\" title=\"A koffein edz\u00e9s el\u0151tti fogyaszt\u00e1s\u00e1nak el\u0151nyei\" srcset=\"https:\/\/gymbeam.com\/blog\/wp-content\/uploads\/2022\/08\/IMG_4029-830x1124.jpg 830w, https:\/\/gymbeam.com\/blog\/wp-content\/uploads\/2022\/08\/IMG_4029-295x400.jpg 295w, https:\/\/gymbeam.com\/blog\/wp-content\/uploads\/2022\/08\/IMG_4029-1134x1536.jpg 1134w, https:\/\/gymbeam.com\/blog\/wp-content\/uploads\/2022\/08\/IMG_4029-1512x2048.jpg 1512w, https:\/\/gymbeam.com\/blog\/wp-content\/uploads\/2022\/08\/IMG_4029-scaled.jpg 1890w\" sizes=\"auto, (max-width: 830px) 100vw, 830px\" \/><\/figure>\n<\/div>\n\n\n\n<div class=\"wp-block-column is-layout-flow wp-block-column-is-layout-flow\">\n<h3 class=\"wp-block-heading\">1. Energial\u00f6ketet ad edz\u00e9s el\u0151tt<\/h3>\n\n\n\n<p>Szinte mindenkinek sz\u00fcks\u00e9ge van kisebb vagy nagyobb t\u00e1mogat\u00e1sra edz\u00e9s el\u0151tt. Gyakran el\u0151fordul, hogy egy tervezett sporttev\u00e9kenys\u00e9g el\u0151tt kiss\u00e9 energiahi\u00e1nyosnak \u00e9rezz\u00fck magunkat. Az ember automatikusan a k\u00e1v\u00e9, energiaital vagy <a class=\"ek-link\" href=\"https:\/\/gymbeam.hu\/thor-shot-gymbeam.html\" target=\"_blank\" rel=\"noreferrer noopener\" aria-label=\" (opens in a new tab)\">edz\u00e9s el\u0151tti<\/a> stimul\u00e1ns ut\u00e1n ny\u00fal, \u00e9s v\u00e1rja a megszokott \u00e9l\u00e9nk\u00edt\u0151 hat\u00e1st. Ez perceken bel\u00fcl beindulhat, \u00e9s a leger\u0151sebb a koffeinbev\u00e9telt k\u00f6vet\u0151 <strong>30-120 perc<\/strong> k\u00f6z\u00f6tt. Ekkor <strong>\u00e9berebbnek, motiv\u00e1ltabbnak, koncentr\u00e1ltabbnak \u00e9s felk\u00e9sz\u00fcltebbnek<\/strong>&nbsp;\u00e9rezheted magad a k\u00f6zelg\u0151 sportol\u00e1sra. <span style=\"color: #ff6600\">[6] <\/span><\/p>\n\n\n\n<div style=\"height:20px\" aria-hidden=\"true\" class=\"wp-block-spacer\"><\/div>\n\n\n\n<p>Az elegend\u0151 \u00e9s j\u00f3 min\u0151s\u00e9g\u0171 alv\u00e1s a j\u00f3 sportteljes\u00edtm\u00e9nyhez is elengedhetetlen. Err\u0151l b\u0151vebben az <a class=\"ek-link\" href=\"https:\/\/gymbeam.hu\/blog\/alvas-a-leghatekonyabb-energiafokozo-es-zsiregeto\/\" target=\"_blank\" rel=\"noreferrer noopener\" aria-label=\" (opens in a new tab)\"><strong>Alv\u00e1s: A leghat\u00e9konyabb energiafokoz\u00f3 \u00e9s zs\u00edr\u00e9get\u0151<\/strong><\/a> c\u00edm\u0171 cikk\u00fcnkben olvashatsz.<\/p>\n\n\n\n<div style=\"height:20px\" aria-hidden=\"true\" class=\"wp-block-spacer\"><\/div>\n\n\n\n<h3 class=\"wp-block-heading\">2. Jobb sportteljes\u00edtm\u00e9ny<\/h3>\n\n\n\n<p>A sportteljes\u00edtm\u00e9ny el\u0151seg\u00edt\u00e9se szempontj\u00e1b\u00f3l a koffein <strong>vil\u00e1gszerte az egyik legt\u00f6bbet tanulm\u00e1nyozott anyag.<\/strong> Leggyakrabban az \u00e1ll\u00f3k\u00e9pess\u00e9gi teljes\u00edtm\u00e9ny javul\u00e1s\u00e1val hozz\u00e1k \u00f6sszef\u00fcgg\u00e9sbe, de sz\u00e1mos kutat\u00e1s meger\u0151s\u00edtette az <strong>er\u0151re, a koordin\u00e1ci\u00f3ra \u00e9s m\u00e1s sportol\u00e1si k\u00e9pess\u00e9gekre<\/strong>gyakorolt pozit\u00edv hat\u00e1s\u00e1t. Ezenk\u00edv\u00fcl jav\u00edthat olyan agyi funkci\u00f3kat is, mint az <strong>\u00e9bers\u00e9g, a figyelem \u00e9s a<\/strong> <strong>reakci\u00f3id\u0151.<\/strong> Ez teh\u00e1t egy sokoldal\u00fa eszk\u00f6z, amely seg\u00edthet egy sprinternek gyorsabban futni, egy kos\u00e1rlabd\u00e1z\u00f3nak pontosabb kosarat dobni, vagy egy focist\u00e1nak alaposabban \u00e1tl\u00e1tni a j\u00e1t\u00e9kot, \u00e9s egy l\u00e9p\u00e9ssel mindig az ellenf\u00e9l el\u0151tt j\u00e1rni. <span style=\"color: #ff6600\">[5-7] <\/span><\/p>\n<\/div>\n<\/div>\n\n\n\n<ul class=\"wp-block-list\">\n<li>A koffein sportteljes\u00edtm\u00e9nyre gyakorolt pozit\u00edv hat\u00e1sa f\u0151k\u00e9nt a fent eml\u00edtett <strong>f\u00e1radts\u00e1gcs\u00f6kkent\u0151<\/strong> vagy adrenalinszintet n\u00f6vel\u0151 hat\u00e1s\u00e1nak k\u00f6sz\u00f6nhet\u0151, ami gyakran sz\u00f3 szerint term\u00e9szetfeletti eredm\u00e9nyeket v\u00e1lthat ki.<\/li>\n\n\n\n<li>Hozz\u00e1j\u00e1rulhat az <strong>izmok jobb v\u00e9rell\u00e1t\u00e1s\u00e1hoz, a meger\u0151ltet\u00e9ssel \u00e9s a f\u00e1jdalom\u00e9rzettel szembeni nagyobb ellen\u00e1ll\u00e1shoz is. <\/strong><\/li>\n\n\n\n<li>Szerepet j\u00e1tszhat a <strong>zs\u00edr energi\u00e1v\u00e1 t\u00f6rt\u00e9n\u0151 lebont\u00e1s\u00e1nak el\u0151seg\u00edt\u00e9s\u00e9ben<\/strong> is, amely \u00edgy jobban hasznos\u00edthat\u00f3 az edz\u00e9s sor\u00e1n.<span style=\"color: #ff6600\"> [2]<\/span><\/li>\n<\/ul>\n\n\n\n<div style=\"height:20px\" aria-hidden=\"true\" class=\"wp-block-spacer\"><\/div>\n\n\n\n<p>A vizsg\u00e1latok sor\u00e1n legal\u00e1bb egy sz\u00e1zal\u00e9kos javul\u00e1st figyeltek meg. A koffeinbevitelt k\u00f6vet\u0151en a sportol\u00f3kn\u00e1l \u00e1tlagosan <strong>2-4%-kal javult az \u00e1ll\u00f3k\u00e9pess\u00e9g<\/strong> \u00e9s <strong>2-7%-kal az er\u0151nl\u00e9t<\/strong>. Ez kis sz\u00e1mnak t\u0171nhet, de a sportol\u00f3k eset\u00e9ben a siker \u00e9s a kudarc k\u00f6z\u00f6tt gyakran ezredm\u00e1sodperc a k\u00fcl\u00f6nbs\u00e9g, ami k\u00f6zelebb juttathatja \u0151ket az \u00e9remszerz\u00e9shez. <span style=\"color: #ff6600\">[6]<\/span><\/p>\n\n\n\n<div style=\"height:20px\" aria-hidden=\"true\" class=\"wp-block-spacer\"><\/div>\n\n\n\n<p>Ha t\u00f6bbet szeretn\u00e9l megtudni a koffein sportteljes\u00edtm\u00e9nyre gyakorolt hat\u00e1sair\u00f3l, olvasd el cikk\u00fcnket <a class=\"ek-link\" href=\"https:\/\/gymbeam.hu\/blog\/hogyan-tehetjuk-hatekonyabba-az-edzesunket-koffein-segitsegevel\/\" target=\"_blank\" rel=\"noreferrer noopener\" aria-label=\" (opens in a new tab)\"><strong>Hogyan tehetj\u00fck hat\u00e9konyabb\u00e1 az edz\u00e9s\u00fcnket koffein seg\u00edts\u00e9g\u00e9vel?<\/strong><\/a><\/p>\n\n\n\n<div style=\"height:20px\" aria-hidden=\"true\" class=\"wp-block-spacer\"><\/div>\n\n\n\n<h3 class=\"wp-block-heading\">3. T\u00e1mogatja a zs\u00edr\u00e9get\u00e9st \u00e9s a fogy\u00e1st<\/h3>\n\n\n\n<p>A koffein a <strong>nem csak az elm\u00e9t vagy az izmokat k\u00e9pes beind\u00edtani. M\u00e9g az anyagcser\u00e9t is k\u00e9pes felgyors\u00edtani.<\/strong> Ennek k\u00f6sz\u00f6nhet\u0151en, ha az edz\u00e9s el\u0151tt fogyasztjuk, t\u00f6bb kal\u00f3ria \u00e9ghet, ami k\u00fcl\u00f6n\u00f6sen a fogy\u00f3k\u00fara sor\u00e1n hasznos. Hat\u00e1sainak k\u00f6sz\u00f6nhet\u0151en a <a class=\"ek-link\" href=\"https:\/\/gymbeam.hu\/termo-zsiregetok\" target=\"_blank\" rel=\"noreferrer noopener\" aria-label=\" (opens in a new tab)\">termog\u00e9n anyagcsere fokoz\u00f3k<\/a> k\u00f6z\u00e9 tartozik.<\/p>\n\n\n\n<div style=\"height:20px\" aria-hidden=\"true\" class=\"wp-block-spacer\"><\/div>\n\n\n\n<ul class=\"wp-block-list\">\n<li>El\u0151sz\u00f6r is, arra \u00f6szt\u00f6n\u00f6zhet, hogy nagyobb <strong>\u00f6sszpontos\u00edt\u00e1ssal, bele\u00e9l\u00e9ssel, szenved\u00e9llyel \u00e9s nagyobb intenzit\u00e1ssal<\/strong> eddz\u00fcnk, ami t\u00f6bb el\u00e9getett energi\u00e1t eredm\u00e9nyezhet.<\/li>\n\n\n\n<li>Tanulm\u00e1nyok kimutatt\u00e1k, hogy a koffein hat\u00e1ssal van a katekolamin hormonokra (adrenalin \u00e9s noradrenalin), amelyek k\u00e9pesek <strong>felgyors\u00edtani az anyagcser\u00e9t.<\/strong><\/li>\n\n\n\n<li>A koffein<strong> emelheti az oxig\u00e9nfelv\u00e9telt<\/strong> is az edz\u00e9s sor\u00e1n, ami szint\u00e9n n\u00f6velheti a kal\u00f3riafelhaszn\u00e1l\u00e1st az edz\u00e9s k\u00f6zben.<\/li>\n\n\n\n<li>Ez az anyag k\u00e9pes<strong> fokozni a zs\u00edr energi\u00e1v\u00e1 alak\u00edt\u00e1s\u00e1t (lipol\u00edzis),<\/strong> amelyet azt\u00e1n a testmozg\u00e1shoz haszn\u00e1l fel a szervezet. Ez\u00e9rt a koffein \u00e9get\u0151 hat\u00e1s\u00e1t a legjobban a testmozg\u00e1ssal egy\u00fctt lehet kihaszn\u00e1lni.<\/li>\n\n\n\n<li>A szak\u00e9rt\u0151k szerint szerepet j\u00e1tszik a ciklikus adenozin-monofoszf\u00e1t (cAMP) koncentr\u00e1ci\u00f3j\u00e1nak n\u00f6vel\u00e9s\u00e9ben is, amely<strong> aktiv\u00e1lhatja a lip\u00e1z enzimet, <\/strong>az pedig&nbsp;lebontja a zs\u00edrt, \u00e9s seg\u00edt felhaszn\u00e1lhat\u00f3 energi\u00e1v\u00e1 alak\u00edtani.<span style=\"color: #ff6600\"> [2, 8-9]<\/span><\/li>\n<\/ul>\n\n\n\n<div style=\"height:20px\" aria-hidden=\"true\" class=\"wp-block-spacer\"><\/div>\n\n\n\n<p>Ha szeretn\u00e9l kipr\u00f3b\u00e1lni egy zs\u00edr\u00e9get\u0151t, de nem tudod, hogyan v\u00e1lassz, olvasd el cikk\u00fcnket <a class=\"ek-link\" href=\"https:\/\/gymbeam.hu\/blog\/hogyan-valasszuk-ki-a-leghatekonyabb-zsiregetot-es-hogyan-fogyasszuk\/\" target=\"_blank\" rel=\"noreferrer noopener\" aria-label=\" (opens in a new tab)\"><strong>Hogyan v\u00e1lasszuk ki a leghat\u00e9konyabb zs\u00edr\u00e9get\u0151t, \u00e9s hogyan fogyasszuk?<\/strong><\/a><\/p>\n\n\n<div class=\"wp-block-image\">\n<figure class=\"aligncenter size-large is-resized\"><img loading=\"lazy\" decoding=\"async\" width=\"1124\" height=\"749\" src=\"https:\/\/gymbeam.cz\/blog\/wp-content\/uploads\/2022\/08\/iStock-1284593488-1124x749.jpg\" alt=\"A koffein \u00e9s a fogy\u00f3k\u00fara\" class=\"wp-image-386823\" style=\"width:843px;height:562px\" title=\"A koffein \u00e9s a fogy\u00f3k\u00fara\" srcset=\"https:\/\/gymbeam.com\/blog\/wp-content\/uploads\/2022\/08\/iStock-1284593488-1124x749.jpg 1124w, https:\/\/gymbeam.com\/blog\/wp-content\/uploads\/2022\/08\/iStock-1284593488-400x267.jpg 400w\" sizes=\"auto, (max-width: 1124px) 100vw, 1124px\" \/><\/figure>\n<\/div>\n\n\n<h3 class=\"wp-block-heading\">4. Cs\u00f6kkenti a f\u00e1radts\u00e1got \u00e9s az izoml\u00e1zat<\/h3>\n\n\n\n<p>A fut\u00f3k \u00e9s m\u00e1s \u00e1ll\u00f3k\u00e9pess\u00e9gi sportol\u00f3k, akik gyakran a legt\u00f6bb id\u0151t t\u00f6ltik sportol\u00e1ssal, az edz\u00e9seken f\u00e1radts\u00e1ggal k\u00fczdenek. K\u00f6nnyen kimer\u00edthetik a glikog\u00e9n form\u00e1j\u00e1ban l\u00e9v\u0151 energiarakt\u00e1raikat, ami a teljes\u00edtm\u00e9ny cs\u00f6kken\u00e9s\u00e9t eredm\u00e9nyezi. Az egyszer\u0171 sz\u00e9nhidr\u00e1tok bevitele edz\u00e9s k\u00f6zben zsel\u00e9 vagy <a href=\"https:\/\/gymbeam.hu\/rehydrate-hipotonias-ital-1000-ml-gymbeam.html\" target=\"_blank\" aria-label=\"ionp\u00f3tl\u00f3 italok  (opens in a new tab)\" rel=\"noreferrer noopener\" class=\"ek-link\">ionp\u00f3tl\u00f3 italok <\/a>form\u00e1j\u00e1ban seg\u00edt megel\u0151zni ezt. De hozz\u00e1j\u00e1rulhat a koffein is. Ez az\u00e9rt van, mert fizikai aktivit\u00e1s sor\u00e1n seg\u00edt a t\u00e1rolt zs\u00edrokat felhaszn\u00e1lhat\u00f3 energiaforr\u00e1ss\u00e1 bontani, ami azt\u00e1n<strong> k\u00edm\u00e9lheti a glikog\u00e9nrakt\u00e1rakat.<\/strong> A koffein sportol\u00e1s k\u00f6zben az adenozin aktivit\u00e1s\u00e1nak cs\u00f6kkent\u00e9se \u00e9s az idegrendszerre (CNS) gyakorolt hat\u00e1sa r\u00e9v\u00e9n a f\u00e1radts\u00e1g cs\u00f6kkent\u00e9s\u00e9ben \u00e9s az energiaszint szubjekt\u00edv n\u00f6vel\u00e9s\u00e9ben is seg\u00edt.<\/p>\n\n\n\n<div style=\"height:20px\" aria-hidden=\"true\" class=\"wp-block-spacer\"><\/div>\n\n\n\n<p>Emellett kimutatt\u00e1k, hogy <strong>az edz\u00e9s k\u00f6zbeni izomf\u00e1jdalmat is cs\u00f6kkenti.<\/strong> Ez val\u00f3sz\u00edn\u0171leg annak k\u00f6sz\u00f6nhet\u0151, hogy k\u00e9pes elnyomni az adenozin hat\u00e1s\u00e1t, amely befoly\u00e1solja a f\u00e1jdalom\u00e9rzetet. Ett\u0151l a fogyaszt\u00f3 kiss\u00e9 terhelhet\u0151bb lehet, illetve a lehet\u0151 legtov\u00e1bb k\u00e9pes fenntartani a gyakorlat intenzit\u00e1s\u00e1t. <span style=\"color: #ff6600\">[5, 10]<\/span><\/p>\n\n\n\n<div style=\"height:20px\" aria-hidden=\"true\" class=\"wp-block-spacer\"><\/div>\n\n\n\n<p>Ha \u00e1ll\u00f3k\u00e9pess\u00e9gi sportokat \u0171z\u00f6l, \u00e9s azt keresed, hogyan p\u00f3tolhatod hat\u00e9konyan az energi\u00e1t \u00e9s a folyad\u00e9kvesztes\u00e9get egy komolyabb terhel\u00e9s sor\u00e1n, olvasd el a <a class=\"ek-link\" href=\"https:\/\/gymbeam.hu\/blog\/izotonias-italok-mikor-igyunk-ionpotlo-italt-vagy-vizet\/\" target=\"_blank\" rel=\"noreferrer noopener\" aria-label=\" (opens in a new tab)\"><strong>Izot\u00f3ni\u00e1s italok: Mikor igyunk ionp\u00f3tl\u00f3 italt vagy vizet?<\/strong><\/a> c\u00edm\u0171 cikk\u00fcnket.<\/p>\n\n\n\n<div style=\"height:20px\" aria-hidden=\"true\" class=\"wp-block-spacer\"><\/div>\n\n\n\n<h3 class=\"wp-block-heading\">5. Megk\u00f6nny\u00edti a meger\u0151ltet\u0151 vagy hossz\u00fa edz\u00e9seket<\/h3>\n\n\n\n<p>Ha a koffein \u00f6sszes hat\u00e1s\u00e1t \u00f6sszevetj\u00fck, kez\u00fcnkben a kulcs, amely seg\u00edthet <strong>szintet l\u00e9pni a sportol\u00f3i k\u00e9pess\u00e9geidben.<\/strong> A legels\u0151 energiahull\u00e1mt\u00f3l kezdve a f\u00e1radts\u00e1g \u00e9s a f\u00e1jdalom cs\u00f6kkent\u00e9s\u00e9n \u00e1t eg\u00e9szen a kiss\u00e9 nagyobb kih\u00edv\u00e1st jelent\u0151 vagy hosszabb edz\u00e9sekig is eljuthatsz. Az is lehets\u00e9ges, hogy az edz\u00e9s kicsit k\u00f6nnyebben megy, mintha nem fogyasztott\u00e1l volna koffeint az edz\u00e9s el\u0151tt.<\/p>\n\n\n\n<div style=\"height:20px\" aria-hidden=\"true\" class=\"wp-block-spacer\"><\/div>\n\n\n<div class=\"wp-block-image\">\n<figure class=\"aligncenter size-large is-resized\"><img loading=\"lazy\" decoding=\"async\" width=\"1124\" height=\"749\" src=\"https:\/\/gymbeam.cz\/blog\/wp-content\/uploads\/2022\/08\/iStock-1142900322-1124x749.jpg\" alt=\"A koffein hat\u00e1sa a sportteljes\u00edtm\u00e9nyre\" class=\"wp-image-386854\" style=\"width:843px;height:562px\" title=\"A koffein hat\u00e1sa a sportteljes\u00edtm\u00e9nyre\" srcset=\"https:\/\/gymbeam.com\/blog\/wp-content\/uploads\/2022\/08\/iStock-1142900322-1124x749.jpg 1124w, https:\/\/gymbeam.com\/blog\/wp-content\/uploads\/2022\/08\/iStock-1142900322-400x267.jpg 400w, https:\/\/gymbeam.com\/blog\/wp-content\/uploads\/2022\/08\/iStock-1142900322-1536x1024.jpg 1536w, https:\/\/gymbeam.com\/blog\/wp-content\/uploads\/2022\/08\/iStock-1142900322-2048x1365.jpg 2048w\" sizes=\"auto, (max-width: 1124px) 100vw, 1124px\" \/><\/figure>\n<\/div>\n\n\n<h2 class=\"wp-block-heading\"><span class=\"ez-toc-section\" id=\"A_koffein_edzes_elotti_fogyasztasanak_5_hatranya\"><\/span>A koffein edz\u00e9s el\u0151tti fogyaszt\u00e1s\u00e1nak 5 h\u00e1tr\u00e1nya<span class=\"ez-toc-section-end\"><\/span><\/h2>\n\n\n\n<p>A pozit\u00edv hat\u00e1sok elolvas\u00e1sa ut\u00e1n \u00fagy t\u0171nhet, hogy az edz\u00e9s el\u0151tti koffeinfogyaszt\u00e1s csak el\u0151ny\u00f6kkel j\u00e1r. Sajnos m\u00e9g a koffeinnek is megvannak a maga kock\u00e1zatai, \u00e9s nem mindig javasolt edz\u00e9s el\u0151tt fogyasztani. Mi t\u00f6rt\u00e9nhet, ha \u00e9rz\u00e9kenyebb vagy a koffeinre \u00e9s t\u00fall\u00e9ped a maxim\u00e1lisan aj\u00e1nlott napi adagot, vagy ha nem megfelel\u0151 id\u0151pontban fogyasztod?&nbsp;&nbsp;<\/p>\n\n\n\n<div style=\"height:20px\" aria-hidden=\"true\" class=\"wp-block-spacer\"><\/div>\n\n\n\n<h3 class=\"wp-block-heading\">1. Alv\u00e1szavar kock\u00e1zata<\/h3>\n\n\n\n<p>A koffein \u00e1ltal\u00e1ban gyorsan hat, \u00e9s hat\u00e1sa n\u00e9h\u00e1ny percen bel\u00fcl \u00e9rezhet\u0151. Azt\u00e1n pedig el\u00e9g sok\u00e1ig a szervezetben marad. Ak\u00e1r 9,5 \u00f3r\u00e1ba is beletelhet, mire teljesen ki\u00fcr\u00fcl. <strong>A legt\u00f6bb embern\u00e9l ez 4-6 \u00f3ra.<\/strong> \u00cdgy m\u00e9g 6 \u00f3r\u00e1val a k\u00e1v\u00e9fogyaszt\u00e1s ut\u00e1n is gondot okozhat ellaz\u00edtani a testet, megnyugtatni az elm\u00e9t \u00e9s r\u00e1hangol\u00f3dni az alv\u00e1sra. M\u00e9g ha siker\u00fcl is elaludni, el\u0151fordulhat, hogy \u00e9jszaka fel\u00e9bred\u00fcnk, \u00e9s val\u00f3sz\u00edn\u0171leg nem \u00e9rj\u00fck el az aj\u00e1nlott 7-9 \u00f3r\u00e1s alv\u00e1sid\u0151t. A koffein a min\u0151s\u00e9gi pihen\u00e9shez elengedhetetlen m\u00e9ly alv\u00e1s id\u0151tartam\u00e1t is cs\u00f6kkentheti. Ez\u00e9rt \u00e1ltal\u00e1ban azt javasolj\u00e1k, hogy <strong>lefekv\u00e9s el\u0151tt 6 \u00f3r\u00e1val m\u00e1r ker\u00fclj\u00fck a koffeint.<\/strong> <span style=\"color: #ff6600\">[11-12]<\/span><\/p>\n\n\n\n<div style=\"height:20px\" aria-hidden=\"true\" class=\"wp-block-spacer\"><\/div>\n\n\n\n<p>Ha voltak m\u00e1r alv\u00e1sprobl\u00e9m\u00e1id, \u00e9s \u00e9rdekel, hogyan jav\u00edthatn\u00e1l rajta, olvasd el cikk\u00fcnket: <a class=\"ek-link\" href=\"https:\/\/gymbeam.hu\/blog\/hogyan-lehet-gyorsan-elaludni-probald-ki-ezeket-az-egyszeru-tippeket-a-jobb-alvashoz\/\" target=\"_blank\" rel=\"noreferrer noopener\" aria-label=\" (opens in a new tab)\"><strong>Hogyan lehet gyorsan elaludni? Pr\u00f3b\u00e1ld ki ezeket az egyszer\u0171 tippeket a jobb alv\u00e1shoz.<\/strong><\/a><\/p>\n\n\n\n<div style=\"height:20px\" aria-hidden=\"true\" class=\"wp-block-spacer\"><\/div>\n\n\n\n<h4 class=\"wp-block-heading\">Hogyan kapcsol\u00f3dik a DNS a koffein lebont\u00e1s\u00e1hoz?<\/h4>\n\n\n\n<p>Ez az \u00e1ltal\u00e1nos aj\u00e1nl\u00e1s nem felt\u00e9tlen\u00fcl vonatkozik mindenkire. Tal\u00e1n \u00e9pp egy ismer\u0151s\u00f6d jutott eszedbe, aki folyton k\u00e1v\u00e9t iszik vacsora ut\u00e1n, m\u00e9gis \u00fagy alszik, mint egy csecsem\u0151. M\u00e1sr\u00e9szt sokan vannak, akik csak reggel ihatnak egy k\u00e1v\u00e9t vagy egy er\u0151s z\u00f6ld te\u00e1t, mert egy\u00e9bk\u00e9nt nehezen alszanak el. <strong>A jelens\u00e9g magyar\u00e1zata a DNS-ben tal\u00e1lhat\u00f3.<\/strong> A koffein metabolizmus\u00e1\u00e9rt felel\u0151s enzimet a <strong>CYP1A2<\/strong> g\u00e9n hordozza. Att\u00f3l f\u00fcgg\u0151en, hogy ki milyen genetik\u00e1val rendelkezik, az emberek a <strong>koffein lass\u00fa vagy gyors metaboliz\u00e1l\u00f3ja szerint csoportos\u00edthat\u00f3k.<\/strong> <span style=\"color: #ff6600\">[13]<\/span><\/p>\n\n\n\n<div style=\"height:20px\" aria-hidden=\"true\" class=\"wp-block-spacer\"><\/div>\n\n\n\n<p>Az <a class=\"ek-link\" href=\"https:\/\/gymbeam.hu\/dns-tesztek\" target=\"_blank\" rel=\"noreferrer noopener\" aria-label=\" (opens in a new tab)\">otthoni DNS-tesztek<\/a> is seg\u00edthetnek felt\u00e1rni a koffein-anyagcser\u00e9re vonatkoz\u00f3 genetikai potenci\u00e1lt. Ha t\u00f6bbet szeretn\u00e9l megtudni r\u00f3luk, olvasd el cikk\u00fcnket <a class=\"ek-link\" href=\"https:\/\/gymbeam.hu\/blog\/minden-amit-az-otthoni-dns-tesztekrol-tudni-kell\/\" target=\"_blank\" rel=\"noreferrer noopener\" aria-label=\" (opens in a new tab)\"><strong>Minden, amit az otthoni DNS-tesztekr\u0151l tudni kell.<\/strong><\/a><\/p>\n\n\n\n<div class=\"wp-block-columns is-layout-flex wp-container-core-columns-is-layout-9d6595d7 wp-block-columns-is-layout-flex\">\n<div class=\"wp-block-column is-layout-flow wp-block-column-is-layout-flow\">\n<figure class=\"wp-block-image size-large\"><img loading=\"lazy\" decoding=\"async\" width=\"750\" height=\"1124\" src=\"https:\/\/gymbeam.cz\/blog\/wp-content\/uploads\/2022\/08\/DSC09923-750x1124.jpg\" alt=\"A edz\u00e9s el\u0151tti koffeinfogyaszt\u00e1s kock\u00e1zatai\" class=\"wp-image-386869\" title=\"A edz\u00e9s el\u0151tti koffeinfogyaszt\u00e1s kock\u00e1zatai\" srcset=\"https:\/\/gymbeam.com\/blog\/wp-content\/uploads\/2022\/08\/DSC09923-750x1124.jpg 750w, https:\/\/gymbeam.com\/blog\/wp-content\/uploads\/2022\/08\/DSC09923-267x400.jpg 267w, https:\/\/gymbeam.com\/blog\/wp-content\/uploads\/2022\/08\/DSC09923-1025x1536.jpg 1025w\" sizes=\"auto, (max-width: 750px) 100vw, 750px\" \/><\/figure>\n<\/div>\n\n\n\n<div class=\"wp-block-column is-layout-flow wp-block-column-is-layout-flow\">\n<h3 class=\"wp-block-heading\">2. Em\u00e9szt\u00e9si zavarok<\/h3>\n\n\n\n<p>Ha \u00e9rz\u00e9kenyebb a gyomrod, vagy t\u00falz\u00e1sba viszed a koffeinfogyaszt\u00e1st, el\u0151fordulhat, hogy az edz\u00e9s nagy r\u00e9sz\u00e9t a v\u00e9c\u00e9n t\u00f6lt\u00f6d a <a class=\"ek-link\" href=\"https:\/\/gymbeam.hu\/hexagon-kezisulyzo-gymbeam.html\" target=\"_blank\" rel=\"noreferrer noopener\" aria-label=\" (opens in a new tab)\">s\u00falyz\u00f3z\u00e1s<\/a> helyett. A koffein ugyanis <strong>n\u00f6veli a gyomorsav (s\u00f3sav) termel\u0151d\u00e9s\u00e9t<\/strong>, ami nagy mennyis\u00e9gben gyomorirrit\u00e1ci\u00f3t vagy refluxot (a nyel\u0151cs\u0151be vissza\u00e1raml\u00f3 gyomornedv) okozhat.<\/p>\n\n\n\n<div style=\"height:20px\" aria-hidden=\"true\" class=\"wp-block-spacer\"><\/div>\n\n\n\n<p>Ezenk\u00edv\u00fcl <strong>fokozza a b\u00e9lm\u0171k\u00f6d\u00e9st<\/strong> is, ami nem \u00e9ppen kellemes edz\u00e9s k\u00f6zben. Ha nem iszol sok k\u00e1v\u00e9t, \u00e9s szeretn\u00e9d elkezdeni a koffeinp\u00f3tl\u00e1st, jobb, ha kisebb adaggal kezdesz, \u00e9s figyeled, hogyan reag\u00e1l a szervezeted. <span style=\"color: #ff6600\">[3, 14]<\/span><\/p>\n\n\n\n<div style=\"height:20px\" aria-hidden=\"true\" class=\"wp-block-spacer\"><\/div>\n\n\n\n<h3 class=\"wp-block-heading\">3. Fokozott idegess\u00e9g, ingerl\u00e9kenys\u00e9g \u00e9s egy\u00e9b mell\u00e9khat\u00e1sok<\/h3>\n\n\n\n<p>A koffein sz\u00e1mos olyan reakci\u00f3t v\u00e1lt ki a szervezetben, amelyek hat\u00e1s\u00e1ra motiv\u00e1ltabbnak \u00e9s energikusabbnak \u00e9rezz\u00fck magunkat. De j\u00f3b\u00f3l is meg\u00e1rt a sok. Ha az aj\u00e1nlottn\u00e1l t\u00f6bb koffein jut be, vagy \u00e9rz\u00e9kenyebb\u00e9 v\u00e1lunk r\u00e1, <strong>idegess\u00e9get,&nbsp;szorong\u00e1st, ingerl\u00e9kenys\u00e9get, remeg\u00e9st, vagy sz\u00edvdobog\u00e1st \u00e9szlelhet\u00fcnk.<\/strong><\/p>\n\n\n\n<div style=\"height:20px\" aria-hidden=\"true\" class=\"wp-block-spacer\"><\/div>\n\n\n\n<p>A legt\u00f6bb esetben nincs semmi komoly, \u00e9s ezek a t\u00fcnetek elm\u00falnak, amint a koffein ki\u00fcr\u00fcl a szervezetb\u0151l, de senki sem szeretn\u00e9 edz\u00e9s k\u00f6zben vagy a napk\u00f6zben b\u00e1rmikor \u00edgy \u00e9rezni mag\u00e1t. Hogy ezt elker\u00fclj\u00fck, be kell tartani az aj\u00e1nlott adagol\u00e1st \u00e9s az egy\u00e9ni koffeintolerancia m\u00e9rt\u00e9k\u00e9t.<span style=\"color: #ff6600\"> [15]<\/span><\/p>\n<\/div>\n<\/div>\n\n\n\n<h3 class=\"wp-block-heading\">4. Fokozott tolerancia a koffeinnel kapcsolatban<\/h3>\n\n\n\n<p>Ha rendszeresen fogyasztasz koffeint b\u00e1rmilyen form\u00e1ban, id\u0151vel el\u0151fordulhat, hogy ugyanaz az adag m\u00e1r nem ugyanazt a hat\u00e1st fejti ki, mint kor\u00e1bban. <strong>A szervezet\u00fcnk ellen\u00e1ll\u00f3k\u00e9pess\u00e9get k\u00e9pes ki\u00e9p\u00edteni a koffeinnel szemben.<\/strong> Azonos eredm\u00e9ny el\u00e9r\u00e9s\u00e9hez sz\u00fcks\u00e9g lehet a napi bevitel n\u00f6vel\u00e9s\u00e9re, ami k\u00e1ros hat\u00e1sokkal j\u00e1rhat. Ebben az esetben megpr\u00f3b\u00e1lhatod a koffein id\u0151szakos fogyaszt\u00e1s\u00e1t.<\/p>\n\n\n\n<div style=\"height:20px\" aria-hidden=\"true\" class=\"wp-block-spacer\"><\/div>\n\n\n\n<h4 class=\"wp-block-heading\">Hogyan m\u0171k\u00f6dik az id\u0151szakos koffeinfogyaszt\u00e1s?<\/h4>\n\n\n\n<p><strong>Iktass ki minden koffeinforr\u00e1st az \u00e9trendedb\u0151l \u00e9s a t\u00e1pl\u00e1l\u00e9kkieg\u00e9sz\u00edt\u0151id k\u00f6z\u00fcl 2-8 h\u00e9tre.<\/strong> Ennek keret\u00e9ben j\u00f3, ha felk\u00e9sz\u00fclsz r\u00e1, hogy az els\u0151 p\u00e1r napban elvon\u00e1si t\u00fcnetek jelentkezhetnek. K\u00fcl\u00f6n\u00f6sen gyakori azokn\u00e1l az emberekn\u00e9l, akik nagyobb d\u00f3zis\u00fa koffeinfogyaszt\u00e1shoz voltak szokva. Az elvon\u00e1s jellemz\u0151en ingerl\u00e9kenys\u00e9ggel \u00e9s n\u00e9ha fejf\u00e1j\u00e1ssal j\u00e1r. Ha azonban \u00e1tv\u00e9szeled az els\u0151 n\u00e9h\u00e1ny napot, \u00e9s elviseled a koffeinmegvon\u00e1s id\u0151szak\u00e1t, akkor \u00fajra \u00e9lvezheted a koffein intenz\u00edvebb hat\u00e1sait. <strong>Ez\u00e1ltal kisebb adag is elegend\u0151 a c\u00e9lzott hat\u00e1s el\u00e9r\u00e9s\u00e9hez.<\/strong> <span style=\"color: #ff6600\">[16-17]<\/span><\/p>\n\n\n\n<div style=\"height:20px\" aria-hidden=\"true\" class=\"wp-block-spacer\"><\/div>\n\n\n\n<h3 class=\"wp-block-heading\">5. A t\u00falzott bevitel vagy t\u00faladagol\u00e1s vesz\u00e9lye<\/h3>\n\n\n\n<p>Napk\u00f6zben az eg\u00e9szs\u00e9gesn\u00e9l t\u00f6bb koffeint fogyasztani k\u00f6nnyebb, mint amilyennek l\u00e1tszik. El\u00e9g k\u00e9t cs\u00e9sze er\u0151s eszpressz\u00f3, egy liter cukormentes k\u00f3la \u00e9s egy energiaital az edz\u00e9s el\u0151tt, \u00e9s m\u00e1ris a cs\u00facson vagy. Ha napk\u00f6zben t\u00e9nyleg t\u00falz\u00e1sba vissz\u00fck a koffeinbevitelt, ak\u00e1r em\u00e9szt\u00e9si probl\u00e9m\u00e1kat, sz\u00edvdobog\u00e1st \u00e9s alv\u00e1szavarokat is tapasztalhatunk, aminek az eredm\u00e9nye, hogy m\u00e9g t\u00f6bb koffeinre van sz\u00fcks\u00e9g, ez pedig egy \u00f6rd\u00f6gi k\u00f6r. Ez\u00e9rt \u00e9rdemes <strong>odafigyelni a napi koffeinbevitelre. <\/strong><\/p>\n\n\n\n<div style=\"height:20px\" aria-hidden=\"true\" class=\"wp-block-spacer\"><\/div>\n\n\n\n<h4 class=\"wp-block-heading\"><strong>Mennyi koffeint tartalmaz a kedvenc italod?&nbsp;<\/strong><\/h4>\n\n\n\n<p>Az al\u00e1bbi t\u00e1bl\u00e1zatban az italok <strong>\u00e1tlagos koffeintartalm\u00e1t tal\u00e1lod. Az egyes italok koffeintartalma<\/strong> a felhaszn\u00e1lt k\u00e1v\u00e9babok t\u00edpus\u00e1t\u00f3l, az elk\u00e9sz\u00edt\u00e9s m\u00f3dj\u00e1t\u00f3l, a felhaszn\u00e1lt k\u00e1v\u00e9 mennyis\u00e9g\u00e9t\u0151l, illetve a f\u0151z\u00e9s hossz\u00e1t\u00f3l f\u00fcgg\u0151en v\u00e1ltozhat. Ugyanez vonatkozik a te\u00e1ra is. A legt\u00f6bb ital eset\u00e9ben a m\u00e9rt\u00e9kegys\u00e9g: egy cs\u00e9sze. <span style=\"color: #ff6600\">[19]<\/span><\/p>\n\n\n\n<figure class=\"wp-block-table caption-align-center\"><table class=\"has-fixed-layout\"><thead><tr><th class=\"has-text-align-center\" data-align=\"center\"><p style=\"text-align: center\">Italok<\/p><\/th><th class=\"has-text-align-center\" data-align=\"center\"><p style=\"text-align: center\">Koffeintartalom adagonk\u00e9nt<\/p><\/th><\/tr><\/thead><tbody><tr><td class=\"has-text-align-center\" data-align=\"center\">Forr\u00f3 csokol\u00e1d\u00e9<\/td><td class=\"has-text-align-center\" data-align=\"center\">5 mg<\/td><\/tr><tr><td class=\"has-text-align-center\" data-align=\"center\">Koffeinmentes k\u00e1v\u00e9<\/td><td class=\"has-text-align-center\" data-align=\"center\">6 mg<\/td><\/tr><tr><td class=\"has-text-align-center\" data-align=\"center\">Z\u00f6ld tea<\/td><td class=\"has-text-align-center\" data-align=\"center\">25 mg<\/td><\/tr><tr><td class=\"has-text-align-center\" data-align=\"center\">Coca-Cola (1 doboz &#8211; 330 ml)<\/td><td class=\"has-text-align-center\" data-align=\"center\">34 mg<\/td><\/tr><tr><td class=\"has-text-align-center\" data-align=\"center\">Fekete tea<\/td><td class=\"has-text-align-center\" data-align=\"center\">42 mg<\/td><\/tr><tr><td class=\"has-text-align-center\" data-align=\"center\">Instant k\u00e1v\u00e9<\/td><td class=\"has-text-align-center\" data-align=\"center\">57 mg<\/td><\/tr><tr><td class=\"has-text-align-center\" data-align=\"center\">Red Bull (1 doboz &#8211; 250 ml)<\/td><td class=\"has-text-align-center\" data-align=\"center\">76 mg<\/td><\/tr><tr><td class=\"has-text-align-center\" data-align=\"center\">Eszpressz\u00f3&nbsp;<\/td><td class=\"has-text-align-center\" data-align=\"center\">77 mg<\/td><\/tr><tr><td class=\"has-text-align-center\" data-align=\"center\">Filteres k\u00e1v\u00e9<\/td><td class=\"has-text-align-center\" data-align=\"center\">163 mg<\/td><\/tr><\/tbody><\/table><\/figure>\n\n\n\n<h2 class=\"wp-block-heading\"><span class=\"ez-toc-section\" id=\"Ajanlott_koffeinmennyiseg\"><\/span>Aj\u00e1nlott koffeinmennyis\u00e9g<span class=\"ez-toc-section-end\"><\/span><\/h2>\n\n\n\n<ul class=\"wp-block-list\">\n<li>Az EFSA (Eur\u00f3pai \u00c9lelmiszerbiztons\u00e1gi Hat\u00f3s\u00e1g) a koffeinbevitel fels\u0151 hat\u00e1r\u00e1t <strong>egy 70 kg-os szem\u00e9ly eset\u00e9ben napi 400 mg-ban<\/strong> hat\u00e1rozta meg, ami <strong>napi 5,7 mg\/kg<\/strong> bevitelnek felel meg.<\/li>\n\n\n\n<li>Adagonk\u00e9nt nem fogyaszthatunk t\u00f6bb, mint <strong>200 mg koffeint<\/strong> (3 mg\/kg) <span style=\"color: #ff6600\">[18]<\/span><\/li>\n\n\n\n<li>Az ISSN (International Society of Sports Nutrition) szerint a <strong>napi 3-6 mg\/kg koffein elegend\u0151 a sportteljes\u00edtm\u00e9ny t\u00e1mogat\u00e1s\u00e1hoz. <\/strong><\/li>\n\n\n\n<li>A t\u00falzott koffeinbevitel, p\u00e9ld\u00e1ul 9 mg\/kg, fokozza a mell\u00e9khat\u00e1sokat, \u00e9s nem val\u00f3sz\u00edn\u0171, hogy pozit\u00edv hat\u00e1ssal van a teljes\u00edtm\u00e9nyre. A t\u00f6bb ebben az esetben nem jobb.<\/li>\n\n\n\n<li>A koffeint<strong> 30-60 perccel<\/strong> edz\u00e9s <strong>el\u0151tt<\/strong> aj\u00e1nlott bevenni. <span style=\"color: #ff6600\">[6]<\/span><\/li>\n<\/ul>\n\n\n\n<div style=\"height:20px\" aria-hidden=\"true\" class=\"wp-block-spacer\"><\/div>\n\n\n\n<h3 class=\"wp-block-heading\">A koffein napi mennyis\u00e9ge tests\u00falyra vet\u00edtve<\/h3>\n\n\n\n<figure class=\"wp-block-table\"><table class=\"has-fixed-layout\"><thead><tr><th class=\"has-text-align-center\" data-align=\"center\"><p style=\"text-align: center\">Testt\u00f6meg<\/p><\/th><th class=\"has-text-align-center\" data-align=\"center\"><p style=\"text-align: center\">Koffein adag napi 3-6 mg\/kg<\/p><\/th><\/tr><\/thead><tbody><tr><td class=\"has-text-align-center\" data-align=\"center\">50 kg<\/td><td class=\"has-text-align-center\" data-align=\"center\">150 &#8211; 300 mg<\/td><\/tr><tr><td class=\"has-text-align-center\" data-align=\"center\">60 kg<\/td><td class=\"has-text-align-center\" data-align=\"center\">180 &#8211; 360 mg<\/td><\/tr><tr><td class=\"has-text-align-center\" data-align=\"center\">70 kg&nbsp;<\/td><td class=\"has-text-align-center\" data-align=\"center\">210 &#8211; 420 mg<\/td><\/tr><tr><td class=\"has-text-align-center\" data-align=\"center\">80 kg&nbsp;<\/td><td class=\"has-text-align-center\" data-align=\"center\">240 &#8211; 480 mg<\/td><\/tr><tr><td class=\"has-text-align-center\" data-align=\"center\">90 kg<\/td><td class=\"has-text-align-center\" data-align=\"center\">270 &#8211; 540 mg<\/td><\/tr><tr><td class=\"has-text-align-center\" data-align=\"center\">100 kg<\/td><td class=\"has-text-align-center\" data-align=\"center\">300 &#8211; 600 mg<\/td><\/tr><\/tbody><\/table><\/figure>\n\n\n\n<h3 class=\"wp-block-heading\">Mely koffeinforr\u00e1sok a legjobbak?<\/h3>\n\n\n\n<ul class=\"wp-block-list\">\n<li>Edz\u00e9s el\u0151tt ihatsz p\u00e9ld\u00e1ul egy friss eszpressz\u00f3t vagy filteres <a class=\"ek-link\" href=\"https:\/\/gymbeam.hu\/brazil-kave-gymbeam.html\" target=\"_blank\" rel=\"noreferrer noopener\" aria-label=\" (opens in a new tab)\"><strong>k\u00e1v\u00e9t<\/strong><\/a>. Ne tejjel vagy cukorral idd, mivel \u00fagy a koffein gyorsabban felsz\u00edv\u00f3dik, r\u00e1ad\u00e1sul plusz kal\u00f3ri\u00e1k sem ker\u00fclnek bele.<\/li>\n\n\n\n<li>Vagy ihatsz <strong><a href=\"https:\/\/gymbeam.hu\/bcaa-energy-drink-250-ml-gymbeam.html\" target=\"_blank\" aria-label=\"BCAA italokat (opens in a new tab)\" rel=\"noreferrer noopener\" class=\"ek-link\">BCAA italokat<\/a><\/strong>, melyek a koffein \u00e9s az aminosavak mellett gyakran vitaminokat \u00e9s \u00e1sv\u00e1nyi anyagokat is tartalmaznak.<\/li>\n\n\n\n<li>A <strong><a href=\"https:\/\/gymbeam.hu\/koffein-90-tabl-gymbeam.html\" target=\"_blank\" aria-label=\"koffein tabletta (opens in a new tab)\" rel=\"noreferrer noopener\" class=\"ek-link\">koffein tabletta<\/a><\/strong> szint\u00e9n j\u00f3 v\u00e1laszt\u00e1s, mivel adagonk\u00e9nt 200 mg koffeint tartalmaz.<\/li>\n\n\n\n<li>Vagy haszn\u00e1lhatsz koffeintartalm\u00fa <a class=\"ek-link\" href=\"https:\/\/gymbeam.hu\/edzes-elotti-stimulansok\" target=\"_blank\" rel=\"noreferrer noopener\" aria-label=\" (opens in a new tab)\">edz\u00e9s el\u0151tti kieg\u00e9sz\u00edt\u0151t<\/a>, <a class=\"ek-link\" href=\"https:\/\/gymbeam.hu\/energy-shot-gymbeam.html\" target=\"_blank\" rel=\"noreferrer noopener\" aria-label=\" (opens in a new tab)\">energia shotot<\/a>, <a class=\"ek-link\" href=\"https:\/\/gymbeam.hu\/energy-caps-gymbeam.html\" target=\"_blank\" rel=\"noreferrer noopener\" aria-label=\" (opens in a new tab)\">kapszul\u00e1t<\/a>&nbsp;vagy <a class=\"ek-link\" href=\"https:\/\/gymbeam.hu\/zsiregeto-green-tea-gymbeam.html\" target=\"_blank\" rel=\"noreferrer noopener\" aria-label=\" (opens in a new tab)\">z\u00f6ld tea-,<\/a> illetve <a class=\"ek-link\" href=\"https:\/\/gymbeam.hu\/bio-guarana-por-gymbeam.html\" target=\"_blank\" rel=\"noreferrer noopener\" aria-label=\" (opens in a new tab)\">guarana<\/a>-kivonatot is.<\/li>\n\n\n\n<li>A koffeint tartalmaz\u00f3<strong> t\u00e1pl\u00e1l\u00e9kkieg\u00e9sz\u00edt\u0151k el\u0151nye,<\/strong> hogy meg lehet mondani, hogy mennyi hat\u00f3anyag jutott be. Sajnos ez a k\u00e1v\u00e9 vagy a tea eset\u00e9ben nem lehets\u00e9ges, ahol sz\u00e1mos t\u00e9nyez\u0151 befoly\u00e1solja a koffeintartalmat.<\/li>\n<\/ul>\n\n\n\n<div style=\"height:20px\" aria-hidden=\"true\" class=\"wp-block-spacer\"><\/div>\n\n\n\n<h2 class=\"wp-block-heading\"><span class=\"ez-toc-section\" id=\"Mire_erdemes_emlekezned\"><\/span>Mire \u00e9rdemes eml\u00e9kezned?<span class=\"ez-toc-section-end\"><\/span><\/h2>\n\n\n\n<p>A koffeinfogyaszt\u00e1s edz\u00e9s el\u0151tt sz\u00e1mos el\u0151nnyel j\u00e1rhat. Ez az anyag <strong>energi\u00e1t ad, felk\u00e9sz\u00edt a fizikai aktivit\u00e1sra \u00e9s n\u00f6veli a teljes\u00edtm\u00e9nyt az edz\u00e9s sor\u00e1n.<\/strong> K\u00e9pes leszel hosszabb ideig edzeni, \u00e9s k\u00f6nnyebben v\u00e9gigcsin\u00e1lni az intenz\u00edvebb edz\u00e9seket. A koffeinnek azonban van egy m\u00e1sik, \u201efeket\u00e9bb\u201d oldala is. K\u00f6nnyen t\u00fall\u00e9phetj\u00fck az aj\u00e1nlott napi bevitelt, ami az \u00e9rz\u00e9kenyebb emberekn\u00e9l em\u00e9szt\u00e9si vagy alv\u00e1si probl\u00e9m\u00e1kat okozhat. Ez\u00e9rt fontos betartani az aj\u00e1nl\u00e1st, \u00e9s k\u00f6zben figyelni a saj\u00e1t tested reakci\u00f3it is. Ez az egyetlen m\u00f3dja annak, hogy a koffeinb\u0151l a lehet\u0151 legt\u00f6bbet hozzd ki.<\/p>\n\n\n\n<div style=\"height:20px\" aria-hidden=\"true\" class=\"wp-block-spacer\"><\/div>\n\n\n\n<p>Ha tetszett a cikk, \u00e9s volt benne valami \u00fajdons\u00e1g, oszd meg ismer\u0151seiddel, hogy \u0151k is megismerhess\u00e9k a koffein edz\u00e9s el\u0151tti fogyaszt\u00e1s\u00e1nak el\u0151nyeit \u00e9s kock\u00e1zatait.<\/p>\n\n\n\n<div class=\"wp-block-columns is-layout-flex wp-container-core-columns-is-layout-9d6595d7 wp-block-columns-is-layout-flex\">\n<div class=\"wp-block-column is-layout-flow wp-block-column-is-layout-flow\"><a href=\"https:\/\/gymbeam.com\/pre-workout-supplements\" target=\"_blank\" class=\"category-button\">\n\t<span class=\"label\">\n\t\tPre-workout Supplements\t<\/span>\n\t<svg class=\"icon-cart\" focusable=\"false\">\n\t\t<use xlink:href=\"#icon-cart\"><\/use>\n\t<\/svg>\n<\/a><\/div>\n\n\n\n<div class=\"wp-block-column is-layout-flow wp-block-column-is-layout-flow\"><a href=\"https:\/\/gymbeam.com\/caffeine\" target=\"_blank\" class=\"category-button\">\n\t<span class=\"label\">\n\t\tCaffeine\t<\/span>\n\t<svg class=\"icon-cart\" focusable=\"false\">\n\t\t<use xlink:href=\"#icon-cart\"><\/use>\n\t<\/svg>\n<\/a><\/div>\n<\/div>\n","protected":false},"excerpt":{"rendered":"<p>Mik a legnagyobb el\u0151nyei \u00e9s h\u00e1tr\u00e1nyai az edz\u00e9s el\u0151tti koffeinbevitelnek? Mennyi az aj\u00e1nlott koffeinadag, \u00e9s \u00e9rdemes id\u0151szakosan kihagyni? Cikk\u00fcnkben minden l\u00e9nyeges k\u00e9rd\u00e9sre v\u00e1laszt kaphatsz.  <\/p>\n","protected":false},"author":129,"featured_media":386745,"comment_status":"open","ping_status":"closed","sticky":false,"template":"","format":"standard","meta":{"_acf_changed":false,"_editorskit_title_hidden":false,"_editorskit_reading_time":10,"_editorskit_is_block_options_detached":false,"_editorskit_block_options_position":"{}","footnotes":""},"categories":[70],"tags":[7482,6372,6732,6504],"filter_section":[],"filter_attribute":[],"class_list":{"0":"post-392195","1":"post","2":"type-post","3":"status-publish","4":"format-standard","5":"has-post-thumbnail","7":"category-taplalek-kiegeszitok","8":"tag-edzes-hu","9":"tag-fogyas","10":"tag-koffein-hu","11":"tag-taplalekkiegeszitok","12":"h-entry","13":"hentry"},"acf":[],"yoast_head":"<!-- This site is optimized with the Yoast SEO plugin v24.4 - https:\/\/yoast.com\/wordpress\/plugins\/seo\/ -->\n<title>Koffeinfogyaszt\u00e1s edz\u00e9s el\u0151tt: Funkci\u00f3k, el\u0151ny\u00f6k, kock\u00e1zatok \u00e9s adagol\u00e1s - GymBeam Blog<\/title>\n<meta name=\"description\" content=\"Milyen el\u0151nyei \u00e9s h\u00e1tr\u00e1nyai vannak a koffeinfogyaszt\u00e1snak edz\u00e9s el\u0151tt? Fokozhatja a teljes\u00edtm\u00e9nyt \u00e9s a fogy\u00e1st. Ne feledkezz\u00fcnk meg az aj\u00e1nlott koffeinmennyis\u00e9gr\u0151l.\" \/>\n<meta name=\"robots\" content=\"index, follow, max-snippet:-1, max-image-preview:large, max-video-preview:-1\" \/>\n<link rel=\"canonical\" href=\"https:\/\/gymbeam.com\/blog\/koffeinfogyasztas-edzes-elott-funkciok-elonyok-kockazatok-es-adagolas\/\" \/>\n<meta property=\"og:type\" content=\"article\" \/>\n<meta property=\"og:title\" content=\"Koffeinfogyaszt\u00e1s edz\u00e9s el\u0151tt: Funkci\u00f3k, el\u0151ny\u00f6k, kock\u00e1zatok \u00e9s adagol\u00e1s - GymBeam Blog\" \/>\n<meta property=\"og:description\" content=\"Milyen el\u0151nyei \u00e9s h\u00e1tr\u00e1nyai vannak a koffeinfogyaszt\u00e1snak edz\u00e9s el\u0151tt? Fokozhatja a teljes\u00edtm\u00e9nyt \u00e9s a fogy\u00e1st. Ne feledkezz\u00fcnk meg az aj\u00e1nlott koffeinmennyis\u00e9gr\u0151l.\" \/>\n<meta property=\"og:url\" content=\"https:\/\/gymbeam.hu\/blog\/koffeinfogyasztas-edzes-elott-funkciok-elonyok-kockazatok-es-adagolas\/\" \/>\n<meta property=\"og:site_name\" content=\"GymBeam Blog\" \/>\n<meta property=\"article:published_time\" content=\"2022-09-15T09:47:11+00:00\" \/>\n<meta property=\"article:modified_time\" content=\"2024-05-29T11:53:55+00:00\" \/>\n<meta property=\"og:image\" content=\"https:\/\/gymbeam.com\/blog\/wp-content\/uploads\/2022\/08\/kofein-FB-.png\" \/>\n\t<meta property=\"og:image:width\" content=\"1200\" \/>\n\t<meta property=\"og:image:height\" content=\"628\" \/>\n\t<meta property=\"og:image:type\" content=\"image\/png\" \/>\n<meta name=\"author\" content=\"Mark\u00e9ta Tesa\u0159ov\u00e1\" \/>\n<meta name=\"twitter:card\" content=\"summary_large_image\" \/>\n<meta name=\"twitter:label1\" content=\"Written by\" \/>\n\t<meta name=\"twitter:data1\" content=\"Mark\u00e9ta Tesa\u0159ov\u00e1\" \/>\n\t<meta name=\"twitter:label2\" content=\"Estimated reading time\" \/>\n\t<meta name=\"twitter:data2\" content=\"19 minutes\" \/>\n<script type=\"application\/ld+json\" class=\"yoast-schema-graph\">{\"@context\":\"https:\/\/schema.org\",\"@graph\":[{\"@type\":\"Article\",\"@id\":\"https:\/\/gymbeam.hu\/blog\/koffeinfogyasztas-edzes-elott-funkciok-elonyok-kockazatok-es-adagolas\/#article\",\"isPartOf\":{\"@id\":\"https:\/\/gymbeam.hu\/blog\/koffeinfogyasztas-edzes-elott-funkciok-elonyok-kockazatok-es-adagolas\/\"},\"author\":{\"name\":\"Mark\u00e9ta Tesa\u0159ov\u00e1\",\"@id\":\"https:\/\/gymbeam.com\/blog\/#\/schema\/person\/b8bb8ce0892d3a067f1d012218d2b95e\"},\"headline\":\"Koffeinfogyaszt\u00e1s edz\u00e9s el\u0151tt: Funkci\u00f3k, el\u0151ny\u00f6k, kock\u00e1zatok \u00e9s adagol\u00e1s\",\"datePublished\":\"2022-09-15T09:47:11+00:00\",\"dateModified\":\"2024-05-29T11:53:55+00:00\",\"mainEntityOfPage\":{\"@id\":\"https:\/\/gymbeam.hu\/blog\/koffeinfogyasztas-edzes-elott-funkciok-elonyok-kockazatok-es-adagolas\/\"},\"wordCount\":3793,\"commentCount\":0,\"publisher\":{\"@id\":\"https:\/\/gymbeam.com\/blog\/#organization\"},\"image\":{\"@id\":\"https:\/\/gymbeam.hu\/blog\/koffeinfogyasztas-edzes-elott-funkciok-elonyok-kockazatok-es-adagolas\/#primaryimage\"},\"thumbnailUrl\":\"https:\/\/gymbeam.com\/blog\/wp-content\/uploads\/2022\/08\/kofein-FB-.png\",\"keywords\":[\"edz\u00e9s\",\"fogy\u00e1s\",\"koffein\",\"t\u00e1pl\u00e1l\u00e9kkieg\u00e9sz\u00edt\u0151k\"],\"articleSection\":[\"T\u00e1pl\u00e1l\u00e9kkieg\u00e9sz\u00edt\u0151k\"],\"inLanguage\":\"en-GB\",\"potentialAction\":[{\"@type\":\"CommentAction\",\"name\":\"Comment\",\"target\":[\"https:\/\/gymbeam.hu\/blog\/koffeinfogyasztas-edzes-elott-funkciok-elonyok-kockazatok-es-adagolas\/#respond\"]}]},{\"@type\":\"WebPage\",\"@id\":\"https:\/\/gymbeam.hu\/blog\/koffeinfogyasztas-edzes-elott-funkciok-elonyok-kockazatok-es-adagolas\/\",\"url\":\"https:\/\/gymbeam.hu\/blog\/koffeinfogyasztas-edzes-elott-funkciok-elonyok-kockazatok-es-adagolas\/\",\"name\":\"Koffeinfogyaszt\u00e1s edz\u00e9s el\u0151tt: Funkci\u00f3k, el\u0151ny\u00f6k, kock\u00e1zatok \u00e9s adagol\u00e1s - GymBeam Blog\",\"isPartOf\":{\"@id\":\"https:\/\/gymbeam.com\/blog\/#website\"},\"primaryImageOfPage\":{\"@id\":\"https:\/\/gymbeam.hu\/blog\/koffeinfogyasztas-edzes-elott-funkciok-elonyok-kockazatok-es-adagolas\/#primaryimage\"},\"image\":{\"@id\":\"https:\/\/gymbeam.hu\/blog\/koffeinfogyasztas-edzes-elott-funkciok-elonyok-kockazatok-es-adagolas\/#primaryimage\"},\"thumbnailUrl\":\"https:\/\/gymbeam.com\/blog\/wp-content\/uploads\/2022\/08\/kofein-FB-.png\",\"datePublished\":\"2022-09-15T09:47:11+00:00\",\"dateModified\":\"2024-05-29T11:53:55+00:00\",\"description\":\"Milyen el\u0151nyei \u00e9s h\u00e1tr\u00e1nyai vannak a koffeinfogyaszt\u00e1snak edz\u00e9s el\u0151tt? Fokozhatja a teljes\u00edtm\u00e9nyt \u00e9s a fogy\u00e1st. Ne feledkezz\u00fcnk meg az aj\u00e1nlott koffeinmennyis\u00e9gr\u0151l.\",\"breadcrumb\":{\"@id\":\"https:\/\/gymbeam.hu\/blog\/koffeinfogyasztas-edzes-elott-funkciok-elonyok-kockazatok-es-adagolas\/#breadcrumb\"},\"inLanguage\":\"en-GB\",\"potentialAction\":[{\"@type\":\"ReadAction\",\"target\":[\"https:\/\/gymbeam.hu\/blog\/koffeinfogyasztas-edzes-elott-funkciok-elonyok-kockazatok-es-adagolas\/\"]}]},{\"@type\":\"ImageObject\",\"inLanguage\":\"en-GB\",\"@id\":\"https:\/\/gymbeam.hu\/blog\/koffeinfogyasztas-edzes-elott-funkciok-elonyok-kockazatok-es-adagolas\/#primaryimage\",\"url\":\"https:\/\/gymbeam.com\/blog\/wp-content\/uploads\/2022\/08\/kofein-FB-.png\",\"contentUrl\":\"https:\/\/gymbeam.com\/blog\/wp-content\/uploads\/2022\/08\/kofein-FB-.png\",\"width\":1200,\"height\":628,\"caption\":\"Kofein p\u0159ed tr\u00e9ninkem: Funkce, v\u00fdhody, rizika a d\u00e1vkov\u00e1n\u00ed\"},{\"@type\":\"BreadcrumbList\",\"@id\":\"https:\/\/gymbeam.hu\/blog\/koffeinfogyasztas-edzes-elott-funkciok-elonyok-kockazatok-es-adagolas\/#breadcrumb\",\"itemListElement\":[{\"@type\":\"ListItem\",\"position\":1,\"name\":\"Home\",\"item\":\"https:\/\/gymbeam.com\/blog\/\"},{\"@type\":\"ListItem\",\"position\":2,\"name\":\"Koffeinfogyaszt\u00e1s edz\u00e9s el\u0151tt: Funkci\u00f3k, el\u0151ny\u00f6k, kock\u00e1zatok \u00e9s adagol\u00e1s\"}]},{\"@type\":\"WebSite\",\"@id\":\"https:\/\/gymbeam.com\/blog\/#website\",\"url\":\"https:\/\/gymbeam.com\/blog\/\",\"name\":\"GymBeam Blog\",\"description\":\"Najnov\u0161ie inform\u00e1cie zo sveta fitness\",\"publisher\":{\"@id\":\"https:\/\/gymbeam.com\/blog\/#organization\"},\"potentialAction\":[{\"@type\":\"SearchAction\",\"target\":{\"@type\":\"EntryPoint\",\"urlTemplate\":\"https:\/\/gymbeam.com\/blog\/?s={search_term_string}\"},\"query-input\":{\"@type\":\"PropertyValueSpecification\",\"valueRequired\":true,\"valueName\":\"search_term_string\"}}],\"inLanguage\":\"en-GB\"},{\"@type\":\"Organization\",\"@id\":\"https:\/\/gymbeam.com\/blog\/#organization\",\"name\":\"GymBeam\",\"url\":\"https:\/\/gymbeam.com\/blog\/\",\"logo\":{\"@type\":\"ImageObject\",\"inLanguage\":\"en-GB\",\"@id\":\"https:\/\/gymbeam.com\/blog\/#\/schema\/logo\/image\/\",\"url\":\"https:\/\/gymbeam.com\/blog\/wp-content\/uploads\/2020\/06\/GymBeam-logo.png\",\"contentUrl\":\"https:\/\/gymbeam.com\/blog\/wp-content\/uploads\/2020\/06\/GymBeam-logo.png\",\"width\":266,\"height\":75,\"caption\":\"GymBeam\"},\"image\":{\"@id\":\"https:\/\/gymbeam.com\/blog\/#\/schema\/logo\/image\/\"}},{\"@type\":\"Person\",\"@id\":\"https:\/\/gymbeam.com\/blog\/#\/schema\/person\/b8bb8ce0892d3a067f1d012218d2b95e\",\"name\":\"Mark\u00e9ta Tesa\u0159ov\u00e1\",\"image\":{\"@type\":\"ImageObject\",\"inLanguage\":\"en-GB\",\"@id\":\"https:\/\/gymbeam.com\/blog\/#\/schema\/person\/image\/\",\"url\":\"https:\/\/gymbeam.ro\/blog\/wp-content\/uploads\/2022\/01\/portret-2016-marketa-tisk-001-1-scaled-e1641386435522-96x96.jpg\",\"contentUrl\":\"https:\/\/gymbeam.ro\/blog\/wp-content\/uploads\/2022\/01\/portret-2016-marketa-tisk-001-1-scaled-e1641386435522-96x96.jpg\",\"caption\":\"Mark\u00e9ta Tesa\u0159ov\u00e1\"},\"description\":\"Mark\u00e9ta Tesa\u0159ov\u00e1 is a nutritional therapist with over 10 years of clinical experience and a certified fitness trainer. She earned a degree in Nutritional Therapy and a Bachelor's degree in Applied Physical Activities from Palack\u00fd University (one of the leading universities in Central Europe). She has experience working as a clinical nutritional therapist in a major university hospital, and from 2017, she worked as a writer for leading regional health and fitness platforms. At GymBeam, she currently holds the position of Product Development Specialist, focusing on the development of innovative products. She is also a sought-after media expert whose insights are regularly quoted by top national business and lifestyle media, including Vogue, Marianne, and iGlanc. She closely specialises in sports nutrition, strength training, and debunking dangerous fitness myths. She bases her articles and speaking appearances at Booster Academy events strictly on Evidence-Based Medicine (EBM). She relies exclusively on scientific data from recognised institutions (ISSN, NSCA) and databases such as PubMed and Examine.com. She puts her professional knowledge of clinical nutrition, product development, and sport into practice daily through weightlifting, strength training, trail running, and cycling.\",\"url\":\"https:\/\/gymbeam.com\/blog\/author\/marketa-tesarova\/\"}]}<\/script>\n<!-- \/ Yoast SEO plugin. -->","yoast_head_json":{"title":"Koffeinfogyaszt\u00e1s edz\u00e9s el\u0151tt: Funkci\u00f3k, el\u0151ny\u00f6k, kock\u00e1zatok \u00e9s adagol\u00e1s - GymBeam Blog","description":"Milyen el\u0151nyei \u00e9s h\u00e1tr\u00e1nyai vannak a koffeinfogyaszt\u00e1snak edz\u00e9s el\u0151tt? Fokozhatja a teljes\u00edtm\u00e9nyt \u00e9s a fogy\u00e1st. Ne feledkezz\u00fcnk meg az aj\u00e1nlott koffeinmennyis\u00e9gr\u0151l.","robots":{"index":"index","follow":"follow","max-snippet":"max-snippet:-1","max-image-preview":"max-image-preview:large","max-video-preview":"max-video-preview:-1"},"canonical":"https:\/\/gymbeam.com\/blog\/koffeinfogyasztas-edzes-elott-funkciok-elonyok-kockazatok-es-adagolas\/","og_type":"article","og_title":"Koffeinfogyaszt\u00e1s edz\u00e9s el\u0151tt: Funkci\u00f3k, el\u0151ny\u00f6k, kock\u00e1zatok \u00e9s adagol\u00e1s - GymBeam Blog","og_description":"Milyen el\u0151nyei \u00e9s h\u00e1tr\u00e1nyai vannak a koffeinfogyaszt\u00e1snak edz\u00e9s el\u0151tt? Fokozhatja a teljes\u00edtm\u00e9nyt \u00e9s a fogy\u00e1st. Ne feledkezz\u00fcnk meg az aj\u00e1nlott koffeinmennyis\u00e9gr\u0151l.","og_url":"https:\/\/gymbeam.hu\/blog\/koffeinfogyasztas-edzes-elott-funkciok-elonyok-kockazatok-es-adagolas\/","og_site_name":"GymBeam Blog","article_published_time":"2022-09-15T09:47:11+00:00","article_modified_time":"2024-05-29T11:53:55+00:00","og_image":[{"width":1200,"height":628,"url":"https:\/\/gymbeam.com\/blog\/wp-content\/uploads\/2022\/08\/kofein-FB-.png","type":"image\/png"}],"author":"Mark\u00e9ta Tesa\u0159ov\u00e1","twitter_card":"summary_large_image","twitter_misc":{"Written by":"Mark\u00e9ta Tesa\u0159ov\u00e1","Estimated reading time":"19 minutes"},"schema":{"@context":"https:\/\/schema.org","@graph":[{"@type":"Article","@id":"https:\/\/gymbeam.hu\/blog\/koffeinfogyasztas-edzes-elott-funkciok-elonyok-kockazatok-es-adagolas\/#article","isPartOf":{"@id":"https:\/\/gymbeam.hu\/blog\/koffeinfogyasztas-edzes-elott-funkciok-elonyok-kockazatok-es-adagolas\/"},"author":{"name":"Mark\u00e9ta Tesa\u0159ov\u00e1","@id":"https:\/\/gymbeam.com\/blog\/#\/schema\/person\/b8bb8ce0892d3a067f1d012218d2b95e"},"headline":"Koffeinfogyaszt\u00e1s edz\u00e9s el\u0151tt: Funkci\u00f3k, el\u0151ny\u00f6k, kock\u00e1zatok \u00e9s adagol\u00e1s","datePublished":"2022-09-15T09:47:11+00:00","dateModified":"2024-05-29T11:53:55+00:00","mainEntityOfPage":{"@id":"https:\/\/gymbeam.hu\/blog\/koffeinfogyasztas-edzes-elott-funkciok-elonyok-kockazatok-es-adagolas\/"},"wordCount":3793,"commentCount":0,"publisher":{"@id":"https:\/\/gymbeam.com\/blog\/#organization"},"image":{"@id":"https:\/\/gymbeam.hu\/blog\/koffeinfogyasztas-edzes-elott-funkciok-elonyok-kockazatok-es-adagolas\/#primaryimage"},"thumbnailUrl":"https:\/\/gymbeam.com\/blog\/wp-content\/uploads\/2022\/08\/kofein-FB-.png","keywords":["edz\u00e9s","fogy\u00e1s","koffein","t\u00e1pl\u00e1l\u00e9kkieg\u00e9sz\u00edt\u0151k"],"articleSection":["T\u00e1pl\u00e1l\u00e9kkieg\u00e9sz\u00edt\u0151k"],"inLanguage":"en-GB","potentialAction":[{"@type":"CommentAction","name":"Comment","target":["https:\/\/gymbeam.hu\/blog\/koffeinfogyasztas-edzes-elott-funkciok-elonyok-kockazatok-es-adagolas\/#respond"]}]},{"@type":"WebPage","@id":"https:\/\/gymbeam.hu\/blog\/koffeinfogyasztas-edzes-elott-funkciok-elonyok-kockazatok-es-adagolas\/","url":"https:\/\/gymbeam.hu\/blog\/koffeinfogyasztas-edzes-elott-funkciok-elonyok-kockazatok-es-adagolas\/","name":"Koffeinfogyaszt\u00e1s edz\u00e9s el\u0151tt: Funkci\u00f3k, el\u0151ny\u00f6k, kock\u00e1zatok \u00e9s adagol\u00e1s - GymBeam Blog","isPartOf":{"@id":"https:\/\/gymbeam.com\/blog\/#website"},"primaryImageOfPage":{"@id":"https:\/\/gymbeam.hu\/blog\/koffeinfogyasztas-edzes-elott-funkciok-elonyok-kockazatok-es-adagolas\/#primaryimage"},"image":{"@id":"https:\/\/gymbeam.hu\/blog\/koffeinfogyasztas-edzes-elott-funkciok-elonyok-kockazatok-es-adagolas\/#primaryimage"},"thumbnailUrl":"https:\/\/gymbeam.com\/blog\/wp-content\/uploads\/2022\/08\/kofein-FB-.png","datePublished":"2022-09-15T09:47:11+00:00","dateModified":"2024-05-29T11:53:55+00:00","description":"Milyen el\u0151nyei \u00e9s h\u00e1tr\u00e1nyai vannak a koffeinfogyaszt\u00e1snak edz\u00e9s el\u0151tt? Fokozhatja a teljes\u00edtm\u00e9nyt \u00e9s a fogy\u00e1st. Ne feledkezz\u00fcnk meg az aj\u00e1nlott koffeinmennyis\u00e9gr\u0151l.","breadcrumb":{"@id":"https:\/\/gymbeam.hu\/blog\/koffeinfogyasztas-edzes-elott-funkciok-elonyok-kockazatok-es-adagolas\/#breadcrumb"},"inLanguage":"en-GB","potentialAction":[{"@type":"ReadAction","target":["https:\/\/gymbeam.hu\/blog\/koffeinfogyasztas-edzes-elott-funkciok-elonyok-kockazatok-es-adagolas\/"]}]},{"@type":"ImageObject","inLanguage":"en-GB","@id":"https:\/\/gymbeam.hu\/blog\/koffeinfogyasztas-edzes-elott-funkciok-elonyok-kockazatok-es-adagolas\/#primaryimage","url":"https:\/\/gymbeam.com\/blog\/wp-content\/uploads\/2022\/08\/kofein-FB-.png","contentUrl":"https:\/\/gymbeam.com\/blog\/wp-content\/uploads\/2022\/08\/kofein-FB-.png","width":1200,"height":628,"caption":"Kofein p\u0159ed tr\u00e9ninkem: Funkce, v\u00fdhody, rizika a d\u00e1vkov\u00e1n\u00ed"},{"@type":"BreadcrumbList","@id":"https:\/\/gymbeam.hu\/blog\/koffeinfogyasztas-edzes-elott-funkciok-elonyok-kockazatok-es-adagolas\/#breadcrumb","itemListElement":[{"@type":"ListItem","position":1,"name":"Home","item":"https:\/\/gymbeam.com\/blog\/"},{"@type":"ListItem","position":2,"name":"Koffeinfogyaszt\u00e1s edz\u00e9s el\u0151tt: Funkci\u00f3k, el\u0151ny\u00f6k, kock\u00e1zatok \u00e9s adagol\u00e1s"}]},{"@type":"WebSite","@id":"https:\/\/gymbeam.com\/blog\/#website","url":"https:\/\/gymbeam.com\/blog\/","name":"GymBeam Blog","description":"Najnov\u0161ie inform\u00e1cie zo sveta fitness","publisher":{"@id":"https:\/\/gymbeam.com\/blog\/#organization"},"potentialAction":[{"@type":"SearchAction","target":{"@type":"EntryPoint","urlTemplate":"https:\/\/gymbeam.com\/blog\/?s={search_term_string}"},"query-input":{"@type":"PropertyValueSpecification","valueRequired":true,"valueName":"search_term_string"}}],"inLanguage":"en-GB"},{"@type":"Organization","@id":"https:\/\/gymbeam.com\/blog\/#organization","name":"GymBeam","url":"https:\/\/gymbeam.com\/blog\/","logo":{"@type":"ImageObject","inLanguage":"en-GB","@id":"https:\/\/gymbeam.com\/blog\/#\/schema\/logo\/image\/","url":"https:\/\/gymbeam.com\/blog\/wp-content\/uploads\/2020\/06\/GymBeam-logo.png","contentUrl":"https:\/\/gymbeam.com\/blog\/wp-content\/uploads\/2020\/06\/GymBeam-logo.png","width":266,"height":75,"caption":"GymBeam"},"image":{"@id":"https:\/\/gymbeam.com\/blog\/#\/schema\/logo\/image\/"}},{"@type":"Person","@id":"https:\/\/gymbeam.com\/blog\/#\/schema\/person\/b8bb8ce0892d3a067f1d012218d2b95e","name":"Mark\u00e9ta Tesa\u0159ov\u00e1","image":{"@type":"ImageObject","inLanguage":"en-GB","@id":"https:\/\/gymbeam.com\/blog\/#\/schema\/person\/image\/","url":"https:\/\/gymbeam.ro\/blog\/wp-content\/uploads\/2022\/01\/portret-2016-marketa-tisk-001-1-scaled-e1641386435522-96x96.jpg","contentUrl":"https:\/\/gymbeam.ro\/blog\/wp-content\/uploads\/2022\/01\/portret-2016-marketa-tisk-001-1-scaled-e1641386435522-96x96.jpg","caption":"Mark\u00e9ta Tesa\u0159ov\u00e1"},"description":"Mark\u00e9ta Tesa\u0159ov\u00e1 is a nutritional therapist with over 10 years of clinical experience and a certified fitness trainer. She earned a degree in Nutritional Therapy and a Bachelor's degree in Applied Physical Activities from Palack\u00fd University (one of the leading universities in Central Europe). She has experience working as a clinical nutritional therapist in a major university hospital, and from 2017, she worked as a writer for leading regional health and fitness platforms. At GymBeam, she currently holds the position of Product Development Specialist, focusing on the development of innovative products. She is also a sought-after media expert whose insights are regularly quoted by top national business and lifestyle media, including Vogue, Marianne, and iGlanc. She closely specialises in sports nutrition, strength training, and debunking dangerous fitness myths. She bases her articles and speaking appearances at Booster Academy events strictly on Evidence-Based Medicine (EBM). She relies exclusively on scientific data from recognised institutions (ISSN, NSCA) and databases such as PubMed and Examine.com. She puts her professional knowledge of clinical nutrition, product development, and sport into practice daily through weightlifting, strength training, trail running, and cycling.","url":"https:\/\/gymbeam.com\/blog\/author\/marketa-tesarova\/"}]}},"_links":{"self":[{"href":"https:\/\/gymbeam.com\/blog\/wp-json\/wp\/v2\/posts\/392195","targetHints":{"allow":["GET"]}}],"collection":[{"href":"https:\/\/gymbeam.com\/blog\/wp-json\/wp\/v2\/posts"}],"about":[{"href":"https:\/\/gymbeam.com\/blog\/wp-json\/wp\/v2\/types\/post"}],"author":[{"embeddable":true,"href":"https:\/\/gymbeam.com\/blog\/wp-json\/wp\/v2\/users\/129"}],"replies":[{"embeddable":true,"href":"https:\/\/gymbeam.com\/blog\/wp-json\/wp\/v2\/comments?post=392195"}],"version-history":[{"count":2,"href":"https:\/\/gymbeam.com\/blog\/wp-json\/wp\/v2\/posts\/392195\/revisions"}],"predecessor-version":[{"id":572883,"href":"https:\/\/gymbeam.com\/blog\/wp-json\/wp\/v2\/posts\/392195\/revisions\/572883"}],"wp:featuredmedia":[{"embeddable":true,"href":"https:\/\/gymbeam.com\/blog\/wp-json\/wp\/v2\/media\/386745"}],"wp:attachment":[{"href":"https:\/\/gymbeam.com\/blog\/wp-json\/wp\/v2\/media?parent=392195"}],"wp:term":[{"taxonomy":"category","embeddable":true,"href":"https:\/\/gymbeam.com\/blog\/wp-json\/wp\/v2\/categories?post=392195"},{"taxonomy":"post_tag","embeddable":true,"href":"https:\/\/gymbeam.com\/blog\/wp-json\/wp\/v2\/tags?post=392195"},{"taxonomy":"filter_section","embeddable":true,"href":"https:\/\/gymbeam.com\/blog\/wp-json\/wp\/v2\/filter_section?post=392195"},{"taxonomy":"filter_attribute","embeddable":true,"href":"https:\/\/gymbeam.com\/blog\/wp-json\/wp\/v2\/filter_attribute?post=392195"}],"curies":[{"name":"wp","href":"https:\/\/api.w.org\/{rel}","templated":true}]}}