{"id":318017,"date":"2021-12-15T12:39:05","date_gmt":"2021-12-15T11:39:05","guid":{"rendered":"https:\/\/gymbeam.com\/blog\/?p=318017"},"modified":"2024-05-28T10:27:11","modified_gmt":"2024-05-28T08:27:11","slug":"mark-wahlberg-egykor-gyilkossagi-kiserlettel-vadoltak-ma-egy-filmsztar-aki-megvaltoztatta-az-eletet","status":"publish","type":"post","link":"https:\/\/gymbeam.hu\/blog\/mark-wahlberg-egykor-gyilkossagi-kiserlettel-vadoltak-ma-egy-filmsztar-aki-megvaltoztatta-az-eletet\/","title":{"rendered":"Mark Wahlberg: egykor gyilkoss\u00e1gi k\u00eds\u00e9rlettel v\u00e1dolt\u00e1k, ma egy filmszt\u00e1r, aki megv\u00e1ltoztatta az \u00e9let\u00e9t"},"content":{"rendered":"<div id=\"ez-toc-container\" class=\"ez-toc-v2_0_72 ez-toc-wrap-left counter-hierarchy ez-toc-counter ez-toc-custom ez-toc-container-direction\">\n<div class=\"ez-toc-title-container\">\n<p class=\"ez-toc-title\" style=\"cursor:inherit\">Table of Contents<\/p>\n<span class=\"ez-toc-title-toggle\"><\/span><\/div>\n<nav><ul class='ez-toc-list ez-toc-list-level-1 ' ><li class='ez-toc-page-1 ez-toc-heading-level-2'><a class=\"ez-toc-link ez-toc-heading-1\" href=\"https:\/\/gymbeam.hu\/blog\/mark-wahlberg-egykor-gyilkossagi-kiserlettel-vadoltak-ma-egy-filmsztar-aki-megvaltoztatta-az-eletet\/#Egy_tizenharom_eves_kokainfuggo_gyerek\" title=\"Egy tizenh\u00e1rom \u00e9ves kokainf\u00fcgg\u0151 gyerek\">Egy tizenh\u00e1rom \u00e9ves kokainf\u00fcgg\u0151 gyerek<\/a><\/li><li class='ez-toc-page-1 ez-toc-heading-level-2'><a class=\"ez-toc-link ez-toc-heading-2\" href=\"https:\/\/gymbeam.hu\/blog\/mark-wahlberg-egykor-gyilkossagi-kiserlettel-vadoltak-ma-egy-filmsztar-aki-megvaltoztatta-az-eletet\/#Rasszista_indittatasu_testi_sertessel_es_gyilkossagi_kiserlettel_vadoltak\" title=\"Rasszista ind\u00edttat\u00e1s\u00fa testi s\u00e9rt\u00e9ssel \u00e9s gyilkoss\u00e1gi k\u00eds\u00e9rlettel v\u00e1dolt\u00e1k\">Rasszista ind\u00edttat\u00e1s\u00fa testi s\u00e9rt\u00e9ssel \u00e9s gyilkoss\u00e1gi k\u00eds\u00e9rlettel v\u00e1dolt\u00e1k<\/a><\/li><li class='ez-toc-page-1 ez-toc-heading-level-2'><a class=\"ez-toc-link ez-toc-heading-3\" href=\"https:\/\/gymbeam.hu\/blog\/mark-wahlberg-egykor-gyilkossagi-kiserlettel-vadoltak-ma-egy-filmsztar-aki-megvaltoztatta-az-eletet\/#A_dontes_hogy_megvaltoztatja_eletet_a_zenehez_iranyitotta_ot\" title=\"A d\u00f6nt\u00e9s, hogy megv\u00e1ltoztatja \u00e9let\u00e9t, a zen\u00e9hez ir\u00e1ny\u00edtotta \u0151t\">A d\u00f6nt\u00e9s, hogy megv\u00e1ltoztatja \u00e9let\u00e9t, a zen\u00e9hez ir\u00e1ny\u00edtotta \u0151t<\/a><\/li><li class='ez-toc-page-1 ez-toc-heading-level-2'><a class=\"ez-toc-link ez-toc-heading-4\" href=\"https:\/\/gymbeam.hu\/blog\/mark-wahlberg-egykor-gyilkossagi-kiserlettel-vadoltak-ma-egy-filmsztar-aki-megvaltoztatta-az-eletet\/#A_zenekar_feloszlasa_%E2%80%8B%E2%80%8Bes_a_szineszethez_vezeto_ut\" title=\"A zenekar feloszl\u00e1sa \u200b\u200b\u00e9s a sz\u00edn\u00e9szethez vezet\u0151 \u00fat\">A zenekar feloszl\u00e1sa \u200b\u200b\u00e9s a sz\u00edn\u00e9szethez vezet\u0151 \u00fat<\/a><\/li><li class='ez-toc-page-1 ez-toc-heading-level-2'><a class=\"ez-toc-link ez-toc-heading-5\" href=\"https:\/\/gymbeam.hu\/blog\/mark-wahlberg-egykor-gyilkossagi-kiserlettel-vadoltak-ma-egy-filmsztar-aki-megvaltoztatta-az-eletet\/#Megbanas_es_amnesztia_kerese\" title=\"Megb\u00e1n\u00e1s \u00e9s amnesztia k\u00e9r\u00e9se\">Megb\u00e1n\u00e1s \u00e9s amnesztia k\u00e9r\u00e9se<\/a><\/li><li class='ez-toc-page-1 ez-toc-heading-level-2'><a class=\"ez-toc-link ez-toc-heading-6\" href=\"https:\/\/gymbeam.hu\/blog\/mark-wahlberg-egykor-gyilkossagi-kiserlettel-vadoltak-ma-egy-filmsztar-aki-megvaltoztatta-az-eletet\/#Az_aldozatok_a_mai_napig_traumatizaltak\" title=\"Az \u00e1ldozatok a mai napig traumatiz\u00e1ltak\">Az \u00e1ldozatok a mai napig traumatiz\u00e1ltak<\/a><\/li><li class='ez-toc-page-1 ez-toc-heading-level-2'><a class=\"ez-toc-link ez-toc-heading-7\" href=\"https:\/\/gymbeam.hu\/blog\/mark-wahlberg-egykor-gyilkossagi-kiserlettel-vadoltak-ma-egy-filmsztar-aki-megvaltoztatta-az-eletet\/#Rajongok_millioi_es_az_edzes_iranti_szenvedely\" title=\"Rajong\u00f3k milli\u00f3i \u00e9s az edz\u00e9s ir\u00e1nti szenved\u00e9ly\">Rajong\u00f3k milli\u00f3i \u00e9s az edz\u00e9s ir\u00e1nti szenved\u00e9ly<\/a><\/li><li class='ez-toc-page-1 ez-toc-heading-level-2'><a class=\"ez-toc-link ez-toc-heading-8\" href=\"https:\/\/gymbeam.hu\/blog\/mark-wahlberg-egykor-gyilkossagi-kiserlettel-vadoltak-ma-egy-filmsztar-aki-megvaltoztatta-az-eletet\/#Extrem_napi_rutin_ketfazisu_edzessel_mely_hajnali_fel_negykor_kezdodik\" title=\"Extr\u00e9m napi rutin k\u00e9tf\u00e1zis\u00fa edz\u00e9ssel, mely hajnali f\u00e9l n\u00e9gykor kezd\u0151dik\">Extr\u00e9m napi rutin k\u00e9tf\u00e1zis\u00fa edz\u00e9ssel, mely hajnali f\u00e9l n\u00e9gykor kezd\u0151dik<\/a><\/li><li class='ez-toc-page-1 ez-toc-heading-level-2'><a class=\"ez-toc-link ez-toc-heading-9\" href=\"https:\/\/gymbeam.hu\/blog\/mark-wahlberg-egykor-gyilkossagi-kiserlettel-vadoltak-ma-egy-filmsztar-aki-megvaltoztatta-az-eletet\/#Sportos_testet_egy_egykori_ma_mar_elhizott_bokszolo_szerepe_miatt_aldozta_fel\" title=\"Sportos test\u00e9t egy egykori, ma m\u00e1r elh\u00edzott bokszol\u00f3 szerepe miatt \u00e1ldozta fel\">Sportos test\u00e9t egy egykori, ma m\u00e1r elh\u00edzott bokszol\u00f3 szerepe miatt \u00e1ldozta fel<\/a><\/li><li class='ez-toc-page-1 ez-toc-heading-level-2'><a class=\"ez-toc-link ez-toc-heading-10\" href=\"https:\/\/gymbeam.hu\/blog\/mark-wahlberg-egykor-gyilkossagi-kiserlettel-vadoltak-ma-egy-filmsztar-aki-megvaltoztatta-az-eletet\/#Maganelet_a_boldog_hazassag_es_negy_gyermek_jegyeben\" title=\"Mag\u00e1n\u00e9let a boldog h\u00e1zass\u00e1g \u00e9s n\u00e9gy gyermek jegy\u00e9ben\">Mag\u00e1n\u00e9let a boldog h\u00e1zass\u00e1g \u00e9s n\u00e9gy gyermek jegy\u00e9ben<\/a><\/li><li class='ez-toc-page-1 ez-toc-heading-level-2'><a class=\"ez-toc-link ez-toc-heading-11\" href=\"https:\/\/gymbeam.hu\/blog\/mark-wahlberg-egykor-gyilkossagi-kiserlettel-vadoltak-ma-egy-filmsztar-aki-megvaltoztatta-az-eletet\/#Ellentmondasos_nyilatkozatok_a_szeptember_11-ei_helyzetrol\" title=\"Ellentmond\u00e1sos nyilatkozatok a szeptember 11-ei helyzetr\u0151l\">Ellentmond\u00e1sos nyilatkozatok a szeptember 11-ei helyzetr\u0151l<\/a><\/li><\/ul><\/nav><\/div>\n\n<p>Mark Wahlberg egykor modellk\u00e9nt \u00e9s rapperk\u00e9nt volt h\u00edres. Ma legink\u00e1bb hollywoodi sz\u00edn\u00e9szk\u00e9nt ismert, aki tal\u00e1n sokaknak ismer\u0151s. Nagyon n\u00e9pszer\u0171 \u00e9s t\u00f6bb milli\u00f3 rajong\u00f3ja van. B\u00e1r nem sokan tudj\u00e1k, hogy ennek a j\u00f3l ismert sz\u00edn\u00e9sznek s\u00f6t\u00e9t b\u0171n\u00f6z\u0151i m\u00faltja van.\n<\/p>\n\n\n\n<div style=\"height:20px\" aria-hidden=\"true\" class=\"wp-block-spacer\"><\/div>\n\n\n\n<p>Az \u0151 eset\u00e9ben azonban nem csak apr\u00f3 b\u0171ncselekm\u00e9nyekr\u0151l van sz\u00f3, hanem drogokr\u00f3l \u00e9s rasszista ind\u00edttat\u00e1s\u00fa t\u00e1mad\u00e1sokr\u00f3l, s\u0151t gyilkoss\u00e1gi k\u00eds\u00e9rletr\u0151l is. Ma mindez csak egy s\u00f6t\u00e9t eml\u00e9k, amib\u0151l Marknak v\u00e9g\u00fcl siker\u00fclt kiszabadulnia. Megv\u00e1ltoztatta az \u00e9let\u00e9t, megpr\u00f3b\u00e1lta kifizetni ad\u00f3ss\u00e1g\u00e1t a t\u00e1rsadalomnak \u00e9s sokkal jobb emberr\u00e9 v\u00e1lt. Hogyan csin\u00e1lta?<\/p>\n\n\n\n<div style=\"height:20px\" aria-hidden=\"true\" class=\"wp-block-spacer\"><\/div>\n\n\n\n<div class=\"wp-block-group\"><div class=\"wp-block-group__inner-container is-layout-flow wp-block-group-is-layout-flow\">\n<div class=\"wp-block-columns is-layout-flex wp-container-core-columns-is-layout-9d6595d7 wp-block-columns-is-layout-flex\">\n<div class=\"wp-block-column is-layout-flow wp-block-column-is-layout-flow\">\n<figure class=\"wp-block-image size-full\"><img loading=\"lazy\" decoding=\"async\" width=\"774\" height=\"899\" src=\"https:\/\/gymbeam.sk\/blog\/wp-content\/uploads\/2021\/07\/Mark_Wahlberg_6908664833.jpg\" alt=\"Mark Wahlberg\" class=\"wp-image-408849\" title=\"Mark Wahlberg bol ako 13 ro\u010dn\u00fd z\u00e1visl\u00fd na koka\u00edne\" srcset=\"https:\/\/gymbeam.com\/blog\/wp-content\/uploads\/2021\/07\/Mark_Wahlberg_6908664833.jpg 774w, https:\/\/gymbeam.com\/blog\/wp-content\/uploads\/2021\/07\/Mark_Wahlberg_6908664833-344x400.jpg 344w\" sizes=\"auto, (max-width: 774px) 100vw, 774px\" \/><figcaption class=\"wp-element-caption\">A fot\u00f3 szerz\u0151je: Eva Rinaldi<br>https:\/\/commons.wikimedia.org\/wiki\/File:Mark_Wahlberg_(6908664833).jpg<\/figcaption><\/figure>\n<\/div>\n\n\n\n<div class=\"wp-block-column is-layout-flow wp-block-column-is-layout-flow\">\n<h2 class=\"wp-block-heading is-style-h2\"><span class=\"ez-toc-section\" id=\"Egy_tizenharom_eves_kokainfuggo_gyerek\"><\/span>Egy tizenh\u00e1rom \u00e9ves kokainf\u00fcgg\u0151 gyerek<span class=\"ez-toc-section-end\"><\/span><\/h2>\n\n\n\n<p><strong>Mark Robert Michael Wahlberg<\/strong>&nbsp;<strong>1971. j\u00fanius 5-\u00e9n<\/strong>&nbsp;sz\u00fcletett&nbsp;<strong>Bostonban<\/strong>. 9 testv\u00e9re van, akik k\u00f6z\u00fcl \u0151 a legfiatalabb. <span class=\"\">\u00c9desanyja, Alma Elaine banki tisztvisel\u0151 volt, \u00e9desapja, Donald pedig kisteheraut\u00f3-sof\u0151rk\u00e9nt dolgozott. <\/span>Mark gyermekkora nem volt k\u00f6nny\u0171 \u00e9s a probl\u00e9m\u00e1s fi\u00fa <strong>gyorsan r\u00e1tal\u00e1lt a drogokra.<\/strong><\/p>\n\n\n\n<div style=\"height:20px\" aria-hidden=\"true\" class=\"wp-block-spacer\"><\/div>\n\n\n\n<p>Gyakran l\u00e1tunk 13 \u00e9ves fiatalokat, akik el\u0151sz\u00f6r pr\u00f3b\u00e1lj\u00e1k ki a cigarett\u00e1t. Mark Wahlberg azonban ebben a korban m\u00e1r <strong>a kem\u00e9ny drogok, konkr\u00e9tan a kokain rabja<\/strong> volt.&nbsp;Egy \u00e9vvel k\u00e9s\u0151bb abbahagyta az iskol\u00e1t. Mindez csak a szer\u00e9ny kezdete volt b\u0171n\u00f6z\u0151i m\u00faltj\u00e1nak. Pubert\u00e1s kor\u00e1ban a neve m\u00e1r j\u00f3l ismert volt a&nbsp;<strong>bostoni rend\u0151rs\u00e9g k\u00f6r\u00e9ben, hiszen t\u00f6bb mint 25-sz\u00f6r szerepelt a b\u0171n\u00fcgyi nyilv\u00e1ntart\u00e1sban.<\/strong><\/p>\n\n\n\n<div style=\"height:20px\" aria-hidden=\"true\" class=\"wp-block-spacer\"><\/div>\n\n\n\n<h2 class=\"wp-block-heading is-style-h2\"><span class=\"ez-toc-section\" id=\"Rasszista_indittatasu_testi_sertessel_es_gyilkossagi_kiserlettel_vadoltak\"><\/span>Rasszista ind\u00edttat\u00e1s\u00fa testi s\u00e9rt\u00e9ssel \u00e9s gyilkoss\u00e1gi k\u00eds\u00e9rlettel v\u00e1dolt\u00e1k<span class=\"ez-toc-section-end\"><\/span><\/h2>\n\n\n\n<p>A drog k\u00f6zel sem volt a legrosszabb dolog Mark \u00e9let\u00e9ben. Ezzel egy\u00fctt k\u00e9z a k\u00e9zben&nbsp;<strong>borzalmas rasszista ind\u00edttat\u00e1s\u00fa t\u00e1mad\u00e1sok<\/strong> is sz\u00e1radnak a lelkiismeret\u00e9n.<strong>&nbsp;<\/strong>Amikor 15 \u00e9ves volt, a bar\u00e1ti t\u00e1rsas\u00e1g\u00e1val <strong>h\u00e1rom afroamerikait kergetett meg, k\u00f6vekkel dob\u00e1lt\u00e1k meg \u0151ket, mik\u00f6zben rasszista szidalmakat kiab\u00e1ltak.<\/strong><\/p>\n\n\n\n<div style=\"height:20px\" aria-hidden=\"true\" class=\"wp-block-spacer\"><\/div>\n\n\n\n<p>A b\u00edr\u00f3s\u00e1g b\u0171n\u00f6snek tal\u00e1lta ebben az \u00fcgyben, mert megs\u00e9rtette \u00e1ldozatai emberi jogait. Ezenk\u00edv\u00fcl a b\u00edr\u00f3s\u00e1g megtiltotta, hogy rasszista vagy nemzetis\u00e9gi okok miatt b\u00e1rkit t\u00e1madjon, fenyegessen vagy megf\u00e9leml\u00edtsen. De ez sem akad\u00e1lyozta meg az ifj\u00fa Markot.\n<\/p>\n<\/div>\n<\/div>\n<\/div><\/div>\n\n\n\n<p>K\u00e9t \u00e9vvel k\u00e9s\u0151bb m\u00e9g enn\u00e9l is rosszabb eset t\u00f6rt\u00e9nt, amikor <strong>Wahlberg k\u00e1b\u00edt\u00f3szer hat\u00e1sa alatt t\u00e1madt meg k\u00e9t vietnami f\u00e9rfit. <\/strong>A t\u00e1mad\u00e1s sor\u00e1n <strong>rasszista szidalmakat kiab\u00e1lt r\u00e1juk \u00e9s fabottal verte \u0151ket. <\/strong>Egyik\u00fcket addig b\u00e1ntalmazta, am\u00edg az eszm\u00e9let\u00e9t nem vesztette. Ebben az \u00fcgyben Mark Wahlberget <strong>gyilkoss\u00e1gi k\u00eds\u00e9rlettel v\u00e1dolt\u00e1k meg. <\/strong>A b\u00edr\u00f3s\u00e1g v\u00e9g\u00fcl csak testi s\u00e9rt\u00e9sben mondta ki b\u0171n\u00f6snek. A kor\u00e1bbi b\u00edr\u00f3s\u00e1gi tilalom miatt, amely m\u00e1s nemzetis\u00e9g\u0171ek vagy fajok b\u00e1rmilyen m\u00f3don t\u00f6rt\u00e9n\u0151 t\u00e1mad\u00e1s\u00e1ra vonatkozott, az incidenst a b\u00edr\u00f3s\u00e1gi hat\u00e1rozat megs\u00e9rt\u00e9sek\u00e9nt tartott\u00e1k sz\u00e1mon. Az eredm\u00e9ny 2 \u00e9v b\u00f6rt\u00f6nb\u00fcntet\u00e9s lett. Wahlberg azonban v\u00e9g\u00fcl <strong>csak 45 napot \u00fclt.<\/strong><\/p>\n\n\n\n<div style=\"height:20px\" aria-hidden=\"true\" class=\"wp-block-spacer\"><\/div>\n\n\n\n<h2 class=\"wp-block-heading is-style-default\"><span class=\"ez-toc-section\" id=\"A_dontes_hogy_megvaltoztatja_eletet_a_zenehez_iranyitotta_ot\"><\/span>A d\u00f6nt\u00e9s, hogy megv\u00e1ltoztatja \u00e9let\u00e9t, a zen\u00e9hez ir\u00e1ny\u00edtotta \u0151t<span class=\"ez-toc-section-end\"><\/span><\/h2>\n\n\n\n<p>A b\u00f6rt\u00f6nben t\u00f6lt\u00f6tt napjai alatt az ifj\u00fa Mark r\u00e1j\u00f6tt, hogy elpazarolja az \u00e9let\u00e9t. Ez\u00e9rt \u00fagy d\u00f6nt\u00f6tt, hogy megv\u00e1ltozik, \u00e9s <strong>a t\u00e1rsadalom tiszteletrem\u00e9lt\u00f3 tagj\u00e1v\u00e1 v\u00e1lik. <\/strong>Megpr\u00f3b\u00e1lt megszabadulni a b\u0171n\u00f6z\u0151i m\u00faltj\u00e1t\u00f3l \u00e9s visszat\u00e9rt a zen\u00e9l\u00e9shez. Mark testv\u00e9r\u00e9nek, Donnie-nak, volt egy sikeres fi\u00faband\u00e1ja, amely a New Kids On The Block nevet viselte. \u0150 maga is az egyik alap\u00edt\u00f3 tag volt, de akkoriban ink\u00e1bb a b\u0171n\u00f6z\u0151i tev\u00e9kenys\u00e9gek vonzott\u00e1k. A b\u00f6rt\u00f6nb\u0151l val\u00f3 kiszabadul\u00e1sa ut\u00e1n visszat\u00e9rt a New Kids On The Blockhoz, amit k\u00e9s\u0151bb otthagyott \u00e9s bar\u00e1taival egy\u00fctt <strong>megalap\u00edtotta <\/strong><strong>a Marky Mark and the Funky Bunch nev\u0171 hip-hop egy\u00fcttest.<\/strong><\/p>\n\n\n\n<div style=\"height:20px\" aria-hidden=\"true\" class=\"wp-block-spacer\"><\/div>\n\n\n\n<p>Deb\u00fct\u00e1l\u00f3 albumuk a <strong>Music For The People (1991)<\/strong> c\u00edmet kapta \u00e9s nagy sikert aratott. <span class=\"goog-text-highlight\">A <\/span><strong><span class=\"goog-text-highlight\">Top Heatseekers<\/span><\/strong><span class=\"goog-text-highlight\"> els\u0151 <\/span><span class=\"goog-text-highlight\">hely\u00e9n<\/span><span class=\"goog-text-highlight\">,<\/span><strong><span class=\"goog-text-highlight\"> a Billboard 200 toplist\u00e1n pedig a 21. helyen v\u00e9gzett.<\/span><\/strong><span class=\"goog-text-highlight\"> Ezt a sikert a saj\u00e1t videoj\u00e1t\u00e9ka, a Marky Mark and the Funky Bunch: Make My Video sikere k\u00eds\u00e9rte. <\/span>Az album egyik legh\u00edresebb dala a Good Vibration volt.<\/p>\n\n\n\n<div style=\"height:20px\" aria-hidden=\"true\" class=\"wp-block-spacer\"><\/div>\n\n\n\n<p>A dalhoz k\u00e9sz\u00fclt videoklipben Wahlberg megmutatta fitt test\u00e9t, aminek k\u00f6sz\u00f6nhet\u0151en <strong>a tekint\u00e9lyes Calvin Klein m\u00e1rka modelljek\u00e9nt<\/strong> is t\u00fcnd\u00f6k\u00f6lhetett.&nbsp;A modellkarrierje sor\u00e1n Mark kis titk\u00e1ra is f\u00e9ny der\u00fclt. <span class=\"goog-text-highlight\">H\u00e1rom mellbimb\u00f3ja van, amelyek k\u00f6z\u00fcl az egyiket eszt\u00e9tikai okokb\u00f3l Photoshop seg\u00edts\u00e9g\u00e9vel kellett elt\u00e1vol\u00edtani a kamp\u00e1nyfot\u00f3kr\u00f3l.<\/span><\/p>\n\n\n\n<div style=\"height:20px\" aria-hidden=\"true\" class=\"wp-block-spacer\"><\/div>\n\n\n\n<h2 class=\"wp-block-heading is-style-default\"><span class=\"ez-toc-section\" id=\"A_zenekar_feloszlasa_%E2%80%8B%E2%80%8Bes_a_szineszethez_vezeto_ut\"><\/span>A zenekar feloszl\u00e1sa \u200b\u200b\u00e9s a sz\u00edn\u00e9szethez vezet\u0151 \u00fat<span class=\"ez-toc-section-end\"><\/span><\/h2>\n\n\n\n<p>Egy \u00e9vvel k\u00e9s\u0151bb a Marky Mark and the Funky Bunch az els\u0151 albumuk siker\u00e9re pr\u00f3b\u00e1lt meg&nbsp;\u00e9p\u00edteni. Kiadt\u00e1k a You Gotta Believe (1992) lemezt, amely meglehet\u0151sen csal\u00f3d\u00e1st okozott. A banda k\u00e9s\u0151bb feloszlott, <strong>ami a fiatal Markot a sz\u00edn\u00e9szet fel\u00e9 terelte. <\/strong>A <strong>The Substitute (1993) c\u00edm\u0171 <\/strong><strong>telev\u00edzi\u00f3s <\/strong><strong>filmben<\/strong> deb\u00fct\u00e1lt , ahol Marky Mark a hip-hop nev\u00e9t haszn\u00e1lva j\u00e1tszott. Egy \u00e9vvel k\u00e9s\u0151bb <strong>a Renesz\u00e1nsz ember c\u00edm\u0171 h\u00e1bor\u00fas v\u00edgj\u00e1t\u00e9kban<\/strong> j\u00e1tszott egy&nbsp;<strong>kisebb szerepet, Danny DeVito f\u0151szerepl\u00e9s\u00e9vel.<\/strong><\/p>\n\n\n\n<div style=\"height:20px\" aria-hidden=\"true\" class=\"wp-block-spacer\"><\/div>\n\n\n<div class=\"wp-block-image\">\n<figure class=\"aligncenter size-full\"><img loading=\"lazy\" decoding=\"async\" width=\"499\" height=\"443\" src=\"https:\/\/gymbeam.sk\/blog\/wp-content\/uploads\/2021\/07\/5277229971_ac65a8377f.jpg\" alt=\"Mark Wahlberg\" class=\"wp-image-408865\" title=\"Mark Wahlberg vo vojnovej kom\u00e9dii Renaissance Man\" srcset=\"https:\/\/gymbeam.com\/blog\/wp-content\/uploads\/2021\/07\/5277229971_ac65a8377f.jpg 499w, https:\/\/gymbeam.com\/blog\/wp-content\/uploads\/2021\/07\/5277229971_ac65a8377f-400x355.jpg 400w\" sizes=\"auto, (max-width: 499px) 100vw, 499px\" \/><figcaption class=\"wp-element-caption\">A fot\u00f3 szerz\u0151je: Cpl. Shannon McMillan<br>https:\/\/wordpress.org\/openverse\/image\/a82d40cc-b781-40dd-a2e8-6e9f276a95bc&nbsp;<\/figcaption><\/figure>\n<\/div>\n\n\n<p>M\u00e1s jelent\u0151s lehet\u0151s\u00e9get nem kapott eg\u00e9szen 1996-ig, amikor<strong>&nbsp;egy rosszfi\u00fat, David McCallt alak\u00edtotta a Retteg\u00e9s c\u00edm\u0171 thrillerben. <\/strong>Mark Wahlbergnek 1993 \u00f3ta t\u00f6bb tucat filmje volt, ezek k\u00f6z\u00fcl A t\u00e9gla (2006) mindenk\u00e9ppen eml\u00edt\u00e9sre m\u00e9lt\u00f3. A filmet az elismert Martin Scorsese rendezte, az<strong>&nbsp;alak\u00edt\u00e1s\u00e1\u00e9rt Wahlberget pedig Oscar- \u00e9s Golden Globe-d\u00edjra jel\u00f6lt\u00e9k. <\/strong>Ugyanez volt a helyzet&nbsp;<strong>A harcos (2011)<\/strong>&nbsp;c\u00edm\u0171 filmn\u00e9l is, de m\u00e9g ebben az esetben sem v\u00e1ltotta gy\u0151zelemre a jel\u00f6l\u00e9seket.<\/p>\n\n\n\n<div style=\"height:20px\" aria-hidden=\"true\" class=\"wp-block-spacer\"><\/div>\n\n\n\n<h2 class=\"wp-block-heading is-style-default\"><span class=\"ez-toc-section\" id=\"Megbanas_es_amnesztia_kerese\"><\/span>Megb\u00e1n\u00e1s \u00e9s amnesztia k\u00e9r\u00e9se<span class=\"ez-toc-section-end\"><\/span><\/h2>\n\n\n\n<p>A n\u00e9pszer\u0171 sz\u00edn\u00e9sznek nincsenek sz\u00e9p eml\u00e9kei a b\u0171n\u00f6z\u0151 fiatals\u00e1g\u00e1r\u00f3l. T\u00f6bbsz\u00f6r is tiszt\u00e1zni pr\u00f3b\u00e1lta, hogy megb\u00e1nt mindent, amit annak idej\u00e9n tett. 2014-ben <strong>amneszti\u00e1t&nbsp;k\u00e9rt<\/strong>. Ez egy olyan korm\u00e1nyzati kiv\u00e9tel, amely lehet\u0151v\u00e9 teszi a v\u00e1dlott sz\u00e1m\u00e1ra, <strong>hogy megszabaduljon a b\u00fcntet\u0151\u00edt\u00e9let egyes vagy valamennyi jogk\u00f6vetkezm\u00e9ny\u00e9t\u0151l.<\/strong> Ez a kegyelem a b\u00edr\u00f3s\u00e1gi \u00edt\u00e9let el\u0151tt vagy ut\u00e1n is megadhat\u00f3. Wahlberg azzal az indokkal k\u00e9rt amneszti\u00e1t, hogy nagyon fiatal volt a b\u0171ncselekm\u00e9nyek elk\u00f6vet\u00e9sekor.<\/p>\n\n\n\n<div style=\"height:20px\" aria-hidden=\"true\" class=\"wp-block-spacer\"><\/div>\n\n\n\n<p>R\u00e1ad\u00e1sul viselked\u00e9s\u00e9t a&nbsp;<strong>rossz bar\u00e1ti t\u00e1rsas\u00e1g, a drogok \u00e9s az alkohol<\/strong> is <strong>befoly\u00e1solta. <\/strong>Felh\u00edvta a figyelmet <strong>jelenlegi sikeres sz\u00edn\u00e9szi p\u00e1lyafut\u00e1s\u00e1ra,<\/strong> valamint egy\u00e9b tev\u00e9kenys\u00e9geire, amelyekben r\u00e9szt vesz. Ide tartozik <strong>a probl\u00e9m\u00e1s tin\u00e9dzserekkel val\u00f3 munka, a j\u00f3t\u00e9konykod\u00e1s, a filantr\u00f3p tev\u00e9kenys\u00e9ge \u00e9s a sikeres v\u00e1llalkoz\u00e1s. <\/strong>Mindez azt bizony\u00edtja, hogy a sz\u00edn\u00e9sz val\u00f3ban megv\u00e1ltoztatta az \u00e9let\u00e9t. Azt is \u00e1ll\u00edtja, hogy tett\u00e9\u00e9rt sokszor bocs\u00e1natot k\u00e9rt \u00e9s a t\u00e1rsadalom fel\u00e9 fenn\u00e1ll\u00f3 tartoz\u00e1s\u00e1t m\u00e1r visszafizette. Emellett tov\u00e1bbra is igyekszik k\u00fcl\u00f6nf\u00e9le j\u00f3cselekedetekkel p\u00f3tolni a m\u00faltban elk\u00f6vetett hib\u00e1it.<\/p>\n\n\n\n<div style=\"height:20px\" aria-hidden=\"true\" class=\"wp-block-spacer\"><\/div>\n\n\n\n<h2 class=\"wp-block-heading is-style-default\"><span class=\"ez-toc-section\" id=\"Az_aldozatok_a_mai_napig_traumatizaltak\"><\/span>Az \u00e1ldozatok a mai napig traumatiz\u00e1ltak<span class=\"ez-toc-section-end\"><\/span><\/h2>\n\n\n\n<p>Wahlberg b\u0171ncselekm\u00e9nyeinek \u00e1ldozatai azonban m\u00e1sk\u00e9nt l\u00e1tj\u00e1k ezt, k\u00f6zt\u00fck Kristyn Atwood is, aki akkoriban egy fiatal fekete di\u00e1k volt. Jelenleg m\u00e1r egy feln\u0151tt n\u0151.&nbsp;<strong>Szerinte nem kellene amneszti\u00e1t kapnia a h\u00edres sz\u00edn\u00e9sznek.<\/strong> Azt \u00e1ll\u00edtja, hogy a t\u00e1rsadalomban bet\u00f6lt\u00f6tt jelenlegi poz\u00edci\u00f3ja nem ad felment\u00e9st az elk\u00f6vetett cselekm\u00e9nyek al\u00f3l. M\u00e9g mindig rasszist\u00e1nak tekinti \u0151t \u00e9s szerinte nem lenne hely\u00e9nval\u00f3 a kegyelem. R\u00e1ad\u00e1sul <strong>rettegve<\/strong> eml\u00e9kszik vissza az esetre<strong>&nbsp;\u00e9s b\u00e1r nem s\u00e9r\u00fclt meg s\u00falyosan, az egyik \u00fct\u00e9snek m\u00e9g mindig megvan a hege.<\/strong><\/p>\n\n\n\n<div style=\"height:20px\" aria-hidden=\"true\" class=\"wp-block-spacer\"><\/div>\n\n\n\n<p>Azonban egy tan\u00e1r, aki aznap&nbsp;tan\u00faja volt Wahlberg cselekedeteinek, nem \u00e9rt egyet Kristyn Atwooddal. Szerinte mindenki meg\u00e9rdemel egy m\u00e1sodik es\u00e9lyt. Hisz a megbocs\u00e1t\u00e1sban \u00e9s Markot csak rossz gyereknek l\u00e1tta, aki Boston rossz utc\u00e1in n\u0151tt fel \u00e9s nem tett m\u00e1st, mint rossz bar\u00e1tai viselked\u00e9s\u00e9t ut\u00e1nozta.<\/p>\n\n\n\n<div style=\"height:20px\" aria-hidden=\"true\" class=\"wp-block-spacer\"><\/div>\n\n\n\n    <link href=\"https:\/\/gymbeam.com\/blog\/wp-content\/themes\/wp-gymbeam-blog-theme\/css\/vue\/index.css\" rel=\"preload\" as=\"style\">\n    <link href=\"https:\/\/gymbeam.com\/blog\/wp-content\/themes\/wp-gymbeam-blog-theme\/js\/vue\/chunk-vendors.js\" rel=\"preload\" as=\"script\">\n    <link href=\"https:\/\/gymbeam.com\/blog\/wp-content\/themes\/wp-gymbeam-blog-theme\/js\/vue\/index.js\" rel=\"preload\" as=\"script\">\n    <link data-no-optimize=\"1\" href=\"https:\/\/gymbeam.com\/blog\/wp-content\/themes\/wp-gymbeam-blog-theme\/css\/vue\/index.css\" rel=\"stylesheet\">\n\n    <h2>\n        You might be interested in these products:    <\/h2>\n\n    <div data-app=\"recommended\" data-products=\"30342,98443,98794,103996\" ><\/div>\n\n    <script data-no-optimize=\"1\" src=\"https:\/\/gymbeam.com\/blog\/wp-content\/themes\/wp-gymbeam-blog-theme\/js\/vue\/chunk-vendors.js\"><\/script>\n    <script data-no-optimize=\"1\" src=\"https:\/\/gymbeam.com\/blog\/wp-content\/themes\/wp-gymbeam-blog-theme\/js\/vue\/index.js\"><\/script>\n\n\n\n<div style=\"height:20px\" aria-hidden=\"true\" class=\"wp-block-spacer\"><\/div>\n\n\n\n<p>Wahlberg amnesztia ir\u00e1nti t\u00f6rekv\u00e9se \u00e9les nyilv\u00e1nos kritik\u00e1kba \u00fctk\u00f6z\u00f6tt. K\u00e9relm\u00e9t <strong>elutas\u00edtott\u00e1k<\/strong>&nbsp;\u00e9s megb\u00e1nta annak beny\u00fajt\u00e1s\u00e1t. Ez\u00e9rt nem ny\u00fajtott be fellebbez\u00e9st \u00e9s az eg\u00e9sz \u00fcgy lez\u00e1rult. Ugyanakkor h\u00e1l\u00e1s, hogy a t\u00e1rgyal\u00e1s \u00fajraind\u00edt\u00e1sa lehet\u0151v\u00e9 tette sz\u00e1m\u00e1ra, hogy tal\u00e1lkozzon az egyik \u00e1ldozattal, akit\u0151l szem\u00e9lyesen k\u00e9rt bocs\u00e1natot.<\/p>\n\n\n\n<div style=\"height:20px\" aria-hidden=\"true\" class=\"wp-block-spacer\"><\/div>\n\n\n\n<h2 class=\"wp-block-heading is-style-default\"><span class=\"ez-toc-section\" id=\"Rajongok_millioi_es_az_edzes_iranti_szenvedely\"><\/span>Rajong\u00f3k milli\u00f3i \u00e9s az edz\u00e9s ir\u00e1nti szenved\u00e9ly<span class=\"ez-toc-section-end\"><\/span><\/h2>\n\n\n\n<p><strong>Mark Wahlberg t\u00f6bb milli\u00f3 rajong\u00f3t szerzett, miut\u00e1n megv\u00e1ltoztatta az \u00e9let\u00e9t.<\/strong>&nbsp;Az Instagram fi\u00f3kj\u00e1t p\u00e9ld\u00e1ul&nbsp;<a class=\"ek-link\" href=\"https:\/\/www.instagram.com\/markwahlberg\/\" target=\"_blank\" rel=\"noreferrer noopener\" aria-label=\" (opens in a new tab)\">&nbsp;t\u00f6bb mint 17 milli\u00f3an k\u00f6vetik.<\/a>&nbsp;Sz\u00edn\u00e9szi szerepei mellett akt\u00edv \u00e9letm\u00f3dj\u00e1r\u00f3l \u00e9s a testmozg\u00e1s ir\u00e1nti szenved\u00e9ly\u00e9r\u0151l is ismert. Az egyik h\u00e1z\u00e1ban egy <strong>teljesen felszerelt bokszring is tal\u00e1lhat\u00f3 \u00e9s Wahlberg minden otthon\u00e1ban&nbsp;ott a helye egy edz\u0151teremnek.<\/strong><\/p>\n\n\n\n<div style=\"height:20px\" aria-hidden=\"true\" class=\"wp-block-spacer\"><\/div>\n\n\n\n<div class=\"wp-block-group\"><div class=\"wp-block-group__inner-container is-layout-flow wp-block-group-is-layout-flow\">\n<div class=\"wp-block-columns is-layout-flex wp-container-core-columns-is-layout-9d6595d7 wp-block-columns-is-layout-flex\">\n<div class=\"wp-block-column is-layout-flow wp-block-column-is-layout-flow\">\n<figure class=\"wp-block-image size-large is-resized\"><img loading=\"lazy\" decoding=\"async\" width=\"749\" height=\"1124\" src=\"https:\/\/gymbeam.sk\/blog\/wp-content\/uploads\/2021\/07\/Shooter_-_Movie_premiere_439609130-749x1124.jpg\" alt=\"Mark Wahlberg\" class=\"wp-image-408880\" style=\"width:554px;height:831px\" title=\"Mark Wahlberg miluje posil\u0148ovanie\" srcset=\"https:\/\/gymbeam.com\/blog\/wp-content\/uploads\/2021\/07\/Shooter_-_Movie_premiere_439609130-749x1124.jpg 749w, https:\/\/gymbeam.com\/blog\/wp-content\/uploads\/2021\/07\/Shooter_-_Movie_premiere_439609130-267x400.jpg 267w, https:\/\/gymbeam.com\/blog\/wp-content\/uploads\/2021\/07\/Shooter_-_Movie_premiere_439609130-1024x1536.jpg 1024w, https:\/\/gymbeam.com\/blog\/wp-content\/uploads\/2021\/07\/Shooter_-_Movie_premiere_439609130-1365x2048.jpg 1365w, https:\/\/gymbeam.com\/blog\/wp-content\/uploads\/2021\/07\/Shooter_-_Movie_premiere_439609130.jpg 1536w\" sizes=\"auto, (max-width: 749px) 100vw, 749px\" \/><figcaption class=\"wp-element-caption\">A fot\u00f3 szerz\u0151je: S. Pakhrin<br>https:\/\/commons.wikimedia.org\/w\/index.php?curid=25330241<\/figcaption><\/figure>\n<\/div>\n\n\n\n<div class=\"wp-block-column is-layout-flow wp-block-column-is-layout-flow\">\n<p>Az edz\u00e9s k\u00fcl\u00f6nleges helyet foglal el a mindennapi \u00e9let\u00e9ben. Edz\u00e9s ut\u00e1n <strong>k\u00f6nny\u0171 reggelit fogyaszt, amely f\u0151leg <\/strong><a href=\"https:\/\/gymbeam.hu\/zabpelyhek-kasak-es-muzlik\" target=\"_blank\" rel=\"noreferrer noopener\" class=\"ek-link\"><strong> <\/strong><\/a><strong><a href=\"https:\/\/gymbeam.hu\/gabonapelyhek-kasak-es-muzlik\" target=\"_blank\" aria-label=\"zabpelyhet (opens in a new tab)\" rel=\"noreferrer noopener\" class=\"ek-link\">zabpelyhet<\/a>, <\/strong><a href=\"https:\/\/gymbeam.hu\/100-mogyorovaj-gym-beam.html\" target=\"_blank\" rel=\"noreferrer noopener\"><strong>f\u00f6ldimogyor\u00f3vajat <\/strong><\/a><strong>\u00e9s<\/strong><a href=\"https:\/\/gymbeam.hu\/fuesix-feherje-gymbeam.html\" target=\"_blank\" rel=\"noreferrer noopener\"><strong> feh\u00e9rj\u00e9s shake-et <\/strong><\/a>tartalmaz. Mark egy-m\u00e1sf\u00e9l \u00f3r\u00e1ig szokott edzeni, a <strong>teljes test edz\u00e9s\u00e9re<\/strong> \u00f6sszpontos\u00edtva. Edz\u00e9s ut\u00e1ni kedvenc \u00e9telei k\u00f6z\u00e9 tartozik a grillezett <a href=\"https:\/\/gymbeam.hu\/blog\/tag\/csirke\/\" class=\"ek-link\">csirke<\/a>&#8211; vagy <a href=\"https:\/\/gymbeam.hu\/pulykamell-sos-leben-155-g-aldelis.html\" target=\"_blank\" rel=\"noreferrer noopener\"><strong> pulykah\u00fas<\/strong><\/a>, valamint a marhah\u00fas <a href=\"https:\/\/gymbeam.hu\/blog\/tag\/zoldseg\/\" class=\"ek-link\">z\u00f6lds\u00e9gekkel<\/a>.<\/p>\n\n\n\n<div style=\"height:20px\" aria-hidden=\"true\" class=\"wp-block-spacer\"><\/div>\n\n\n\n<h2 class=\"wp-block-heading is-style-h2\"><span class=\"ez-toc-section\" id=\"Extrem_napi_rutin_ketfazisu_edzessel_mely_hajnali_fel_negykor_kezdodik\"><\/span>Extr\u00e9m napi rutin k\u00e9tf\u00e1zis\u00fa edz\u00e9ssel, mely hajnali f\u00e9l n\u00e9gykor kezd\u0151dik<span class=\"ez-toc-section-end\"><\/span><\/h2>\n\n\n\n<p>Mark Wahlberg extr\u00e9m napi rutinj\u00e1val is ki\u00e9rdemelte a tiszteletet, amelyet 2018-ban tett k\u00f6zz\u00e9. A napja hajnali <strong>f\u00e9l n\u00e9gykor<\/strong> kezd\u0151dik.&nbsp;Vall\u00e1si okokb\u00f3l a reggeli higi\u00e9niai rutinja ut\u00e1n 30 percet szentel az im\u00e1dkoz\u00e1snak. K\u00f6r\u00fclbel\u00fcl f\u00e9l \u00f3r\u00e1val a reggeli ut\u00e1n m\u00e1sf\u00e9l \u00f3r\u00e1t sz\u00e1n <strong>a testmozg\u00e1sra. <\/strong>Ezut\u00e1n m\u00e9g egy \u00e9tkez\u00e9s, zuhany, golf \u00e9s egy snack v\u00e1r r\u00e1.<\/p>\n\n\n\n<div style=\"height:20px\" aria-hidden=\"true\" class=\"wp-block-spacer\"><\/div>\n\n\n\n<p>Ezut\u00e1n egy kis <strong>id\u0151t<\/strong>&nbsp;<strong>regener\u00e1l\u00f3d\u00e1ssal<\/strong> t\u00f6lt<strong>&nbsp;krioter\u00e1pia form\u00e1j\u00e1ban. <\/strong>A krioter\u00e1pia nagyon n\u00e9pszer\u0171 a sportol\u00f3k k\u00f6r\u00e9ben, akik az izom- \u00e9s \u00edz\u00fcleti f\u00e1jdalmak enyh\u00edt\u00e9s\u00e9re haszn\u00e1lj\u00e1k.<\/p>\n\n\n\n<div style=\"height:20px\" aria-hidden=\"true\" class=\"wp-block-spacer\"><\/div>\n\n\n\n<p>Ezt k\u00f6veti egy \u00fajabb snack \u00e9s 2 \u00f3ra, amelyet a csal\u00e1ddal, \u00e9rtekezletekkel vagy munkahelyi telefonh\u00edv\u00e1sokkal t\u00f6lt. Ezut\u00e1n van egy \u00f3r\u00e1ja az eb\u00e9dre, amit \u00fajabb megbesz\u00e9l\u00e9sek vagy telefonh\u00edv\u00e1sok v\u00e1ltanak fel. D\u00e9lut\u00e1n 3 \u00f3rakor el kell mennie a gyerekei\u00e9rt az iskol\u00e1ba, majd egy <strong>\u00fajabb snack, a m\u00e1sodik edz\u00e9s, zuhany \u00e9s vacsora k\u00f6vetkezik. <\/strong>Beoszt\u00e1sa szerint a vacsora k\u00e9t \u00f3r\u00e1t foglal el idej\u00e9b\u0151l, mivel ez a nap egy m\u00e1sik r\u00e9sze, amelyet a csal\u00e1dj\u00e1val t\u00f6lt.<\/p>\n\n\n\n<div style=\"height:20px\" aria-hidden=\"true\" class=\"wp-block-spacer\"><\/div>\n\n\n\n<p>Itt&nbsp;<strong>\u00e9r v\u00e9get Mark Wahlberg napja. F\u00e9l 8-kor lefekszik,&nbsp;<\/strong>hogy \u00fajra \u00e1t tudja v\u00e9szelni m\u00e1snap ezt a rutint.<\/p>\n<\/div>\n<\/div>\n<\/div><\/div>\n\n\n\n<h2 class=\"wp-block-heading\"><span class=\"ez-toc-section\" id=\"Sportos_testet_egy_egykori_ma_mar_elhizott_bokszolo_szerepe_miatt_aldozta_fel\"><\/span>Sportos test\u00e9t egy egykori, ma m\u00e1r elh\u00edzott bokszol\u00f3 szerepe miatt \u00e1ldozta fel<span class=\"ez-toc-section-end\"><\/span><\/h2>\n\n\n\n<p>2021-ben <strong>Wahlberg extr\u00e9m rutinja m\u00e1r a m\u00falt\u00e9 volt. <\/strong>Egy \u00faj szerepre k\u00e9sz\u00fclt, a Stu c\u00edm\u0171 filmben, amely egy kicsit m\u00e1sfajta \u00e1talakul\u00e1st ig\u00e9nyelt. Egy nyugd\u00edjas bokszol\u00f3t alak\u00edtott, aki pap lett, \u00e9s <strong>szerepe megk\u00edv\u00e1nta, hogy<\/strong><strong><a class=\"ek-link\" href=\"https:\/\/gymbeam.hu\/blog\/10-tipp-az-egeszseges-testtomegnoveleshez\/\" target=\"_blank\" rel=\"noreferrer noopener\" aria-label=\"r\u00fdchlo pribral (opens in a new tab)\">&nbsp;gyorsan sokat h\u00edzzon<\/a>. <\/strong>Az&nbsp;<a class=\"ek-link\" href=\"https:\/\/www.instagram.com\/p\/CObTGQcrqb3\/?utm_source=ig_embed\" target=\"_blank\" rel=\"noreferrer noopener\" aria-label=\" (opens in a new tab)\">Instagram<\/a>on is k\u00f6zz\u00e9tette \u00e1talakul\u00e1s\u00e1t, ahol k\u00f6sz\u00f6netet mondott a s\u00e9fnek is, aki gondoskodott a kal\u00f3riabevitel\u00e9r\u0151l. Mark feladata az volt, hogy 13 fontot h\u00edzzon, \u00e9s <strong>2000-r\u0151l 7000 napi kal\u00f3ri\u00e1ra<\/strong> v\u00e1ltson.&nbsp;Di\u00e9t\u00e1ja \u00e1ll\u00edt\u00f3lag nyolc \u00e9tkez\u00e9sb\u0151l \u00e1llt.<\/p>\n\n\n\n<div style=\"height:20px\" aria-hidden=\"true\" class=\"wp-block-spacer\"><\/div>\n\n\n\n<p>\u00dagy \u00e1ll\u00edtott\u00e1k \u00f6ssze, hogy Mark ne eshessen t\u00falz\u00e1sokba, mint koll\u00e9g\u00e1ja, <a class=\"ek-link\" href=\"https:\/\/gymbeam.hu\/blog\/christian-bale-az-extrem-testatalakitasok-kiralya-hollywoodban-aki-mindossze-6-honap-alatt-majdnem-megduplazta-a-testsulyat\/\" target=\"_blank\" rel=\"noreferrer noopener\" aria-label=\" (opens in a new tab)\">Christian Bale<\/a>, hanem hogy a lehet\u0151 legeg\u00e9szs\u00e9gesebb m\u00f3don h\u00edzzon. Nagyj\u00e1b\u00f3l <strong>3 \u00f3r\u00e1nk\u00e9nt<\/strong> evett&nbsp;<strong>\u00e9s az \u00e9trendje tele volt \u00f6sszetett sz\u00e9nhidr\u00e1tokkal, feh\u00e9rj\u00e9vel \u00e9s sok toj\u00e1ssal. <\/strong>K\u00e9t h\u00e9t eltelt\u00e9vel, napi 7000 kcal bevitellel, a sz\u00edn\u00e9sz a m\u00e1sodik f\u00e1zisba l\u00e9pett, ahol a k\u00f6vetkez\u0151 k\u00e9t h\u00e9t alatt <strong>11 000 kcal-ra<\/strong> <strong>emelkedett a napi kal\u00f3riabevitele<\/strong>. Wahlbergnek eleinte tetszettek ezek a tervek, mert v\u00e9gre azt ehetett, amit csak akart. K\u00e9s\u0151bb azonban azt mondta, hogy ez csak egy ideig volt sz\u00f3rakoztat\u00f3, mert <strong>ilyen mennyis\u00e9g\u0171 kal\u00f3ri\u00e1t bevinni egy\u00e1ltal\u00e1n nem volt egyszer\u0171.<\/strong><\/p>\n\n\n\n<div style=\"height:20px\" aria-hidden=\"true\" class=\"wp-block-spacer\"><\/div>\n\n\n\n<h2 class=\"wp-block-heading is-style-default\"><span class=\"ez-toc-section\" id=\"Maganelet_a_boldog_hazassag_es_negy_gyermek_jegyeben\"><\/span>Mag\u00e1n\u00e9let a boldog h\u00e1zass\u00e1g \u00e9s n\u00e9gy gyermek jegy\u00e9ben<span class=\"ez-toc-section-end\"><\/span><\/h2>\n\n\n\n<p>Mag\u00e1n\u00e9let\u00e9t tekintve Wahlberg <strong>boldog h\u00e1zass\u00e1gban<\/strong> \u00e9l <strong>Rhea Durham amerikai modellel, <\/strong>aki sz\u00e1mos tekint\u00e9lyes divatmagazin, k\u00f6zt\u00fck a Vogue \u00e9s az Elle c\u00edmlapj\u00e1n is szerepelt. 2001-ben tal\u00e1lkoztak, \u00e9s Mark azt \u00e1ll\u00edtja, hogy <strong>Rhe\u00e1val val\u00f3 tal\u00e1lkoz\u00e1s lehet\u0151v\u00e9 tette sz\u00e1m\u00e1ra, hogy \u00fajra higgyen a szerelemben. <\/strong>K\u00e9t l\u00e1nyuk van, Ella \u00e9s Grace, valamint k\u00e9t fiuk, Brendan \u00e9s Michael.<\/p>\n\n\n\n<div style=\"height:20px\" aria-hidden=\"true\" class=\"wp-block-spacer\"><\/div>\n\n\n\n<p>Mark Wahlberg szerencs\u00e9je azonban nem csak a fantasztikus csal\u00e1dj\u00e1ra terjed ki. Rep\u00fcl\u0151jegye volt arra a&nbsp;<strong>g\u00e9pre, amely szeptember 11-\u00e9n a World Trade Centerbe csap\u00f3dott.<\/strong> Ez volt az Egyes\u00fclt \u00c1llamok t\u00f6rt\u00e9net\u00e9nek egyik legtragikusabb terrort\u00e1mad\u00e1sa. Wahlberg azonban <strong>az utols\u00f3 pillanatban meggondolta mag\u00e1t<\/strong>&nbsp;\u00e9s helyette rep\u00fcl\u0151t b\u00e9relt bar\u00e1taival, hogy elmenjen a toront\u00f3i filmfesztiv\u00e1lra, Kanad\u00e1ba. Ma h\u00e1l\u00e1s, hogy t\u00fal\u00e9lte a terrort\u00e1mad\u00e1st.<\/p>\n\n\n\n<div style=\"height:20px\" aria-hidden=\"true\" class=\"wp-block-spacer\"><\/div>\n\n\n\n<h2 class=\"wp-block-heading is-style-default\"><span class=\"ez-toc-section\" id=\"Ellentmondasos_nyilatkozatok_a_szeptember_11-ei_helyzetrol\"><\/span>Ellentmond\u00e1sos nyilatkozatok a szeptember 11-ei helyzetr\u0151l<span class=\"ez-toc-section-end\"><\/span><\/h2>\n\n\n\n<p>M\u00e1sr\u00e9szt olyan kijelent\u00e9seket tett, amelyek\u00e9rt kem\u00e9ny b\u00edr\u00e1lat \u00e9rte. Azt mondta, hogy <strong>ha a g\u00e9p fed\u00e9lzet\u00e9n lett volna, legy\u0151zte volna a terrorist\u00e1kat \u00e9s nem t\u00f6rt\u00e9nt volna meg a t\u00e1mad\u00e1s.<\/strong> Elmond\u00e1sa szerint sok v\u00e9r lett volna a kabinban, de a rep\u00fcl\u0151g\u00e9p biztons\u00e1gosan lesz\u00e1llt volna valahol. K\u00e9s\u0151bb azonban <strong>megb\u00e1nta ezeket a kijelent\u00e9seket \u00e9s elismerte, hogy nem volt hely\u00e9nval\u00f3 spekul\u00e1lni err\u0151l a tragikus esem\u00e9nyr\u0151l.<\/strong> Elismerte, hogy kijelent\u00e9sei \u00fagy hangzottak, mintha a g\u00e9p utasai felel\u0151tlenek lettek volna \u00e9s nem pr\u00f3b\u00e1ltak volna megakad\u00e1lyozni a t\u00f6rt\u00e9nteket. M\u00e9lyen eln\u00e9z\u00e9st k\u00e9rt az \u00e1ldozatokt\u00f3l \u00e9s biztos\u00edtotta \u0151ket arr\u00f3l, hogy nem akart tiszteletlennek t\u0171nni.<\/p>\n\n\n\n<div style=\"height:20px\" aria-hidden=\"true\" class=\"wp-block-spacer\"><\/div>\n\n\n\n<div class=\"wp-block-columns is-layout-flex wp-container-core-columns-is-layout-9d6595d7 wp-block-columns-is-layout-flex\">\n<div class=\"wp-block-column is-layout-flow wp-block-column-is-layout-flow\" style=\"flex-basis:25%\"><\/div>\n\n\n\n<div class=\"wp-block-column is-layout-flow wp-block-column-is-layout-flow\" style=\"flex-basis:50%\">\n<figure class=\"wp-block-embed is-type-video is-provider-youtube wp-block-embed-youtube wp-embed-aspect-16-9 wp-has-aspect-ratio\"><div class=\"wp-block-embed__wrapper\">\n<iframe loading=\"lazy\" title=\"Mark Wahlberg l sz\u00edn\u00e9sz, modell \u00e9s sportim\u00e1d\u00f3 \ud83c\udfc3 l Fitness Facts\" width=\"1140\" height=\"641\" src=\"https:\/\/www.youtube.com\/embed\/9XSCFBFsiTw?feature=oembed\" frameborder=\"0\" allow=\"accelerometer; autoplay; clipboard-write; encrypted-media; gyroscope; picture-in-picture; web-share\" allowfullscreen><\/iframe>\n<\/div><\/figure>\n<\/div>\n\n\n\n<div class=\"wp-block-column is-layout-flow wp-block-column-is-layout-flow\" style=\"flex-basis:25%\"><\/div>\n<\/div>\n\n\n\n<div style=\"height:20px\" aria-hidden=\"true\" class=\"wp-block-spacer\"><\/div>\n\n\n\n<p>Mi a v\u00e9lem\u00e9nyed err\u0151l a h\u00edres amerikai sz\u00edn\u00e9szr\u0151l? Gondolod, hogy mivel megv\u00e1ltoztatta az \u00e9let\u00e9t, meg\u00e9rdemli a bocs\u00e1natot a fiatal kor\u00e1ban tett b\u0171ncselekm\u00e9nyei\u00e9rt? Te k\u00e9pes lenn\u00e9l \u00fagy edzeni \u00e9s olyan napi rutint k\u00f6vetni, mint \u0151? Ha tetszett a cikk, ne felejtsd el megosztani a bar\u00e1taiddal.\n<\/p>\n\n\n\n<div style=\"height:20px\" aria-hidden=\"true\" class=\"wp-block-spacer\"><\/div>\n\n\n\n<div class=\"wp-block-columns is-layout-flex wp-container-core-columns-is-layout-9d6595d7 wp-block-columns-is-layout-flex\">\n<div class=\"wp-block-column is-layout-flow wp-block-column-is-layout-flow\"><a href=\"https:\/\/gymbeam.com\/sports-nutrition\" target=\"_blank\" class=\"category-button\">\n\t<span class=\"label\">\n\t\tSports nutrition\t<\/span>\n\t<svg class=\"icon-cart\" focusable=\"false\">\n\t\t<use xlink:href=\"#icon-cart\"><\/use>\n\t<\/svg>\n<\/a><\/div>\n\n\n\n<div class=\"wp-block-column is-layout-flow wp-block-column-is-layout-flow\"><a href=\"https:\/\/gymbeam.com\/home-workout\" target=\"_blank\" class=\"category-button\">\n\t<span class=\"label\">\n\t\tHome workout\t<\/span>\n\t<svg class=\"icon-cart\" focusable=\"false\">\n\t\t<use xlink:href=\"#icon-cart\"><\/use>\n\t<\/svg>\n<\/a><\/div>\n<\/div>\n","protected":false},"excerpt":{"rendered":"<p>Mark Wahlberg egy s\u00f6t\u00e9t b\u0171n\u00f6z\u0151i m\u00falttal rendelkez\u0151 amerikai sz\u00edn\u00e9sz. De azt\u00e1n elkezdett edzeni \u00e9s megv\u00e1ltoztatta az \u00e9let\u00e9t. Hogyan?<\/p>\n","protected":false},"author":120,"featured_media":408903,"comment_status":"open","ping_status":"closed","sticky":false,"template":"","format":"standard","meta":{"_acf_changed":false,"_editorskit_title_hidden":false,"_editorskit_reading_time":7,"_editorskit_is_block_options_detached":false,"_editorskit_block_options_position":"{}","footnotes":""},"categories":[7788],"tags":[7674,6888],"filter_section":[],"filter_attribute":[],"class_list":{"0":"post-318017","1":"post","2":"type-post","3":"status-publish","4":"format-standard","5":"has-post-thumbnail","7":"category-szemelyisegek-inspiracio","8":"tag-hires-sportolok","9":"tag-motivacio","10":"h-entry","11":"hentry"},"acf":[],"yoast_head":"<!-- This site is optimized with the Yoast SEO plugin v24.4 - https:\/\/yoast.com\/wordpress\/plugins\/seo\/ -->\n<title>Mark Wahlberg: egykor gyilkoss\u00e1gi k\u00eds\u00e9rlettel v\u00e1dolt\u00e1k, ma egy filmszt\u00e1r, aki megv\u00e1ltoztatta az \u00e9let\u00e9t - GymBeam Blog<\/title>\n<meta name=\"description\" content=\"Mark Wahlberg egy s\u00f6t\u00e9t b\u0171n\u00f6z\u0151i m\u00falttal rendelkez\u0151 amerikai sz\u00edn\u00e9sz. De azt\u00e1n elkezdett edzeni \u00e9s megv\u00e1ltoztatta az \u00e9let\u00e9t. Hogyan?\" \/>\n<meta name=\"robots\" content=\"index, follow, max-snippet:-1, max-image-preview:large, max-video-preview:-1\" \/>\n<link rel=\"canonical\" href=\"https:\/\/gymbeam.com\/blog\/mark-wahlberg-egykor-gyilkossagi-kiserlettel-vadoltak-ma-egy-filmsztar-aki-megvaltoztatta-az-eletet\/\" \/>\n<meta property=\"og:type\" content=\"article\" \/>\n<meta property=\"og:title\" content=\"Mark Wahlberg: egykor gyilkoss\u00e1gi k\u00eds\u00e9rlettel v\u00e1dolt\u00e1k, ma egy filmszt\u00e1r, aki megv\u00e1ltoztatta az \u00e9let\u00e9t - GymBeam Blog\" \/>\n<meta property=\"og:description\" content=\"Mark Wahlberg egy s\u00f6t\u00e9t b\u0171n\u00f6z\u0151i m\u00falttal rendelkez\u0151 amerikai sz\u00edn\u00e9sz. De azt\u00e1n elkezdett edzeni \u00e9s megv\u00e1ltoztatta az \u00e9let\u00e9t. Hogyan?\" \/>\n<meta property=\"og:url\" content=\"https:\/\/gymbeam.hu\/blog\/mark-wahlberg-egykor-gyilkossagi-kiserlettel-vadoltak-ma-egy-filmsztar-aki-megvaltoztatta-az-eletet\/\" \/>\n<meta property=\"og:site_name\" content=\"GymBeam Blog\" \/>\n<meta property=\"article:published_time\" content=\"2021-12-15T11:39:05+00:00\" \/>\n<meta property=\"article:modified_time\" content=\"2024-05-28T08:27:11+00:00\" \/>\n<meta property=\"og:image\" content=\"https:\/\/gymbeam.hu\/blog\/wp-content\/uploads\/2021\/07\/1200-x-628-10.png\" \/>\n\t<meta property=\"og:image:width\" content=\"1200\" \/>\n\t<meta property=\"og:image:height\" content=\"628\" \/>\n\t<meta property=\"og:image:type\" content=\"image\/png\" \/>\n<meta name=\"author\" content=\"Ondrej D\u017eurd\u017een\u00edk\" \/>\n<meta name=\"twitter:card\" content=\"summary_large_image\" \/>\n<meta name=\"twitter:label1\" content=\"Written by\" \/>\n\t<meta name=\"twitter:data1\" content=\"Ondrej D\u017eurd\u017een\u00edk\" \/>\n\t<meta name=\"twitter:label2\" content=\"Estimated reading time\" \/>\n\t<meta name=\"twitter:data2\" content=\"10 minutes\" \/>\n<script type=\"application\/ld+json\" class=\"yoast-schema-graph\">{\"@context\":\"https:\/\/schema.org\",\"@graph\":[{\"@type\":\"Article\",\"@id\":\"https:\/\/gymbeam.hu\/blog\/mark-wahlberg-egykor-gyilkossagi-kiserlettel-vadoltak-ma-egy-filmsztar-aki-megvaltoztatta-az-eletet\/#article\",\"isPartOf\":{\"@id\":\"https:\/\/gymbeam.hu\/blog\/mark-wahlberg-egykor-gyilkossagi-kiserlettel-vadoltak-ma-egy-filmsztar-aki-megvaltoztatta-az-eletet\/\"},\"author\":{\"name\":\"Ondrej D\u017eurd\u017een\u00edk\",\"@id\":\"https:\/\/gymbeam.com\/blog\/#\/schema\/person\/703ae2d8f0792227d20499ecd1508ef5\"},\"headline\":\"Mark Wahlberg: egykor gyilkoss\u00e1gi k\u00eds\u00e9rlettel v\u00e1dolt\u00e1k, ma egy filmszt\u00e1r, aki megv\u00e1ltoztatta az \u00e9let\u00e9t\",\"datePublished\":\"2021-12-15T11:39:05+00:00\",\"dateModified\":\"2024-05-28T08:27:11+00:00\",\"mainEntityOfPage\":{\"@id\":\"https:\/\/gymbeam.hu\/blog\/mark-wahlberg-egykor-gyilkossagi-kiserlettel-vadoltak-ma-egy-filmsztar-aki-megvaltoztatta-az-eletet\/\"},\"wordCount\":2760,\"commentCount\":0,\"publisher\":{\"@id\":\"https:\/\/gymbeam.com\/blog\/#organization\"},\"image\":{\"@id\":\"https:\/\/gymbeam.hu\/blog\/mark-wahlberg-egykor-gyilkossagi-kiserlettel-vadoltak-ma-egy-filmsztar-aki-megvaltoztatta-az-eletet\/#primaryimage\"},\"thumbnailUrl\":\"https:\/\/gymbeam.com\/blog\/wp-content\/uploads\/2021\/07\/1200-x-628-10.png\",\"keywords\":[\"h\u00edres sportol\u00f3k\",\"motiv\u00e1ci\u00f3\"],\"articleSection\":[\"Szem\u00e9lyis\u00e9gek \u00e9s inspir\u00e1ci\u00f3\"],\"inLanguage\":\"en-GB\",\"potentialAction\":[{\"@type\":\"CommentAction\",\"name\":\"Comment\",\"target\":[\"https:\/\/gymbeam.hu\/blog\/mark-wahlberg-egykor-gyilkossagi-kiserlettel-vadoltak-ma-egy-filmsztar-aki-megvaltoztatta-az-eletet\/#respond\"]}]},{\"@type\":\"WebPage\",\"@id\":\"https:\/\/gymbeam.hu\/blog\/mark-wahlberg-egykor-gyilkossagi-kiserlettel-vadoltak-ma-egy-filmsztar-aki-megvaltoztatta-az-eletet\/\",\"url\":\"https:\/\/gymbeam.hu\/blog\/mark-wahlberg-egykor-gyilkossagi-kiserlettel-vadoltak-ma-egy-filmsztar-aki-megvaltoztatta-az-eletet\/\",\"name\":\"Mark Wahlberg: egykor gyilkoss\u00e1gi k\u00eds\u00e9rlettel v\u00e1dolt\u00e1k, ma egy filmszt\u00e1r, aki megv\u00e1ltoztatta az \u00e9let\u00e9t - GymBeam Blog\",\"isPartOf\":{\"@id\":\"https:\/\/gymbeam.com\/blog\/#website\"},\"primaryImageOfPage\":{\"@id\":\"https:\/\/gymbeam.hu\/blog\/mark-wahlberg-egykor-gyilkossagi-kiserlettel-vadoltak-ma-egy-filmsztar-aki-megvaltoztatta-az-eletet\/#primaryimage\"},\"image\":{\"@id\":\"https:\/\/gymbeam.hu\/blog\/mark-wahlberg-egykor-gyilkossagi-kiserlettel-vadoltak-ma-egy-filmsztar-aki-megvaltoztatta-az-eletet\/#primaryimage\"},\"thumbnailUrl\":\"https:\/\/gymbeam.com\/blog\/wp-content\/uploads\/2021\/07\/1200-x-628-10.png\",\"datePublished\":\"2021-12-15T11:39:05+00:00\",\"dateModified\":\"2024-05-28T08:27:11+00:00\",\"description\":\"Mark Wahlberg egy s\u00f6t\u00e9t b\u0171n\u00f6z\u0151i m\u00falttal rendelkez\u0151 amerikai sz\u00edn\u00e9sz. De azt\u00e1n elkezdett edzeni \u00e9s megv\u00e1ltoztatta az \u00e9let\u00e9t. Hogyan?\",\"breadcrumb\":{\"@id\":\"https:\/\/gymbeam.hu\/blog\/mark-wahlberg-egykor-gyilkossagi-kiserlettel-vadoltak-ma-egy-filmsztar-aki-megvaltoztatta-az-eletet\/#breadcrumb\"},\"inLanguage\":\"en-GB\",\"potentialAction\":[{\"@type\":\"ReadAction\",\"target\":[\"https:\/\/gymbeam.hu\/blog\/mark-wahlberg-egykor-gyilkossagi-kiserlettel-vadoltak-ma-egy-filmsztar-aki-megvaltoztatta-az-eletet\/\"]}]},{\"@type\":\"ImageObject\",\"inLanguage\":\"en-GB\",\"@id\":\"https:\/\/gymbeam.hu\/blog\/mark-wahlberg-egykor-gyilkossagi-kiserlettel-vadoltak-ma-egy-filmsztar-aki-megvaltoztatta-az-eletet\/#primaryimage\",\"url\":\"https:\/\/gymbeam.com\/blog\/wp-content\/uploads\/2021\/07\/1200-x-628-10.png\",\"contentUrl\":\"https:\/\/gymbeam.com\/blog\/wp-content\/uploads\/2021\/07\/1200-x-628-10.png\",\"width\":1200,\"height\":628,\"caption\":\"Mark Wahlberg\"},{\"@type\":\"BreadcrumbList\",\"@id\":\"https:\/\/gymbeam.hu\/blog\/mark-wahlberg-egykor-gyilkossagi-kiserlettel-vadoltak-ma-egy-filmsztar-aki-megvaltoztatta-az-eletet\/#breadcrumb\",\"itemListElement\":[{\"@type\":\"ListItem\",\"position\":1,\"name\":\"Home\",\"item\":\"https:\/\/gymbeam.com\/blog\/\"},{\"@type\":\"ListItem\",\"position\":2,\"name\":\"Mark Wahlberg: egykor gyilkoss\u00e1gi k\u00eds\u00e9rlettel v\u00e1dolt\u00e1k, ma egy filmszt\u00e1r, aki megv\u00e1ltoztatta az \u00e9let\u00e9t\"}]},{\"@type\":\"WebSite\",\"@id\":\"https:\/\/gymbeam.com\/blog\/#website\",\"url\":\"https:\/\/gymbeam.com\/blog\/\",\"name\":\"GymBeam Blog\",\"description\":\"Najnov\u0161ie inform\u00e1cie zo sveta fitness\",\"publisher\":{\"@id\":\"https:\/\/gymbeam.com\/blog\/#organization\"},\"potentialAction\":[{\"@type\":\"SearchAction\",\"target\":{\"@type\":\"EntryPoint\",\"urlTemplate\":\"https:\/\/gymbeam.com\/blog\/?s={search_term_string}\"},\"query-input\":{\"@type\":\"PropertyValueSpecification\",\"valueRequired\":true,\"valueName\":\"search_term_string\"}}],\"inLanguage\":\"en-GB\"},{\"@type\":\"Organization\",\"@id\":\"https:\/\/gymbeam.com\/blog\/#organization\",\"name\":\"GymBeam\",\"url\":\"https:\/\/gymbeam.com\/blog\/\",\"logo\":{\"@type\":\"ImageObject\",\"inLanguage\":\"en-GB\",\"@id\":\"https:\/\/gymbeam.com\/blog\/#\/schema\/logo\/image\/\",\"url\":\"https:\/\/gymbeam.com\/blog\/wp-content\/uploads\/2020\/06\/GymBeam-logo.png\",\"contentUrl\":\"https:\/\/gymbeam.com\/blog\/wp-content\/uploads\/2020\/06\/GymBeam-logo.png\",\"width\":266,\"height\":75,\"caption\":\"GymBeam\"},\"image\":{\"@id\":\"https:\/\/gymbeam.com\/blog\/#\/schema\/logo\/image\/\"}},{\"@type\":\"Person\",\"@id\":\"https:\/\/gymbeam.com\/blog\/#\/schema\/person\/703ae2d8f0792227d20499ecd1508ef5\",\"name\":\"Ondrej D\u017eurd\u017een\u00edk\",\"image\":{\"@type\":\"ImageObject\",\"inLanguage\":\"en-GB\",\"@id\":\"https:\/\/gymbeam.com\/blog\/#\/schema\/person\/image\/\",\"url\":\"https:\/\/gymbeam.com\/blog\/wp-content\/uploads\/2022\/01\/20180815_134030-1-96x96.jpg\",\"contentUrl\":\"https:\/\/gymbeam.com\/blog\/wp-content\/uploads\/2022\/01\/20180815_134030-1-96x96.jpg\",\"caption\":\"Ondrej D\u017eurd\u017een\u00edk\"},\"description\":\"He fell in love with the world of fitness and healthy lifestyle, which made him discover the joy of exercise. Always a creative type, Ondrej invests the endorphins produced after his workouts into writing articles about nutrition and fitness, and he continuously educates himself on the topic. Aside from all that, his greatest joys are good challenges, movies, music, video games, technologies, good company, spending time in nature, and creamy coffee.\",\"url\":\"https:\/\/gymbeam.com\/blog\/author\/ondrej-dzurdzenik\/\"}]}<\/script>\n<!-- \/ Yoast SEO plugin. -->","yoast_head_json":{"title":"Mark Wahlberg: egykor gyilkoss\u00e1gi k\u00eds\u00e9rlettel v\u00e1dolt\u00e1k, ma egy filmszt\u00e1r, aki megv\u00e1ltoztatta az \u00e9let\u00e9t - GymBeam Blog","description":"Mark Wahlberg egy s\u00f6t\u00e9t b\u0171n\u00f6z\u0151i m\u00falttal rendelkez\u0151 amerikai sz\u00edn\u00e9sz. De azt\u00e1n elkezdett edzeni \u00e9s megv\u00e1ltoztatta az \u00e9let\u00e9t. Hogyan?","robots":{"index":"index","follow":"follow","max-snippet":"max-snippet:-1","max-image-preview":"max-image-preview:large","max-video-preview":"max-video-preview:-1"},"canonical":"https:\/\/gymbeam.com\/blog\/mark-wahlberg-egykor-gyilkossagi-kiserlettel-vadoltak-ma-egy-filmsztar-aki-megvaltoztatta-az-eletet\/","og_type":"article","og_title":"Mark Wahlberg: egykor gyilkoss\u00e1gi k\u00eds\u00e9rlettel v\u00e1dolt\u00e1k, ma egy filmszt\u00e1r, aki megv\u00e1ltoztatta az \u00e9let\u00e9t - GymBeam Blog","og_description":"Mark Wahlberg egy s\u00f6t\u00e9t b\u0171n\u00f6z\u0151i m\u00falttal rendelkez\u0151 amerikai sz\u00edn\u00e9sz. De azt\u00e1n elkezdett edzeni \u00e9s megv\u00e1ltoztatta az \u00e9let\u00e9t. Hogyan?","og_url":"https:\/\/gymbeam.hu\/blog\/mark-wahlberg-egykor-gyilkossagi-kiserlettel-vadoltak-ma-egy-filmsztar-aki-megvaltoztatta-az-eletet\/","og_site_name":"GymBeam Blog","article_published_time":"2021-12-15T11:39:05+00:00","article_modified_time":"2024-05-28T08:27:11+00:00","og_image":[{"width":1200,"height":628,"url":"https:\/\/gymbeam.hu\/blog\/wp-content\/uploads\/2021\/07\/1200-x-628-10.png","type":"image\/png"}],"author":"Ondrej D\u017eurd\u017een\u00edk","twitter_card":"summary_large_image","twitter_misc":{"Written by":"Ondrej D\u017eurd\u017een\u00edk","Estimated reading time":"10 minutes"},"schema":{"@context":"https:\/\/schema.org","@graph":[{"@type":"Article","@id":"https:\/\/gymbeam.hu\/blog\/mark-wahlberg-egykor-gyilkossagi-kiserlettel-vadoltak-ma-egy-filmsztar-aki-megvaltoztatta-az-eletet\/#article","isPartOf":{"@id":"https:\/\/gymbeam.hu\/blog\/mark-wahlberg-egykor-gyilkossagi-kiserlettel-vadoltak-ma-egy-filmsztar-aki-megvaltoztatta-az-eletet\/"},"author":{"name":"Ondrej D\u017eurd\u017een\u00edk","@id":"https:\/\/gymbeam.com\/blog\/#\/schema\/person\/703ae2d8f0792227d20499ecd1508ef5"},"headline":"Mark Wahlberg: egykor gyilkoss\u00e1gi k\u00eds\u00e9rlettel v\u00e1dolt\u00e1k, ma egy filmszt\u00e1r, aki megv\u00e1ltoztatta az \u00e9let\u00e9t","datePublished":"2021-12-15T11:39:05+00:00","dateModified":"2024-05-28T08:27:11+00:00","mainEntityOfPage":{"@id":"https:\/\/gymbeam.hu\/blog\/mark-wahlberg-egykor-gyilkossagi-kiserlettel-vadoltak-ma-egy-filmsztar-aki-megvaltoztatta-az-eletet\/"},"wordCount":2760,"commentCount":0,"publisher":{"@id":"https:\/\/gymbeam.com\/blog\/#organization"},"image":{"@id":"https:\/\/gymbeam.hu\/blog\/mark-wahlberg-egykor-gyilkossagi-kiserlettel-vadoltak-ma-egy-filmsztar-aki-megvaltoztatta-az-eletet\/#primaryimage"},"thumbnailUrl":"https:\/\/gymbeam.com\/blog\/wp-content\/uploads\/2021\/07\/1200-x-628-10.png","keywords":["h\u00edres sportol\u00f3k","motiv\u00e1ci\u00f3"],"articleSection":["Szem\u00e9lyis\u00e9gek \u00e9s inspir\u00e1ci\u00f3"],"inLanguage":"en-GB","potentialAction":[{"@type":"CommentAction","name":"Comment","target":["https:\/\/gymbeam.hu\/blog\/mark-wahlberg-egykor-gyilkossagi-kiserlettel-vadoltak-ma-egy-filmsztar-aki-megvaltoztatta-az-eletet\/#respond"]}]},{"@type":"WebPage","@id":"https:\/\/gymbeam.hu\/blog\/mark-wahlberg-egykor-gyilkossagi-kiserlettel-vadoltak-ma-egy-filmsztar-aki-megvaltoztatta-az-eletet\/","url":"https:\/\/gymbeam.hu\/blog\/mark-wahlberg-egykor-gyilkossagi-kiserlettel-vadoltak-ma-egy-filmsztar-aki-megvaltoztatta-az-eletet\/","name":"Mark Wahlberg: egykor gyilkoss\u00e1gi k\u00eds\u00e9rlettel v\u00e1dolt\u00e1k, ma egy filmszt\u00e1r, aki megv\u00e1ltoztatta az \u00e9let\u00e9t - GymBeam Blog","isPartOf":{"@id":"https:\/\/gymbeam.com\/blog\/#website"},"primaryImageOfPage":{"@id":"https:\/\/gymbeam.hu\/blog\/mark-wahlberg-egykor-gyilkossagi-kiserlettel-vadoltak-ma-egy-filmsztar-aki-megvaltoztatta-az-eletet\/#primaryimage"},"image":{"@id":"https:\/\/gymbeam.hu\/blog\/mark-wahlberg-egykor-gyilkossagi-kiserlettel-vadoltak-ma-egy-filmsztar-aki-megvaltoztatta-az-eletet\/#primaryimage"},"thumbnailUrl":"https:\/\/gymbeam.com\/blog\/wp-content\/uploads\/2021\/07\/1200-x-628-10.png","datePublished":"2021-12-15T11:39:05+00:00","dateModified":"2024-05-28T08:27:11+00:00","description":"Mark Wahlberg egy s\u00f6t\u00e9t b\u0171n\u00f6z\u0151i m\u00falttal rendelkez\u0151 amerikai sz\u00edn\u00e9sz. De azt\u00e1n elkezdett edzeni \u00e9s megv\u00e1ltoztatta az \u00e9let\u00e9t. Hogyan?","breadcrumb":{"@id":"https:\/\/gymbeam.hu\/blog\/mark-wahlberg-egykor-gyilkossagi-kiserlettel-vadoltak-ma-egy-filmsztar-aki-megvaltoztatta-az-eletet\/#breadcrumb"},"inLanguage":"en-GB","potentialAction":[{"@type":"ReadAction","target":["https:\/\/gymbeam.hu\/blog\/mark-wahlberg-egykor-gyilkossagi-kiserlettel-vadoltak-ma-egy-filmsztar-aki-megvaltoztatta-az-eletet\/"]}]},{"@type":"ImageObject","inLanguage":"en-GB","@id":"https:\/\/gymbeam.hu\/blog\/mark-wahlberg-egykor-gyilkossagi-kiserlettel-vadoltak-ma-egy-filmsztar-aki-megvaltoztatta-az-eletet\/#primaryimage","url":"https:\/\/gymbeam.com\/blog\/wp-content\/uploads\/2021\/07\/1200-x-628-10.png","contentUrl":"https:\/\/gymbeam.com\/blog\/wp-content\/uploads\/2021\/07\/1200-x-628-10.png","width":1200,"height":628,"caption":"Mark Wahlberg"},{"@type":"BreadcrumbList","@id":"https:\/\/gymbeam.hu\/blog\/mark-wahlberg-egykor-gyilkossagi-kiserlettel-vadoltak-ma-egy-filmsztar-aki-megvaltoztatta-az-eletet\/#breadcrumb","itemListElement":[{"@type":"ListItem","position":1,"name":"Home","item":"https:\/\/gymbeam.com\/blog\/"},{"@type":"ListItem","position":2,"name":"Mark Wahlberg: egykor gyilkoss\u00e1gi k\u00eds\u00e9rlettel v\u00e1dolt\u00e1k, ma egy filmszt\u00e1r, aki megv\u00e1ltoztatta az \u00e9let\u00e9t"}]},{"@type":"WebSite","@id":"https:\/\/gymbeam.com\/blog\/#website","url":"https:\/\/gymbeam.com\/blog\/","name":"GymBeam Blog","description":"Najnov\u0161ie inform\u00e1cie zo sveta fitness","publisher":{"@id":"https:\/\/gymbeam.com\/blog\/#organization"},"potentialAction":[{"@type":"SearchAction","target":{"@type":"EntryPoint","urlTemplate":"https:\/\/gymbeam.com\/blog\/?s={search_term_string}"},"query-input":{"@type":"PropertyValueSpecification","valueRequired":true,"valueName":"search_term_string"}}],"inLanguage":"en-GB"},{"@type":"Organization","@id":"https:\/\/gymbeam.com\/blog\/#organization","name":"GymBeam","url":"https:\/\/gymbeam.com\/blog\/","logo":{"@type":"ImageObject","inLanguage":"en-GB","@id":"https:\/\/gymbeam.com\/blog\/#\/schema\/logo\/image\/","url":"https:\/\/gymbeam.com\/blog\/wp-content\/uploads\/2020\/06\/GymBeam-logo.png","contentUrl":"https:\/\/gymbeam.com\/blog\/wp-content\/uploads\/2020\/06\/GymBeam-logo.png","width":266,"height":75,"caption":"GymBeam"},"image":{"@id":"https:\/\/gymbeam.com\/blog\/#\/schema\/logo\/image\/"}},{"@type":"Person","@id":"https:\/\/gymbeam.com\/blog\/#\/schema\/person\/703ae2d8f0792227d20499ecd1508ef5","name":"Ondrej D\u017eurd\u017een\u00edk","image":{"@type":"ImageObject","inLanguage":"en-GB","@id":"https:\/\/gymbeam.com\/blog\/#\/schema\/person\/image\/","url":"https:\/\/gymbeam.com\/blog\/wp-content\/uploads\/2022\/01\/20180815_134030-1-96x96.jpg","contentUrl":"https:\/\/gymbeam.com\/blog\/wp-content\/uploads\/2022\/01\/20180815_134030-1-96x96.jpg","caption":"Ondrej D\u017eurd\u017een\u00edk"},"description":"He fell in love with the world of fitness and healthy lifestyle, which made him discover the joy of exercise. Always a creative type, Ondrej invests the endorphins produced after his workouts into writing articles about nutrition and fitness, and he continuously educates himself on the topic. Aside from all that, his greatest joys are good challenges, movies, music, video games, technologies, good company, spending time in nature, and creamy coffee.","url":"https:\/\/gymbeam.com\/blog\/author\/ondrej-dzurdzenik\/"}]}},"_links":{"self":[{"href":"https:\/\/gymbeam.com\/blog\/wp-json\/wp\/v2\/posts\/318017","targetHints":{"allow":["GET"]}}],"collection":[{"href":"https:\/\/gymbeam.com\/blog\/wp-json\/wp\/v2\/posts"}],"about":[{"href":"https:\/\/gymbeam.com\/blog\/wp-json\/wp\/v2\/types\/post"}],"author":[{"embeddable":true,"href":"https:\/\/gymbeam.com\/blog\/wp-json\/wp\/v2\/users\/120"}],"replies":[{"embeddable":true,"href":"https:\/\/gymbeam.com\/blog\/wp-json\/wp\/v2\/comments?post=318017"}],"version-history":[{"count":1,"href":"https:\/\/gymbeam.com\/blog\/wp-json\/wp\/v2\/posts\/318017\/revisions"}],"predecessor-version":[{"id":572119,"href":"https:\/\/gymbeam.com\/blog\/wp-json\/wp\/v2\/posts\/318017\/revisions\/572119"}],"wp:featuredmedia":[{"embeddable":true,"href":"https:\/\/gymbeam.com\/blog\/wp-json\/wp\/v2\/media\/408903"}],"wp:attachment":[{"href":"https:\/\/gymbeam.com\/blog\/wp-json\/wp\/v2\/media?parent=318017"}],"wp:term":[{"taxonomy":"category","embeddable":true,"href":"https:\/\/gymbeam.com\/blog\/wp-json\/wp\/v2\/categories?post=318017"},{"taxonomy":"post_tag","embeddable":true,"href":"https:\/\/gymbeam.com\/blog\/wp-json\/wp\/v2\/tags?post=318017"},{"taxonomy":"filter_section","embeddable":true,"href":"https:\/\/gymbeam.com\/blog\/wp-json\/wp\/v2\/filter_section?post=318017"},{"taxonomy":"filter_attribute","embeddable":true,"href":"https:\/\/gymbeam.com\/blog\/wp-json\/wp\/v2\/filter_attribute?post=318017"}],"curies":[{"name":"wp","href":"https:\/\/api.w.org\/{rel}","templated":true}]}}