{"id":255447,"date":"2021-05-14T15:47:38","date_gmt":"2021-05-14T13:47:38","guid":{"rendered":"https:\/\/gymbeam.com\/blog\/?p=255447"},"modified":"2022-12-18T13:49:24","modified_gmt":"2022-12-18T12:49:24","slug":"steven-seagal-akciohos-a-harcmuveszetek-mestere-es-blues-enekes","status":"publish","type":"post","link":"https:\/\/gymbeam.hu\/blog\/steven-seagal-akciohos-a-harcmuveszetek-mestere-es-blues-enekes\/","title":{"rendered":"Steven Seagal &#8211; akci\u00f3h\u0151s, a harcm\u0171v\u00e9szetek mestere \u00e9s blues \u00e9nekes"},"content":{"rendered":"<div id=\"ez-toc-container\" class=\"ez-toc-v2_0_72 ez-toc-wrap-left counter-hierarchy ez-toc-counter ez-toc-custom ez-toc-container-direction\">\n<div class=\"ez-toc-title-container\">\n<p class=\"ez-toc-title\" style=\"cursor:inherit\">Table of Contents<\/p>\n<span class=\"ez-toc-title-toggle\"><\/span><\/div>\n<nav><ul class='ez-toc-list ez-toc-list-level-1 ' ><li class='ez-toc-page-1 ez-toc-heading-level-2'><a class=\"ez-toc-link ez-toc-heading-1\" href=\"https:\/\/gymbeam.hu\/blog\/steven-seagal-akciohos-a-harcmuveszetek-mestere-es-blues-enekes\/#A_harmuveszetektol_a_mozifilmekig\" title=\"A harm\u0171v\u00e9szetekt\u0151l a mozifilmekig\">A harm\u0171v\u00e9szetekt\u0151l a mozifilmekig<\/a><\/li><li class='ez-toc-page-1 ez-toc-heading-level-2'><a class=\"ez-toc-link ez-toc-heading-2\" href=\"https:\/\/gymbeam.hu\/blog\/steven-seagal-akciohos-a-harcmuveszetek-mestere-es-blues-enekes\/#Seagal_a_zene_iranti_rajongasarol_is_ismert\" title=\"Seagal a zene ir\u00e1nti rajong\u00e1s\u00e1r\u00f3l is ismert\">Seagal a zene ir\u00e1nti rajong\u00e1s\u00e1r\u00f3l is ismert<\/a><\/li><li class='ez-toc-page-1 ez-toc-heading-level-2'><a class=\"ez-toc-link ez-toc-heading-3\" href=\"https:\/\/gymbeam.hu\/blog\/steven-seagal-akciohos-a-harcmuveszetek-mestere-es-blues-enekes\/#Steven_Seagal_szexualis_vadak_kereszttuzeben\" title=\"Steven Seagal szexu\u00e1lis v\u00e1dak keresztt\u00fcz\u00e9ben\">Steven Seagal szexu\u00e1lis v\u00e1dak keresztt\u00fcz\u00e9ben<\/a><\/li><li class='ez-toc-page-1 ez-toc-heading-level-2'><a class=\"ez-toc-link ez-toc-heading-4\" href=\"https:\/\/gymbeam.hu\/blog\/steven-seagal-akciohos-a-harcmuveszetek-mestere-es-blues-enekes\/#Tamogatja_a_kornyzetvedelmet_Putyint_es_harcol_az_allatok_jogaiert\" title=\"T\u00e1mogatja a k\u00f6rnyzetv\u00e9delmet, Putyint \u00e9s harcol az \u00e1llatok jogai\u00e9rt\">T\u00e1mogatja a k\u00f6rnyzetv\u00e9delmet, Putyint \u00e9s harcol az \u00e1llatok jogai\u00e9rt<\/a><\/li><\/ul><\/nav><\/div>\n\n<p>Steven Frederic Seagal 1952. \u00e1prilis 10-\u00e9n l\u00e1tta meg a napvil\u00e1got az amerikai Michigan \u00e1llamban \u00e9s m\u00e1r eg\u00e9szen kicsi kor\u00e1ban <strong>rajongott a harcm\u0171v\u00e9szetek\u00e9rt<\/strong>, valamint a <strong>blues\u00e9rt<\/strong>. 7 \u00e9vesen kezdett el a harcm\u0171v\u00e9szetekkel foglalkozni, el\u0151sz\u00f6r Shito-ryu karat\u00e9zott, majd aikid\u00f3zott. 10 \u00e9vvel k\u00e9s\u0151bb Jap\u00e1nba utazott, hogy a legjobb mesterekt\u0151l tanuljon. A harcm\u0171v\u00e9szetek mellett angolt tan\u00edtott. Nem sokkal k\u00e9s\u0151bb szorgalma hatalmas sikereket hozott: <strong>sz\u00e9p sorban fekete \u00f6vet szerzett karat\u00e9ban, jud\u00f3ban \u00e9s kend\u00f3ban<\/strong>. Mindemellett, \u0151 volt az els\u0151 amerikai Aikido Tenshin Dojo edz\u0151 Oszak\u00e1ban. B\u00fcszk\u00e9n mondhatja el mag\u00e1r\u00f3l, hogy a <strong>90-es \u00e9vek egyik legtehets\u00e9gesebb aikid\u00f3s\u00e1nak tartj\u00e1k.<\/strong><\/p>\n\n\n\n<div style=\"height:20px\" aria-hidden=\"true\" class=\"wp-block-spacer\"><\/div>\n\n\n\n<h2 class=\"wp-block-heading\"><span class=\"ez-toc-section\" id=\"A_harmuveszetektol_a_mozifilmekig\"><\/span>A harm\u0171v\u00e9szetekt\u0151l a mozifilmekig<span class=\"ez-toc-section-end\"><\/span><\/h2>\n\n\n\n<div style=\"height:20px\" aria-hidden=\"true\" class=\"wp-block-spacer\"><\/div>\n\n\n\n<div class=\"wp-block-columns is-layout-flex wp-container-core-columns-is-layout-9d6595d7 wp-block-columns-is-layout-flex\">\n<div class=\"wp-block-column is-layout-flow wp-block-column-is-layout-flow\">\n<figure class=\"wp-block-image size-full\"><img loading=\"lazy\" decoding=\"async\" width=\"734\" height=\"900\" src=\"https:\/\/gymbeam.cz\/blog\/wp-content\/uploads\/2021\/04\/Steven_Seagal_by_Gage_Skidmore.jpg\" alt=\"Steven Seagal\" class=\"wp-image-409383\" srcset=\"https:\/\/gymbeam.com\/blog\/wp-content\/uploads\/2021\/04\/Steven_Seagal_by_Gage_Skidmore.jpg 734w, https:\/\/gymbeam.com\/blog\/wp-content\/uploads\/2021\/04\/Steven_Seagal_by_Gage_Skidmore-326x400.jpg 326w\" sizes=\"auto, (max-width: 734px) 100vw, 734px\" \/><figcaption>A fot\u00f3 szerz\u0151je: Gage Skidmore<br>https:\/\/commons.wikimedia.org\/wiki\/File:Steven_Seagal_by_Gage_Skidmore.jpg <\/figcaption><\/figure>\n<\/div>\n\n\n\n<div class=\"wp-block-column is-layout-flow wp-block-column-is-layout-flow\">\n<p>Seagal a 30-as \u00e9veiben kezdett el\u0151sz\u00f6r a filmiparban dolgozni, az 1982-es The Challenge c. filmben <strong>harcm\u0171v\u00e9szeti koordin\u00e1tork\u00e9nt<\/strong> tev\u00e9kenykedett, majd hasonl\u00f3 szerepet t\u00f6lt\u00f6tt be a Soha ne mondd, hogy soha c. James Bond filmben is. Egyszer pr\u00f3ba k\u00f6zben siker\u00fclt v\u00e9letlen\u00fcl <strong>elt\u00f6rnie Sean Connery csukl\u00f3j\u00e1t<\/strong> is. Egyb\u0151l f\u0151szerepet kapott a Nico &#8211; T\u00f6rv\u00e9nyen k\u00edv\u00fcl c. akci\u00f3filmben, melyben egy harcmester zsarut, Nico Toscanit j\u00e1tszotta. Az elk\u00f6vetkezend\u0151 p\u00e1r \u00e9vben t\u00f6bb produkci\u00f3ban is szerepelt, t\u00f6bbek k\u00f6zt az \u00d6lve vagy halva, a T\u00f6rv\u00e9nyre t\u00f6rve \u00e9s a Hal\u00e1lra jel\u00f6lve c. filmekben. Az 1990-es \u00e9vekben v\u00e1lt igazi <strong>akci\u00f3film sz\u00edn\u00e9ssz\u00e9<\/strong>. Sokan azonban \u00fagy tartj\u00e1k, hogy karrierje legnagyobb cs\u00facs\u00e1t Tommy Lee Jones oldal\u00e1n \u00e9rte el a <strong>Sz\u00e1guld\u00f3 er\u0151dben<\/strong>.<\/p>\n\n\n\n<div style=\"height:20px\" aria-hidden=\"true\" class=\"wp-block-spacer\"><\/div>\n\n\n\n<h3 class=\"wp-block-heading\">Steven Seagal sikertelen filmrendez\u0151i karrierje<\/h3>\n\n\n\n<p>A filmek vil\u00e1g\u00e1ban a sz\u00edn\u00e9szt azonban nem csak sz\u00edn\u00e9szi \u00e9s harcm\u0171v\u00e9szeti tehets\u00e9g\u00e9r\u0151l ismerik. A L\u00e1ngol\u00f3 j\u00e9gben nem csak sz\u00edn\u00e9szk\u00e9nt, de <strong>rendez\u0151k\u00e9nt is megismerhette a vil\u00e1g<\/strong>. A film azonban nem hozta a v\u00e1rt sikereket, amit az is bizony\u00edt, hogy a <strong>legrosszabb rendez\u0151nek j\u00e1r\u00f3 Arany-M\u00e1lna d\u00edjat kapta<\/strong>. Seagalt utolj\u00e1ra az Utols\u00f3 k\u00fcldet\u00e9s, a F\u0151parancsnok \u00e9s a T\u00f6rv\u00e9nyen t\u00fal c\u00edm\u0171 mozifilmekben l\u00e1thattuk szerepelni.<\/p>\n<\/div>\n<\/div>\n\n\n\n<p>A rajong\u00f3inak viszont m\u00e9g semmik\u00e9pp sem szabad b\u00facs\u00fat mondaniuk neki. Kiv\u00e1l\u00f3 fizikum\u00e1nak k\u00f6sz\u00f6nhet\u0151en <strong>nagy es\u00e9llyel l\u00e1thatjuk m\u00e9g a moziv\u00e1sznon<\/strong>. A k\u00e9rd\u00e9s ink\u00e1bb az, hogy melyik sz\u00edn\u00e9sz lesz hajland\u00f3 egy\u00fcttm\u0171k\u00f6dni vele, hiszen k\u00f6ztudottan nem k\u00f6nny\u0171 vele dolgozni. Ugyanis <strong>ny\u00edltan kritiz\u00e1l m\u00e1sokat a sz\u00ednpadon, becsm\u00e9reli sz\u00edn\u00e9szt\u00e1rsait \u00e9s a st\u00e1bot, s\u0151t olykor m\u00e9g vit\u00e1kba \u00e9s vereked\u00e9sekbe is keveredik a sz\u00ednpadon k\u00edv\u00fcl<\/strong>. Ny\u00edlt titok az is, hogy kedve szerint \u00e1t\u00edrogatja a forgat\u00f3k\u00f6nyveket. \u00c9s mit mond ezekr\u0151l maga Seagal?<\/p>\n\n\n\n<div style=\"height:20px\" aria-hidden=\"true\" class=\"wp-block-spacer\"><\/div>\n\n\n\n<p><strong>&#8220;\u00dagy gondolom, ha profikkal dolgozom, egyszer\u0171 velem a munka. Sz\u00e1momra az jelent igazi neh\u00e9zs\u00e9get, ha olyannal kell egy\u00fctt dolgoznom, akinek fogalma sincs mit csin\u00e1l. Hisz ilyenkor a nevem \u00e9s a h\u00edrnevem forog kock\u00e1n.&#8221;<\/strong><\/p>\n\n\n\n<div style=\"height:20px\" aria-hidden=\"true\" class=\"wp-block-spacer\"><\/div>\n\n\n\n<div class=\"wp-block-image\"><figure class=\"aligncenter size-large is-resized\"><img loading=\"lazy\" decoding=\"async\" src=\"https:\/\/gymbeam.cz\/blog\/wp-content\/uploads\/2021\/04\/Steven_Seagal_Russia_2016-1124x693.jpg\" alt=\"Steven Seagal\" class=\"wp-image-409399\" width=\"843\" height=\"520\" title=\"Jak\u00e9 jsou nejlep\u0161\u00ed filmy se Stevenem Seagalem\" srcset=\"https:\/\/gymbeam.com\/blog\/wp-content\/uploads\/2021\/04\/Steven_Seagal_Russia_2016-1124x693.jpg 1124w, https:\/\/gymbeam.com\/blog\/wp-content\/uploads\/2021\/04\/Steven_Seagal_Russia_2016-400x247.jpg 400w, https:\/\/gymbeam.com\/blog\/wp-content\/uploads\/2021\/04\/Steven_Seagal_Russia_2016.jpg 1200w\" sizes=\"auto, (max-width: 843px) 100vw, 843px\" \/><figcaption>A fot\u00f3 szerz\u0151je: Press Service of the President of Russia<br>https:\/\/commons.wikimedia.org\/wiki\/File:Steven_Seagal_Russia_2016.jpg <\/figcaption><\/figure><\/div>\n\n\n\n    <link href=\"https:\/\/gymbeam.com\/blog\/wp-content\/themes\/wp-gymbeam-blog-theme\/css\/vue\/index.css\" rel=\"preload\" as=\"style\">\n    <link href=\"https:\/\/gymbeam.com\/blog\/wp-content\/themes\/wp-gymbeam-blog-theme\/js\/vue\/chunk-vendors.js\" rel=\"preload\" as=\"script\">\n    <link href=\"https:\/\/gymbeam.com\/blog\/wp-content\/themes\/wp-gymbeam-blog-theme\/js\/vue\/index.js\" rel=\"preload\" as=\"script\">\n    <link data-no-optimize=\"1\" href=\"https:\/\/gymbeam.com\/blog\/wp-content\/themes\/wp-gymbeam-blog-theme\/css\/vue\/index.css\" rel=\"stylesheet\">\n\n    <h2>\n        You might be interested in these products:    <\/h2>\n\n    <div data-app=\"recommended\" data-products=\"5525,6741,32704,98443,98794\" ><\/div>\n\n    <script data-no-optimize=\"1\" src=\"https:\/\/gymbeam.com\/blog\/wp-content\/themes\/wp-gymbeam-blog-theme\/js\/vue\/chunk-vendors.js\"><\/script>\n    <script data-no-optimize=\"1\" src=\"https:\/\/gymbeam.com\/blog\/wp-content\/themes\/wp-gymbeam-blog-theme\/js\/vue\/index.js\"><\/script>\n\n\n\n<div style=\"height:20px\" aria-hidden=\"true\" class=\"wp-block-spacer\"><\/div>\n\n\n\n<h2 class=\"wp-block-heading\"><span class=\"ez-toc-section\" id=\"Seagal_a_zene_iranti_rajongasarol_is_ismert\"><\/span>Seagal a zene ir\u00e1nti rajong\u00e1s\u00e1r\u00f3l is ismert<span class=\"ez-toc-section-end\"><\/span><\/h2>\n\n\n\n<p>Semmik\u00e9pp sem szabad megfeledkezn\u00fcnk <strong>Seagal zenei karrierj\u00e9r\u0151l<\/strong>, mely 12 \u00e9ves kor\u00e1ban kezd\u0151d\u00f6tt, amikor megkapta \u00e9lete els\u0151 git\u00e1rj\u00e1t. <strong>K\u00f6ztudottan mindig is im\u00e1dta a bluest<\/strong> \u00e9s ha egyszer r\u00e1kezdett a hangszer\u00e9vel, teljesen \u00e1tadta mag\u00e1t a m\u0171fajnak. 2005-ben jelent meg els\u0151 Songs from Crystal Caver-re keresztelt deb\u00fct\u00e1l\u00f3 albuma, melyen sz\u00e1mai ezoterikus spiritu\u00e1lis \u00e9letfelfog\u00e1s\u00e1t mutatj\u00e1k be. V\u00e9gig h\u0171 maradt a zen\u00e9hez \u00e9s diszkogr\u00e1fi\u00e1ja folyamatosan b\u0151v\u00fclt. R\u00e1ad\u00e1sul, hatalmas<strong> git\u00e1rkollekci\u00f3val<\/strong> is b\u00fcszk\u00e9lkedhet.<\/p>\n\n\n\n<div style=\"height:20px\" aria-hidden=\"true\" class=\"wp-block-spacer\"><\/div>\n\n\n\n<h2 class=\"wp-block-heading\"><span class=\"ez-toc-section\" id=\"Steven_Seagal_szexualis_vadak_kereszttuzeben\"><\/span>Steven Seagal szexu\u00e1lis v\u00e1dak keresztt\u00fcz\u00e9ben<span class=\"ez-toc-section-end\"><\/span><\/h2>\n\n\n\n<div style=\"height:20px\" aria-hidden=\"true\" class=\"wp-block-spacer\"><\/div>\n\n\n\n<div class=\"wp-block-columns is-layout-flex wp-container-core-columns-is-layout-9d6595d7 wp-block-columns-is-layout-flex\">\n<div class=\"wp-block-column is-layout-flow wp-block-column-is-layout-flow\">\n<figure class=\"wp-block-image size-full\"><img loading=\"lazy\" decoding=\"async\" width=\"900\" height=\"900\" src=\"https:\/\/gymbeam.cz\/blog\/wp-content\/uploads\/2021\/04\/900px-Steven_Seagal_Emin_Agalarov_Zhara_festival_2018.jpg\" alt=\"Steven Seagal\" class=\"wp-image-409414\" srcset=\"https:\/\/gymbeam.com\/blog\/wp-content\/uploads\/2021\/04\/900px-Steven_Seagal_Emin_Agalarov_Zhara_festival_2018.jpg 900w, https:\/\/gymbeam.com\/blog\/wp-content\/uploads\/2021\/04\/900px-Steven_Seagal_Emin_Agalarov_Zhara_festival_2018-400x400.jpg 400w, https:\/\/gymbeam.com\/blog\/wp-content\/uploads\/2021\/04\/900px-Steven_Seagal_Emin_Agalarov_Zhara_festival_2018-150x150.jpg 150w\" sizes=\"auto, (max-width: 900px) 100vw, 900px\" \/><figcaption>A fot\u00f3 szerz\u0151je: \u0416\u0410\u0420\u0410 \u0422\u0412<br>https:\/\/commons.wikimedia.org\/wiki\/File:Steven_Seagal_Emin_Agalarov_Zhara_festival_2018.jpg<\/figcaption><\/figure>\n<\/div>\n\n\n\n<div class=\"wp-block-column is-layout-flow wp-block-column-is-layout-flow\">\n<p>A sz\u00edn\u00e9sz<strong> mag\u00e1n\u00e9let\u00e9ben<\/strong> is tal\u00e1lunk p\u00e1r \u00e9rdekess\u00e9get. P\u00e9ld\u00e1ul k\u00fcl\u00f6nb\u00f6z\u0151 kapcsolatokb\u00f3l \u00e9s egy dad\u00e1val folytatott viszony\u00e1b\u00f3l \u00f6sszesen <strong>7 gyereke<\/strong> sz\u00fcletett. <strong>Mostani feles\u00e9g\u00e9vel, Erdenetuya Batsukh mongol sz\u00edn\u00e9szn\u0151vel 12 \u00e9ve h\u00e1zasok.<\/strong><\/p>\n\n\n\n<div style=\"height:20px\" aria-hidden=\"true\" class=\"wp-block-spacer\"><\/div>\n\n\n\n<h2 class=\"wp-block-heading\"><span class=\"ez-toc-section\" id=\"Tamogatja_a_kornyzetvedelmet_Putyint_es_harcol_az_allatok_jogaiert\"><\/span>T\u00e1mogatja a k\u00f6rnyzetv\u00e9delmet, Putyint \u00e9s harcol az \u00e1llatok jogai\u00e9rt<span class=\"ez-toc-section-end\"><\/span><\/h2>\n\n\n\n<p>Seagal <strong>nagyon fontosnak tartja a k\u00f6rnyezetv\u00e9delmet<\/strong>. B\u00e1r a rajong\u00f3k tetsz\u00e9s\u00e9t t\u00falzottan nem nyerte el vele, sokszor pr\u00f3b\u00e1lta ezt a t\u00e9m\u00e1t, valamint konzervat\u00edv politikai n\u00e9zeteit belecsemp\u00e9szni filmjeibe. Azoknak az aktivist\u00e1knak a k\u00f6reibe tartozik, akik <strong>harcolnak az \u00e1llatok jogai\u00e9rt<\/strong> \u00e9s \u0151 maga is sz\u00e1mos \u00e1llatot fogadott m\u00e1r \u00f6r\u00f6kbe. Mindemellett, rengeteg p\u00e9nzt \u00e9s id\u0151t sz\u00e1n a <strong>k\u00f6rnyezetv\u00e9delemre<\/strong>. \u00c9s tal\u00e1n meglep\u0151dsz majd, de <strong>m\u00e9g a reinkarn\u00e1ci\u00f3ban is hisz.<\/strong><\/p>\n<\/div>\n<\/div>\n\n\n\n<p>J\u00f3l ismert t\u00e9ny, hogy t\u00f6bb &#8211; n\u00e9v szerint &#8211; <strong>amerikai, szerb \u00e9s orosz<\/strong> \u00e1llampolg\u00e1rs\u00e1ggal rendelkezik. 2018-ban orosz nagyk\u00f6vet lett Amerik\u00e1ban. <strong>Ny\u00edltan t\u00e1mogatja Putyint \u00e9s orsz\u00e1gvezet\u00e9si m\u00f3dszereit, s\u0151t az orosz eln\u00f6k bar\u00e1tj\u00e1nak tartja mag\u00e1t.<\/strong><\/p>\n\n\n\n<div class=\"wp-block-columns is-layout-flex wp-container-core-columns-is-layout-9d6595d7 wp-block-columns-is-layout-flex\">\n<div class=\"wp-block-column is-layout-flow wp-block-column-is-layout-flow\" style=\"flex-basis:25%\"><\/div>\n\n\n\n<div class=\"wp-block-column is-layout-flow wp-block-column-is-layout-flow\" style=\"flex-basis:50%\">\n<figure class=\"wp-block-embed is-type-rich is-provider-beagyazas-kezelo wp-block-embed-beagyazas-kezelo wp-embed-aspect-16-9 wp-has-aspect-ratio\"><div class=\"wp-block-embed__wrapper\">\n<iframe loading=\"lazy\" title=\"Steven Seagal l Ikona 90. let a mistr bojov\u00fdch um\u011bn\u00ed \ud83e\udd4bl Fitness Facts\" width=\"1140\" height=\"641\" src=\"https:\/\/www.youtube.com\/embed\/2Psc72RGox0?feature=oembed\" frameborder=\"0\" allow=\"accelerometer; autoplay; clipboard-write; encrypted-media; gyroscope; picture-in-picture\" allowfullscreen><\/iframe>\n<\/div><\/figure>\n<\/div>\n\n\n\n<div class=\"wp-block-column is-layout-flow wp-block-column-is-layout-flow\" style=\"flex-basis:25%\"><\/div>\n<\/div>\n\n\n\n<p>Csup\u00e1n csak tal\u00e1lgathatunk, hogy melyik ir\u00e1nyba halad ezut\u00e1n a karrierje: <strong>a harcm\u0171v\u00e9szetek, a sz\u00edn\u00e9szked\u00e9s, a zene vagy a politika fel\u00e9.<\/strong> N\u00e9pszer\u0171s\u00e9ge azonban tagadhatatlan, f\u0151leg a 90-es \u00e9vek k\u00f6rny\u00e9k\u00e9n. <strong>Te mit gondolsz Seagal j\u00f6v\u0151j\u00e9r\u0151l?<\/strong> Mi az, amit <strong>csod\u00e1lsz<\/strong> benne \u00e9s karrierj\u00e9nek melyik r\u00e9sz\u00e9vel nem \u00e9rtesz egyet? \u00cdrd meg a v\u00e9lem\u00e9nyedet kommentben \u00e9s ha tetszett a cikk, mutasd meg a bar\u00e1taidnak is. Ki tudja, tal\u00e1n pont \u0151k is Steven Seagal filmjein n\u0151ttek fel \u00e9s szeretn\u00e9nek t\u00f6bbet megtudni r\u00f3la.<\/p>\n\n\n\n<div class=\"wp-block-group\"><div class=\"wp-block-group__inner-container is-layout-flow wp-block-group-is-layout-flow\">\n<div class=\"wp-block-columns is-layout-flex wp-container-core-columns-is-layout-9d6595d7 wp-block-columns-is-layout-flex\">\n<div class=\"wp-block-column is-layout-flow wp-block-column-is-layout-flow\"><a href=\"https:\/\/gymbeam.com\/sports-nutrition\" target=\"_blank\" class=\"category-button\">\n\t<span class=\"label\">\n\t\tSports nutrition\t<\/span>\n\t<svg class=\"icon-cart\" focusable=\"false\">\n\t\t<use xlink:href=\"#icon-cart\"><\/use>\n\t<\/svg>\n<\/a><\/div>\n\n\n\n<div class=\"wp-block-column is-layout-flow wp-block-column-is-layout-flow\"><a href=\"https:\/\/gymbeam.com\/fitness-and-exercise-equipment\" target=\"_blank\" class=\"category-button\">\n\t<span class=\"label\">\n\t\tFitness and Exercises Equipment\t<\/span>\n\t<svg class=\"icon-cart\" focusable=\"false\">\n\t\t<use xlink:href=\"#icon-cart\"><\/use>\n\t<\/svg>\n<\/a><\/div>\n<\/div>\n<\/div><\/div>\n","protected":false},"excerpt":{"rendered":"<p>Steven Seagal nem csak a harcm\u0171v\u00e9szetek nagy mestere \u00e9s h\u00edres akci\u00f3film-h\u0151s, de ismert zen\u00e9sz \u00e9s nem t\u00fal sikeres filmrendez\u0151 is. Ismerd meg cikk\u00fcnkben \u00e9let\u00fatj\u00e1t \u00e9s az \u0151t k\u00f6r\u00fclleng\u0151 botr\u00e1nyokat.<\/p>\n","protected":false},"author":100,"featured_media":409360,"comment_status":"open","ping_status":"closed","sticky":false,"template":"","format":"standard","meta":{"_acf_changed":false,"_editorskit_title_hidden":false,"_editorskit_reading_time":3,"_editorskit_is_block_options_detached":false,"_editorskit_block_options_position":"{}","footnotes":""},"categories":[7788],"tags":[7674,6888],"filter_section":[],"filter_attribute":[],"class_list":{"0":"post-255447","1":"post","2":"type-post","3":"status-publish","4":"format-standard","5":"has-post-thumbnail","7":"category-szemelyisegek-inspiracio","8":"tag-hires-sportolok","9":"tag-motivacio","10":"h-entry","11":"hentry"},"acf":[],"yoast_head":"<!-- This site is optimized with the Yoast SEO plugin v24.4 - https:\/\/yoast.com\/wordpress\/plugins\/seo\/ -->\n<title>Steven Seagal - akci\u00f3h\u0151s, a harcm\u0171v\u00e9szetek mestere \u00e9s blues \u00e9nekes - GymBeam Blog<\/title>\n<meta name=\"description\" content=\"De n\u00e9zz\u00fck, ki is az a Steven Seagal? A harcm\u0171v\u00e9szetek nagy mestere, sz\u00edn\u00e9sz, zen\u00e9sz \u00e9s sikertelen filmrendez\u0151. H\u00e9t gyermek \u00e9desapja \u00e9s egyszer m\u00e9g szexu\u00e1lis zaklat\u00e1ssal is megv\u00e1dolt\u00e1k.\" \/>\n<meta name=\"robots\" content=\"index, follow, max-snippet:-1, max-image-preview:large, max-video-preview:-1\" \/>\n<link rel=\"canonical\" href=\"https:\/\/gymbeam.com\/blog\/steven-seagal-akciohos-a-harcmuveszetek-mestere-es-blues-enekes\/\" \/>\n<meta property=\"og:type\" content=\"article\" \/>\n<meta property=\"og:title\" content=\"Steven Seagal - akci\u00f3h\u0151s, a harcm\u0171v\u00e9szetek mestere \u00e9s blues \u00e9nekes - GymBeam Blog\" \/>\n<meta property=\"og:description\" content=\"De n\u00e9zz\u00fck, ki is az a Steven Seagal? A harcm\u0171v\u00e9szetek nagy mestere, sz\u00edn\u00e9sz, zen\u00e9sz \u00e9s sikertelen filmrendez\u0151. H\u00e9t gyermek \u00e9desapja \u00e9s egyszer m\u00e9g szexu\u00e1lis zaklat\u00e1ssal is megv\u00e1dolt\u00e1k.\" \/>\n<meta property=\"og:url\" content=\"https:\/\/gymbeam.hu\/blog\/steven-seagal-akciohos-a-harcmuveszetek-mestere-es-blues-enekes\/\" \/>\n<meta property=\"og:site_name\" content=\"GymBeam Blog\" \/>\n<meta property=\"article:published_time\" content=\"2021-05-14T13:47:38+00:00\" \/>\n<meta property=\"article:modified_time\" content=\"2022-12-18T12:49:24+00:00\" \/>\n<meta property=\"og:image\" content=\"https:\/\/gymbeam.com\/blog\/wp-content\/uploads\/2021\/04\/1200-x-628-4-2.png\" \/>\n\t<meta property=\"og:image:width\" content=\"1200\" \/>\n\t<meta property=\"og:image:height\" content=\"628\" \/>\n\t<meta property=\"og:image:type\" content=\"image\/png\" \/>\n<meta name=\"author\" content=\"Simona Svobodov\u00e1\" \/>\n<meta name=\"twitter:card\" content=\"summary_large_image\" \/>\n<meta name=\"twitter:label1\" content=\"Written by\" \/>\n\t<meta name=\"twitter:data1\" content=\"Simona Svobodov\u00e1\" \/>\n\t<meta name=\"twitter:label2\" content=\"Estimated reading time\" \/>\n\t<meta name=\"twitter:data2\" content=\"4 minutes\" \/>\n<script type=\"application\/ld+json\" class=\"yoast-schema-graph\">{\"@context\":\"https:\/\/schema.org\",\"@graph\":[{\"@type\":\"Article\",\"@id\":\"https:\/\/gymbeam.hu\/blog\/steven-seagal-akciohos-a-harcmuveszetek-mestere-es-blues-enekes\/#article\",\"isPartOf\":{\"@id\":\"https:\/\/gymbeam.hu\/blog\/steven-seagal-akciohos-a-harcmuveszetek-mestere-es-blues-enekes\/\"},\"author\":{\"name\":\"Simona Svobodov\u00e1\",\"@id\":\"https:\/\/gymbeam.com\/blog\/#\/schema\/person\/680bf44f1718322327563d45611c3dda\"},\"headline\":\"Steven Seagal &#8211; akci\u00f3h\u0151s, a harcm\u0171v\u00e9szetek mestere \u00e9s blues \u00e9nekes\",\"datePublished\":\"2021-05-14T13:47:38+00:00\",\"dateModified\":\"2022-12-18T12:49:24+00:00\",\"mainEntityOfPage\":{\"@id\":\"https:\/\/gymbeam.hu\/blog\/steven-seagal-akciohos-a-harcmuveszetek-mestere-es-blues-enekes\/\"},\"wordCount\":1067,\"commentCount\":0,\"publisher\":{\"@id\":\"https:\/\/gymbeam.com\/blog\/#organization\"},\"image\":{\"@id\":\"https:\/\/gymbeam.hu\/blog\/steven-seagal-akciohos-a-harcmuveszetek-mestere-es-blues-enekes\/#primaryimage\"},\"thumbnailUrl\":\"https:\/\/gymbeam.com\/blog\/wp-content\/uploads\/2021\/04\/1200-x-628-4-2.png\",\"keywords\":[\"h\u00edres sportol\u00f3k\",\"motiv\u00e1ci\u00f3\"],\"articleSection\":[\"Szem\u00e9lyis\u00e9gek \u00e9s inspir\u00e1ci\u00f3\"],\"inLanguage\":\"en-GB\",\"potentialAction\":[{\"@type\":\"CommentAction\",\"name\":\"Comment\",\"target\":[\"https:\/\/gymbeam.hu\/blog\/steven-seagal-akciohos-a-harcmuveszetek-mestere-es-blues-enekes\/#respond\"]}]},{\"@type\":\"WebPage\",\"@id\":\"https:\/\/gymbeam.hu\/blog\/steven-seagal-akciohos-a-harcmuveszetek-mestere-es-blues-enekes\/\",\"url\":\"https:\/\/gymbeam.hu\/blog\/steven-seagal-akciohos-a-harcmuveszetek-mestere-es-blues-enekes\/\",\"name\":\"Steven Seagal - akci\u00f3h\u0151s, a harcm\u0171v\u00e9szetek mestere \u00e9s blues \u00e9nekes - GymBeam Blog\",\"isPartOf\":{\"@id\":\"https:\/\/gymbeam.com\/blog\/#website\"},\"primaryImageOfPage\":{\"@id\":\"https:\/\/gymbeam.hu\/blog\/steven-seagal-akciohos-a-harcmuveszetek-mestere-es-blues-enekes\/#primaryimage\"},\"image\":{\"@id\":\"https:\/\/gymbeam.hu\/blog\/steven-seagal-akciohos-a-harcmuveszetek-mestere-es-blues-enekes\/#primaryimage\"},\"thumbnailUrl\":\"https:\/\/gymbeam.com\/blog\/wp-content\/uploads\/2021\/04\/1200-x-628-4-2.png\",\"datePublished\":\"2021-05-14T13:47:38+00:00\",\"dateModified\":\"2022-12-18T12:49:24+00:00\",\"description\":\"De n\u00e9zz\u00fck, ki is az a Steven Seagal? A harcm\u0171v\u00e9szetek nagy mestere, sz\u00edn\u00e9sz, zen\u00e9sz \u00e9s sikertelen filmrendez\u0151. H\u00e9t gyermek \u00e9desapja \u00e9s egyszer m\u00e9g szexu\u00e1lis zaklat\u00e1ssal is megv\u00e1dolt\u00e1k.\",\"breadcrumb\":{\"@id\":\"https:\/\/gymbeam.hu\/blog\/steven-seagal-akciohos-a-harcmuveszetek-mestere-es-blues-enekes\/#breadcrumb\"},\"inLanguage\":\"en-GB\",\"potentialAction\":[{\"@type\":\"ReadAction\",\"target\":[\"https:\/\/gymbeam.hu\/blog\/steven-seagal-akciohos-a-harcmuveszetek-mestere-es-blues-enekes\/\"]}]},{\"@type\":\"ImageObject\",\"inLanguage\":\"en-GB\",\"@id\":\"https:\/\/gymbeam.hu\/blog\/steven-seagal-akciohos-a-harcmuveszetek-mestere-es-blues-enekes\/#primaryimage\",\"url\":\"https:\/\/gymbeam.com\/blog\/wp-content\/uploads\/2021\/04\/1200-x-628-4-2.png\",\"contentUrl\":\"https:\/\/gymbeam.com\/blog\/wp-content\/uploads\/2021\/04\/1200-x-628-4-2.png\",\"width\":1200,\"height\":628,\"caption\":\"Steven Seagal\"},{\"@type\":\"BreadcrumbList\",\"@id\":\"https:\/\/gymbeam.hu\/blog\/steven-seagal-akciohos-a-harcmuveszetek-mestere-es-blues-enekes\/#breadcrumb\",\"itemListElement\":[{\"@type\":\"ListItem\",\"position\":1,\"name\":\"Home\",\"item\":\"https:\/\/gymbeam.com\/blog\/\"},{\"@type\":\"ListItem\",\"position\":2,\"name\":\"Steven Seagal &#8211; akci\u00f3h\u0151s, a harcm\u0171v\u00e9szetek mestere \u00e9s blues \u00e9nekes\"}]},{\"@type\":\"WebSite\",\"@id\":\"https:\/\/gymbeam.com\/blog\/#website\",\"url\":\"https:\/\/gymbeam.com\/blog\/\",\"name\":\"GymBeam Blog\",\"description\":\"Najnov\u0161ie inform\u00e1cie zo sveta fitness\",\"publisher\":{\"@id\":\"https:\/\/gymbeam.com\/blog\/#organization\"},\"potentialAction\":[{\"@type\":\"SearchAction\",\"target\":{\"@type\":\"EntryPoint\",\"urlTemplate\":\"https:\/\/gymbeam.com\/blog\/?s={search_term_string}\"},\"query-input\":{\"@type\":\"PropertyValueSpecification\",\"valueRequired\":true,\"valueName\":\"search_term_string\"}}],\"inLanguage\":\"en-GB\"},{\"@type\":\"Organization\",\"@id\":\"https:\/\/gymbeam.com\/blog\/#organization\",\"name\":\"GymBeam\",\"url\":\"https:\/\/gymbeam.com\/blog\/\",\"logo\":{\"@type\":\"ImageObject\",\"inLanguage\":\"en-GB\",\"@id\":\"https:\/\/gymbeam.com\/blog\/#\/schema\/logo\/image\/\",\"url\":\"https:\/\/gymbeam.com\/blog\/wp-content\/uploads\/2020\/06\/GymBeam-logo.png\",\"contentUrl\":\"https:\/\/gymbeam.com\/blog\/wp-content\/uploads\/2020\/06\/GymBeam-logo.png\",\"width\":266,\"height\":75,\"caption\":\"GymBeam\"},\"image\":{\"@id\":\"https:\/\/gymbeam.com\/blog\/#\/schema\/logo\/image\/\"}},{\"@type\":\"Person\",\"@id\":\"https:\/\/gymbeam.com\/blog\/#\/schema\/person\/680bf44f1718322327563d45611c3dda\",\"name\":\"Simona Svobodov\u00e1\",\"image\":{\"@type\":\"ImageObject\",\"inLanguage\":\"en-GB\",\"@id\":\"https:\/\/gymbeam.com\/blog\/#\/schema\/person\/image\/\",\"url\":\"https:\/\/gymbeam.com\/blog\/wp-content\/uploads\/2022\/01\/Navrh-bez-nazvu-2022-01-05T140539.508-e1641387956400-96x96.png\",\"contentUrl\":\"https:\/\/gymbeam.com\/blog\/wp-content\/uploads\/2022\/01\/Navrh-bez-nazvu-2022-01-05T140539.508-e1641387956400-96x96.png\",\"caption\":\"Simona Svobodov\u00e1\"},\"description\":\"Simona Svobodov\u00e1 is an expert editor for GymBeam Magazine with experience in sports journalism since 2016. She earned her Master's degree at the Faculty of Social Studies of Masaryk University (one of the leading universities in Central Europe). She expanded her formal education in the field of health with a professional Nutrition Consultant certification from the recognised educational authority, Fitness Institut. Throughout her career, she has gained extensive experience in the editorial offices of the largest national daily newspapers and leading regional sports platforms. In the editorial team, she specialises in weight loss, endurance sports, sleep, and wellbeing. As a qualified journalist, she applies strict analytical standards to her writing. Her texts are built on an Evidence-Based Medicine (EBM) approach and rely exclusively on international meta-analyses, systematic reviews, and peer-reviewed research. She tests her theoretical knowledge in practice through running, cycling, and skiing.\",\"url\":\"https:\/\/gymbeam.com\/blog\/author\/simona-svobodova\/\"}]}<\/script>\n<!-- \/ Yoast SEO plugin. -->","yoast_head_json":{"title":"Steven Seagal - akci\u00f3h\u0151s, a harcm\u0171v\u00e9szetek mestere \u00e9s blues \u00e9nekes - GymBeam Blog","description":"De n\u00e9zz\u00fck, ki is az a Steven Seagal? A harcm\u0171v\u00e9szetek nagy mestere, sz\u00edn\u00e9sz, zen\u00e9sz \u00e9s sikertelen filmrendez\u0151. H\u00e9t gyermek \u00e9desapja \u00e9s egyszer m\u00e9g szexu\u00e1lis zaklat\u00e1ssal is megv\u00e1dolt\u00e1k.","robots":{"index":"index","follow":"follow","max-snippet":"max-snippet:-1","max-image-preview":"max-image-preview:large","max-video-preview":"max-video-preview:-1"},"canonical":"https:\/\/gymbeam.com\/blog\/steven-seagal-akciohos-a-harcmuveszetek-mestere-es-blues-enekes\/","og_type":"article","og_title":"Steven Seagal - akci\u00f3h\u0151s, a harcm\u0171v\u00e9szetek mestere \u00e9s blues \u00e9nekes - GymBeam Blog","og_description":"De n\u00e9zz\u00fck, ki is az a Steven Seagal? A harcm\u0171v\u00e9szetek nagy mestere, sz\u00edn\u00e9sz, zen\u00e9sz \u00e9s sikertelen filmrendez\u0151. H\u00e9t gyermek \u00e9desapja \u00e9s egyszer m\u00e9g szexu\u00e1lis zaklat\u00e1ssal is megv\u00e1dolt\u00e1k.","og_url":"https:\/\/gymbeam.hu\/blog\/steven-seagal-akciohos-a-harcmuveszetek-mestere-es-blues-enekes\/","og_site_name":"GymBeam Blog","article_published_time":"2021-05-14T13:47:38+00:00","article_modified_time":"2022-12-18T12:49:24+00:00","og_image":[{"width":1200,"height":628,"url":"https:\/\/gymbeam.com\/blog\/wp-content\/uploads\/2021\/04\/1200-x-628-4-2.png","type":"image\/png"}],"author":"Simona Svobodov\u00e1","twitter_card":"summary_large_image","twitter_misc":{"Written by":"Simona Svobodov\u00e1","Estimated reading time":"4 minutes"},"schema":{"@context":"https:\/\/schema.org","@graph":[{"@type":"Article","@id":"https:\/\/gymbeam.hu\/blog\/steven-seagal-akciohos-a-harcmuveszetek-mestere-es-blues-enekes\/#article","isPartOf":{"@id":"https:\/\/gymbeam.hu\/blog\/steven-seagal-akciohos-a-harcmuveszetek-mestere-es-blues-enekes\/"},"author":{"name":"Simona Svobodov\u00e1","@id":"https:\/\/gymbeam.com\/blog\/#\/schema\/person\/680bf44f1718322327563d45611c3dda"},"headline":"Steven Seagal &#8211; akci\u00f3h\u0151s, a harcm\u0171v\u00e9szetek mestere \u00e9s blues \u00e9nekes","datePublished":"2021-05-14T13:47:38+00:00","dateModified":"2022-12-18T12:49:24+00:00","mainEntityOfPage":{"@id":"https:\/\/gymbeam.hu\/blog\/steven-seagal-akciohos-a-harcmuveszetek-mestere-es-blues-enekes\/"},"wordCount":1067,"commentCount":0,"publisher":{"@id":"https:\/\/gymbeam.com\/blog\/#organization"},"image":{"@id":"https:\/\/gymbeam.hu\/blog\/steven-seagal-akciohos-a-harcmuveszetek-mestere-es-blues-enekes\/#primaryimage"},"thumbnailUrl":"https:\/\/gymbeam.com\/blog\/wp-content\/uploads\/2021\/04\/1200-x-628-4-2.png","keywords":["h\u00edres sportol\u00f3k","motiv\u00e1ci\u00f3"],"articleSection":["Szem\u00e9lyis\u00e9gek \u00e9s inspir\u00e1ci\u00f3"],"inLanguage":"en-GB","potentialAction":[{"@type":"CommentAction","name":"Comment","target":["https:\/\/gymbeam.hu\/blog\/steven-seagal-akciohos-a-harcmuveszetek-mestere-es-blues-enekes\/#respond"]}]},{"@type":"WebPage","@id":"https:\/\/gymbeam.hu\/blog\/steven-seagal-akciohos-a-harcmuveszetek-mestere-es-blues-enekes\/","url":"https:\/\/gymbeam.hu\/blog\/steven-seagal-akciohos-a-harcmuveszetek-mestere-es-blues-enekes\/","name":"Steven Seagal - akci\u00f3h\u0151s, a harcm\u0171v\u00e9szetek mestere \u00e9s blues \u00e9nekes - GymBeam Blog","isPartOf":{"@id":"https:\/\/gymbeam.com\/blog\/#website"},"primaryImageOfPage":{"@id":"https:\/\/gymbeam.hu\/blog\/steven-seagal-akciohos-a-harcmuveszetek-mestere-es-blues-enekes\/#primaryimage"},"image":{"@id":"https:\/\/gymbeam.hu\/blog\/steven-seagal-akciohos-a-harcmuveszetek-mestere-es-blues-enekes\/#primaryimage"},"thumbnailUrl":"https:\/\/gymbeam.com\/blog\/wp-content\/uploads\/2021\/04\/1200-x-628-4-2.png","datePublished":"2021-05-14T13:47:38+00:00","dateModified":"2022-12-18T12:49:24+00:00","description":"De n\u00e9zz\u00fck, ki is az a Steven Seagal? A harcm\u0171v\u00e9szetek nagy mestere, sz\u00edn\u00e9sz, zen\u00e9sz \u00e9s sikertelen filmrendez\u0151. H\u00e9t gyermek \u00e9desapja \u00e9s egyszer m\u00e9g szexu\u00e1lis zaklat\u00e1ssal is megv\u00e1dolt\u00e1k.","breadcrumb":{"@id":"https:\/\/gymbeam.hu\/blog\/steven-seagal-akciohos-a-harcmuveszetek-mestere-es-blues-enekes\/#breadcrumb"},"inLanguage":"en-GB","potentialAction":[{"@type":"ReadAction","target":["https:\/\/gymbeam.hu\/blog\/steven-seagal-akciohos-a-harcmuveszetek-mestere-es-blues-enekes\/"]}]},{"@type":"ImageObject","inLanguage":"en-GB","@id":"https:\/\/gymbeam.hu\/blog\/steven-seagal-akciohos-a-harcmuveszetek-mestere-es-blues-enekes\/#primaryimage","url":"https:\/\/gymbeam.com\/blog\/wp-content\/uploads\/2021\/04\/1200-x-628-4-2.png","contentUrl":"https:\/\/gymbeam.com\/blog\/wp-content\/uploads\/2021\/04\/1200-x-628-4-2.png","width":1200,"height":628,"caption":"Steven Seagal"},{"@type":"BreadcrumbList","@id":"https:\/\/gymbeam.hu\/blog\/steven-seagal-akciohos-a-harcmuveszetek-mestere-es-blues-enekes\/#breadcrumb","itemListElement":[{"@type":"ListItem","position":1,"name":"Home","item":"https:\/\/gymbeam.com\/blog\/"},{"@type":"ListItem","position":2,"name":"Steven Seagal &#8211; akci\u00f3h\u0151s, a harcm\u0171v\u00e9szetek mestere \u00e9s blues \u00e9nekes"}]},{"@type":"WebSite","@id":"https:\/\/gymbeam.com\/blog\/#website","url":"https:\/\/gymbeam.com\/blog\/","name":"GymBeam Blog","description":"Najnov\u0161ie inform\u00e1cie zo sveta fitness","publisher":{"@id":"https:\/\/gymbeam.com\/blog\/#organization"},"potentialAction":[{"@type":"SearchAction","target":{"@type":"EntryPoint","urlTemplate":"https:\/\/gymbeam.com\/blog\/?s={search_term_string}"},"query-input":{"@type":"PropertyValueSpecification","valueRequired":true,"valueName":"search_term_string"}}],"inLanguage":"en-GB"},{"@type":"Organization","@id":"https:\/\/gymbeam.com\/blog\/#organization","name":"GymBeam","url":"https:\/\/gymbeam.com\/blog\/","logo":{"@type":"ImageObject","inLanguage":"en-GB","@id":"https:\/\/gymbeam.com\/blog\/#\/schema\/logo\/image\/","url":"https:\/\/gymbeam.com\/blog\/wp-content\/uploads\/2020\/06\/GymBeam-logo.png","contentUrl":"https:\/\/gymbeam.com\/blog\/wp-content\/uploads\/2020\/06\/GymBeam-logo.png","width":266,"height":75,"caption":"GymBeam"},"image":{"@id":"https:\/\/gymbeam.com\/blog\/#\/schema\/logo\/image\/"}},{"@type":"Person","@id":"https:\/\/gymbeam.com\/blog\/#\/schema\/person\/680bf44f1718322327563d45611c3dda","name":"Simona Svobodov\u00e1","image":{"@type":"ImageObject","inLanguage":"en-GB","@id":"https:\/\/gymbeam.com\/blog\/#\/schema\/person\/image\/","url":"https:\/\/gymbeam.com\/blog\/wp-content\/uploads\/2022\/01\/Navrh-bez-nazvu-2022-01-05T140539.508-e1641387956400-96x96.png","contentUrl":"https:\/\/gymbeam.com\/blog\/wp-content\/uploads\/2022\/01\/Navrh-bez-nazvu-2022-01-05T140539.508-e1641387956400-96x96.png","caption":"Simona Svobodov\u00e1"},"description":"Simona Svobodov\u00e1 is an expert editor for GymBeam Magazine with experience in sports journalism since 2016. She earned her Master's degree at the Faculty of Social Studies of Masaryk University (one of the leading universities in Central Europe). She expanded her formal education in the field of health with a professional Nutrition Consultant certification from the recognised educational authority, Fitness Institut. Throughout her career, she has gained extensive experience in the editorial offices of the largest national daily newspapers and leading regional sports platforms. In the editorial team, she specialises in weight loss, endurance sports, sleep, and wellbeing. As a qualified journalist, she applies strict analytical standards to her writing. Her texts are built on an Evidence-Based Medicine (EBM) approach and rely exclusively on international meta-analyses, systematic reviews, and peer-reviewed research. She tests her theoretical knowledge in practice through running, cycling, and skiing.","url":"https:\/\/gymbeam.com\/blog\/author\/simona-svobodova\/"}]}},"_links":{"self":[{"href":"https:\/\/gymbeam.com\/blog\/wp-json\/wp\/v2\/posts\/255447","targetHints":{"allow":["GET"]}}],"collection":[{"href":"https:\/\/gymbeam.com\/blog\/wp-json\/wp\/v2\/posts"}],"about":[{"href":"https:\/\/gymbeam.com\/blog\/wp-json\/wp\/v2\/types\/post"}],"author":[{"embeddable":true,"href":"https:\/\/gymbeam.com\/blog\/wp-json\/wp\/v2\/users\/100"}],"replies":[{"embeddable":true,"href":"https:\/\/gymbeam.com\/blog\/wp-json\/wp\/v2\/comments?post=255447"}],"version-history":[{"count":0,"href":"https:\/\/gymbeam.com\/blog\/wp-json\/wp\/v2\/posts\/255447\/revisions"}],"wp:featuredmedia":[{"embeddable":true,"href":"https:\/\/gymbeam.com\/blog\/wp-json\/wp\/v2\/media\/409360"}],"wp:attachment":[{"href":"https:\/\/gymbeam.com\/blog\/wp-json\/wp\/v2\/media?parent=255447"}],"wp:term":[{"taxonomy":"category","embeddable":true,"href":"https:\/\/gymbeam.com\/blog\/wp-json\/wp\/v2\/categories?post=255447"},{"taxonomy":"post_tag","embeddable":true,"href":"https:\/\/gymbeam.com\/blog\/wp-json\/wp\/v2\/tags?post=255447"},{"taxonomy":"filter_section","embeddable":true,"href":"https:\/\/gymbeam.com\/blog\/wp-json\/wp\/v2\/filter_section?post=255447"},{"taxonomy":"filter_attribute","embeddable":true,"href":"https:\/\/gymbeam.com\/blog\/wp-json\/wp\/v2\/filter_attribute?post=255447"}],"curies":[{"name":"wp","href":"https:\/\/api.w.org\/{rel}","templated":true}]}}