{"id":167379,"date":"2019-04-30T00:00:00","date_gmt":"2019-04-29T22:00:00","guid":{"rendered":"https:\/\/gymbeam.com\/blog\/gymtalk-novy-event-gymbeamu-pre-vsetkych-fitness-nadsencov\/"},"modified":"2023-10-06T15:59:53","modified_gmt":"2023-10-06T13:59:53","slug":"gymtalk-novy-event-gymbeamu-pre-vsetkych-fitness-nadsencov","status":"publish","type":"post","link":"https:\/\/gymbeam.sk\/blog\/gymtalk-novy-event-gymbeamu-pre-vsetkych-fitness-nadsencov\/","title":{"rendered":"GymTalk &#8211; nov\u00fd event GymBeamu pre v\u0161etk\u00fdch fitness nad\u0161encov"},"content":{"rendered":"<div id=\"ez-toc-container\" class=\"ez-toc-v2_0_72 ez-toc-wrap-left counter-hierarchy ez-toc-counter ez-toc-custom ez-toc-container-direction\">\n<div class=\"ez-toc-title-container\">\n<p class=\"ez-toc-title\" style=\"cursor:inherit\">Table of Contents<\/p>\n<span class=\"ez-toc-title-toggle\"><\/span><\/div>\n<nav><ul class='ez-toc-list ez-toc-list-level-1 ' ><li class='ez-toc-page-1 ez-toc-heading-level-2'><a class=\"ez-toc-link ez-toc-heading-1\" href=\"https:\/\/gymbeam.sk\/blog\/gymtalk-novy-event-gymbeamu-pre-vsetkych-fitness-nadsencov\/#Prehliadka_firmy_osviezujuce_drinky_a_lahodne_fitness_tapas\" title=\"Prehliadka firmy, osvie\u017euj\u00face drinky a lahodn\u00e9 fitness tapas\">Prehliadka firmy, osvie\u017euj\u00face drinky a lahodn\u00e9 fitness tapas<\/a><\/li><li class='ez-toc-page-1 ez-toc-heading-level-2'><a class=\"ez-toc-link ez-toc-heading-2\" href=\"https:\/\/gymbeam.sk\/blog\/gymtalk-novy-event-gymbeamu-pre-vsetkych-fitness-nadsencov\/#Jakub_Enzl_Jan_Krasinsky_a_ich_fitness_seminar\" title=\"Jakub En\u017el, Jan Krasinsk\u00fd a ich fitness semin\u00e1r\">Jakub En\u017el, Jan Krasinsk\u00fd a ich fitness semin\u00e1r<\/a><\/li><li class='ez-toc-page-1 ez-toc-heading-level-2'><a class=\"ez-toc-link ez-toc-heading-3\" href=\"https:\/\/gymbeam.sk\/blog\/gymtalk-novy-event-gymbeamu-pre-vsetkych-fitness-nadsencov\/#Prekvapenie_vecera_Gabor_Boraros_a_pohodovy_Meet_Greet\" title=\"Prekvapenie ve\u010dera&nbsp; G\u00e1bor Bor\u00e1ros a pohodov\u00fd Meet &amp; Greet&nbsp;\">Prekvapenie ve\u010dera&nbsp; G\u00e1bor Bor\u00e1ros a pohodov\u00fd Meet &amp; Greet&nbsp;<\/a><\/li><li class='ez-toc-page-1 ez-toc-heading-level-2'><a class=\"ez-toc-link ez-toc-heading-4\" href=\"https:\/\/gymbeam.sk\/blog\/gymtalk-novy-event-gymbeamu-pre-vsetkych-fitness-nadsencov\/#Nedelny_GymTalk_trening\" title=\"Nede\u013en\u00fd GymTalk tr\u00e9ning\">Nede\u013en\u00fd GymTalk tr\u00e9ning<\/a><\/li><\/ul><\/nav><\/div>\n\n<p>Radi by sme v\u00e1m predstavili n\u00e1\u0161 <strong>nov\u00fd event<\/strong> venovan\u00fd v\u0161etk\u00fdm fitness nad\u0161encom <strong>&#8211; <\/strong><strong>GymTalk.<\/strong> Prostredn\u00edctvom tohto eventu chceme <strong>podpori\u0165 fitness komunitu<\/strong> a poskytn\u00fa\u0165 v\u00e1m mo\u017enos\u0165 spozna\u0165 <strong>zn\u00e1me fitness osobnosti.<\/strong> Z\u00e1rove\u0148 chceme vytvori\u0165 podujatie, na ktorom si budete m\u00f4c\u0165 <strong>roz\u0161\u00edri\u0165 va\u0161e obzory <\/strong>a<strong> zdie\u013ea\u0165 vedomosti <\/strong>s ostatn\u00fdmi nad\u0161encami. Pozrite sa spolo\u010dne s nami na to, ako vyzeral historicky prv\u00fd GymTalk, ktor\u00fd sa uskuto\u010dnil priamo <strong>v ko\u0161ick\u00fdch priestoroch GymBeamu!&nbsp;<\/strong><\/p>\n\n\n\n<div style=\"height:20px\" aria-hidden=\"true\" class=\"wp-block-spacer\"><\/div>\n\n\n\n<h2 class=\"wp-block-heading is-style-default\"><span class=\"ez-toc-section\" id=\"Prehliadka_firmy_osviezujuce_drinky_a_lahodne_fitness_tapas\"><\/span><strong>Prehliadka firmy, osvie\u017euj\u00face drinky a lahodn\u00e9 fitness tapas<\/strong><span class=\"ez-toc-section-end\"><\/span><\/h2>\n\n\n\n<p><span id=\"docs-internal-guid-afc96e12-7fff-0fc9-c2cb-69baba1c8735\">Prv\u00fd GymTalk sa za\u010dal z\u013eahka &#8211; <strong>priamo na predajni,<\/strong> kde \u010dakalo host\u00ed pr\u00edjemn\u00e9 osvie\u017eenie vo forme <strong>welcome fitness drinku.<\/strong> N\u00e1sledne sme pre\u0161li na<strong> prehliadku priestorov GymBeamu<\/strong><strong>,<\/strong> ktor\u00fa viedol <strong>majite\u013e spolo\u010dnosti,<\/strong> <a title=\"Dalibor Cicman\" href=\"https:\/\/sk.linkedin.com\/in\/dalibor-cicman-7ba47335\" target=\"_blank\" rel=\"noopener noreferrer\">Dalibor Cicman.<\/a> Okrem <strong>priestrann\u00fdch kancel\u00e1ri\u00ed,<\/strong> mali \u00fa\u010dastn\u00edci GymTalku mo\u017enos\u0165 exkluz\u00edvne nahliadnu\u0165 aj do <strong>skladov\u00fdch priestorov.&nbsp;&nbsp;<\/strong><\/span><\/p>\n\n\n<div class=\"wp-block-image\">\n<figure class=\"aligncenter is-resized\"><img loading=\"lazy\" decoding=\"async\" src=\"https:\/\/wpstatic.gymbeam.com\/blog\/wp-content\/uploads\/mageblog\/DSC05521.JPG\" alt=\"GymTalk, fitness event, GymBeam\" style=\"width:843px;height:476px\" width=\"843\" height=\"476\" title=\"GymTalk, fitness event, GymBeam\"\/><\/figure>\n<\/div>\n\n\n<p>Po poh\u00e1ri osvie\u017euj\u00faceho drinku vyroben\u00e9ho z Gymbeam produktov, \u010dakalo na host\u00ed <strong>chrumkav\u00e9 fitness tapas,<\/strong> ktor\u00e9 pripravila na\u0161a \u0161ikovn\u00e1 <a title=\"Foodblogerka Simona Malkov\u00e1\" href=\"https:\/\/www.instagram.com\/simona_malkova\/\" target=\"_blank\" rel=\"noopener noreferrer\" class=\"ek-link\">foodblogerka Simona Malkov\u00e1<\/a>. K dispoz\u00edcii boli fitness dobroty pln\u00e9 prote\u00ednu. Nech\u00fdbali medzi nimi <strong>nepe\u010den\u00e9 ovsen\u00e9 guli\u010dky<\/strong> s brusnicami a orechami, <strong>kuskusov\u00e9 guli\u010dky,<\/strong> <strong>prote\u00ednov\u00e9 mini <\/strong><a href=\"https:\/\/gymbeam.sk\/blog\/tag\/Muffiny\/\" class=\"ek-link\"><strong>muffiny<\/strong> <\/a>\u010di <strong>cuketov\u00e9 mini pizze.<\/strong> N\u00e1v\u0161tevn\u00edci mohli ochutna\u0165 aj n\u00e1\u0161 prote\u00ednov\u00fd <a title=\"Mug Cake - GymBeam\" href=\"https:\/\/gymbeam.sk\/proteinovy-mug-cake-mix-500-g-gymbeam.html\" target=\"_blank\" rel=\"noopener noreferrer\">Mug Cake<\/a> \u010di <a title=\"Prote\u00ednov\u00e9 palacinky - GymBeam\" href=\"https:\/\/gymbeam.sk\/protein-pancake-mix-gymbeam.html\" target=\"_blank\" rel=\"noopener noreferrer\" class=\"ek-link\">prote\u00ednov\u00e9 palacinky<\/a>, a pre ka\u017ed\u00e9ho bol pripraven\u00fd lahodn\u00fd <a href=\"https:\/\/gymbeam.sk\/42-bcaa\" class=\"ek-link\">BCAA<\/a> Energy Drink. <\/p>\n\n\n<div class=\"wp-block-image\">\n<figure class=\"aligncenter is-resized\"><img loading=\"lazy\" decoding=\"async\" src=\"https:\/\/wpstatic.gymbeam.com\/blog\/wp-content\/uploads\/mageblog\/DSC05463.JPG\" alt=\"GymTalk, Fitness jedlo, Fitness recepty, GymBeam \" style=\"width:843px;height:476px\" width=\"843\" height=\"476\" title=\"GymTalk, Fitness jedlo, Fitness recepty, GymBeam \"\/><\/figure>\n<\/div>\n\n<div class=\"wp-block-image\">\n<figure class=\"aligncenter is-resized\"><img loading=\"lazy\" decoding=\"async\" src=\"https:\/\/wpstatic.gymbeam.com\/blog\/wp-content\/uploads\/mageblog\/DSC05545.JPG\" alt=\"GymTalk, fitness jedlo, fitness recepty, GymBeam\" style=\"width:843px;height:476px\" width=\"843\" height=\"476\" title=\"GymTalk, fitness jedlo, fitness recepty, GymBeam\"\/><\/figure>\n<\/div>\n\n\n<div style=\"height:20px\" aria-hidden=\"true\" class=\"wp-block-spacer\"><\/div>\n\n\n\n    <link href=\"https:\/\/gymbeam.com\/blog\/wp-content\/themes\/wp-gymbeam-blog-theme\/css\/vue\/index.css\" rel=\"preload\" as=\"style\">\n    <link href=\"https:\/\/gymbeam.com\/blog\/wp-content\/themes\/wp-gymbeam-blog-theme\/js\/vue\/chunk-vendors.js\" rel=\"preload\" as=\"script\">\n    <link href=\"https:\/\/gymbeam.com\/blog\/wp-content\/themes\/wp-gymbeam-blog-theme\/js\/vue\/index.js\" rel=\"preload\" as=\"script\">\n    <link data-no-optimize=\"1\" href=\"https:\/\/gymbeam.com\/blog\/wp-content\/themes\/wp-gymbeam-blog-theme\/css\/vue\/index.css\" rel=\"stylesheet\">\n\n    <h2>\n        You might be interested in these products:    <\/h2>\n\n    <div data-app=\"recommended\" data-products=\"31256,36004,49282,72595,85342\" ><\/div>\n\n    <script data-no-optimize=\"1\" src=\"https:\/\/gymbeam.com\/blog\/wp-content\/themes\/wp-gymbeam-blog-theme\/js\/vue\/chunk-vendors.js\"><\/script>\n    <script data-no-optimize=\"1\" src=\"https:\/\/gymbeam.com\/blog\/wp-content\/themes\/wp-gymbeam-blog-theme\/js\/vue\/index.js\"><\/script>\n\n\n\n<div style=\"height:20px\" aria-hidden=\"true\" class=\"wp-block-spacer\"><\/div>\n\n\n\n<h2 class=\"wp-block-heading is-style-default\"><span class=\"ez-toc-section\" id=\"Jakub_Enzl_Jan_Krasinsky_a_ich_fitness_seminar\"><\/span><strong>Jakub En\u017el, Jan Krasinsk\u00fd a ich fitness semin\u00e1r<\/strong><span class=\"ez-toc-section-end\"><\/span><\/h2>\n\n\n\n<p>Hos\u0165ami historicky prv\u00e9ho GymTalku boli <strong><a title=\"Jakub En\u017el\" href=\"https:\/\/www.instagram.com\/jakubenzl\/\" target=\"_blank\" rel=\"noopener noreferrer\">Jakub En\u017el<\/a><\/strong> a <strong><a title=\"Jan Krasinsk\u00fd\" href=\"https:\/\/www.instagram.com\/krasinsky\/\" target=\"_blank\" rel=\"noopener noreferrer\">Jan Krasinsk\u00fd<\/a><\/strong><strong>,<\/strong> ktor\u00ed spolu zdie\u013eaj\u00fa <strong>v\u00e1\u0161e\u0148 pre fitness a cvi\u010denie. <\/strong>Prvotn\u00e1 <strong>motiv\u00e1cia, ktor\u00e1 ich doviedla k tr\u00e9ningom, <\/strong>bola toti\u017e u oboch rovnak\u00e1 &#8211; mysleli si, \u017ee <strong>s\u00fa pr\u00edli\u0161 chud\u00ed a chceli to zmeni\u0165.<\/strong> Za\u010diatky tr\u00e9ningu Jana Krasinsk\u00e9ho sa dokonca <strong>sp\u00e1jaj\u00fa s thajsk\u00fdm boxom<\/strong> a 3 zlomen\u00fdmi prstami na nohe!<\/p>\n\n\n<div class=\"wp-block-image\">\n<figure class=\"aligncenter is-resized\"><img loading=\"lazy\" decoding=\"async\" src=\"https:\/\/wpstatic.gymbeam.com\/blog\/wp-content\/uploads\/mageblog\/DSC05520.JPG\" alt=\"GymTalk, fitness semin\u00e1r, Jakub En\u017el, Jan Krasinsk\u00fd, GymBeam\" style=\"width:843px;height:472px\" width=\"843\" height=\"472\" title=\"GymTalk, fitness semin\u00e1r, Jakub En\u017el, Jan Krasinsk\u00fd, GymBeam\"\/><\/figure>\n<\/div>\n\n\n<p>Dozvedeli sme sa aj to, <strong>ako sa t\u00edto dvaja p\u00e1ni zozn\u00e1mili.<\/strong> Jakub n\u00e1m prezradil, \u017ee ho \u013eudia porovn\u00e1vali s Janom a v\u017edy ich zauj\u00edmalo, <strong>ktor\u00fd z nich je lep\u0161\u00ed<\/strong><strong>.<\/strong> Oni sa v\u0161ak na to pozerali inak. Vo svojej <strong>podobnosti na\u0161li v\u00fdhodu<\/strong> a za\u010dali tvori\u0165 zauj\u00edmav\u00fd fitness obsah. Ich Youtube kan\u00e1ly dnes pon\u00fakaj\u00fa mno\u017estvo vide\u00ed od <strong>kulturistick\u00fdch tr\u00e9ningov<\/strong> a\u017e po <strong>z\u00e1bavn\u00e9 vide\u00e1<\/strong>. D\u00e1 sa v\u0161ak na fitness a youtube u\u017eivi\u0165?&nbsp;<\/p>\n\n\n\n<div style=\"height:20px\" aria-hidden=\"true\" class=\"wp-block-spacer\"><\/div>\n\n\n\n<p>Na to m\u00e1 Jan Krasinsk\u00fd jednozna\u010dn\u00fa odpove\u010f: <em>\u201cAk chce\u0161 <strong>by\u0165 dobr\u00fd atl\u00e9t a chce\u0161 by\u0165 v nie\u010dom najlep\u0161\u00ed<\/strong>, mus\u00ed\u0161 si \u017eivot nastavi\u0165 tak, aby si mal prostriedky na to by\u0165 najlep\u0161\u00edm. \u017diaden \u0161port nejde bez pe\u0148az\u00ed a v tejto dobe sa <strong>prostredn\u00edctvom m\u00e9di\u00ed <\/strong>daj\u00fa zarobi\u0165 peniaze \u013eahko. <strong>Tak\u017ee to\u010dte! <\/strong>Dnes v\u00e1m u\u017e genetika nesta\u010d\u00ed, mus\u00edte to v\u0161etko<strong> spoji\u0165 dokopy<\/strong> a mus\u00edte sa jednoducho sna\u017ei\u0165.\u201d<\/em><\/p>\n\n\n<div class=\"wp-block-image\">\n<figure class=\"aligncenter is-resized\"><img loading=\"lazy\" decoding=\"async\" src=\"https:\/\/wpstatic.gymbeam.com\/blog\/wp-content\/uploads\/mageblog\/DSC05505.JPG\" alt=\"GymTalk, Jan Krasinky, Fitness semin\u00e1r, GymBeam\" style=\"width:843px;height:472px\" width=\"843\" height=\"472\" title=\"GymTalk, Jan Krasinky, Fitness semin\u00e1r, GymBeam\"\/><\/figure>\n<\/div>\n\n\n<p>\u010eal\u0161ou \u010dastou ot\u00e1zkou, s ktorou sa Jakub a Jan stret\u00e1vaj\u00fa je to, <strong>pre\u010do nenat\u00e1\u010daj\u00fa tak ve\u013ea <em>\u201cStrength Wars\u201d<\/em><\/strong> &#8211; teda vide\u00ed, v ktor\u00fdch proti niekomu s\u00faperia v silov\u00fdch discipl\u00ednach.&nbsp;<\/p>\n\n\n\n<div style=\"height:20px\" aria-hidden=\"true\" class=\"wp-block-spacer\"><\/div>\n\n\n\n<p>Jakub En\u017el n\u00e1m to, pre\u010do sa \u013eudia nechc\u00fa p\u00fa\u0161\u0165a\u0165 do Strength Wars s n\u00edm a Janom, vysvetlil na svojej osobnej sk\u00fasenosti v s\u00fa\u0165a\u017ei zvanej <em><strong>\u201cDeadlift Madness\u201d<\/strong><\/em> proti <strong>Marekovi Folhovi<\/strong> &#8211; expertovi na sumo deadlift.&nbsp;<\/p>\n\n\n\n<div style=\"height:20px\" aria-hidden=\"true\" class=\"wp-block-spacer\"><\/div>\n\n\n\n<p><em>\u201cKe\u010f som \u0161iel proti Folhovi, <strong>tak som si bol na 86 % ist\u00fd, \u017ee prehr\u00e1m.<\/strong> Ale i\u0161iel som do toho, lebo to je Folha! Pre m\u0148a to je <strong>legenda deadliftov,<\/strong> preto\u017ee nie je popul\u00e1rny, ale \u0165ah\u00e1 sa na svetov\u00e9 \u0161pi\u010dky. V\u00f4bec ho nie je vidie\u0165, \u010do je ve\u013ek\u00e1 \u0161koda, preto\u017ee <strong>tento \u010dlovek m\u00e1 svetov\u00e9 \u010d\u00edsla. <\/strong>Tak\u017ee som do tejto \u201cvojny\u201d \u0161iel, aj ke\u010f som vedel, \u017ee prehr\u00e1m. <strong>Bav\u00ed ma to, atmosf\u00e9ra, \u013eudia<\/strong> a to <strong>celkov\u00e9 nap\u00e4tie, ale prehral som. <\/strong>Nemal som sa v\u0161ak za \u010do hanbi\u0165, ale pr\u00e1ve to ve\u013ea \u013eud\u00ed <strong>\u201cneprekusne\u201d.<\/strong> Ke\u010f raz prehraj\u00fa vo \u201cvojne\u201d u\u017e do toho viac nechc\u00fa \u00eds\u0165. A to je ten d\u00f4vod.\u201d&nbsp;<\/em><\/p>\n\n\n<div class=\"wp-block-image\">\n<figure class=\"aligncenter is-resized\"><img loading=\"lazy\" decoding=\"async\" src=\"https:\/\/wpstatic.gymbeam.com\/blog\/wp-content\/uploads\/mageblog\/DSC05504.JPG\" alt=\"GymTalk, Jakub En\u017el, Strength Wars, GymBeam \" style=\"width:843px;height:472px\" width=\"843\" height=\"472\" title=\"GymTalk, Jakub En\u017el, Strength Wars, GymBeam \"\/><\/figure>\n<\/div>\n\n\n<p>Jan a Jakub n\u00e1m prezradili viac<strong>&nbsp;aj o svojom stravovan\u00ed<\/strong>&nbsp;a n\u00e1sledne odpovedali na&nbsp;<strong>ot\u00e1zky publika.&nbsp;<\/strong>Vypo\u010dujte si ich v\u0161etky&nbsp;<strong>v tomto videu:&nbsp;<\/strong><\/p>\n\n\n\n<div class=\"wp-block-columns is-layout-flex wp-container-core-columns-is-layout-9d6595d7 wp-block-columns-is-layout-flex\">\n<div class=\"wp-block-column is-layout-flow wp-block-column-is-layout-flow\" style=\"flex-basis:25%\"><\/div>\n\n\n\n<div class=\"wp-block-column is-layout-flow wp-block-column-is-layout-flow\" style=\"flex-basis:50%\">\n<figure class=\"wp-block-embed is-type-rich is-provider-embed-handler wp-block-embed-embed-handler wp-embed-aspect-16-9 wp-has-aspect-ratio\"><div class=\"wp-block-embed__wrapper\">\n<iframe loading=\"lazy\" title=\"To najlep\u0161ie zo semin\u00e1ra \ud83d\udcaa Jakub En\u017el a Jan Krasinsk\u00fd l GymTalk #1\" width=\"1140\" height=\"641\" src=\"https:\/\/www.youtube.com\/embed\/pMhWHIyhymc?feature=oembed\" frameborder=\"0\" allow=\"accelerometer; autoplay; clipboard-write; encrypted-media; gyroscope; picture-in-picture; web-share\" allowfullscreen><\/iframe>\n<\/div><\/figure>\n<\/div>\n\n\n\n<div class=\"wp-block-column is-layout-flow wp-block-column-is-layout-flow\" style=\"flex-basis:25%\"><\/div>\n<\/div>\n\n\n\n<h2 class=\"wp-block-heading is-style-default\"><span class=\"ez-toc-section\" id=\"Prekvapenie_vecera_Gabor_Boraros_a_pohodovy_Meet_Greet\"><\/span><strong>Prekvapenie ve\u010dera&nbsp; G\u00e1bor Bor\u00e1ros a pohodov\u00fd Meet &amp; Greet&nbsp;<\/strong><span class=\"ez-toc-section-end\"><\/span><\/h2>\n\n\n\n<p>Prv\u00fd GymTalk sme v\u0161ak chceli obohati\u0165 e\u0161te o \u010dosi viac, a preto sme na\u0148 pozvali<strong>&nbsp;popul\u00e1rneho MMA bojovn\u00edka&nbsp;<\/strong><a href=\"https:\/\/www.instagram.com\/boraros_gabor\/\" target=\"_blank\" rel=\"noreferrer noopener\">G\u00e1bora Bor\u00e1rosa<\/a>, ktor\u00e9ho vyspovedal moder\u00e1tor ve\u010dera a bodybuilder&nbsp;<a href=\"https:\/\/www.instagram.com\/jan.kral.bodybuilder\/\" target=\"_blank\" rel=\"noreferrer noopener\">Janko Kr\u00e1l<\/a>.&nbsp;<\/p>\n\n\n<div class=\"wp-block-image\">\n<figure class=\"aligncenter is-resized\"><img loading=\"lazy\" decoding=\"async\" src=\"https:\/\/wpstatic.gymbeam.com\/blog\/wp-content\/uploads\/mageblog\/DSC05626.JPG\" alt=\"GymTalk, G\u00e1bor Bor\u00e1ros, MMA, Muscle Talk, GymBeam\" style=\"width:843px;height:472px\" width=\"843\" height=\"472\" title=\"GymTalk, G\u00e1bor Bor\u00e1ros, MMA, Muscle Talk, GymBeam\"\/><\/figure>\n<\/div>\n\n\n<p>G\u00e1bor n\u00e1m prezradil,&nbsp;<strong>ako sa&nbsp;dostal k MMA<\/strong>, ako prebiehaj\u00fa<strong>&nbsp;jeho tr\u00e9ningy<\/strong>&nbsp;ale aj to, ako sa vyrovn\u00e1va so&nbsp;<strong>stresom pred z\u00e1pasom.&nbsp;<\/strong>Cel\u00fd rozhovor si m\u00f4\u017eete pozrie\u0165 tu:&nbsp;<\/p>\n\n\n\n<div class=\"wp-block-columns is-layout-flex wp-container-core-columns-is-layout-9d6595d7 wp-block-columns-is-layout-flex\">\n<div class=\"wp-block-column is-layout-flow wp-block-column-is-layout-flow\" style=\"flex-basis:25%\"><\/div>\n\n\n\n<div class=\"wp-block-column is-layout-flow wp-block-column-is-layout-flow\" style=\"flex-basis:50%\">\n<figure class=\"wp-block-embed is-type-rich is-provider-embed-handler wp-block-embed-embed-handler wp-embed-aspect-16-9 wp-has-aspect-ratio\"><div class=\"wp-block-embed__wrapper\">\n<iframe loading=\"lazy\" title=\"G\u00e1bor Bor\u00e1ros \ud83e\udd4a\ud83e\udd4a l Rozhovor o strave, tr\u00e9ningu a \u017eivote MMA bojovn\u00edka l GymTalk #1\" width=\"1140\" height=\"641\" src=\"https:\/\/www.youtube.com\/embed\/6XS-5uFrleY?feature=oembed\" frameborder=\"0\" allow=\"accelerometer; autoplay; clipboard-write; encrypted-media; gyroscope; picture-in-picture; web-share\" allowfullscreen><\/iframe>\n<\/div><\/figure>\n<\/div>\n\n\n\n<div class=\"wp-block-column is-layout-flow wp-block-column-is-layout-flow\" style=\"flex-basis:25%\"><\/div>\n<\/div>\n\n\n\n<p>Zvy\u0161ok ve\u010dera sa niesol v pohodovej atmosf\u00e9re&nbsp;<strong>Meet &amp; Greet,&nbsp;<\/strong>kde sa z\u00fa\u010dastnen\u00ed mali \u0161ancu porozpr\u00e1va\u0165, poradi\u0165 \u010di odfoti\u0165 s&nbsp;<strong>Jakubom, Janom a G\u00e1borom.&nbsp;&nbsp;<\/strong><\/p>\n\n\n<div class=\"wp-block-image\">\n<figure class=\"aligncenter is-resized\"><img loading=\"lazy\" decoding=\"async\" src=\"https:\/\/wpstatic.gymbeam.com\/blog\/wp-content\/uploads\/mageblog\/DSC05575.JPG\" alt=\"GymTalk, fitness semin\u00e1r, GymBeam, Jakub En\u017el, Jan Krasinsk\u00fd \" style=\"width:843px;height:472px\" width=\"843\" height=\"472\" title=\"GymTalk, fitness semin\u00e1r, GymBeam, Jakub En\u017el, Jan Krasinsk\u00fd \"\/><\/figure>\n<\/div>\n\n\n<h2 class=\"wp-block-heading is-style-default\"><span class=\"ez-toc-section\" id=\"Nedelny_GymTalk_trening\"><\/span><strong>Nede\u013en\u00fd GymTalk tr\u00e9ning<\/strong><span class=\"ez-toc-section-end\"><\/span><\/h2>\n\n\n\n<p>Aby sme historicky prv\u00fd GymTalk&nbsp;<strong>ukon\u010dili skuto\u010dne ve\u013ekolepo<\/strong>, na druh\u00fd de\u0148 sme pripravili&nbsp;<strong>spolo\u010dn\u00fd tr\u00e9ning s Jakubom a Janom.<\/strong>&nbsp;V\u0161etci si kvalitne zacvi\u010dili a na\u0161i hostia poskytli \u00fa\u010dastn\u00edkom&nbsp;<strong>cenn\u00e9 rady o tr\u00e9ningu.<\/strong>&nbsp;Pozrite si&nbsp;<strong>zostrih z eventu a tr\u00e9ningu:&nbsp;<\/strong><\/p>\n\n\n\n<p>&nbsp;&nbsp;&nbsp; &nbsp; &nbsp;&nbsp;<\/p>\n\n\n\n<div class=\"wp-block-columns is-layout-flex wp-container-core-columns-is-layout-9d6595d7 wp-block-columns-is-layout-flex\">\n<div class=\"wp-block-column is-layout-flow wp-block-column-is-layout-flow\" style=\"flex-basis:25%\"><\/div>\n\n\n\n<div class=\"wp-block-column is-layout-flow wp-block-column-is-layout-flow\" style=\"flex-basis:50%\">\n<figure class=\"wp-block-embed is-type-rich is-provider-embed-handler wp-block-embed-embed-handler wp-embed-aspect-16-9 wp-has-aspect-ratio\"><div class=\"wp-block-embed__wrapper\">\n<iframe loading=\"lazy\" title=\"Jakub En\u017el l Jan Krasinsk\u00fd \ud83d\udcaa l G\u00e1bor Bor\u00e1ros \ud83e\udd4a l GymTalk #1\" width=\"1140\" height=\"641\" src=\"https:\/\/www.youtube.com\/embed\/TUJ19heyt-I?feature=oembed\" frameborder=\"0\" allow=\"accelerometer; autoplay; clipboard-write; encrypted-media; gyroscope; picture-in-picture; web-share\" allowfullscreen><\/iframe>\n<\/div><\/figure>\n<\/div>\n\n\n\n<div class=\"wp-block-column is-layout-flow wp-block-column-is-layout-flow\" style=\"flex-basis:25%\"><\/div>\n<\/div>\n\n\n\n<p>Ver\u00edme, \u017ee sa v\u0161etk\u00fdm \u00fa\u010dastn\u00edkom GymTalku #1 event p\u00e1\u010dil, a u\u017e \u010doskoro sa vid\u00edme na&nbsp;<strong>GymTalk #2!&nbsp;<\/strong><\/p>\n\n\n\n<div class=\"wp-block-group\"><div class=\"wp-block-group__inner-container is-layout-flow wp-block-group-is-layout-flow\">\n<div class=\"wp-block-columns is-layout-flex wp-container-core-columns-is-layout-9d6595d7 wp-block-columns-is-layout-flex\">\n<div class=\"wp-block-column is-layout-flow wp-block-column-is-layout-flow\"><a href=\"https:\/\/gymbeam.com\/sports-nutrition\" target=\"_blank\" class=\"category-button\">\n\t<span class=\"label\">\n\t\tSports nutrition\t<\/span>\n\t<svg class=\"icon-cart\" focusable=\"false\">\n\t\t<use xlink:href=\"#icon-cart\"><\/use>\n\t<\/svg>\n<\/a><\/div>\n\n\n\n<div class=\"wp-block-column is-layout-flow wp-block-column-is-layout-flow\"><a href=\"https:\/\/gymbeam.com\/healthy-food\" target=\"_blank\" class=\"category-button\">\n\t<span class=\"label\">\n\t\tHealthy food\t<\/span>\n\t<svg class=\"icon-cart\" focusable=\"false\">\n\t\t<use xlink:href=\"#icon-cart\"><\/use>\n\t<\/svg>\n<\/a><\/div>\n<\/div>\n<\/div><\/div>\n","protected":false},"excerpt":{"rendered":"<p>Na novom fitness evente GymTalk by GymBeam pre nad\u0161encov fitness a kulturistiky sme priv\u00edtali Jakuba En\u017ela, Jana Krasinsk\u00e9ho a MMA z\u00e1pasn\u00edka G\u00e1bora Bor\u00e1rosa. <\/p>\n","protected":false},"author":25,"featured_media":114420,"comment_status":"open","ping_status":"closed","sticky":false,"template":"","format":"standard","meta":{"_acf_changed":false,"_editorskit_title_hidden":false,"_editorskit_reading_time":0,"_editorskit_is_block_options_detached":false,"_editorskit_block_options_position":"{}","footnotes":""},"categories":[7],"tags":[6069,6082,6167],"filter_section":[],"filter_attribute":[13050],"class_list":{"0":"post-167379","1":"post","2":"type-post","3":"status-publish","4":"format-standard","5":"has-post-thumbnail","7":"category-6-navody-a-tipy","8":"tag-zdravie","9":"tag-zdravy-zivotny-styl","10":"tag-znami-sportovci","11":"filter_attribute-tipy-a-triky","12":"h-entry","13":"hentry"},"acf":[],"yoast_head":"<!-- This site is optimized with the Yoast SEO plugin v24.4 - https:\/\/yoast.com\/wordpress\/plugins\/seo\/ -->\n<title>GymTalk - nov\u00fd event GymBeamu pre v\u0161etk\u00fdch fitness nad\u0161encov - GymBeam Blog<\/title>\n<meta name=\"description\" content=\"Na novom fitness evente GymTalk by GymBeam pre nad\u0161encov fitness a kulturistiky sme priv\u00edtali Jakuba En\u017ela, Jana Krasinsk\u00e9ho a MMA z\u00e1pasn\u00edka G\u00e1bora Bor\u00e1rosa.\" \/>\n<meta name=\"robots\" content=\"index, follow, max-snippet:-1, max-image-preview:large, max-video-preview:-1\" \/>\n<link rel=\"canonical\" href=\"https:\/\/gymbeam.com\/blog\/gymtalk-novy-event-gymbeamu-pre-vsetkych-fitness-nadsencov\/\" \/>\n<meta property=\"og:type\" content=\"article\" \/>\n<meta property=\"og:title\" content=\"GymTalk - nov\u00fd event GymBeamu pre v\u0161etk\u00fdch fitness nad\u0161encov - GymBeam Blog\" \/>\n<meta property=\"og:description\" content=\"Na novom fitness evente GymTalk by GymBeam pre nad\u0161encov fitness a kulturistiky sme priv\u00edtali Jakuba En\u017ela, Jana Krasinsk\u00e9ho a MMA z\u00e1pasn\u00edka G\u00e1bora Bor\u00e1rosa.\" \/>\n<meta property=\"og:url\" content=\"https:\/\/gymbeam.sk\/blog\/gymtalk-novy-event-gymbeamu-pre-vsetkych-fitness-nadsencov\/\" \/>\n<meta property=\"og:site_name\" content=\"GymBeam Blog\" \/>\n<meta property=\"article:published_time\" content=\"2019-04-29T22:00:00+00:00\" \/>\n<meta property=\"article:modified_time\" content=\"2023-10-06T13:59:53+00:00\" \/>\n<meta property=\"og:image\" content=\"https:\/\/gymbeam.com\/blog\/wp-content\/uploads\/mageblog\/gymtalk_1_fb_tit.png\" \/>\n\t<meta property=\"og:image:width\" content=\"1200\" \/>\n\t<meta property=\"og:image:height\" content=\"628\" \/>\n\t<meta property=\"og:image:type\" content=\"image\/png\" \/>\n<meta name=\"author\" content=\"Tom\u00e1\u0161 Ile\u010dko\" \/>\n<meta name=\"twitter:card\" content=\"summary_large_image\" \/>\n<meta name=\"twitter:label1\" content=\"Written by\" \/>\n\t<meta name=\"twitter:data1\" content=\"Tom\u00e1\u0161 Ile\u010dko\" \/>\n\t<meta name=\"twitter:label2\" content=\"Estimated reading time\" \/>\n\t<meta name=\"twitter:data2\" content=\"6 minutes\" \/>\n<script type=\"application\/ld+json\" class=\"yoast-schema-graph\">{\"@context\":\"https:\/\/schema.org\",\"@graph\":[{\"@type\":\"Article\",\"@id\":\"https:\/\/gymbeam.sk\/blog\/gymtalk-novy-event-gymbeamu-pre-vsetkych-fitness-nadsencov\/#article\",\"isPartOf\":{\"@id\":\"https:\/\/gymbeam.sk\/blog\/gymtalk-novy-event-gymbeamu-pre-vsetkych-fitness-nadsencov\/\"},\"author\":{\"name\":\"Tom\u00e1\u0161 Ile\u010dko\",\"@id\":\"https:\/\/gymbeam.com\/blog\/#\/schema\/person\/1c8e12e291f800b3ee6626459bf8cf45\"},\"headline\":\"GymTalk &#8211; nov\u00fd event GymBeamu pre v\u0161etk\u00fdch fitness nad\u0161encov\",\"datePublished\":\"2019-04-29T22:00:00+00:00\",\"dateModified\":\"2023-10-06T13:59:53+00:00\",\"mainEntityOfPage\":{\"@id\":\"https:\/\/gymbeam.sk\/blog\/gymtalk-novy-event-gymbeamu-pre-vsetkych-fitness-nadsencov\/\"},\"wordCount\":988,\"commentCount\":0,\"publisher\":{\"@id\":\"https:\/\/gymbeam.com\/blog\/#organization\"},\"image\":{\"@id\":\"https:\/\/gymbeam.sk\/blog\/gymtalk-novy-event-gymbeamu-pre-vsetkych-fitness-nadsencov\/#primaryimage\"},\"thumbnailUrl\":\"https:\/\/gymbeam.com\/blog\/wp-content\/uploads\/mageblog\/gymtalk_1_fb_tit.png\",\"keywords\":[\"zdravie\",\"zdrav\u00fd \u017eivotn\u00fd \u0161t\u00fdl\",\"zn\u00e1mi \u0161portovci\"],\"articleSection\":[\"Strava a zdrav\u00fd \u017eivotn\u00fd \u0161t\u00fdl\"],\"inLanguage\":\"en-GB\",\"potentialAction\":[{\"@type\":\"CommentAction\",\"name\":\"Comment\",\"target\":[\"https:\/\/gymbeam.sk\/blog\/gymtalk-novy-event-gymbeamu-pre-vsetkych-fitness-nadsencov\/#respond\"]}]},{\"@type\":\"WebPage\",\"@id\":\"https:\/\/gymbeam.sk\/blog\/gymtalk-novy-event-gymbeamu-pre-vsetkych-fitness-nadsencov\/\",\"url\":\"https:\/\/gymbeam.sk\/blog\/gymtalk-novy-event-gymbeamu-pre-vsetkych-fitness-nadsencov\/\",\"name\":\"GymTalk - nov\u00fd event GymBeamu pre v\u0161etk\u00fdch fitness nad\u0161encov - GymBeam Blog\",\"isPartOf\":{\"@id\":\"https:\/\/gymbeam.com\/blog\/#website\"},\"primaryImageOfPage\":{\"@id\":\"https:\/\/gymbeam.sk\/blog\/gymtalk-novy-event-gymbeamu-pre-vsetkych-fitness-nadsencov\/#primaryimage\"},\"image\":{\"@id\":\"https:\/\/gymbeam.sk\/blog\/gymtalk-novy-event-gymbeamu-pre-vsetkych-fitness-nadsencov\/#primaryimage\"},\"thumbnailUrl\":\"https:\/\/gymbeam.com\/blog\/wp-content\/uploads\/mageblog\/gymtalk_1_fb_tit.png\",\"datePublished\":\"2019-04-29T22:00:00+00:00\",\"dateModified\":\"2023-10-06T13:59:53+00:00\",\"description\":\"Na novom fitness evente GymTalk by GymBeam pre nad\u0161encov fitness a kulturistiky sme priv\u00edtali Jakuba En\u017ela, Jana Krasinsk\u00e9ho a MMA z\u00e1pasn\u00edka G\u00e1bora Bor\u00e1rosa.\",\"breadcrumb\":{\"@id\":\"https:\/\/gymbeam.sk\/blog\/gymtalk-novy-event-gymbeamu-pre-vsetkych-fitness-nadsencov\/#breadcrumb\"},\"inLanguage\":\"en-GB\",\"potentialAction\":[{\"@type\":\"ReadAction\",\"target\":[\"https:\/\/gymbeam.sk\/blog\/gymtalk-novy-event-gymbeamu-pre-vsetkych-fitness-nadsencov\/\"]}]},{\"@type\":\"ImageObject\",\"inLanguage\":\"en-GB\",\"@id\":\"https:\/\/gymbeam.sk\/blog\/gymtalk-novy-event-gymbeamu-pre-vsetkych-fitness-nadsencov\/#primaryimage\",\"url\":\"https:\/\/gymbeam.com\/blog\/wp-content\/uploads\/mageblog\/gymtalk_1_fb_tit.png\",\"contentUrl\":\"https:\/\/gymbeam.com\/blog\/wp-content\/uploads\/mageblog\/gymtalk_1_fb_tit.png\",\"width\":1200,\"height\":628},{\"@type\":\"BreadcrumbList\",\"@id\":\"https:\/\/gymbeam.sk\/blog\/gymtalk-novy-event-gymbeamu-pre-vsetkych-fitness-nadsencov\/#breadcrumb\",\"itemListElement\":[{\"@type\":\"ListItem\",\"position\":1,\"name\":\"Home\",\"item\":\"https:\/\/gymbeam.com\/blog\/\"},{\"@type\":\"ListItem\",\"position\":2,\"name\":\"GymTalk &#8211; nov\u00fd event GymBeamu pre v\u0161etk\u00fdch fitness nad\u0161encov\"}]},{\"@type\":\"WebSite\",\"@id\":\"https:\/\/gymbeam.com\/blog\/#website\",\"url\":\"https:\/\/gymbeam.com\/blog\/\",\"name\":\"GymBeam Blog\",\"description\":\"Najnov\u0161ie inform\u00e1cie zo sveta fitness\",\"publisher\":{\"@id\":\"https:\/\/gymbeam.com\/blog\/#organization\"},\"potentialAction\":[{\"@type\":\"SearchAction\",\"target\":{\"@type\":\"EntryPoint\",\"urlTemplate\":\"https:\/\/gymbeam.com\/blog\/?s={search_term_string}\"},\"query-input\":{\"@type\":\"PropertyValueSpecification\",\"valueRequired\":true,\"valueName\":\"search_term_string\"}}],\"inLanguage\":\"en-GB\"},{\"@type\":\"Organization\",\"@id\":\"https:\/\/gymbeam.com\/blog\/#organization\",\"name\":\"GymBeam\",\"url\":\"https:\/\/gymbeam.com\/blog\/\",\"logo\":{\"@type\":\"ImageObject\",\"inLanguage\":\"en-GB\",\"@id\":\"https:\/\/gymbeam.com\/blog\/#\/schema\/logo\/image\/\",\"url\":\"https:\/\/gymbeam.com\/blog\/wp-content\/uploads\/2020\/06\/GymBeam-logo.png\",\"contentUrl\":\"https:\/\/gymbeam.com\/blog\/wp-content\/uploads\/2020\/06\/GymBeam-logo.png\",\"width\":266,\"height\":75,\"caption\":\"GymBeam\"},\"image\":{\"@id\":\"https:\/\/gymbeam.com\/blog\/#\/schema\/logo\/image\/\"}},{\"@type\":\"Person\",\"@id\":\"https:\/\/gymbeam.com\/blog\/#\/schema\/person\/1c8e12e291f800b3ee6626459bf8cf45\",\"name\":\"Tom\u00e1\u0161 Ile\u010dko\",\"image\":{\"@type\":\"ImageObject\",\"inLanguage\":\"en-GB\",\"@id\":\"https:\/\/gymbeam.com\/blog\/#\/schema\/person\/image\/\",\"url\":\"https:\/\/gymbeam.com\/blog\/wp-content\/uploads\/2022\/01\/tomas.ilecko-e1641380578864-96x96.jpg\",\"contentUrl\":\"https:\/\/gymbeam.com\/blog\/wp-content\/uploads\/2022\/01\/tomas.ilecko-e1641380578864-96x96.jpg\",\"caption\":\"Tom\u00e1\u0161 Ile\u010dko\"},\"description\":\"Relentlessly curious, with the constant need to share new and interesting facts and information. Originally a pharmacist, he\u2019s a foodie, enthusiastic for healthy life and weight lifting, but also into music, arts, and a whole bunch of other things.\",\"url\":\"https:\/\/gymbeam.com\/blog\/author\/tomas-ilecko\/\"}]}<\/script>\n<!-- \/ Yoast SEO plugin. -->","yoast_head_json":{"title":"GymTalk - nov\u00fd event GymBeamu pre v\u0161etk\u00fdch fitness nad\u0161encov - GymBeam Blog","description":"Na novom fitness evente GymTalk by GymBeam pre nad\u0161encov fitness a kulturistiky sme priv\u00edtali Jakuba En\u017ela, Jana Krasinsk\u00e9ho a MMA z\u00e1pasn\u00edka G\u00e1bora Bor\u00e1rosa.","robots":{"index":"index","follow":"follow","max-snippet":"max-snippet:-1","max-image-preview":"max-image-preview:large","max-video-preview":"max-video-preview:-1"},"canonical":"https:\/\/gymbeam.com\/blog\/gymtalk-novy-event-gymbeamu-pre-vsetkych-fitness-nadsencov\/","og_type":"article","og_title":"GymTalk - nov\u00fd event GymBeamu pre v\u0161etk\u00fdch fitness nad\u0161encov - GymBeam Blog","og_description":"Na novom fitness evente GymTalk by GymBeam pre nad\u0161encov fitness a kulturistiky sme priv\u00edtali Jakuba En\u017ela, Jana Krasinsk\u00e9ho a MMA z\u00e1pasn\u00edka G\u00e1bora Bor\u00e1rosa.","og_url":"https:\/\/gymbeam.sk\/blog\/gymtalk-novy-event-gymbeamu-pre-vsetkych-fitness-nadsencov\/","og_site_name":"GymBeam Blog","article_published_time":"2019-04-29T22:00:00+00:00","article_modified_time":"2023-10-06T13:59:53+00:00","og_image":[{"width":1200,"height":628,"url":"https:\/\/gymbeam.com\/blog\/wp-content\/uploads\/mageblog\/gymtalk_1_fb_tit.png","type":"image\/png"}],"author":"Tom\u00e1\u0161 Ile\u010dko","twitter_card":"summary_large_image","twitter_misc":{"Written by":"Tom\u00e1\u0161 Ile\u010dko","Estimated reading time":"6 minutes"},"schema":{"@context":"https:\/\/schema.org","@graph":[{"@type":"Article","@id":"https:\/\/gymbeam.sk\/blog\/gymtalk-novy-event-gymbeamu-pre-vsetkych-fitness-nadsencov\/#article","isPartOf":{"@id":"https:\/\/gymbeam.sk\/blog\/gymtalk-novy-event-gymbeamu-pre-vsetkych-fitness-nadsencov\/"},"author":{"name":"Tom\u00e1\u0161 Ile\u010dko","@id":"https:\/\/gymbeam.com\/blog\/#\/schema\/person\/1c8e12e291f800b3ee6626459bf8cf45"},"headline":"GymTalk &#8211; nov\u00fd event GymBeamu pre v\u0161etk\u00fdch fitness nad\u0161encov","datePublished":"2019-04-29T22:00:00+00:00","dateModified":"2023-10-06T13:59:53+00:00","mainEntityOfPage":{"@id":"https:\/\/gymbeam.sk\/blog\/gymtalk-novy-event-gymbeamu-pre-vsetkych-fitness-nadsencov\/"},"wordCount":988,"commentCount":0,"publisher":{"@id":"https:\/\/gymbeam.com\/blog\/#organization"},"image":{"@id":"https:\/\/gymbeam.sk\/blog\/gymtalk-novy-event-gymbeamu-pre-vsetkych-fitness-nadsencov\/#primaryimage"},"thumbnailUrl":"https:\/\/gymbeam.com\/blog\/wp-content\/uploads\/mageblog\/gymtalk_1_fb_tit.png","keywords":["zdravie","zdrav\u00fd \u017eivotn\u00fd \u0161t\u00fdl","zn\u00e1mi \u0161portovci"],"articleSection":["Strava a zdrav\u00fd \u017eivotn\u00fd \u0161t\u00fdl"],"inLanguage":"en-GB","potentialAction":[{"@type":"CommentAction","name":"Comment","target":["https:\/\/gymbeam.sk\/blog\/gymtalk-novy-event-gymbeamu-pre-vsetkych-fitness-nadsencov\/#respond"]}]},{"@type":"WebPage","@id":"https:\/\/gymbeam.sk\/blog\/gymtalk-novy-event-gymbeamu-pre-vsetkych-fitness-nadsencov\/","url":"https:\/\/gymbeam.sk\/blog\/gymtalk-novy-event-gymbeamu-pre-vsetkych-fitness-nadsencov\/","name":"GymTalk - nov\u00fd event GymBeamu pre v\u0161etk\u00fdch fitness nad\u0161encov - GymBeam Blog","isPartOf":{"@id":"https:\/\/gymbeam.com\/blog\/#website"},"primaryImageOfPage":{"@id":"https:\/\/gymbeam.sk\/blog\/gymtalk-novy-event-gymbeamu-pre-vsetkych-fitness-nadsencov\/#primaryimage"},"image":{"@id":"https:\/\/gymbeam.sk\/blog\/gymtalk-novy-event-gymbeamu-pre-vsetkych-fitness-nadsencov\/#primaryimage"},"thumbnailUrl":"https:\/\/gymbeam.com\/blog\/wp-content\/uploads\/mageblog\/gymtalk_1_fb_tit.png","datePublished":"2019-04-29T22:00:00+00:00","dateModified":"2023-10-06T13:59:53+00:00","description":"Na novom fitness evente GymTalk by GymBeam pre nad\u0161encov fitness a kulturistiky sme priv\u00edtali Jakuba En\u017ela, Jana Krasinsk\u00e9ho a MMA z\u00e1pasn\u00edka G\u00e1bora Bor\u00e1rosa.","breadcrumb":{"@id":"https:\/\/gymbeam.sk\/blog\/gymtalk-novy-event-gymbeamu-pre-vsetkych-fitness-nadsencov\/#breadcrumb"},"inLanguage":"en-GB","potentialAction":[{"@type":"ReadAction","target":["https:\/\/gymbeam.sk\/blog\/gymtalk-novy-event-gymbeamu-pre-vsetkych-fitness-nadsencov\/"]}]},{"@type":"ImageObject","inLanguage":"en-GB","@id":"https:\/\/gymbeam.sk\/blog\/gymtalk-novy-event-gymbeamu-pre-vsetkych-fitness-nadsencov\/#primaryimage","url":"https:\/\/gymbeam.com\/blog\/wp-content\/uploads\/mageblog\/gymtalk_1_fb_tit.png","contentUrl":"https:\/\/gymbeam.com\/blog\/wp-content\/uploads\/mageblog\/gymtalk_1_fb_tit.png","width":1200,"height":628},{"@type":"BreadcrumbList","@id":"https:\/\/gymbeam.sk\/blog\/gymtalk-novy-event-gymbeamu-pre-vsetkych-fitness-nadsencov\/#breadcrumb","itemListElement":[{"@type":"ListItem","position":1,"name":"Home","item":"https:\/\/gymbeam.com\/blog\/"},{"@type":"ListItem","position":2,"name":"GymTalk &#8211; nov\u00fd event GymBeamu pre v\u0161etk\u00fdch fitness nad\u0161encov"}]},{"@type":"WebSite","@id":"https:\/\/gymbeam.com\/blog\/#website","url":"https:\/\/gymbeam.com\/blog\/","name":"GymBeam Blog","description":"Najnov\u0161ie inform\u00e1cie zo sveta fitness","publisher":{"@id":"https:\/\/gymbeam.com\/blog\/#organization"},"potentialAction":[{"@type":"SearchAction","target":{"@type":"EntryPoint","urlTemplate":"https:\/\/gymbeam.com\/blog\/?s={search_term_string}"},"query-input":{"@type":"PropertyValueSpecification","valueRequired":true,"valueName":"search_term_string"}}],"inLanguage":"en-GB"},{"@type":"Organization","@id":"https:\/\/gymbeam.com\/blog\/#organization","name":"GymBeam","url":"https:\/\/gymbeam.com\/blog\/","logo":{"@type":"ImageObject","inLanguage":"en-GB","@id":"https:\/\/gymbeam.com\/blog\/#\/schema\/logo\/image\/","url":"https:\/\/gymbeam.com\/blog\/wp-content\/uploads\/2020\/06\/GymBeam-logo.png","contentUrl":"https:\/\/gymbeam.com\/blog\/wp-content\/uploads\/2020\/06\/GymBeam-logo.png","width":266,"height":75,"caption":"GymBeam"},"image":{"@id":"https:\/\/gymbeam.com\/blog\/#\/schema\/logo\/image\/"}},{"@type":"Person","@id":"https:\/\/gymbeam.com\/blog\/#\/schema\/person\/1c8e12e291f800b3ee6626459bf8cf45","name":"Tom\u00e1\u0161 Ile\u010dko","image":{"@type":"ImageObject","inLanguage":"en-GB","@id":"https:\/\/gymbeam.com\/blog\/#\/schema\/person\/image\/","url":"https:\/\/gymbeam.com\/blog\/wp-content\/uploads\/2022\/01\/tomas.ilecko-e1641380578864-96x96.jpg","contentUrl":"https:\/\/gymbeam.com\/blog\/wp-content\/uploads\/2022\/01\/tomas.ilecko-e1641380578864-96x96.jpg","caption":"Tom\u00e1\u0161 Ile\u010dko"},"description":"Relentlessly curious, with the constant need to share new and interesting facts and information. Originally a pharmacist, he\u2019s a foodie, enthusiastic for healthy life and weight lifting, but also into music, arts, and a whole bunch of other things.","url":"https:\/\/gymbeam.com\/blog\/author\/tomas-ilecko\/"}]}},"_links":{"self":[{"href":"https:\/\/gymbeam.com\/blog\/wp-json\/wp\/v2\/posts\/167379","targetHints":{"allow":["GET"]}}],"collection":[{"href":"https:\/\/gymbeam.com\/blog\/wp-json\/wp\/v2\/posts"}],"about":[{"href":"https:\/\/gymbeam.com\/blog\/wp-json\/wp\/v2\/types\/post"}],"author":[{"embeddable":true,"href":"https:\/\/gymbeam.com\/blog\/wp-json\/wp\/v2\/users\/25"}],"replies":[{"embeddable":true,"href":"https:\/\/gymbeam.com\/blog\/wp-json\/wp\/v2\/comments?post=167379"}],"version-history":[{"count":2,"href":"https:\/\/gymbeam.com\/blog\/wp-json\/wp\/v2\/posts\/167379\/revisions"}],"predecessor-version":[{"id":501252,"href":"https:\/\/gymbeam.com\/blog\/wp-json\/wp\/v2\/posts\/167379\/revisions\/501252"}],"wp:featuredmedia":[{"embeddable":true,"href":"https:\/\/gymbeam.com\/blog\/wp-json\/wp\/v2\/media\/114420"}],"wp:attachment":[{"href":"https:\/\/gymbeam.com\/blog\/wp-json\/wp\/v2\/media?parent=167379"}],"wp:term":[{"taxonomy":"category","embeddable":true,"href":"https:\/\/gymbeam.com\/blog\/wp-json\/wp\/v2\/categories?post=167379"},{"taxonomy":"post_tag","embeddable":true,"href":"https:\/\/gymbeam.com\/blog\/wp-json\/wp\/v2\/tags?post=167379"},{"taxonomy":"filter_section","embeddable":true,"href":"https:\/\/gymbeam.com\/blog\/wp-json\/wp\/v2\/filter_section?post=167379"},{"taxonomy":"filter_attribute","embeddable":true,"href":"https:\/\/gymbeam.com\/blog\/wp-json\/wp\/v2\/filter_attribute?post=167379"}],"curies":[{"name":"wp","href":"https:\/\/api.w.org\/{rel}","templated":true}]}}