{"id":167361,"date":"2019-07-04T00:00:00","date_gmt":"2019-07-03T22:00:00","guid":{"rendered":"https:\/\/gymbeam.com\/blog\/gymtalk-2-co-nam-prezradili-attila-vegh-karol-rysavy-a-rytmus\/"},"modified":"2023-07-27T16:27:02","modified_gmt":"2023-07-27T14:27:02","slug":"gymtalk-2-co-nam-prezradili-attila-vegh-karol-rysavy-a-rytmus","status":"publish","type":"post","link":"https:\/\/gymbeam.sk\/blog\/gymtalk-2-co-nam-prezradili-attila-vegh-karol-rysavy-a-rytmus\/","title":{"rendered":"GymTalk #2 &#8211; \u010co n\u00e1m prezradili Attila V\u00e9gh, Karol Ry\u0161av\u00fd a Rytmus?"},"content":{"rendered":"<div id=\"ez-toc-container\" class=\"ez-toc-v2_0_72 ez-toc-wrap-left counter-hierarchy ez-toc-counter ez-toc-custom ez-toc-container-direction\">\n<div class=\"ez-toc-title-container\">\n<p class=\"ez-toc-title\" style=\"cursor:inherit\">Table of Contents<\/p>\n<span class=\"ez-toc-title-toggle\"><\/span><\/div>\n<nav><ul class='ez-toc-list ez-toc-list-level-1 ' ><li class='ez-toc-page-1 ez-toc-heading-level-2'><a class=\"ez-toc-link ez-toc-heading-1\" href=\"https:\/\/gymbeam.sk\/blog\/gymtalk-2-co-nam-prezradili-attila-vegh-karol-rysavy-a-rytmus\/#Nechybal_fitness_welcome_drink_ani_prehliadka_firmy\" title=\"Nech\u00fdbal fitness welcome drink ani prehliadka firmy\">Nech\u00fdbal fitness welcome drink ani prehliadka firmy<\/a><\/li><li class='ez-toc-page-1 ez-toc-heading-level-2'><a class=\"ez-toc-link ez-toc-heading-2\" href=\"https:\/\/gymbeam.sk\/blog\/gymtalk-2-co-nam-prezradili-attila-vegh-karol-rysavy-a-rytmus\/#Attila_Vegh_a_Karol_Rysavy_%E2%80%93_treningy_zapasy_strava_ale_aj_to_co_je_pre_MMA_zapasnika_najdolezitejsie\" title=\"Attila V\u00e9gh a Karol Ry\u0161av\u00fd &#8211; tr\u00e9ningy, z\u00e1pasy, strava, ale aj to, \u010do je pre MMA z\u00e1pasn\u00edka najd\u00f4le\u017eitej\u0161ie\">Attila V\u00e9gh a Karol Ry\u0161av\u00fd &#8211; tr\u00e9ningy, z\u00e1pasy, strava, ale aj to, \u010do je pre MMA z\u00e1pasn\u00edka najd\u00f4le\u017eitej\u0161ie<\/a><\/li><li class='ez-toc-page-1 ez-toc-heading-level-2'><a class=\"ez-toc-link ez-toc-heading-3\" href=\"https:\/\/gymbeam.sk\/blog\/gymtalk-2-co-nam-prezradili-attila-vegh-karol-rysavy-a-rytmus\/#Rytmus_%E2%80%93_ako_sa_dostal_k_boxu_co_ho_motivuje_a_aky_je_jeho_vztah_k_sportu\" title=\"Rytmus &#8211; ako sa dostal k boxu, \u010do ho motivuje, a ak\u00fd je jeho vz\u0165ah k \u0161portu\">Rytmus &#8211; ako sa dostal k boxu, \u010do ho motivuje, a ak\u00fd je jeho vz\u0165ah k \u0161portu<\/a><\/li><li class='ez-toc-page-1 ez-toc-heading-level-2'><a class=\"ez-toc-link ez-toc-heading-4\" href=\"https:\/\/gymbeam.sk\/blog\/gymtalk-2-co-nam-prezradili-attila-vegh-karol-rysavy-a-rytmus\/#Vecer_sme_ukoncili_s_Meet_Greet\" title=\"Ve\u010der sme ukon\u010dili s Meet &amp; Greet\">Ve\u010der sme ukon\u010dili s Meet &amp; Greet<\/a><\/li><\/ul><\/nav><\/div>\n\n<p>Podujatie venovan\u00e9 v\u0161etk\u00fdm fitness nad\u0161encom pokra\u010dovalo vo ve\u013ekolepej atmosf\u00e9re. Na <strong>GymTalk #2<\/strong> sme tentokr\u00e1t priv\u00edtali <strong>\u00faspe\u0161n\u00fdch MMA bojovn\u00edkov<\/strong> &#8211; <strong><a title=\"Attila V\u00e9gh\" href=\"https:\/\/www.instagram.com\/veghattila\/?hl=sk\" target=\"_blank\" rel=\"noopener noreferrer\">Attilu V\u00e9gha<\/a> a <a title=\"Karol Ry\u0161av\u00fd \" href=\"https:\/\/www.instagram.com\/karol_bomby_rysavy\/?hl=sk\" target=\"_blank\" rel=\"noopener noreferrer\">Karola Ry\u0161av\u00e9ho<\/a><\/strong><strong>.<\/strong> T\u00ed n\u00e1m prezradili viac o svojich <strong>tr\u00e9ningoch, s\u00fa\u0165a\u017eiach, strave<\/strong>, ale aj o tom, ako sa zozn\u00e1mili a<strong> ako vznikli ich prez\u00fdvky. <\/strong>Attilu sme sa op\u00fdtali aj na <strong>z\u00e1pas proti Karlosovi Vemolovi<\/strong>, ktor\u00fd ho \u010dak\u00e1 u\u017e v novembri!&nbsp;<\/p>\n\n\n\n<div style=\"height:20px\" aria-hidden=\"true\" class=\"wp-block-spacer\"><\/div>\n\n\n\n<p>\u0160peci\u00e1lnym hos\u0165om ve\u010dera bol uzn\u00e1van\u00fd rapper&nbsp;<strong><a title=\"Patrik &quot;Rytmus&quot; Vrbovsk\u00fd\" href=\"https:\/\/www.instagram.com\/rytmusking\/?hl=sk\" target=\"_blank\" rel=\"noopener noreferrer\">Patrik \u201cRytmus\u201d Vrbovsk\u00fd<\/a><\/strong><strong>,<\/strong> ktor\u00e9ho vyspovedal n\u00e1\u0161 <strong><a title=\"Janko Kr\u00e1l\" href=\"https:\/\/www.instagram.com\/jan.kral.bodybuilder\/?hl=sk\" target=\"_blank\" rel=\"noopener noreferrer\">Janko Kr\u00e1l<\/a>. Po\u010fme ale od za\u010diatku!&nbsp;<\/strong><\/p>\n\n\n\n<div style=\"height:20px\" aria-hidden=\"true\" class=\"wp-block-spacer\"><\/div>\n\n\n\n<h2 class=\"is-style-default wp-block-heading\"><span class=\"ez-toc-section\" id=\"Nechybal_fitness_welcome_drink_ani_prehliadka_firmy\"><\/span><strong>Nech\u00fdbal fitness welcome drink ani prehliadka firmy<\/strong><span class=\"ez-toc-section-end\"><\/span><\/h2>\n\n\n\n<p>GymTalk #2 sa <strong>uskuto\u010dnil v ko\u0161ick\u00fdch priestoroch spolo\u010dnosti GymBeam<\/strong>. Event od\u0161tartoval na predajni, kde sa zhroma\u017edili v\u0161etci \u00fa\u010dastn\u00edci a pod\u00e1val sa welcome drink. N\u00e1sledne sa za\u010dala <strong>prehliadka firmy,<\/strong> ktor\u00fa viedol majite\u013e GymBeamu &#8211; <strong><a title=\"Dalibor Cicman\" href=\"https:\/\/www.linkedin.com\/in\/dalibor-cicman-7ba47335\/?originalSubdomain=sk\" target=\"_blank\" rel=\"noopener noreferrer\">Dalibor Cicman<\/a>.<\/strong> N\u00e1v\u0161tevn\u00edci mali mo\u017enos\u0165 vidie\u0165 skladov\u00e9 priestory, ale aj priestrann\u00e9 marketingov\u00e9 \u010di IT kancel\u00e1rie. Po prehliadke firmy sa n\u00e1v\u0161tevn\u00edci<strong> osvie\u017eili lahodn\u00fdmi drinkami<\/strong> z GymBeam produktov a skvel\u00fdmi fitness poch\u00fa\u0165kami.<\/p>\n\n\n\n<div class=\"wp-block-image\"><figure class=\"aligncenter is-resized\"><img loading=\"lazy\" decoding=\"async\" src=\"https:\/\/wpstatic.gymbeam.com\/blog\/wp-content\/uploads\/mageblog\/_DSC0134.png\" alt=\"GymTalk 2, Attila V\u00e9gh, Karol Ry\u0161av\u00fd, Rytmus\" width=\"843\" height=\"562\" title=\"GymTalk 2, Attila V\u00e9gh, Karol Ry\u0161av\u00fd, Rytmus\"\/><\/figure><\/div>\n\n\n\n<div style=\"height:20px\" aria-hidden=\"true\" class=\"wp-block-spacer\"><\/div>\n\n\n\n\n\n\n<div style=\"height:20px\" aria-hidden=\"true\" class=\"wp-block-spacer\"><\/div>\n\n\n\n<h2 class=\"is-style-default wp-block-heading\"><span class=\"ez-toc-section\" id=\"Attila_Vegh_a_Karol_Rysavy_%E2%80%93_treningy_zapasy_strava_ale_aj_to_co_je_pre_MMA_zapasnika_najdolezitejsie\"><\/span><strong>Attila V\u00e9gh a Karol Ry\u0161av\u00fd &#8211; tr\u00e9ningy, z\u00e1pasy, strava, ale aj to, \u010do je pre MMA z\u00e1pasn\u00edka najd\u00f4le\u017eitej\u0161ie <\/strong><span class=\"ez-toc-section-end\"><\/span><\/h2>\n\n\n\n<p><strong>Attila V\u00e9gh<\/strong> a <strong>Karol Ry\u0161av\u00fd<\/strong> &#8211; men\u00e1, ktor\u00e9 si v MMA svete vybudovali <strong>prest\u00ed\u017e v\u010faka tvrdej pr\u00e1ci a snahe vytrva\u0165.<\/strong> Za\u010diatky v\u0161ak neboli jednoduch\u00e9. Attila n\u00e1m prezradil, ako medzi t\u00fdmito dvoma p\u00e1nmi<strong> vznikla spolupr\u00e1ca<\/strong>, z ktorej sa postupom \u010dasu vyvinulo siln\u00e9 kamar\u00e1tske puto.&nbsp;<\/p>\n\n\n\n<div style=\"height:20px\" aria-hidden=\"true\" class=\"wp-block-spacer\"><\/div>\n\n\n\n<p><em>\u201c<strong>Spartakus Fight Gym<\/strong> je otvoren\u00fd u\u017e asi 4. alebo 5. rok. Karol tam bol od za\u010diatku. Mal v\u0161ak probl\u00e9my &#8211; r\u00e1d si vypil, najm\u00e4 pivo, a potom robil probl\u00e9my, bil sa na ulici. U n\u00e1s v gyme je v\u0161ak pravidlom,<strong> \u017ee sa chlapci nem\u00f4\u017eu bi\u0165 v \u0161kole, vonku alebo na diskot\u00e9ke.<\/strong> S Karolom to bolo p\u00e1rkr\u00e1t ve\u013emi \u0165a\u017ek\u00e9, ale zmenil sa,\u201d tvrd\u00ed Attila.<\/em><\/p>\n\n\n\n<div style=\"height:20px\" aria-hidden=\"true\" class=\"wp-block-spacer\"><\/div>\n\n\n\n<p>Karol sa tie\u017e vyjadril na t\u00fato t\u00e9mu a<strong> zhodnotil Attilu na poz\u00edcii tr\u00e9nera<\/strong> nasledovne:&nbsp;<\/p>\n\n\n\n<p><em>\u201cAttila je ako tr\u00e9ner pod\u013ea m\u0148a ve\u013emi dobr\u00fd. Hlavne je to tak\u00fd <strong>m\u00f4j vzor, <\/strong>ktor\u00fd ma motivuje, <strong>nielen ako tr\u00e9ner, ale aj ako \u010dlovek<\/strong>. Jednoducho prav\u00fd \u0161ampi\u00f3n. To, \u010do hovoril, je pravda, ale ja si aj tak mysl\u00edm, \u017ee som bol dobr\u00fd. Ale je to tak, <strong>ve\u013emi som sa zmenil, za\u010dal tr\u00e9nova\u0165,<\/strong> za \u010do mu ve\u013emi \u010fakujem. Stra\u0161ne mi pom\u00e1ha, od za\u010diatku mi pom\u00e1hal. <strong>Tam kde som teraz, som v\u010faka nemu <\/strong>a <strong>Eduardovi Gerekovi<\/strong>, ktor\u00fd je majite\u013e Spartakus Fight Gymu.\u201d&nbsp;<\/em><\/p>\n\n\n\n<div class=\"wp-block-image\"><figure class=\"aligncenter is-resized\"><img loading=\"lazy\" decoding=\"async\" src=\"https:\/\/wpstatic.gymbeam.com\/blog\/wp-content\/uploads\/mageblog\/_DSC0093.JPG\" alt=\"GymTalk 2, Attila V\u00e9gh, Rytmus, Karol Ry\u0161av\u00fd\" width=\"843\" height=\"562\" title=\"GymTalk 2, Attila V\u00e9gh, Rytmus, Karol Ry\u0161av\u00fd\"\/><\/figure><\/div>\n\n\n\n<p>Attila s Karolom n\u00e1m prezradili aj to, ako vznikli ich prez\u00fdvky a \u010do vyjadruj\u00fa. Attila V\u00e9gh je zn\u00e1my pod pseudonymom <em><strong>\u201cPumukli\u201d<\/strong><\/em>, ktor\u00fd mu dal e\u0161te jeho tr\u00e9ner, ke\u010f bol mal\u00fd. <strong>Svojim v\u00fdzorom <\/strong>sa vtedy podobal na <strong>postavi\u010dku z rozpr\u00e1vky<\/strong> Majster Eder a \u0161kriatok Pumuckl &#8211; po ma\u010farsky Pumukli. Karol svoju prez\u00fdvku <em><strong>\u201cBomby\u201d <\/strong><\/em>z\u00edskal v \u010dase, ke\u010f hr\u00e1val futbal a zap\u00e1\u010dila sa mu nato\u013eko, \u017ee si ju nechal a\u017e dodnes.&nbsp;<\/p>\n\n\n\n<div style=\"height:20px\" aria-hidden=\"true\" class=\"wp-block-spacer\"><\/div>\n\n\n\n<p>Attilu \u010dak\u00e1 v novembri z\u00e1pas, ktor\u00fd mnoh\u00ed naz\u00fdvaj\u00fa z\u00e1pasom storo\u010dia. V klietke sa postav\u00ed proti zn\u00e1memu \u010desk\u00e9mu MMA z\u00e1pasn\u00edkovi <strong>Karlosovi Vemolovi. <\/strong>Ako tento bl\u00ed\u017eiaci sa z\u00e1pas vn\u00edma Attila?&nbsp;<\/p>\n\n\n\n<div style=\"height:20px\" aria-hidden=\"true\" class=\"wp-block-spacer\"><\/div>\n\n\n\n<p><em>\u201cV novembri ma \u010dak\u00e1<strong> \u201cz\u00e1pas storo\u010dia\u201d<\/strong> ako ho v\u0161etci ozna\u010duj\u00fa. Bude to <\/em> prv\u00fd bol v Bellatore. Moja pr\u00edprava za\u010d\u00edna od 15. j\u00fala, preto\u017ee teraz sa e\u0161te chyst\u00e1m na dovolenku. Predt\u00fdm si sadneme s tr\u00e9nermi a porozpr\u00e1vame sa, kam p\u00f4jdeme na kemp a <strong>koho zavol\u00e1me ako sparing partnerov.<\/strong> <em>Karlos je fyzicky extr\u00e9mne siln\u00fd \u010dlovek, <strong>ale mysl\u00edm, \u017ee ma nem\u00e1 \u010d\u00edm prekvapi\u0165.<\/strong><\/em><\/p>\n\n\n\n<div style=\"height:20px\" aria-hidden=\"true\" class=\"wp-block-spacer\"><\/div>\n\n\n\n<p>Rozpr\u00e1vali sme sa aj o <strong>tr\u00e9ningov\u00fdch kempoch<\/strong>, ktor\u00e9 okrem Slovenska zvykn\u00fa absolvova\u0165 aj v Thajsku,<strong> preto\u017ee je tam hor\u00face podnebie. <\/strong>Pr\u00e1ve tam z\u00e1pasn\u00edk ok\u00fasi n\u00e1ro\u010dnej\u0161ie podmienky na tr\u00e9ning, v\u010faka \u010domu sa m\u00f4\u017ee pripravi\u0165 na z\u00e1pas e\u0161te lep\u0161ie. Neobi\u0161li sme ani t\u00e9mu <strong>stravovania.<\/strong> Karol n\u00e1m prezradil, \u017ee <strong>pred z\u00e1pasmi schudne a\u017e 13 kilogramov!<\/strong> Ako to dok\u00e1\u017ee?&nbsp;<\/p>\n\n\n\n<div style=\"height:20px\" aria-hidden=\"true\" class=\"wp-block-spacer\"><\/div>\n\n\n\n<p><em>\u201cJa to m\u00e1m tak, \u017ee do z\u00e1pasu chudnem pribli\u017ene 13 k\u00edl. V\u00e1hu rob\u00edm posledn\u00e9 tri t\u00fd\u017edne. Dovtedy jem v\u0161etko a potom <strong>obmedz\u00edm pe\u010divo.<\/strong> Posledn\u00e9 dva t\u00fd\u017edne obmedz\u00edm <strong>ve\u010der sacharidy <\/strong>a \u00faplne posledn\u00fd t\u00fd\u017ede\u0148 <strong>\u017eijem zo vzduchu a vody.<\/strong> Zavodn\u00edm sa a v posledn\u00fd de\u0148 odvod\u0148ujem.\u201d&nbsp;<\/em><\/p>\n\n\n\n<div class=\"wp-block-image\"><figure class=\"aligncenter is-resized\"><img loading=\"lazy\" decoding=\"async\" src=\"https:\/\/wpstatic.gymbeam.com\/blog\/wp-content\/uploads\/mageblog\/_DSC0162.png\" alt=\"GymTalk 2, Karol Ry\u0161av\u00fd, MMA, Attila V\u00e9gh\" width=\"843\" height=\"562\" title=\"GymTalk 2, Karol Ry\u0161av\u00fd, MMA, Attila V\u00e9gh\"\/><\/figure><\/div>\n\n\n\n<p>Stravovanie Attilu v\u00e1s mo\u017eno prekvap\u00ed, ale vyjadril sa, \u017ee <strong>nen\u00e1vid\u00ed ovocie a zeleninu. <\/strong>Naopak, <strong>zbo\u017e\u0148uje pizzu, hamburgery<\/strong><strong> \u010di hranolky.<\/strong> Zauj\u00edmavos\u0165ou je aj to, \u017ee na rozdiel od zvy\u0161n\u00fdch MMA z\u00e1pasn\u00edkov <strong>v\u00f4bec neodvod\u0148uje.&nbsp;<\/strong><\/p>\n\n\n\n<div style=\"height:20px\" aria-hidden=\"true\" class=\"wp-block-spacer\"><\/div>\n\n\n\n<p>Ste zvedav\u00ed na to, <strong>\u010do sa op\u00fdtal Rytmus Attilu?<\/strong> Pozrite si to vo <strong>videu: <\/strong><\/p>\n\n\n\n<div class=\"wp-block-columns is-layout-flex wp-container-core-columns-is-layout-9d6595d7 wp-block-columns-is-layout-flex\">\n<div class=\"wp-block-column is-layout-flow wp-block-column-is-layout-flow\" style=\"flex-basis:25%\"><\/div>\n\n\n\n<div class=\"wp-block-column is-layout-flow wp-block-column-is-layout-flow\" style=\"flex-basis:50%\">\n<figure class=\"wp-block-embed is-type-rich is-provider-vlozit-handler wp-block-embed-vlozit-handler wp-embed-aspect-16-9 wp-has-aspect-ratio\"><div class=\"wp-block-embed__wrapper\">\n<iframe loading=\"lazy\" title=\"Attila V\u00e9gh a Karol Ry\u0161av\u00fd - rozhovor o MMA, tr\u00e9ningu a strave \ud83e\udd4a l GymTalk #2\" width=\"1140\" height=\"641\" src=\"https:\/\/www.youtube.com\/embed\/2d1qQJvmR6M?feature=oembed\" frameborder=\"0\" allow=\"accelerometer; autoplay; clipboard-write; encrypted-media; gyroscope; picture-in-picture\" allowfullscreen><\/iframe>\n<\/div><\/figure>\n<\/div>\n\n\n\n<div class=\"wp-block-column is-layout-flow wp-block-column-is-layout-flow\" style=\"flex-basis:25%\"><\/div>\n<\/div>\n\n\n\n<h2 class=\"is-style-default wp-block-heading\"><span class=\"ez-toc-section\" id=\"Rytmus_%E2%80%93_ako_sa_dostal_k_boxu_co_ho_motivuje_a_aky_je_jeho_vztah_k_sportu\"><\/span><strong>Rytmus &#8211; ako sa dostal k boxu, \u010do ho motivuje, a ak\u00fd je jeho vz\u0165ah k \u0161portu<\/strong><span class=\"ez-toc-section-end\"><\/span><\/h2>\n\n\n\n<p>Rytmus prv\u00fdkr\u00e1t ok\u00fasil box v <strong>Thajsku, kde bol na dovolenke.<\/strong> P\u00e1\u010dila sa mu na \u0148om najm\u00e4<strong> uvo\u013enenos\u0165. <\/strong>Po n\u00e1vrate na Slovensko videl video, na ktorom tr\u00e9novala jeho kamar\u00e1tka s Attilom, chcel si to vysk\u00fa\u0161a\u0165 tie\u017e, a tak sa dostal do Spartakus Fight Gymu.&nbsp;<\/p>\n\n\n\n<div style=\"height:20px\" aria-hidden=\"true\" class=\"wp-block-spacer\"><\/div>\n\n\n\n<p><em>\u201cAttila mi vybavil nejak\u00e9 sparingy a odvtedy som chodil niekedy 5-kr\u00e1t za t\u00fd\u017ede\u0148, niekedy som ne\u0161iel v\u00f4bec. Vtedy som mal 40 rokov a povedal som si, \u017ee <strong>som r\u00e1d, \u017ee v mojom \u017eivote je nejak\u00fd \u0161port, <\/strong>a \u017ee sa venujem aj nie\u010domu okrem hudby. Bolo super, \u017ee som \u0161iel s profesion\u00e1lnymi fightermi niekde na s\u00fastredenie a <strong>mojou m\u00e9tou bolo udr\u017ea\u0165 s nimi krok.\u201d&nbsp;<\/strong><\/em><\/p>\n\n\n\n<div class=\"wp-block-image\"><figure class=\"aligncenter is-resized\"><img loading=\"lazy\" decoding=\"async\" src=\"https:\/\/wpstatic.gymbeam.com\/blog\/wp-content\/uploads\/mageblog\/GT1_47_.png\" alt=\"GymTalk 2, Rytmus\" width=\"843\" height=\"562\" title=\"GymTalk 2, Rytmus\"\/><\/figure><\/div>\n\n\n\n<p>Rytmus n\u00e1m prezradil aj to, \u010do pod\u013ea neho rob\u00ed boxera dobr\u00fdm z\u00e1pasn\u00edkom:<\/p>\n\n\n\n<p><em>\u201c<strong>Ur\u010dite hlava.<\/strong> To je cel\u00e9. Ke\u010f je <strong>srdce bojovn\u00edka,<\/strong> ve\u013eakr\u00e1t vid\u00edme, \u017ee sa <strong>d\u00e1 vyhra\u0165 aj bez techniky<\/strong>. Ke\u010f u\u017e je z\u00e1pas, napr\u00edklad v 5. alebo 10. kole, kde u\u017e nie je \u017eiadna technika, srdce proste vyhr\u00e1.\u201d&nbsp;<\/em><\/p>\n\n\n\n<div style=\"height:20px\" aria-hidden=\"true\" class=\"wp-block-spacer\"><\/div>\n\n\n\n<p>Rozpr\u00e1vali sme aj o tom, ako vn\u00edmal <strong>z\u00e1pas s Marpom.<\/strong> Pod\u013ea neho to bola najm\u00e4 <strong>zauj\u00edmav\u00e1 sk\u00fasenos\u0165<\/strong><strong>,<\/strong> v\u010faka ktorej sa jeho \u017eivot vyv\u00e1\u017eil. Z\u00e1rove\u0148 dodal, \u017ee ho to utvrdilo v tom, \u017ee sa v\u017edy<strong> r\u00e1d odraz\u00ed od dna a ide \u010falej.<\/strong> Prezradil n\u00e1m aj to, \u017ee pri sparing tr\u00e9ningu po\u017eiadal Attilu o <strong>knockout.&nbsp;<\/strong><\/p>\n\n\n\n<div style=\"height:20px\" aria-hidden=\"true\" class=\"wp-block-spacer\"><\/div>\n\n\n\n<p><em>\u201c<strong>Padol som na zem<\/strong> a zatriaslo mi nohami. Attila na m\u0148a za\u010dal kri\u010da\u0165: <strong>\u201cVst\u00e1vaj! Vst\u00e1vaj!\u201d<\/strong> a ja som si vlastne uvedomil, \u017ee <strong>m\u00f4\u017eem vsta\u0165.<\/strong> D\u00e1 sa poveda\u0165, \u017ee toto je d\u00f4vod, kv\u00f4li ktor\u00e9mu som sa v druhom kole postavil.\u201d&nbsp;<\/em><\/p>\n\n\n\n<div class=\"wp-block-image\"><figure class=\"aligncenter is-resized\"><img loading=\"lazy\" decoding=\"async\" src=\"https:\/\/wpstatic.gymbeam.com\/blog\/wp-content\/uploads\/mageblog\/GT1_88_.png\" alt=\"Rytmus, GymTalk 2, Z\u00e1pas Rytmus vs. Marpo, tr\u00e9ning \" width=\"843\" height=\"562\" title=\"Rytmus, GymTalk 2, Z\u00e1pas s Marpom, tr\u00e9ning Rytmus, GymTalk 2, Z\u00e1pas Rytmus vs. Marpo, tr\u00e9ning \"\/><\/figure><\/div>\n\n\n\n<p>Rytmus sa s nami podelil aj o to, <strong>ako vn\u00edma stratu s\u00fakromia<\/strong> a ako sa s \u0148ou vyrovn\u00e1va. \u013dudia ho toti\u017e v\u010faka jeho talentu spozn\u00e1vali u\u017e v \u0161kole, na s\u00eddlisku, v meste a nesk\u00f4r na festivaloch a koncertoch. Ako s\u00e1m povedal, <strong>vie sa uvo\u013eni\u0165 v\u0161ade <\/strong>a niekedy je mo\u017eno viac uvo\u013enenej\u0161\u00ed ne\u017e \u013eudia naokolo.&nbsp;<\/p>\n\n\n\n<div style=\"height:20px\" aria-hidden=\"true\" class=\"wp-block-spacer\"><\/div>\n\n\n\n<p>Chcete sa dozvedie\u0165 o Rytmusov\u00fdch pocitoch <strong>pred staredown s Marpom<\/strong> a o tom, \u010di pl\u00e1nuje<strong> \u010fal\u0161iu \u0161portov\u00fa v\u00fdzvu?<\/strong> Pozrite si <strong>video:&nbsp;<\/strong><\/p>\n\n\n\n<div class=\"wp-block-columns is-layout-flex wp-container-core-columns-is-layout-9d6595d7 wp-block-columns-is-layout-flex\">\n<div class=\"wp-block-column is-layout-flow wp-block-column-is-layout-flow\" style=\"flex-basis:25%\"><\/div>\n\n\n\n<div class=\"wp-block-column is-layout-flow wp-block-column-is-layout-flow\" style=\"flex-basis:50%\">\n<figure class=\"wp-block-embed is-type-rich is-provider-vlozit-handler wp-block-embed-vlozit-handler wp-embed-aspect-16-9 wp-has-aspect-ratio\"><div class=\"wp-block-embed__wrapper\">\n<iframe loading=\"lazy\" title=\"Rytmus - rozhovor o z\u00e1pase s Marpom a boxe \ud83e\udd4a l GymTalk #2\" width=\"1140\" height=\"641\" src=\"https:\/\/www.youtube.com\/embed\/kaTG-VD3xcQ?feature=oembed\" frameborder=\"0\" allow=\"accelerometer; autoplay; clipboard-write; encrypted-media; gyroscope; picture-in-picture\" allowfullscreen><\/iframe>\n<\/div><\/figure>\n<\/div>\n\n\n\n<div class=\"wp-block-column is-layout-flow wp-block-column-is-layout-flow\" style=\"flex-basis:25%\"><\/div>\n<\/div>\n\n\n\n<h2 class=\"is-style-default wp-block-heading\"><span class=\"ez-toc-section\" id=\"Vecer_sme_ukoncili_s_Meet_Greet\"><\/span><strong>Ve\u010der sme ukon\u010dili s Meet &amp; Greet<\/strong><span class=\"ez-toc-section-end\"><\/span><\/h2>\n\n\n\n<p>GymTalk #2 sme ukon\u010dili dobr\u00fdm jedlom, n\u00e1pojmi a pr\u00edjemn\u00fdm <strong>Meet &amp; Greet<\/strong>, na ktorom sa n\u00e1v\u0161tevn\u00edci mohli s hos\u0165ami porozpr\u00e1va\u0165 a <strong>odfoti\u0165.<\/strong> Ver\u00edme, \u017ee sa v\u00e1m druh\u00e9 pokra\u010dovanie GymTalku p\u00e1\u010dilo a uvid\u00edme sa aj nabud\u00face. Zatia\u013e n\u00e1m do koment\u00e1ru nap\u00ed\u0161te, <strong>koho by ste chceli vidie\u0165 na GymTalk #3<\/strong>, a v pr\u00edpade, \u017ee sa v\u00e1m \u010dl\u00e1nok p\u00e1\u010dil, <strong>podporte ho zdie\u013ean\u00edm. <\/strong><\/p>\n\n\n\n<div class=\"wp-block-group\"><div class=\"wp-block-group__inner-container is-layout-flow wp-block-group-is-layout-flow\">\n<div class=\"wp-block-columns is-layout-flex wp-container-core-columns-is-layout-9d6595d7 wp-block-columns-is-layout-flex\">\n<div class=\"wp-block-column is-layout-flow wp-block-column-is-layout-flow\"><a href=\"https:\/\/gymbeam.com\/sports-nutrition\" target=\"_blank\" class=\"category-button\">\n\t<span class=\"label\">\n\t\tSports nutrition\t<\/span>\n\t<svg class=\"icon-cart\" focusable=\"false\">\n\t\t<use xlink:href=\"#icon-cart\"><\/use>\n\t<\/svg>\n<\/a><\/div>\n\n\n\n<div class=\"wp-block-column is-layout-flow wp-block-column-is-layout-flow\"><a href=\"https:\/\/gymbeam.com\/healthy-food\" target=\"_blank\" class=\"category-button\">\n\t<span class=\"label\">\n\t\tHealthy food\t<\/span>\n\t<svg class=\"icon-cart\" focusable=\"false\">\n\t\t<use xlink:href=\"#icon-cart\"><\/use>\n\t<\/svg>\n<\/a><\/div>\n<\/div>\n<\/div><\/div>\n","protected":false},"excerpt":{"rendered":"<p>V GymBeame sme na fitness evente GymTalk #2 priv\u00edtali zn\u00e1mych MMA z\u00e1pasn\u00edkov Atillu V\u00e9gha a Karola Ry\u0161av\u00e9ho. \u0160peci\u00e1lnym hos\u0165om bol Patrik &#8220;Rytmus&#8221; Vrbovsk\u00fd.<\/p>\n","protected":false},"author":25,"featured_media":114407,"comment_status":"open","ping_status":"closed","sticky":false,"template":"","format":"standard","meta":{"_acf_changed":false,"_editorskit_title_hidden":false,"_editorskit_reading_time":5,"_editorskit_is_block_options_detached":false,"_editorskit_block_options_position":"{}","footnotes":""},"categories":[3],"tags":[6069,6082,6167],"filter_section":[],"filter_attribute":[],"class_list":{"0":"post-167361","1":"post","2":"type-post","3":"status-publish","4":"format-standard","5":"has-post-thumbnail","7":"category-9-treningove-plany","8":"tag-zdravie","9":"tag-zdravy-zivotny-styl","10":"tag-znami-sportovci","11":"h-entry","12":"hentry"},"acf":[],"yoast_head":"<!-- This site is optimized with the Yoast SEO plugin v24.4 - https:\/\/yoast.com\/wordpress\/plugins\/seo\/ -->\n<title>GymTalk #2 - \u010co n\u00e1m prezradili Attila V\u00e9gh, Karol Ry\u0161av\u00fd a Rytmus? - GymBeam Blog<\/title>\n<meta name=\"description\" content=\"V GymBeame sme na fitness evente GymTalk #2 priv\u00edtali zn\u00e1mych MMA z\u00e1pasn\u00edkov Atillu V\u00e9gha a Karola Ry\u0161av\u00e9ho. \u0160peci\u00e1lnym hos\u0165om bol Patrik &quot;Rytmus&quot; Vrbovsk\u00fd.\" \/>\n<meta name=\"robots\" content=\"index, follow, max-snippet:-1, max-image-preview:large, max-video-preview:-1\" \/>\n<link rel=\"canonical\" href=\"https:\/\/gymbeam.com\/blog\/gymtalk-2-co-nam-prezradili-attila-vegh-karol-rysavy-a-rytmus\/\" \/>\n<meta property=\"og:type\" content=\"article\" \/>\n<meta property=\"og:title\" content=\"GymTalk #2 - \u010co n\u00e1m prezradili Attila V\u00e9gh, Karol Ry\u0161av\u00fd a Rytmus? - GymBeam Blog\" \/>\n<meta property=\"og:description\" content=\"V GymBeame sme na fitness evente GymTalk #2 priv\u00edtali zn\u00e1mych MMA z\u00e1pasn\u00edkov Atillu V\u00e9gha a Karola Ry\u0161av\u00e9ho. \u0160peci\u00e1lnym hos\u0165om bol Patrik &quot;Rytmus&quot; Vrbovsk\u00fd.\" \/>\n<meta property=\"og:url\" content=\"https:\/\/gymbeam.sk\/blog\/gymtalk-2-co-nam-prezradili-attila-vegh-karol-rysavy-a-rytmus\/\" \/>\n<meta property=\"og:site_name\" content=\"GymBeam Blog\" \/>\n<meta property=\"article:published_time\" content=\"2019-07-03T22:00:00+00:00\" \/>\n<meta property=\"article:modified_time\" content=\"2023-07-27T14:27:02+00:00\" \/>\n<meta property=\"og:image\" content=\"https:\/\/gymbeam.com\/blog\/wp-content\/uploads\/mageblog\/gymtalk2_fb.png\" \/>\n\t<meta property=\"og:image:width\" content=\"1200\" \/>\n\t<meta property=\"og:image:height\" content=\"628\" \/>\n\t<meta property=\"og:image:type\" content=\"image\/png\" \/>\n<meta name=\"author\" content=\"Tom\u00e1\u0161 Ile\u010dko\" \/>\n<meta name=\"twitter:card\" content=\"summary_large_image\" \/>\n<meta name=\"twitter:label1\" content=\"Written by\" \/>\n\t<meta name=\"twitter:data1\" content=\"Tom\u00e1\u0161 Ile\u010dko\" \/>\n\t<meta name=\"twitter:label2\" content=\"Estimated reading time\" \/>\n\t<meta name=\"twitter:data2\" content=\"6 minutes\" \/>\n<script type=\"application\/ld+json\" class=\"yoast-schema-graph\">{\"@context\":\"https:\/\/schema.org\",\"@graph\":[{\"@type\":\"Article\",\"@id\":\"https:\/\/gymbeam.sk\/blog\/gymtalk-2-co-nam-prezradili-attila-vegh-karol-rysavy-a-rytmus\/#article\",\"isPartOf\":{\"@id\":\"https:\/\/gymbeam.sk\/blog\/gymtalk-2-co-nam-prezradili-attila-vegh-karol-rysavy-a-rytmus\/\"},\"author\":{\"name\":\"Tom\u00e1\u0161 Ile\u010dko\",\"@id\":\"https:\/\/gymbeam.com\/blog\/#\/schema\/person\/1c8e12e291f800b3ee6626459bf8cf45\"},\"headline\":\"GymTalk #2 &#8211; \u010co n\u00e1m prezradili Attila V\u00e9gh, Karol Ry\u0161av\u00fd a Rytmus?\",\"datePublished\":\"2019-07-03T22:00:00+00:00\",\"dateModified\":\"2023-07-27T14:27:02+00:00\",\"mainEntityOfPage\":{\"@id\":\"https:\/\/gymbeam.sk\/blog\/gymtalk-2-co-nam-prezradili-attila-vegh-karol-rysavy-a-rytmus\/\"},\"wordCount\":1411,\"commentCount\":0,\"publisher\":{\"@id\":\"https:\/\/gymbeam.com\/blog\/#organization\"},\"image\":{\"@id\":\"https:\/\/gymbeam.sk\/blog\/gymtalk-2-co-nam-prezradili-attila-vegh-karol-rysavy-a-rytmus\/#primaryimage\"},\"thumbnailUrl\":\"https:\/\/gymbeam.com\/blog\/wp-content\/uploads\/mageblog\/gymtalk2_fb.png\",\"keywords\":[\"zdravie\",\"zdrav\u00fd \u017eivotn\u00fd \u0161t\u00fdl\",\"zn\u00e1mi \u0161portovci\"],\"articleSection\":[\"Cviky a tr\u00e9ningy\"],\"inLanguage\":\"en-GB\",\"potentialAction\":[{\"@type\":\"CommentAction\",\"name\":\"Comment\",\"target\":[\"https:\/\/gymbeam.sk\/blog\/gymtalk-2-co-nam-prezradili-attila-vegh-karol-rysavy-a-rytmus\/#respond\"]}]},{\"@type\":\"WebPage\",\"@id\":\"https:\/\/gymbeam.sk\/blog\/gymtalk-2-co-nam-prezradili-attila-vegh-karol-rysavy-a-rytmus\/\",\"url\":\"https:\/\/gymbeam.sk\/blog\/gymtalk-2-co-nam-prezradili-attila-vegh-karol-rysavy-a-rytmus\/\",\"name\":\"GymTalk #2 - \u010co n\u00e1m prezradili Attila V\u00e9gh, Karol Ry\u0161av\u00fd a Rytmus? - GymBeam Blog\",\"isPartOf\":{\"@id\":\"https:\/\/gymbeam.com\/blog\/#website\"},\"primaryImageOfPage\":{\"@id\":\"https:\/\/gymbeam.sk\/blog\/gymtalk-2-co-nam-prezradili-attila-vegh-karol-rysavy-a-rytmus\/#primaryimage\"},\"image\":{\"@id\":\"https:\/\/gymbeam.sk\/blog\/gymtalk-2-co-nam-prezradili-attila-vegh-karol-rysavy-a-rytmus\/#primaryimage\"},\"thumbnailUrl\":\"https:\/\/gymbeam.com\/blog\/wp-content\/uploads\/mageblog\/gymtalk2_fb.png\",\"datePublished\":\"2019-07-03T22:00:00+00:00\",\"dateModified\":\"2023-07-27T14:27:02+00:00\",\"description\":\"V GymBeame sme na fitness evente GymTalk #2 priv\u00edtali zn\u00e1mych MMA z\u00e1pasn\u00edkov Atillu V\u00e9gha a Karola Ry\u0161av\u00e9ho. \u0160peci\u00e1lnym hos\u0165om bol Patrik \\\"Rytmus\\\" Vrbovsk\u00fd.\",\"breadcrumb\":{\"@id\":\"https:\/\/gymbeam.sk\/blog\/gymtalk-2-co-nam-prezradili-attila-vegh-karol-rysavy-a-rytmus\/#breadcrumb\"},\"inLanguage\":\"en-GB\",\"potentialAction\":[{\"@type\":\"ReadAction\",\"target\":[\"https:\/\/gymbeam.sk\/blog\/gymtalk-2-co-nam-prezradili-attila-vegh-karol-rysavy-a-rytmus\/\"]}]},{\"@type\":\"ImageObject\",\"inLanguage\":\"en-GB\",\"@id\":\"https:\/\/gymbeam.sk\/blog\/gymtalk-2-co-nam-prezradili-attila-vegh-karol-rysavy-a-rytmus\/#primaryimage\",\"url\":\"https:\/\/gymbeam.com\/blog\/wp-content\/uploads\/mageblog\/gymtalk2_fb.png\",\"contentUrl\":\"https:\/\/gymbeam.com\/blog\/wp-content\/uploads\/mageblog\/gymtalk2_fb.png\",\"width\":1200,\"height\":628},{\"@type\":\"BreadcrumbList\",\"@id\":\"https:\/\/gymbeam.sk\/blog\/gymtalk-2-co-nam-prezradili-attila-vegh-karol-rysavy-a-rytmus\/#breadcrumb\",\"itemListElement\":[{\"@type\":\"ListItem\",\"position\":1,\"name\":\"Home\",\"item\":\"https:\/\/gymbeam.com\/blog\/\"},{\"@type\":\"ListItem\",\"position\":2,\"name\":\"GymTalk #2 &#8211; \u010co n\u00e1m prezradili Attila V\u00e9gh, Karol Ry\u0161av\u00fd a Rytmus?\"}]},{\"@type\":\"WebSite\",\"@id\":\"https:\/\/gymbeam.com\/blog\/#website\",\"url\":\"https:\/\/gymbeam.com\/blog\/\",\"name\":\"GymBeam Blog\",\"description\":\"Najnov\u0161ie inform\u00e1cie zo sveta fitness\",\"publisher\":{\"@id\":\"https:\/\/gymbeam.com\/blog\/#organization\"},\"potentialAction\":[{\"@type\":\"SearchAction\",\"target\":{\"@type\":\"EntryPoint\",\"urlTemplate\":\"https:\/\/gymbeam.com\/blog\/?s={search_term_string}\"},\"query-input\":{\"@type\":\"PropertyValueSpecification\",\"valueRequired\":true,\"valueName\":\"search_term_string\"}}],\"inLanguage\":\"en-GB\"},{\"@type\":\"Organization\",\"@id\":\"https:\/\/gymbeam.com\/blog\/#organization\",\"name\":\"GymBeam\",\"url\":\"https:\/\/gymbeam.com\/blog\/\",\"logo\":{\"@type\":\"ImageObject\",\"inLanguage\":\"en-GB\",\"@id\":\"https:\/\/gymbeam.com\/blog\/#\/schema\/logo\/image\/\",\"url\":\"https:\/\/gymbeam.com\/blog\/wp-content\/uploads\/2020\/06\/GymBeam-logo.png\",\"contentUrl\":\"https:\/\/gymbeam.com\/blog\/wp-content\/uploads\/2020\/06\/GymBeam-logo.png\",\"width\":266,\"height\":75,\"caption\":\"GymBeam\"},\"image\":{\"@id\":\"https:\/\/gymbeam.com\/blog\/#\/schema\/logo\/image\/\"}},{\"@type\":\"Person\",\"@id\":\"https:\/\/gymbeam.com\/blog\/#\/schema\/person\/1c8e12e291f800b3ee6626459bf8cf45\",\"name\":\"Tom\u00e1\u0161 Ile\u010dko\",\"image\":{\"@type\":\"ImageObject\",\"inLanguage\":\"en-GB\",\"@id\":\"https:\/\/gymbeam.com\/blog\/#\/schema\/person\/image\/\",\"url\":\"https:\/\/gymbeam.com\/blog\/wp-content\/uploads\/2022\/01\/tomas.ilecko-e1641380578864-96x96.jpg\",\"contentUrl\":\"https:\/\/gymbeam.com\/blog\/wp-content\/uploads\/2022\/01\/tomas.ilecko-e1641380578864-96x96.jpg\",\"caption\":\"Tom\u00e1\u0161 Ile\u010dko\"},\"description\":\"Relentlessly curious, with the constant need to share new and interesting facts and information. Originally a pharmacist, he\u2019s a foodie, enthusiastic for healthy life and weight lifting, but also into music, arts, and a whole bunch of other things.\",\"url\":\"https:\/\/gymbeam.com\/blog\/author\/tomas-ilecko\/\"}]}<\/script>\n<!-- \/ Yoast SEO plugin. -->","yoast_head_json":{"title":"GymTalk #2 - \u010co n\u00e1m prezradili Attila V\u00e9gh, Karol Ry\u0161av\u00fd a Rytmus? - GymBeam Blog","description":"V GymBeame sme na fitness evente GymTalk #2 priv\u00edtali zn\u00e1mych MMA z\u00e1pasn\u00edkov Atillu V\u00e9gha a Karola Ry\u0161av\u00e9ho. \u0160peci\u00e1lnym hos\u0165om bol Patrik \"Rytmus\" Vrbovsk\u00fd.","robots":{"index":"index","follow":"follow","max-snippet":"max-snippet:-1","max-image-preview":"max-image-preview:large","max-video-preview":"max-video-preview:-1"},"canonical":"https:\/\/gymbeam.com\/blog\/gymtalk-2-co-nam-prezradili-attila-vegh-karol-rysavy-a-rytmus\/","og_type":"article","og_title":"GymTalk #2 - \u010co n\u00e1m prezradili Attila V\u00e9gh, Karol Ry\u0161av\u00fd a Rytmus? - GymBeam Blog","og_description":"V GymBeame sme na fitness evente GymTalk #2 priv\u00edtali zn\u00e1mych MMA z\u00e1pasn\u00edkov Atillu V\u00e9gha a Karola Ry\u0161av\u00e9ho. \u0160peci\u00e1lnym hos\u0165om bol Patrik \"Rytmus\" Vrbovsk\u00fd.","og_url":"https:\/\/gymbeam.sk\/blog\/gymtalk-2-co-nam-prezradili-attila-vegh-karol-rysavy-a-rytmus\/","og_site_name":"GymBeam Blog","article_published_time":"2019-07-03T22:00:00+00:00","article_modified_time":"2023-07-27T14:27:02+00:00","og_image":[{"width":1200,"height":628,"url":"https:\/\/gymbeam.com\/blog\/wp-content\/uploads\/mageblog\/gymtalk2_fb.png","type":"image\/png"}],"author":"Tom\u00e1\u0161 Ile\u010dko","twitter_card":"summary_large_image","twitter_misc":{"Written by":"Tom\u00e1\u0161 Ile\u010dko","Estimated reading time":"6 minutes"},"schema":{"@context":"https:\/\/schema.org","@graph":[{"@type":"Article","@id":"https:\/\/gymbeam.sk\/blog\/gymtalk-2-co-nam-prezradili-attila-vegh-karol-rysavy-a-rytmus\/#article","isPartOf":{"@id":"https:\/\/gymbeam.sk\/blog\/gymtalk-2-co-nam-prezradili-attila-vegh-karol-rysavy-a-rytmus\/"},"author":{"name":"Tom\u00e1\u0161 Ile\u010dko","@id":"https:\/\/gymbeam.com\/blog\/#\/schema\/person\/1c8e12e291f800b3ee6626459bf8cf45"},"headline":"GymTalk #2 &#8211; \u010co n\u00e1m prezradili Attila V\u00e9gh, Karol Ry\u0161av\u00fd a Rytmus?","datePublished":"2019-07-03T22:00:00+00:00","dateModified":"2023-07-27T14:27:02+00:00","mainEntityOfPage":{"@id":"https:\/\/gymbeam.sk\/blog\/gymtalk-2-co-nam-prezradili-attila-vegh-karol-rysavy-a-rytmus\/"},"wordCount":1411,"commentCount":0,"publisher":{"@id":"https:\/\/gymbeam.com\/blog\/#organization"},"image":{"@id":"https:\/\/gymbeam.sk\/blog\/gymtalk-2-co-nam-prezradili-attila-vegh-karol-rysavy-a-rytmus\/#primaryimage"},"thumbnailUrl":"https:\/\/gymbeam.com\/blog\/wp-content\/uploads\/mageblog\/gymtalk2_fb.png","keywords":["zdravie","zdrav\u00fd \u017eivotn\u00fd \u0161t\u00fdl","zn\u00e1mi \u0161portovci"],"articleSection":["Cviky a tr\u00e9ningy"],"inLanguage":"en-GB","potentialAction":[{"@type":"CommentAction","name":"Comment","target":["https:\/\/gymbeam.sk\/blog\/gymtalk-2-co-nam-prezradili-attila-vegh-karol-rysavy-a-rytmus\/#respond"]}]},{"@type":"WebPage","@id":"https:\/\/gymbeam.sk\/blog\/gymtalk-2-co-nam-prezradili-attila-vegh-karol-rysavy-a-rytmus\/","url":"https:\/\/gymbeam.sk\/blog\/gymtalk-2-co-nam-prezradili-attila-vegh-karol-rysavy-a-rytmus\/","name":"GymTalk #2 - \u010co n\u00e1m prezradili Attila V\u00e9gh, Karol Ry\u0161av\u00fd a Rytmus? - GymBeam Blog","isPartOf":{"@id":"https:\/\/gymbeam.com\/blog\/#website"},"primaryImageOfPage":{"@id":"https:\/\/gymbeam.sk\/blog\/gymtalk-2-co-nam-prezradili-attila-vegh-karol-rysavy-a-rytmus\/#primaryimage"},"image":{"@id":"https:\/\/gymbeam.sk\/blog\/gymtalk-2-co-nam-prezradili-attila-vegh-karol-rysavy-a-rytmus\/#primaryimage"},"thumbnailUrl":"https:\/\/gymbeam.com\/blog\/wp-content\/uploads\/mageblog\/gymtalk2_fb.png","datePublished":"2019-07-03T22:00:00+00:00","dateModified":"2023-07-27T14:27:02+00:00","description":"V GymBeame sme na fitness evente GymTalk #2 priv\u00edtali zn\u00e1mych MMA z\u00e1pasn\u00edkov Atillu V\u00e9gha a Karola Ry\u0161av\u00e9ho. \u0160peci\u00e1lnym hos\u0165om bol Patrik \"Rytmus\" Vrbovsk\u00fd.","breadcrumb":{"@id":"https:\/\/gymbeam.sk\/blog\/gymtalk-2-co-nam-prezradili-attila-vegh-karol-rysavy-a-rytmus\/#breadcrumb"},"inLanguage":"en-GB","potentialAction":[{"@type":"ReadAction","target":["https:\/\/gymbeam.sk\/blog\/gymtalk-2-co-nam-prezradili-attila-vegh-karol-rysavy-a-rytmus\/"]}]},{"@type":"ImageObject","inLanguage":"en-GB","@id":"https:\/\/gymbeam.sk\/blog\/gymtalk-2-co-nam-prezradili-attila-vegh-karol-rysavy-a-rytmus\/#primaryimage","url":"https:\/\/gymbeam.com\/blog\/wp-content\/uploads\/mageblog\/gymtalk2_fb.png","contentUrl":"https:\/\/gymbeam.com\/blog\/wp-content\/uploads\/mageblog\/gymtalk2_fb.png","width":1200,"height":628},{"@type":"BreadcrumbList","@id":"https:\/\/gymbeam.sk\/blog\/gymtalk-2-co-nam-prezradili-attila-vegh-karol-rysavy-a-rytmus\/#breadcrumb","itemListElement":[{"@type":"ListItem","position":1,"name":"Home","item":"https:\/\/gymbeam.com\/blog\/"},{"@type":"ListItem","position":2,"name":"GymTalk #2 &#8211; \u010co n\u00e1m prezradili Attila V\u00e9gh, Karol Ry\u0161av\u00fd a Rytmus?"}]},{"@type":"WebSite","@id":"https:\/\/gymbeam.com\/blog\/#website","url":"https:\/\/gymbeam.com\/blog\/","name":"GymBeam Blog","description":"Najnov\u0161ie inform\u00e1cie zo sveta fitness","publisher":{"@id":"https:\/\/gymbeam.com\/blog\/#organization"},"potentialAction":[{"@type":"SearchAction","target":{"@type":"EntryPoint","urlTemplate":"https:\/\/gymbeam.com\/blog\/?s={search_term_string}"},"query-input":{"@type":"PropertyValueSpecification","valueRequired":true,"valueName":"search_term_string"}}],"inLanguage":"en-GB"},{"@type":"Organization","@id":"https:\/\/gymbeam.com\/blog\/#organization","name":"GymBeam","url":"https:\/\/gymbeam.com\/blog\/","logo":{"@type":"ImageObject","inLanguage":"en-GB","@id":"https:\/\/gymbeam.com\/blog\/#\/schema\/logo\/image\/","url":"https:\/\/gymbeam.com\/blog\/wp-content\/uploads\/2020\/06\/GymBeam-logo.png","contentUrl":"https:\/\/gymbeam.com\/blog\/wp-content\/uploads\/2020\/06\/GymBeam-logo.png","width":266,"height":75,"caption":"GymBeam"},"image":{"@id":"https:\/\/gymbeam.com\/blog\/#\/schema\/logo\/image\/"}},{"@type":"Person","@id":"https:\/\/gymbeam.com\/blog\/#\/schema\/person\/1c8e12e291f800b3ee6626459bf8cf45","name":"Tom\u00e1\u0161 Ile\u010dko","image":{"@type":"ImageObject","inLanguage":"en-GB","@id":"https:\/\/gymbeam.com\/blog\/#\/schema\/person\/image\/","url":"https:\/\/gymbeam.com\/blog\/wp-content\/uploads\/2022\/01\/tomas.ilecko-e1641380578864-96x96.jpg","contentUrl":"https:\/\/gymbeam.com\/blog\/wp-content\/uploads\/2022\/01\/tomas.ilecko-e1641380578864-96x96.jpg","caption":"Tom\u00e1\u0161 Ile\u010dko"},"description":"Relentlessly curious, with the constant need to share new and interesting facts and information. Originally a pharmacist, he\u2019s a foodie, enthusiastic for healthy life and weight lifting, but also into music, arts, and a whole bunch of other things.","url":"https:\/\/gymbeam.com\/blog\/author\/tomas-ilecko\/"}]}},"_links":{"self":[{"href":"https:\/\/gymbeam.com\/blog\/wp-json\/wp\/v2\/posts\/167361","targetHints":{"allow":["GET"]}}],"collection":[{"href":"https:\/\/gymbeam.com\/blog\/wp-json\/wp\/v2\/posts"}],"about":[{"href":"https:\/\/gymbeam.com\/blog\/wp-json\/wp\/v2\/types\/post"}],"author":[{"embeddable":true,"href":"https:\/\/gymbeam.com\/blog\/wp-json\/wp\/v2\/users\/25"}],"replies":[{"embeddable":true,"href":"https:\/\/gymbeam.com\/blog\/wp-json\/wp\/v2\/comments?post=167361"}],"version-history":[{"count":1,"href":"https:\/\/gymbeam.com\/blog\/wp-json\/wp\/v2\/posts\/167361\/revisions"}],"predecessor-version":[{"id":484465,"href":"https:\/\/gymbeam.com\/blog\/wp-json\/wp\/v2\/posts\/167361\/revisions\/484465"}],"wp:featuredmedia":[{"embeddable":true,"href":"https:\/\/gymbeam.com\/blog\/wp-json\/wp\/v2\/media\/114407"}],"wp:attachment":[{"href":"https:\/\/gymbeam.com\/blog\/wp-json\/wp\/v2\/media?parent=167361"}],"wp:term":[{"taxonomy":"category","embeddable":true,"href":"https:\/\/gymbeam.com\/blog\/wp-json\/wp\/v2\/categories?post=167361"},{"taxonomy":"post_tag","embeddable":true,"href":"https:\/\/gymbeam.com\/blog\/wp-json\/wp\/v2\/tags?post=167361"},{"taxonomy":"filter_section","embeddable":true,"href":"https:\/\/gymbeam.com\/blog\/wp-json\/wp\/v2\/filter_section?post=167361"},{"taxonomy":"filter_attribute","embeddable":true,"href":"https:\/\/gymbeam.com\/blog\/wp-json\/wp\/v2\/filter_attribute?post=167361"}],"curies":[{"name":"wp","href":"https:\/\/api.w.org\/{rel}","templated":true}]}}